{"id":7148,"date":"2021-05-11T07:14:55","date_gmt":"2021-05-11T07:14:55","guid":{"rendered":"https:\/\/sindromecharge.es\/index.php\/2021\/05\/11\/nos-unimos-al-mes-de-la-concienciacion-sobre-la-ictiosis\/"},"modified":"2021-05-11T07:14:55","modified_gmt":"2021-05-11T07:14:55","slug":"nos-unimos-al-mes-de-la-concienciacion-sobre-la-ictiosis","status":"publish","type":"post","link":"https:\/\/sindromecharge.es\/index.php\/2021\/05\/11\/nos-unimos-al-mes-de-la-concienciacion-sobre-la-ictiosis\/","title":{"rendered":"Nos unimos al Mes de la Concienciaci\u00f3n sobre la Ictiosis"},"content":{"rendered":"<p>Leemos en FEDER la siguiente noticia que os reproducimos de forma \u00edntegra: <\/p>\n<p>&nbsp;<\/p>\n<p>Mayo es el mes de la concienciaci\u00f3n sobre la Ictiosis, que tiene como objetivo sensibilizar a la sociedad sobre esta enfermedad poco frecuente de la piel y as\u00ed, crear conciencia sobre la importancia de la investigaci\u00f3n cient\u00edfica sobre esta patolog\u00eda. Por esta raz\u00f3n desde FEDER nos sumamos para trasladar toda nuestra fuerza a aquellas pacientes y familiares.<\/p>\n<p>\u201cDesde la Federaci\u00f3n Espa\u00f1ola de Enfermedades Raras nos queremos sumar para mostrar todo nuestro apoyo a las personas que conviven con Ictiosis sin olvidarnos de sus familiares que luchan d\u00eda a d\u00eda para hacer frente a las adversidades que les presenta esta patolog\u00eda poco frecuente.\u201d afirma Juan Carri\u00f3n, Presidente de FEDER y su Fundaci\u00f3n<\/p>\n<p>La ictiosis se trata de un grupo muy heterog\u00e9neo de enfermedades que tienen en com\u00fan la presencia de una piel escamosa, en ocasiones con grandes escamas separadas por fisuras mientras que en otras la piel es sumamente fr\u00e1gil y puede desprenderse con s\u00f3lo tocarla. Esta piel especial provoca problemas importantes con dificultad en los movimientos, agrietamiento con formaci\u00f3n de fisuras, ectropion (p\u00e1rpados evertidos)<\/p>\n<p>El tejido asociativo trabaja para garantizar la calidad de vida de las personas con esta enfermedad poco frecuente, luchando para conseguir mejores tratamientos y para fomentar la investigaci\u00f3n y as\u00ed, conseguir una cura para la Ictiosis. Adem\u00e1s, se posicionan como un apoyo para las personas que conviven con esta patolog\u00eda y para sus familias.<\/p>\n<p>Todo ello es gracias a la labor de entidades como la Asociaci\u00f3n Espa\u00f1ola de Ictiosis ASIC que centran su labor en establecer relaci\u00f3n directa con el personal sanitario especializado, ofrecen visibilidad e informaci\u00f3n sobre la realidad del colectivo.<\/p>\n<p>Este a\u00f1o, con motivo del mes de la concienciaci\u00f3n, la ASIC ha lanzado la I Carrera Solidaria por la Ictiosis, un evento l\u00fadico, deportivo y solidario ya que, el 100% de las inscripciones se destinar\u00e1n a proyectos en favor de las personas con ictiosis gestinados por la propia entidad.<\/p>\n<p>Debido a la situaci\u00f3n sanitaria actual, la carrera se celebrar\u00e1 en formato virtual, de modo que cada participante podr\u00e1 correr por donde quiera y siempre siguiendo las recomendaciones sanitarias de su municipio. Se celebrar\u00e1 del 28 al 31 de mayo.<\/p>\n<p>El proceso de inscripci\u00f3n ya est\u00e1 abierto y se podr\u00e1 realizar a trav\u00e9s del link superior de la noticia.<\/p>\n<p>\u00daltima actualizaci\u00f3n 11\/05\/2021<\/p>\n<p>&nbsp;<\/p>\n<p>Fuente: FEDER <a href=\"https:\/\/enfermedades-raras.org\/index.php\/actualidad\/noticias-eventos\/2-feder\/15333-nos-unimos-al-mes-de-la-concienciaci%C3%B3n-sobre-la-ictiosis\" target=\"_blank\" rel=\"noopener\">Nos unimos al Mes de la Concienciaci\u00f3n sobre la Ictiosis<\/a><\/p>\n","protected":false},"excerpt":{"rendered":"<p>Leemos en FEDER la siguiente noticia que os reproducimos de forma \u00edntegra: &nbsp; Mayo es el mes de la concienciaci\u00f3n sobre la Ictiosis, que tiene como objetivo sensibilizar a la sociedad sobre esta enfermedad poco frecuente de la piel y as\u00ed, crear conciencia sobre la importancia de la investigaci\u00f3n cient\u00edfica sobre esta patolog\u00eda. Por esta [&hellip;]<\/p>\n","protected":false},"author":1,"featured_media":0,"comment_status":"open","ping_status":"closed","sticky":false,"template":"","format":"standard","meta":{"footnotes":""},"categories":[8],"tags":[36],"class_list":["post-7148","post","type-post","status-publish","format-standard","hentry","category-noticias","tag-enfermedades-raras"],"yoast_head":"<!-- This site is optimized with the Yoast SEO plugin v27.5 - https:\/\/yoast.com\/product\/yoast-seo-wordpress\/ -->\n<title>Nos unimos al Mes de la Concienciaci\u00f3n sobre la Ictiosis - Asociaci\u00f3n Espa\u00f1ola S\u00edndrome de Charge<\/title>\n<meta name=\"robots\" content=\"index, follow, max-snippet:-1, max-image-preview:large, max-video-preview:-1\" \/>\n<link rel=\"canonical\" href=\"https:\/\/sindromecharge.es\/index.php\/2021\/05\/11\/nos-unimos-al-mes-de-la-concienciacion-sobre-la-ictiosis\/\" \/>\n<meta property=\"og:locale\" content=\"es_ES\" \/>\n<meta property=\"og:type\" content=\"article\" \/>\n<meta property=\"og:title\" content=\"Nos unimos al Mes de la Concienciaci\u00f3n sobre la Ictiosis - Asociaci\u00f3n Espa\u00f1ola S\u00edndrome de Charge\" \/>\n<meta property=\"og:description\" content=\"Leemos en FEDER la siguiente noticia que os reproducimos de forma \u00edntegra: &nbsp; Mayo es el mes de la concienciaci\u00f3n sobre la Ictiosis, que tiene como objetivo sensibilizar a la sociedad sobre esta enfermedad poco frecuente de la piel y as\u00ed, crear conciencia sobre la importancia de la investigaci\u00f3n cient\u00edfica sobre esta patolog\u00eda. Por esta [&hellip;]\" \/>\n<meta property=\"og:url\" content=\"https:\/\/sindromecharge.es\/index.php\/2021\/05\/11\/nos-unimos-al-mes-de-la-concienciacion-sobre-la-ictiosis\/\" \/>\n<meta property=\"og:site_name\" content=\"Asociaci\u00f3n Espa\u00f1ola S\u00edndrome de Charge\" \/>\n<meta property=\"article:publisher\" content=\"https:\/\/www.facebook.com\/asociacionsindromecharge\" \/>\n<meta property=\"article:published_time\" content=\"2021-05-11T07:14:55+00:00\" \/>\n<meta property=\"og:image\" content=\"https:\/\/sindromecharge.es\/wp-content\/uploads\/2013\/09\/logodecharge300x98.png\" \/>\n\t<meta property=\"og:image:width\" content=\"300\" \/>\n\t<meta property=\"og:image:height\" content=\"98\" \/>\n\t<meta property=\"og:image:type\" content=\"image\/png\" \/>\n<meta name=\"author\" content=\"Charge\" \/>\n<meta name=\"twitter:card\" content=\"summary_large_image\" \/>\n<meta name=\"twitter:creator\" content=\"@sindromecharge\" \/>\n<meta name=\"twitter:site\" content=\"@sindromecharge\" \/>\n<meta name=\"twitter:label1\" content=\"Escrito por\" \/>\n\t<meta name=\"twitter:data1\" content=\"Charge\" \/>\n\t<meta name=\"twitter:label2\" content=\"Tiempo de lectura\" \/>\n\t<meta name=\"twitter:data2\" content=\"2 minutos\" \/>\n<script type=\"application\/ld+json\" class=\"yoast-schema-graph\">{\"@context\":\"https:\\\/\\\/schema.org\",\"@graph\":[{\"@type\":\"Article\",\"@id\":\"https:\\\/\\\/sindromecharge.es\\\/index.php\\\/2021\\\/05\\\/11\\\/nos-unimos-al-mes-de-la-concienciacion-sobre-la-ictiosis\\\/#article\",\"isPartOf\":{\"@id\":\"https:\\\/\\\/sindromecharge.es\\\/index.php\\\/2021\\\/05\\\/11\\\/nos-unimos-al-mes-de-la-concienciacion-sobre-la-ictiosis\\\/\"},\"author\":{\"name\":\"Charge\",\"@id\":\"https:\\\/\\\/sindromecharge.es\\\/#\\\/schema\\\/person\\\/39a60ebe0a2b4d5a11179701e336b039\"},\"headline\":\"Nos unimos al Mes de la Concienciaci\u00f3n sobre la Ictiosis\",\"datePublished\":\"2021-05-11T07:14:55+00:00\",\"mainEntityOfPage\":{\"@id\":\"https:\\\/\\\/sindromecharge.es\\\/index.php\\\/2021\\\/05\\\/11\\\/nos-unimos-al-mes-de-la-concienciacion-sobre-la-ictiosis\\\/\"},\"wordCount\":444,\"commentCount\":0,\"keywords\":[\"enfermedades raras\"],\"articleSection\":[\"noticias\"],\"inLanguage\":\"es\",\"potentialAction\":[{\"@type\":\"CommentAction\",\"name\":\"Comment\",\"target\":[\"https:\\\/\\\/sindromecharge.es\\\/index.php\\\/2021\\\/05\\\/11\\\/nos-unimos-al-mes-de-la-concienciacion-sobre-la-ictiosis\\\/#respond\"]}]},{\"@type\":\"WebPage\",\"@id\":\"https:\\\/\\\/sindromecharge.es\\\/index.php\\\/2021\\\/05\\\/11\\\/nos-unimos-al-mes-de-la-concienciacion-sobre-la-ictiosis\\\/\",\"url\":\"https:\\\/\\\/sindromecharge.es\\\/index.php\\\/2021\\\/05\\\/11\\\/nos-unimos-al-mes-de-la-concienciacion-sobre-la-ictiosis\\\/\",\"name\":\"Nos unimos al Mes de la Concienciaci\u00f3n sobre la Ictiosis - Asociaci\u00f3n Espa\u00f1ola S\u00edndrome de Charge\",\"isPartOf\":{\"@id\":\"https:\\\/\\\/sindromecharge.es\\\/#website\"},\"datePublished\":\"2021-05-11T07:14:55+00:00\",\"author\":{\"@id\":\"https:\\\/\\\/sindromecharge.es\\\/#\\\/schema\\\/person\\\/39a60ebe0a2b4d5a11179701e336b039\"},\"breadcrumb\":{\"@id\":\"https:\\\/\\\/sindromecharge.es\\\/index.php\\\/2021\\\/05\\\/11\\\/nos-unimos-al-mes-de-la-concienciacion-sobre-la-ictiosis\\\/#breadcrumb\"},\"inLanguage\":\"es\",\"potentialAction\":[{\"@type\":\"ReadAction\",\"target\":[\"https:\\\/\\\/sindromecharge.es\\\/index.php\\\/2021\\\/05\\\/11\\\/nos-unimos-al-mes-de-la-concienciacion-sobre-la-ictiosis\\\/\"]}]},{\"@type\":\"BreadcrumbList\",\"@id\":\"https:\\\/\\\/sindromecharge.es\\\/index.php\\\/2021\\\/05\\\/11\\\/nos-unimos-al-mes-de-la-concienciacion-sobre-la-ictiosis\\\/#breadcrumb\",\"itemListElement\":[{\"@type\":\"ListItem\",\"position\":1,\"name\":\"Portada\",\"item\":\"https:\\\/\\\/sindromecharge.es\\\/\"},{\"@type\":\"ListItem\",\"position\":2,\"name\":\"Nos unimos al Mes de la Concienciaci\u00f3n sobre la Ictiosis\"}]},{\"@type\":\"WebSite\",\"@id\":\"https:\\\/\\\/sindromecharge.es\\\/#website\",\"url\":\"https:\\\/\\\/sindromecharge.es\\\/\",\"name\":\"Asociaci\u00f3n Espa\u00f1ola S\u00edndrome de Charge\",\"description\":\"\",\"potentialAction\":[{\"@type\":\"SearchAction\",\"target\":{\"@type\":\"EntryPoint\",\"urlTemplate\":\"https:\\\/\\\/sindromecharge.es\\\/?s={search_term_string}\"},\"query-input\":{\"@type\":\"PropertyValueSpecification\",\"valueRequired\":true,\"valueName\":\"search_term_string\"}}],\"inLanguage\":\"es\"},{\"@type\":\"Person\",\"@id\":\"https:\\\/\\\/sindromecharge.es\\\/#\\\/schema\\\/person\\\/39a60ebe0a2b4d5a11179701e336b039\",\"name\":\"Charge\",\"image\":{\"@type\":\"ImageObject\",\"inLanguage\":\"es\",\"@id\":\"https:\\\/\\\/secure.gravatar.com\\\/avatar\\\/c3b46e32a0fc3b093a0873fb767bf3293de856293065e84ef06b7ec7a8acfb98?s=96&d=identicon&r=x\",\"url\":\"https:\\\/\\\/secure.gravatar.com\\\/avatar\\\/c3b46e32a0fc3b093a0873fb767bf3293de856293065e84ef06b7ec7a8acfb98?s=96&d=identicon&r=x\",\"contentUrl\":\"https:\\\/\\\/secure.gravatar.com\\\/avatar\\\/c3b46e32a0fc3b093a0873fb767bf3293de856293065e84ef06b7ec7a8acfb98?s=96&d=identicon&r=x\",\"caption\":\"Charge\"},\"url\":\"https:\\\/\\\/sindromecharge.es\\\/index.php\\\/author\\\/admin\\\/\"}]}<\/script>\n<!-- \/ Yoast SEO plugin. -->","yoast_head_json":{"title":"Nos unimos al Mes de la Concienciaci\u00f3n sobre la Ictiosis - Asociaci\u00f3n Espa\u00f1ola S\u00edndrome de Charge","robots":{"index":"index","follow":"follow","max-snippet":"max-snippet:-1","max-image-preview":"max-image-preview:large","max-video-preview":"max-video-preview:-1"},"canonical":"https:\/\/sindromecharge.es\/index.php\/2021\/05\/11\/nos-unimos-al-mes-de-la-concienciacion-sobre-la-ictiosis\/","og_locale":"es_ES","og_type":"article","og_title":"Nos unimos al Mes de la Concienciaci\u00f3n sobre la Ictiosis - Asociaci\u00f3n Espa\u00f1ola S\u00edndrome de Charge","og_description":"Leemos en FEDER la siguiente noticia que os reproducimos de forma \u00edntegra: &nbsp; Mayo es el mes de la concienciaci\u00f3n sobre la Ictiosis, que tiene como objetivo sensibilizar a la sociedad sobre esta enfermedad poco frecuente de la piel y as\u00ed, crear conciencia sobre la importancia de la investigaci\u00f3n cient\u00edfica sobre esta patolog\u00eda. Por esta [&hellip;]","og_url":"https:\/\/sindromecharge.es\/index.php\/2021\/05\/11\/nos-unimos-al-mes-de-la-concienciacion-sobre-la-ictiosis\/","og_site_name":"Asociaci\u00f3n Espa\u00f1ola S\u00edndrome de Charge","article_publisher":"https:\/\/www.facebook.com\/asociacionsindromecharge","article_published_time":"2021-05-11T07:14:55+00:00","og_image":[{"width":300,"height":98,"url":"https:\/\/sindromecharge.es\/wp-content\/uploads\/2013\/09\/logodecharge300x98.png","type":"image\/png"}],"author":"Charge","twitter_card":"summary_large_image","twitter_creator":"@sindromecharge","twitter_site":"@sindromecharge","twitter_misc":{"Escrito por":"Charge","Tiempo de lectura":"2 minutos"},"schema":{"@context":"https:\/\/schema.org","@graph":[{"@type":"Article","@id":"https:\/\/sindromecharge.es\/index.php\/2021\/05\/11\/nos-unimos-al-mes-de-la-concienciacion-sobre-la-ictiosis\/#article","isPartOf":{"@id":"https:\/\/sindromecharge.es\/index.php\/2021\/05\/11\/nos-unimos-al-mes-de-la-concienciacion-sobre-la-ictiosis\/"},"author":{"name":"Charge","@id":"https:\/\/sindromecharge.es\/#\/schema\/person\/39a60ebe0a2b4d5a11179701e336b039"},"headline":"Nos unimos al Mes de la Concienciaci\u00f3n sobre la Ictiosis","datePublished":"2021-05-11T07:14:55+00:00","mainEntityOfPage":{"@id":"https:\/\/sindromecharge.es\/index.php\/2021\/05\/11\/nos-unimos-al-mes-de-la-concienciacion-sobre-la-ictiosis\/"},"wordCount":444,"commentCount":0,"keywords":["enfermedades raras"],"articleSection":["noticias"],"inLanguage":"es","potentialAction":[{"@type":"CommentAction","name":"Comment","target":["https:\/\/sindromecharge.es\/index.php\/2021\/05\/11\/nos-unimos-al-mes-de-la-concienciacion-sobre-la-ictiosis\/#respond"]}]},{"@type":"WebPage","@id":"https:\/\/sindromecharge.es\/index.php\/2021\/05\/11\/nos-unimos-al-mes-de-la-concienciacion-sobre-la-ictiosis\/","url":"https:\/\/sindromecharge.es\/index.php\/2021\/05\/11\/nos-unimos-al-mes-de-la-concienciacion-sobre-la-ictiosis\/","name":"Nos unimos al Mes de la Concienciaci\u00f3n sobre la Ictiosis - Asociaci\u00f3n Espa\u00f1ola S\u00edndrome de Charge","isPartOf":{"@id":"https:\/\/sindromecharge.es\/#website"},"datePublished":"2021-05-11T07:14:55+00:00","author":{"@id":"https:\/\/sindromecharge.es\/#\/schema\/person\/39a60ebe0a2b4d5a11179701e336b039"},"breadcrumb":{"@id":"https:\/\/sindromecharge.es\/index.php\/2021\/05\/11\/nos-unimos-al-mes-de-la-concienciacion-sobre-la-ictiosis\/#breadcrumb"},"inLanguage":"es","potentialAction":[{"@type":"ReadAction","target":["https:\/\/sindromecharge.es\/index.php\/2021\/05\/11\/nos-unimos-al-mes-de-la-concienciacion-sobre-la-ictiosis\/"]}]},{"@type":"BreadcrumbList","@id":"https:\/\/sindromecharge.es\/index.php\/2021\/05\/11\/nos-unimos-al-mes-de-la-concienciacion-sobre-la-ictiosis\/#breadcrumb","itemListElement":[{"@type":"ListItem","position":1,"name":"Portada","item":"https:\/\/sindromecharge.es\/"},{"@type":"ListItem","position":2,"name":"Nos unimos al Mes de la Concienciaci\u00f3n sobre la Ictiosis"}]},{"@type":"WebSite","@id":"https:\/\/sindromecharge.es\/#website","url":"https:\/\/sindromecharge.es\/","name":"Asociaci\u00f3n Espa\u00f1ola S\u00edndrome de Charge","description":"","potentialAction":[{"@type":"SearchAction","target":{"@type":"EntryPoint","urlTemplate":"https:\/\/sindromecharge.es\/?s={search_term_string}"},"query-input":{"@type":"PropertyValueSpecification","valueRequired":true,"valueName":"search_term_string"}}],"inLanguage":"es"},{"@type":"Person","@id":"https:\/\/sindromecharge.es\/#\/schema\/person\/39a60ebe0a2b4d5a11179701e336b039","name":"Charge","image":{"@type":"ImageObject","inLanguage":"es","@id":"https:\/\/secure.gravatar.com\/avatar\/c3b46e32a0fc3b093a0873fb767bf3293de856293065e84ef06b7ec7a8acfb98?s=96&d=identicon&r=x","url":"https:\/\/secure.gravatar.com\/avatar\/c3b46e32a0fc3b093a0873fb767bf3293de856293065e84ef06b7ec7a8acfb98?s=96&d=identicon&r=x","contentUrl":"https:\/\/secure.gravatar.com\/avatar\/c3b46e32a0fc3b093a0873fb767bf3293de856293065e84ef06b7ec7a8acfb98?s=96&d=identicon&r=x","caption":"Charge"},"url":"https:\/\/sindromecharge.es\/index.php\/author\/admin\/"}]}},"_links":{"self":[{"href":"https:\/\/sindromecharge.es\/index.php\/wp-json\/wp\/v2\/posts\/7148","targetHints":{"allow":["GET"]}}],"collection":[{"href":"https:\/\/sindromecharge.es\/index.php\/wp-json\/wp\/v2\/posts"}],"about":[{"href":"https:\/\/sindromecharge.es\/index.php\/wp-json\/wp\/v2\/types\/post"}],"author":[{"embeddable":true,"href":"https:\/\/sindromecharge.es\/index.php\/wp-json\/wp\/v2\/users\/1"}],"replies":[{"embeddable":true,"href":"https:\/\/sindromecharge.es\/index.php\/wp-json\/wp\/v2\/comments?post=7148"}],"version-history":[{"count":0,"href":"https:\/\/sindromecharge.es\/index.php\/wp-json\/wp\/v2\/posts\/7148\/revisions"}],"wp:attachment":[{"href":"https:\/\/sindromecharge.es\/index.php\/wp-json\/wp\/v2\/media?parent=7148"}],"wp:term":[{"taxonomy":"category","embeddable":true,"href":"https:\/\/sindromecharge.es\/index.php\/wp-json\/wp\/v2\/categories?post=7148"},{"taxonomy":"post_tag","embeddable":true,"href":"https:\/\/sindromecharge.es\/index.php\/wp-json\/wp\/v2\/tags?post=7148"}],"curies":[{"name":"wp","href":"https:\/\/api.w.org\/{rel}","templated":true}]}}