{"id":7147,"date":"2021-05-10T12:11:14","date_gmt":"2021-05-10T12:11:14","guid":{"rendered":"https:\/\/sindromecharge.es\/index.php\/2021\/05\/10\/crean-unos-zapatos-con-sensores-de-movimiento-orientados-a-las-personas-ciegas-o-con-discapacidad-visual\/"},"modified":"2021-05-10T12:11:14","modified_gmt":"2021-05-10T12:11:14","slug":"crean-unos-zapatos-con-sensores-de-movimiento-orientados-a-las-personas-ciegas-o-con-discapacidad-visual","status":"publish","type":"post","link":"https:\/\/sindromecharge.es\/index.php\/2021\/05\/10\/crean-unos-zapatos-con-sensores-de-movimiento-orientados-a-las-personas-ciegas-o-con-discapacidad-visual\/","title":{"rendered":"Crean unos zapatos con sensores de movimiento orientados a las personas ciegas o con discapacidad visual"},"content":{"rendered":"<p>Leemos en 20minutos la siguiente noticia que os reproducimos de forma \u00edntegra: <\/p>\n<p>La empresa austriaca Tec-Innovation ha presentado su \u00faltima novedad orientada a las personas invidentes. Se trata de unos <strong>zapatos inteligentes<\/strong> que, a trav\u00e9s de sensores ultras\u00f3nicos, ayudan a las personas que sufren ceguera o discapacidad visual a <strong>detectar los obst\u00e1culos a una distancia de hasta cuatro metros<\/strong>.<\/p>\n<p>El calzado, que ha recibido el nombre de InnoMake, tiene como objetivo <strong>convertirse en una alternativa moderna al bast\u00f3n del que dependen millones de personas en todo el mundo<\/strong>. El modelo est\u00e1 disponible y se basa en unos sensores que advierten al portador mediante vibraci\u00f3n y una alerta audible que suena en un tel\u00e9fono inteligente conectado por Bluetooth. Esta versi\u00f3n <strong>est\u00e1 disponible para su compra, en el sitio web de Tec-Innovation, por 3.200 euros el par<\/strong>.<\/p>\n<p>Aunque esto parece bastante aparatoso, la compa\u00f1\u00eda ya est\u00e1 trabajando en <strong>una versi\u00f3n m\u00e1s avanzada que incorpora c\u00e1maras de inteligencia artificial<\/strong> que, adem\u00e1s de detectar los obst\u00e1culos, distinguen de qu\u00e9 se trata exactamente.<\/p>\n<p>Los zapatos inteligentes han sido creados por Tec-Innovation en asociaci\u00f3n con la Universidad de Tecnolog\u00eda de Graz, de Austria para <strong>desarrollar algoritmos de aprendizaje profundo<\/strong> de \u00faltima generaci\u00f3n modelados en redes neuronales que pueden analizar la informaci\u00f3n que proporciona el calzado y determinar si se trata de un \u00e1rea libre y segura para caminar.<\/p>\n<div class=\"video-responsive\">  <\/div>\n<p>\u00abNo solo es relevante la advertencia de que estoy enfrentando un obst\u00e1culo, sino tambi\u00e9n la <strong>informaci\u00f3n sobre el tipo de obst\u00e1culo que estoy enfrentando<\/strong>. Porque hay una gran diferencia si se trata de una pared, un autom\u00f3vil o una escalera\u00bb, explic\u00f3 a TechSplore Markus Raffer, uno de los fundadores de Tec-Innovation.<\/p>\n<p>\u00abLos sensores ultras\u00f3nicos en la puntera del zapato detectan obst\u00e1culos a una distancia de hasta cuatro metros. A continuaci\u00f3n, <strong>se advierte al usuario mediante vibraciones y\/o se\u00f1ales ac\u00fasticas<\/strong>. Esto funciona muy bien y ya es una gran ayuda para m\u00ed, personalmente\u00bb, agreg\u00f3 Raffer, que padece una discapacidad visual.<\/p>\n<p>\u00abPuede realizar ajustes en tiempo real con el bot\u00f3n en la parte posterior del dispositivo. El rango se puede ajustar hasta cuatro metros presionando brevemente el bot\u00f3n\u00bb, explica el sitio web de Tec-Innovation. \u00ab<strong>Puede activar el modo inteligente que pausa autom\u00e1ticamente el sistema<\/strong>, por ejemplo, cuando est\u00e1 sentado, y tambi\u00e9n puede utilizar InnoMake como un esc\u00e1ner para obtener informaci\u00f3n sobre su entorno mediante el movimiento del pie\u00bb.<\/p>\n<p><strong>El sistema est\u00e1 integrado en la parte delantera<\/strong>, con una funda impermeable y a prueba de polvo. Adem\u00e1s, est\u00e1 alimentado por una bater\u00eda de alta resistencia que puede durar hasta una semana, dependiendo del uso. La bater\u00eda <strong>se puede cargar en solo tres horas mediante un cable USB<\/strong>.<\/p>\n<p>En un futuro, Tec-Innovation planea utilizar los datos recopilados por su sistema para <strong>crear un mapa de navegaci\u00f3n de <i>Street View<\/i><\/strong> para personas con discapacidad visual: \u00abTal como est\u00e1 actualmente, solo el usuario se beneficia en cada caso de los datos que el zapato recopila mientras camina. Ser\u00eda mucho m\u00e1s sostenible si estos datos tambi\u00e9n pudieran estar disponibles para otras personas como ayuda para la navegaci\u00f3n\u00bb, explic\u00f3 el cient\u00edfico Friedich Fraundorfer.<\/p>\n<p>Fuente: 20minutos <a href=\"https:\/\/www.20minutos.es\/gonzoo\/noticia\/4691606\/0\/crean-unos-zapatos-con-sensores-de-movimiento-orientados-a-las-personas-ciegas-o-con-discapacidad-visual\/\" target=\"_blank\" rel=\"noopener\">Crean unos zapatos con sensores de movimiento orientados a las personas ciegas o con discapacidad visual<\/a><\/p>\n","protected":false},"excerpt":{"rendered":"<p>Leemos en 20minutos la siguiente noticia que os reproducimos de forma \u00edntegra: La empresa austriaca Tec-Innovation ha presentado su \u00faltima novedad orientada a las personas invidentes. Se trata de unos zapatos inteligentes que, a trav\u00e9s de sensores ultras\u00f3nicos, ayudan a las personas que sufren ceguera o discapacidad visual a detectar los obst\u00e1culos a una distancia [&hellip;]<\/p>\n","protected":false},"author":1,"featured_media":0,"comment_status":"open","ping_status":"closed","sticky":false,"template":"","format":"standard","meta":{"footnotes":""},"categories":[8],"tags":[31],"class_list":["post-7147","post","type-post","status-publish","format-standard","hentry","category-noticias","tag-discapacidad"],"yoast_head":"<!-- This site is optimized with the Yoast SEO plugin v27.5 - https:\/\/yoast.com\/product\/yoast-seo-wordpress\/ -->\n<title>Crean unos zapatos con sensores de movimiento orientados a las personas ciegas o con discapacidad visual - Asociaci\u00f3n Espa\u00f1ola S\u00edndrome de Charge<\/title>\n<meta name=\"robots\" content=\"index, follow, max-snippet:-1, max-image-preview:large, max-video-preview:-1\" \/>\n<link rel=\"canonical\" href=\"https:\/\/sindromecharge.es\/index.php\/2021\/05\/10\/crean-unos-zapatos-con-sensores-de-movimiento-orientados-a-las-personas-ciegas-o-con-discapacidad-visual\/\" \/>\n<meta property=\"og:locale\" content=\"es_ES\" \/>\n<meta property=\"og:type\" content=\"article\" \/>\n<meta property=\"og:title\" content=\"Crean unos zapatos con sensores de movimiento orientados a las personas ciegas o con discapacidad visual - Asociaci\u00f3n Espa\u00f1ola S\u00edndrome de Charge\" \/>\n<meta property=\"og:description\" content=\"Leemos en 20minutos la siguiente noticia que os reproducimos de forma \u00edntegra: La empresa austriaca Tec-Innovation ha presentado su \u00faltima novedad orientada a las personas invidentes. Se trata de unos zapatos inteligentes que, a trav\u00e9s de sensores ultras\u00f3nicos, ayudan a las personas que sufren ceguera o discapacidad visual a detectar los obst\u00e1culos a una distancia [&hellip;]\" \/>\n<meta property=\"og:url\" content=\"https:\/\/sindromecharge.es\/index.php\/2021\/05\/10\/crean-unos-zapatos-con-sensores-de-movimiento-orientados-a-las-personas-ciegas-o-con-discapacidad-visual\/\" \/>\n<meta property=\"og:site_name\" content=\"Asociaci\u00f3n Espa\u00f1ola S\u00edndrome de Charge\" \/>\n<meta property=\"article:publisher\" content=\"https:\/\/www.facebook.com\/asociacionsindromecharge\" \/>\n<meta property=\"article:published_time\" content=\"2021-05-10T12:11:14+00:00\" \/>\n<meta property=\"og:image\" content=\"https:\/\/sindromecharge.es\/wp-content\/uploads\/2013\/09\/logodecharge300x98.png\" \/>\n\t<meta property=\"og:image:width\" content=\"300\" \/>\n\t<meta property=\"og:image:height\" content=\"98\" \/>\n\t<meta property=\"og:image:type\" content=\"image\/png\" \/>\n<meta name=\"author\" content=\"Charge\" \/>\n<meta name=\"twitter:card\" content=\"summary_large_image\" \/>\n<meta name=\"twitter:creator\" content=\"@sindromecharge\" \/>\n<meta name=\"twitter:site\" content=\"@sindromecharge\" \/>\n<meta name=\"twitter:label1\" content=\"Escrito por\" \/>\n\t<meta name=\"twitter:data1\" content=\"Charge\" \/>\n\t<meta name=\"twitter:label2\" content=\"Tiempo de lectura\" \/>\n\t<meta name=\"twitter:data2\" content=\"3 minutos\" \/>\n<script type=\"application\/ld+json\" class=\"yoast-schema-graph\">{\"@context\":\"https:\\\/\\\/schema.org\",\"@graph\":[{\"@type\":\"Article\",\"@id\":\"https:\\\/\\\/sindromecharge.es\\\/index.php\\\/2021\\\/05\\\/10\\\/crean-unos-zapatos-con-sensores-de-movimiento-orientados-a-las-personas-ciegas-o-con-discapacidad-visual\\\/#article\",\"isPartOf\":{\"@id\":\"https:\\\/\\\/sindromecharge.es\\\/index.php\\\/2021\\\/05\\\/10\\\/crean-unos-zapatos-con-sensores-de-movimiento-orientados-a-las-personas-ciegas-o-con-discapacidad-visual\\\/\"},\"author\":{\"name\":\"Charge\",\"@id\":\"https:\\\/\\\/sindromecharge.es\\\/#\\\/schema\\\/person\\\/39a60ebe0a2b4d5a11179701e336b039\"},\"headline\":\"Crean unos zapatos con sensores de movimiento orientados a las personas ciegas o con discapacidad visual\",\"datePublished\":\"2021-05-10T12:11:14+00:00\",\"mainEntityOfPage\":{\"@id\":\"https:\\\/\\\/sindromecharge.es\\\/index.php\\\/2021\\\/05\\\/10\\\/crean-unos-zapatos-con-sensores-de-movimiento-orientados-a-las-personas-ciegas-o-con-discapacidad-visual\\\/\"},\"wordCount\":583,\"commentCount\":0,\"keywords\":[\"discapacidad\"],\"articleSection\":[\"noticias\"],\"inLanguage\":\"es\",\"potentialAction\":[{\"@type\":\"CommentAction\",\"name\":\"Comment\",\"target\":[\"https:\\\/\\\/sindromecharge.es\\\/index.php\\\/2021\\\/05\\\/10\\\/crean-unos-zapatos-con-sensores-de-movimiento-orientados-a-las-personas-ciegas-o-con-discapacidad-visual\\\/#respond\"]}]},{\"@type\":\"WebPage\",\"@id\":\"https:\\\/\\\/sindromecharge.es\\\/index.php\\\/2021\\\/05\\\/10\\\/crean-unos-zapatos-con-sensores-de-movimiento-orientados-a-las-personas-ciegas-o-con-discapacidad-visual\\\/\",\"url\":\"https:\\\/\\\/sindromecharge.es\\\/index.php\\\/2021\\\/05\\\/10\\\/crean-unos-zapatos-con-sensores-de-movimiento-orientados-a-las-personas-ciegas-o-con-discapacidad-visual\\\/\",\"name\":\"Crean unos zapatos con sensores de movimiento orientados a las personas ciegas o con discapacidad visual - Asociaci\u00f3n Espa\u00f1ola S\u00edndrome de Charge\",\"isPartOf\":{\"@id\":\"https:\\\/\\\/sindromecharge.es\\\/#website\"},\"datePublished\":\"2021-05-10T12:11:14+00:00\",\"author\":{\"@id\":\"https:\\\/\\\/sindromecharge.es\\\/#\\\/schema\\\/person\\\/39a60ebe0a2b4d5a11179701e336b039\"},\"breadcrumb\":{\"@id\":\"https:\\\/\\\/sindromecharge.es\\\/index.php\\\/2021\\\/05\\\/10\\\/crean-unos-zapatos-con-sensores-de-movimiento-orientados-a-las-personas-ciegas-o-con-discapacidad-visual\\\/#breadcrumb\"},\"inLanguage\":\"es\",\"potentialAction\":[{\"@type\":\"ReadAction\",\"target\":[\"https:\\\/\\\/sindromecharge.es\\\/index.php\\\/2021\\\/05\\\/10\\\/crean-unos-zapatos-con-sensores-de-movimiento-orientados-a-las-personas-ciegas-o-con-discapacidad-visual\\\/\"]}]},{\"@type\":\"BreadcrumbList\",\"@id\":\"https:\\\/\\\/sindromecharge.es\\\/index.php\\\/2021\\\/05\\\/10\\\/crean-unos-zapatos-con-sensores-de-movimiento-orientados-a-las-personas-ciegas-o-con-discapacidad-visual\\\/#breadcrumb\",\"itemListElement\":[{\"@type\":\"ListItem\",\"position\":1,\"name\":\"Portada\",\"item\":\"https:\\\/\\\/sindromecharge.es\\\/\"},{\"@type\":\"ListItem\",\"position\":2,\"name\":\"Crean unos zapatos con sensores de movimiento orientados a las personas ciegas o con discapacidad visual\"}]},{\"@type\":\"WebSite\",\"@id\":\"https:\\\/\\\/sindromecharge.es\\\/#website\",\"url\":\"https:\\\/\\\/sindromecharge.es\\\/\",\"name\":\"Asociaci\u00f3n Espa\u00f1ola S\u00edndrome de Charge\",\"description\":\"\",\"potentialAction\":[{\"@type\":\"SearchAction\",\"target\":{\"@type\":\"EntryPoint\",\"urlTemplate\":\"https:\\\/\\\/sindromecharge.es\\\/?s={search_term_string}\"},\"query-input\":{\"@type\":\"PropertyValueSpecification\",\"valueRequired\":true,\"valueName\":\"search_term_string\"}}],\"inLanguage\":\"es\"},{\"@type\":\"Person\",\"@id\":\"https:\\\/\\\/sindromecharge.es\\\/#\\\/schema\\\/person\\\/39a60ebe0a2b4d5a11179701e336b039\",\"name\":\"Charge\",\"image\":{\"@type\":\"ImageObject\",\"inLanguage\":\"es\",\"@id\":\"https:\\\/\\\/secure.gravatar.com\\\/avatar\\\/c3b46e32a0fc3b093a0873fb767bf3293de856293065e84ef06b7ec7a8acfb98?s=96&d=identicon&r=x\",\"url\":\"https:\\\/\\\/secure.gravatar.com\\\/avatar\\\/c3b46e32a0fc3b093a0873fb767bf3293de856293065e84ef06b7ec7a8acfb98?s=96&d=identicon&r=x\",\"contentUrl\":\"https:\\\/\\\/secure.gravatar.com\\\/avatar\\\/c3b46e32a0fc3b093a0873fb767bf3293de856293065e84ef06b7ec7a8acfb98?s=96&d=identicon&r=x\",\"caption\":\"Charge\"},\"url\":\"https:\\\/\\\/sindromecharge.es\\\/index.php\\\/author\\\/admin\\\/\"}]}<\/script>\n<!-- \/ Yoast SEO plugin. -->","yoast_head_json":{"title":"Crean unos zapatos con sensores de movimiento orientados a las personas ciegas o con discapacidad visual - Asociaci\u00f3n Espa\u00f1ola S\u00edndrome de Charge","robots":{"index":"index","follow":"follow","max-snippet":"max-snippet:-1","max-image-preview":"max-image-preview:large","max-video-preview":"max-video-preview:-1"},"canonical":"https:\/\/sindromecharge.es\/index.php\/2021\/05\/10\/crean-unos-zapatos-con-sensores-de-movimiento-orientados-a-las-personas-ciegas-o-con-discapacidad-visual\/","og_locale":"es_ES","og_type":"article","og_title":"Crean unos zapatos con sensores de movimiento orientados a las personas ciegas o con discapacidad visual - Asociaci\u00f3n Espa\u00f1ola S\u00edndrome de Charge","og_description":"Leemos en 20minutos la siguiente noticia que os reproducimos de forma \u00edntegra: La empresa austriaca Tec-Innovation ha presentado su \u00faltima novedad orientada a las personas invidentes. Se trata de unos zapatos inteligentes que, a trav\u00e9s de sensores ultras\u00f3nicos, ayudan a las personas que sufren ceguera o discapacidad visual a detectar los obst\u00e1culos a una distancia [&hellip;]","og_url":"https:\/\/sindromecharge.es\/index.php\/2021\/05\/10\/crean-unos-zapatos-con-sensores-de-movimiento-orientados-a-las-personas-ciegas-o-con-discapacidad-visual\/","og_site_name":"Asociaci\u00f3n Espa\u00f1ola S\u00edndrome de Charge","article_publisher":"https:\/\/www.facebook.com\/asociacionsindromecharge","article_published_time":"2021-05-10T12:11:14+00:00","og_image":[{"width":300,"height":98,"url":"https:\/\/sindromecharge.es\/wp-content\/uploads\/2013\/09\/logodecharge300x98.png","type":"image\/png"}],"author":"Charge","twitter_card":"summary_large_image","twitter_creator":"@sindromecharge","twitter_site":"@sindromecharge","twitter_misc":{"Escrito por":"Charge","Tiempo de lectura":"3 minutos"},"schema":{"@context":"https:\/\/schema.org","@graph":[{"@type":"Article","@id":"https:\/\/sindromecharge.es\/index.php\/2021\/05\/10\/crean-unos-zapatos-con-sensores-de-movimiento-orientados-a-las-personas-ciegas-o-con-discapacidad-visual\/#article","isPartOf":{"@id":"https:\/\/sindromecharge.es\/index.php\/2021\/05\/10\/crean-unos-zapatos-con-sensores-de-movimiento-orientados-a-las-personas-ciegas-o-con-discapacidad-visual\/"},"author":{"name":"Charge","@id":"https:\/\/sindromecharge.es\/#\/schema\/person\/39a60ebe0a2b4d5a11179701e336b039"},"headline":"Crean unos zapatos con sensores de movimiento orientados a las personas ciegas o con discapacidad visual","datePublished":"2021-05-10T12:11:14+00:00","mainEntityOfPage":{"@id":"https:\/\/sindromecharge.es\/index.php\/2021\/05\/10\/crean-unos-zapatos-con-sensores-de-movimiento-orientados-a-las-personas-ciegas-o-con-discapacidad-visual\/"},"wordCount":583,"commentCount":0,"keywords":["discapacidad"],"articleSection":["noticias"],"inLanguage":"es","potentialAction":[{"@type":"CommentAction","name":"Comment","target":["https:\/\/sindromecharge.es\/index.php\/2021\/05\/10\/crean-unos-zapatos-con-sensores-de-movimiento-orientados-a-las-personas-ciegas-o-con-discapacidad-visual\/#respond"]}]},{"@type":"WebPage","@id":"https:\/\/sindromecharge.es\/index.php\/2021\/05\/10\/crean-unos-zapatos-con-sensores-de-movimiento-orientados-a-las-personas-ciegas-o-con-discapacidad-visual\/","url":"https:\/\/sindromecharge.es\/index.php\/2021\/05\/10\/crean-unos-zapatos-con-sensores-de-movimiento-orientados-a-las-personas-ciegas-o-con-discapacidad-visual\/","name":"Crean unos zapatos con sensores de movimiento orientados a las personas ciegas o con discapacidad visual - Asociaci\u00f3n Espa\u00f1ola S\u00edndrome de Charge","isPartOf":{"@id":"https:\/\/sindromecharge.es\/#website"},"datePublished":"2021-05-10T12:11:14+00:00","author":{"@id":"https:\/\/sindromecharge.es\/#\/schema\/person\/39a60ebe0a2b4d5a11179701e336b039"},"breadcrumb":{"@id":"https:\/\/sindromecharge.es\/index.php\/2021\/05\/10\/crean-unos-zapatos-con-sensores-de-movimiento-orientados-a-las-personas-ciegas-o-con-discapacidad-visual\/#breadcrumb"},"inLanguage":"es","potentialAction":[{"@type":"ReadAction","target":["https:\/\/sindromecharge.es\/index.php\/2021\/05\/10\/crean-unos-zapatos-con-sensores-de-movimiento-orientados-a-las-personas-ciegas-o-con-discapacidad-visual\/"]}]},{"@type":"BreadcrumbList","@id":"https:\/\/sindromecharge.es\/index.php\/2021\/05\/10\/crean-unos-zapatos-con-sensores-de-movimiento-orientados-a-las-personas-ciegas-o-con-discapacidad-visual\/#breadcrumb","itemListElement":[{"@type":"ListItem","position":1,"name":"Portada","item":"https:\/\/sindromecharge.es\/"},{"@type":"ListItem","position":2,"name":"Crean unos zapatos con sensores de movimiento orientados a las personas ciegas o con discapacidad visual"}]},{"@type":"WebSite","@id":"https:\/\/sindromecharge.es\/#website","url":"https:\/\/sindromecharge.es\/","name":"Asociaci\u00f3n Espa\u00f1ola S\u00edndrome de Charge","description":"","potentialAction":[{"@type":"SearchAction","target":{"@type":"EntryPoint","urlTemplate":"https:\/\/sindromecharge.es\/?s={search_term_string}"},"query-input":{"@type":"PropertyValueSpecification","valueRequired":true,"valueName":"search_term_string"}}],"inLanguage":"es"},{"@type":"Person","@id":"https:\/\/sindromecharge.es\/#\/schema\/person\/39a60ebe0a2b4d5a11179701e336b039","name":"Charge","image":{"@type":"ImageObject","inLanguage":"es","@id":"https:\/\/secure.gravatar.com\/avatar\/c3b46e32a0fc3b093a0873fb767bf3293de856293065e84ef06b7ec7a8acfb98?s=96&d=identicon&r=x","url":"https:\/\/secure.gravatar.com\/avatar\/c3b46e32a0fc3b093a0873fb767bf3293de856293065e84ef06b7ec7a8acfb98?s=96&d=identicon&r=x","contentUrl":"https:\/\/secure.gravatar.com\/avatar\/c3b46e32a0fc3b093a0873fb767bf3293de856293065e84ef06b7ec7a8acfb98?s=96&d=identicon&r=x","caption":"Charge"},"url":"https:\/\/sindromecharge.es\/index.php\/author\/admin\/"}]}},"_links":{"self":[{"href":"https:\/\/sindromecharge.es\/index.php\/wp-json\/wp\/v2\/posts\/7147","targetHints":{"allow":["GET"]}}],"collection":[{"href":"https:\/\/sindromecharge.es\/index.php\/wp-json\/wp\/v2\/posts"}],"about":[{"href":"https:\/\/sindromecharge.es\/index.php\/wp-json\/wp\/v2\/types\/post"}],"author":[{"embeddable":true,"href":"https:\/\/sindromecharge.es\/index.php\/wp-json\/wp\/v2\/users\/1"}],"replies":[{"embeddable":true,"href":"https:\/\/sindromecharge.es\/index.php\/wp-json\/wp\/v2\/comments?post=7147"}],"version-history":[{"count":0,"href":"https:\/\/sindromecharge.es\/index.php\/wp-json\/wp\/v2\/posts\/7147\/revisions"}],"wp:attachment":[{"href":"https:\/\/sindromecharge.es\/index.php\/wp-json\/wp\/v2\/media?parent=7147"}],"wp:term":[{"taxonomy":"category","embeddable":true,"href":"https:\/\/sindromecharge.es\/index.php\/wp-json\/wp\/v2\/categories?post=7147"},{"taxonomy":"post_tag","embeddable":true,"href":"https:\/\/sindromecharge.es\/index.php\/wp-json\/wp\/v2\/tags?post=7147"}],"curies":[{"name":"wp","href":"https:\/\/api.w.org\/{rel}","templated":true}]}}