{"id":7145,"date":"2021-05-10T11:04:35","date_gmt":"2021-05-10T11:04:35","guid":{"rendered":"https:\/\/sindromecharge.es\/index.php\/2021\/05\/10\/las-personas-con-discapacidad-reconocida-y-las-mayores-de-65-podran-solicitar-ayudas-para-productos-de-apoyo\/"},"modified":"2021-05-10T11:04:35","modified_gmt":"2021-05-10T11:04:35","slug":"las-personas-con-discapacidad-reconocida-y-las-mayores-de-65-podran-solicitar-ayudas-para-productos-de-apoyo","status":"publish","type":"post","link":"https:\/\/sindromecharge.es\/index.php\/2021\/05\/10\/las-personas-con-discapacidad-reconocida-y-las-mayores-de-65-podran-solicitar-ayudas-para-productos-de-apoyo\/","title":{"rendered":"Las personas con discapacidad reconocida y las mayores de 65 podr\u00e1n solicitar ayudas para productos de apoyo"},"content":{"rendered":"<p>Leemos en 20minutos la siguiente noticia que os reproducimos de forma \u00edntegra: <\/p>\n<p>Seg\u00fan ha anunciado este lunes la consejera de Derechos Sociales, Carmen Maeztu, el departamento de Derechos Sociales ha atendido esta demanda \u00abmuy solicitada\u00bb por las personas mayores o con discapacidad, abriendo esta convocatoria de ayudas para ayudar a la compra de estos materiales de apoyo.<\/p>\n<p>La titular del departamento ha visitado este lunes el centro de productos de apoyo abierto hace cuatro a\u00f1os en Pamplona. Ha recordado que el propio centro es una media que se suma a otras para favorecer la accesibilidad como el proyecto presentado a los fondos europeos para la creaci\u00f3n de un centro de referencia en materia de accesibilidad universal que supondr\u00e1 una inversi\u00f3n de 335.868 euros.<\/p>\n<p>AYUDA M\u00c1XIMA DE 3.800 EUROS<\/p>\n<p>A la nueva convocatoria de ayudas podr\u00e1n presentar solicitudes las personas con alg\u00fan grado de dependencia, distinto seg\u00fan el tipo de producto, o mayores de 65 a\u00f1os que acrediten mediante informe m\u00e9dico la p\u00e9rdida de autonom\u00eda en alg\u00fan de las funciones de la vida cotidiana y la necesidad de estos productos de apoyo.<\/p>\n<p>El Ejecutivo destinar\u00e1 a este programa 120.000 euros y las personas que re\u00fanan las caracter\u00edsticas para recibir la subvenci\u00f3n pueden solicitarla hasta el 30 de noviembre. Se podr\u00e1 solicitar la ayuda para productos adquiridos desde el 1 de enero hasta el 29 de noviembre de 2021.<\/p>\n<p>Con este procedimiento, Derechos Sociales quiere colaborar econ\u00f3micamente en la compra de recursos que facilitan la participaci\u00f3n social de las personas con alguna patolog\u00eda acreditada o discapacidad, o permiten su protecci\u00f3n y ayuda para varias funciones corporales y otras actividades de la vida diaria, la prevenci\u00f3n de deficiencias que limitan la participaci\u00f3n.<\/p>\n<p>En concreto, las subvenciones cubren las siguientes tipolog\u00edas de productos: facilitadores del cuidado y la protecci\u00f3n personal (de apoyo para el aseo o para levantarse); para la comunicaci\u00f3n e informaci\u00f3n (gafas, lentillas, aud\u00edfonos o moldes), para la movilidad personal (sillas manuales o de propulsi\u00f3n el\u00e9ctrica y gr\u00faas), o elementos para el descanso (cama articulada, colch\u00f3n antiescaras).<\/p>\n<p>La cuant\u00eda de las ayudas ir\u00e1 en funci\u00f3n de la renta per c\u00e1pita de la persona solicitante y la subvenci\u00f3n m\u00e1xima ser\u00e1 de 3.800 euros. Salvo causa justificada, no se podr\u00e1 obtener ayuda por el mismo concepto dentro de los cuatro a\u00f1os siguientes.<\/p>\n<p>Los requisitos de la convocatoria se pueden consultar en el portal navarra.es. Las solicitudes se presentar\u00e1n preferentemente en el Registro Electr\u00f3nico del Gobierno de Navarra o en el cualquier de los registros presenciales, para lo que se requiere concertar una cita previa.<\/p>\n<p>CENTRO DE PRODUCTOS DE APOYO A LA ACCESIBILIDAD<\/p>\n<p>En su visita, la consejera Maeztu ha conocido las instalaciones del centro de productos de apoyo, ubicado en la calle Cuesta de la Reina, n\u00famero 3. Desde su apertura, se han atendido unas 700 consultas, con un promedio de unas 15 mensuales.<\/p>\n<p>Este espacio, conocido como centro de productos de apoyo a la accesibilidad, comenz\u00f3 a funcionar en enero de 2017 y fue pionero en su momento, seg\u00fan ha indicado el Gobierno. Hoy forma parte de IPROA, la red de Centros de Productos de Apoyo de Espa\u00f1a.<\/p>\n<p>Est\u00e1 atendido por profesionales del equipo de valoraci\u00f3n del departamento de Derechos Sociales del Gobierno de Navarra durante dos horas diarias, de lunes a viernes, de 12 a 14 horas, aunque en este momento y desde el comienzo de la pandemia es necesario solicitar cita previa, bien a trav\u00e9s del tel\u00e9fono 848 42 50 55 o en la direcci\u00f3n de correo electr\u00f3nico centrodeproductosdeapoyo@navarra.es.<\/p>\n<p>En el centro se ofrece informaci\u00f3n, asesoramiento y recursos t\u00e9cnicos o tecnol\u00f3gicos a todas las personas, o sus familiares, afectadas por alguna barrera de accesibilidad en viviendas, espacios arquitect\u00f3nicos o sobre servicios y productos de distinta naturaleza, siempre intentando responder a las necesidades espec\u00edficas de cada persona.<\/p>\n<p>Cuenta con una muestra de productos muy diversos, desde sillas de ruedas, gr\u00faas, camas articuladas&#8230; Seg\u00fan indican sus responsables \u00abrecibimos muchas peticiones de asesoramiento relacionadas con las actividades de higiene, y ello conlleva un ba\u00f1o adaptado con ducha a ras del suelo y todos los productos de apoyo necesarios para la consecuci\u00f3n de tales actividades, como barras de apoyo, silla de ba\u00f1o o alza con reposabrazos para wc, por ejemplo\u00bb.<\/p>\n<p>Este asesoramiento tambi\u00e9n lo ofrecen en Tudela y la Ribera las profesionales del equipo de valoraci\u00f3n de dependencias en Tudela.<\/p>\n<p>Adem\u00e1s de esta labor de asesoramiento, tambi\u00e9n tiene entre sus objetivos, sensibilizar a la sociedad navarra sobre la accesibilidad universal y a implementar la cultura del dise\u00f1o para todas las personas, recogida en el art\u00edculo 2 de la Convenci\u00f3n de Naciones Unidas sobre los Derechos de las Personas con Discapacidad.<\/p>\n<p>Desde el centro tambi\u00e9n se forma a profesionales de servicios sociales y sanitarios, se organizan jornadas divulgativas y se apoyan otros proyectos innovadores en este terreno, en colaboraci\u00f3n con el tejido asociativo o entidades privadas.<\/p>\n<p>CREACI\u00d3N DE UN CENTRO DE REFERENCIA<\/p>\n<p>Finalmente, el departamento de Derechos Sociales ha presentado a los fondos europeos un proyecto para la creaci\u00f3n de un centro de referencia en materia de accesibilidad universal, conectado con los departamentos de Gobierno de Navarra, que impulse la transformaci\u00f3n hacia la accesibilidad universal, tal como establece la Ley Foral en esta materia, aprobada en 2018. La inversi\u00f3n prevista es de 335.868 euros.<\/p>\n<p>Desde este centro se espera ampliar y difundir el conocimiento existente en materia de accesibilidad para que se vaya incorporando tanto en los espacios p\u00fablicos urbanizados, las infraestructuras y la edificaci\u00f3n, los transportes, las comunicaciones, como en los  productos y servicios a disposici\u00f3n del p\u00fablico, las relaciones con las administraciones p\u00fablicas, la administraci\u00f3n de justicia, el patrimonio cultural, las actividades culturales, deportivas y de ocio, el empleo y el sistema educativo.<\/p>\n<p>Tiene previsto realizar un an\u00e1lisis de la situaci\u00f3n en Navarra, prestar asesoramiento a entidades p\u00fablicas y privadas, generar un foro de reflexi\u00f3n en materia de accesibilidad, y promover la investigaci\u00f3n en materia de accesibilidad, ha informado el Ejecutivo.<\/p>\n<p>Se trata de un proyecto que \u00abha sido muy bien acogido por parte de las instituciones europeas\u00bb, seg\u00fan ha trasladado el Gobierno de Espa\u00f1a al Ejecutivo Foral\u00bb, ha se\u00f1alado Maeztu. \u00abTambi\u00e9n supondr\u00e1 un impulso al II plan de discapacidad de Navarra 2019-2025, que contempla entre sus actuaciones, programas dirigidos a mejorar las condiciones de accesibilidad de los entornos, bienes, productos y servicios, en particular de aquellos de son de competencia p\u00fablica. Garantizar la accesibilidad universal significa garantizar la igualdad de oportunidades, la promoci\u00f3n de la autonom\u00eda personal, la inclusi\u00f3n en la comunidad y la vida independiente de todas las personas y, en particular, de las personas con discapacidad\u00bb, ha concluido.<\/p>\n<p>Fuente: 20minutos <a href=\"https:\/\/www.20minutos.es\/noticia\/4691403\/0\/las-personas-con-discapacidad-reconocida-y-las-mayores-de-65-podran-solicitar-ayudas-para-productos-de-apoyo\/\" target=\"_blank\" rel=\"noopener\">Las personas con discapacidad reconocida y las mayores de 65 podr\u00e1n solicitar ayudas para productos de apoyo<\/a><\/p>\n","protected":false},"excerpt":{"rendered":"<p>Leemos en 20minutos la siguiente noticia que os reproducimos de forma \u00edntegra: Seg\u00fan ha anunciado este lunes la consejera de Derechos Sociales, Carmen Maeztu, el departamento de Derechos Sociales ha atendido esta demanda \u00abmuy solicitada\u00bb por las personas mayores o con discapacidad, abriendo esta convocatoria de ayudas para ayudar a la compra de estos materiales [&hellip;]<\/p>\n","protected":false},"author":1,"featured_media":0,"comment_status":"open","ping_status":"closed","sticky":false,"template":"","format":"standard","meta":{"footnotes":""},"categories":[8],"tags":[31],"class_list":["post-7145","post","type-post","status-publish","format-standard","hentry","category-noticias","tag-discapacidad"],"yoast_head":"<!-- This site is optimized with the Yoast SEO plugin v27.5 - https:\/\/yoast.com\/product\/yoast-seo-wordpress\/ -->\n<title>Las personas con discapacidad reconocida y las mayores de 65 podr\u00e1n solicitar ayudas para productos de apoyo - Asociaci\u00f3n Espa\u00f1ola S\u00edndrome de Charge<\/title>\n<meta name=\"robots\" content=\"index, follow, max-snippet:-1, max-image-preview:large, max-video-preview:-1\" \/>\n<link rel=\"canonical\" href=\"https:\/\/sindromecharge.es\/index.php\/2021\/05\/10\/las-personas-con-discapacidad-reconocida-y-las-mayores-de-65-podran-solicitar-ayudas-para-productos-de-apoyo\/\" \/>\n<meta property=\"og:locale\" content=\"es_ES\" \/>\n<meta property=\"og:type\" content=\"article\" \/>\n<meta property=\"og:title\" content=\"Las personas con discapacidad reconocida y las mayores de 65 podr\u00e1n solicitar ayudas para productos de apoyo - Asociaci\u00f3n Espa\u00f1ola S\u00edndrome de Charge\" \/>\n<meta property=\"og:description\" content=\"Leemos en 20minutos la siguiente noticia que os reproducimos de forma \u00edntegra: Seg\u00fan ha anunciado este lunes la consejera de Derechos Sociales, Carmen Maeztu, el departamento de Derechos Sociales ha atendido esta demanda \u00abmuy solicitada\u00bb por las personas mayores o con discapacidad, abriendo esta convocatoria de ayudas para ayudar a la compra de estos materiales [&hellip;]\" \/>\n<meta property=\"og:url\" content=\"https:\/\/sindromecharge.es\/index.php\/2021\/05\/10\/las-personas-con-discapacidad-reconocida-y-las-mayores-de-65-podran-solicitar-ayudas-para-productos-de-apoyo\/\" \/>\n<meta property=\"og:site_name\" content=\"Asociaci\u00f3n Espa\u00f1ola S\u00edndrome de Charge\" \/>\n<meta property=\"article:publisher\" content=\"https:\/\/www.facebook.com\/asociacionsindromecharge\" \/>\n<meta property=\"article:published_time\" content=\"2021-05-10T11:04:35+00:00\" \/>\n<meta property=\"og:image\" content=\"https:\/\/sindromecharge.es\/wp-content\/uploads\/2013\/09\/logodecharge300x98.png\" \/>\n\t<meta property=\"og:image:width\" content=\"300\" \/>\n\t<meta property=\"og:image:height\" content=\"98\" \/>\n\t<meta property=\"og:image:type\" content=\"image\/png\" \/>\n<meta name=\"author\" content=\"Charge\" \/>\n<meta name=\"twitter:card\" content=\"summary_large_image\" \/>\n<meta name=\"twitter:creator\" content=\"@sindromecharge\" \/>\n<meta name=\"twitter:site\" content=\"@sindromecharge\" \/>\n<meta name=\"twitter:label1\" content=\"Escrito por\" \/>\n\t<meta name=\"twitter:data1\" content=\"Charge\" \/>\n\t<meta name=\"twitter:label2\" content=\"Tiempo de lectura\" \/>\n\t<meta name=\"twitter:data2\" content=\"6 minutos\" \/>\n<script type=\"application\/ld+json\" class=\"yoast-schema-graph\">{\"@context\":\"https:\\\/\\\/schema.org\",\"@graph\":[{\"@type\":\"Article\",\"@id\":\"https:\\\/\\\/sindromecharge.es\\\/index.php\\\/2021\\\/05\\\/10\\\/las-personas-con-discapacidad-reconocida-y-las-mayores-de-65-podran-solicitar-ayudas-para-productos-de-apoyo\\\/#article\",\"isPartOf\":{\"@id\":\"https:\\\/\\\/sindromecharge.es\\\/index.php\\\/2021\\\/05\\\/10\\\/las-personas-con-discapacidad-reconocida-y-las-mayores-de-65-podran-solicitar-ayudas-para-productos-de-apoyo\\\/\"},\"author\":{\"name\":\"Charge\",\"@id\":\"https:\\\/\\\/sindromecharge.es\\\/#\\\/schema\\\/person\\\/39a60ebe0a2b4d5a11179701e336b039\"},\"headline\":\"Las personas con discapacidad reconocida y las mayores de 65 podr\u00e1n solicitar ayudas para productos de apoyo\",\"datePublished\":\"2021-05-10T11:04:35+00:00\",\"mainEntityOfPage\":{\"@id\":\"https:\\\/\\\/sindromecharge.es\\\/index.php\\\/2021\\\/05\\\/10\\\/las-personas-con-discapacidad-reconocida-y-las-mayores-de-65-podran-solicitar-ayudas-para-productos-de-apoyo\\\/\"},\"wordCount\":1193,\"commentCount\":0,\"keywords\":[\"discapacidad\"],\"articleSection\":[\"noticias\"],\"inLanguage\":\"es\",\"potentialAction\":[{\"@type\":\"CommentAction\",\"name\":\"Comment\",\"target\":[\"https:\\\/\\\/sindromecharge.es\\\/index.php\\\/2021\\\/05\\\/10\\\/las-personas-con-discapacidad-reconocida-y-las-mayores-de-65-podran-solicitar-ayudas-para-productos-de-apoyo\\\/#respond\"]}]},{\"@type\":\"WebPage\",\"@id\":\"https:\\\/\\\/sindromecharge.es\\\/index.php\\\/2021\\\/05\\\/10\\\/las-personas-con-discapacidad-reconocida-y-las-mayores-de-65-podran-solicitar-ayudas-para-productos-de-apoyo\\\/\",\"url\":\"https:\\\/\\\/sindromecharge.es\\\/index.php\\\/2021\\\/05\\\/10\\\/las-personas-con-discapacidad-reconocida-y-las-mayores-de-65-podran-solicitar-ayudas-para-productos-de-apoyo\\\/\",\"name\":\"Las personas con discapacidad reconocida y las mayores de 65 podr\u00e1n solicitar ayudas para productos de apoyo - Asociaci\u00f3n Espa\u00f1ola S\u00edndrome de Charge\",\"isPartOf\":{\"@id\":\"https:\\\/\\\/sindromecharge.es\\\/#website\"},\"datePublished\":\"2021-05-10T11:04:35+00:00\",\"author\":{\"@id\":\"https:\\\/\\\/sindromecharge.es\\\/#\\\/schema\\\/person\\\/39a60ebe0a2b4d5a11179701e336b039\"},\"breadcrumb\":{\"@id\":\"https:\\\/\\\/sindromecharge.es\\\/index.php\\\/2021\\\/05\\\/10\\\/las-personas-con-discapacidad-reconocida-y-las-mayores-de-65-podran-solicitar-ayudas-para-productos-de-apoyo\\\/#breadcrumb\"},\"inLanguage\":\"es\",\"potentialAction\":[{\"@type\":\"ReadAction\",\"target\":[\"https:\\\/\\\/sindromecharge.es\\\/index.php\\\/2021\\\/05\\\/10\\\/las-personas-con-discapacidad-reconocida-y-las-mayores-de-65-podran-solicitar-ayudas-para-productos-de-apoyo\\\/\"]}]},{\"@type\":\"BreadcrumbList\",\"@id\":\"https:\\\/\\\/sindromecharge.es\\\/index.php\\\/2021\\\/05\\\/10\\\/las-personas-con-discapacidad-reconocida-y-las-mayores-de-65-podran-solicitar-ayudas-para-productos-de-apoyo\\\/#breadcrumb\",\"itemListElement\":[{\"@type\":\"ListItem\",\"position\":1,\"name\":\"Portada\",\"item\":\"https:\\\/\\\/sindromecharge.es\\\/\"},{\"@type\":\"ListItem\",\"position\":2,\"name\":\"Las personas con discapacidad reconocida y las mayores de 65 podr\u00e1n solicitar ayudas para productos de apoyo\"}]},{\"@type\":\"WebSite\",\"@id\":\"https:\\\/\\\/sindromecharge.es\\\/#website\",\"url\":\"https:\\\/\\\/sindromecharge.es\\\/\",\"name\":\"Asociaci\u00f3n Espa\u00f1ola S\u00edndrome de Charge\",\"description\":\"\",\"potentialAction\":[{\"@type\":\"SearchAction\",\"target\":{\"@type\":\"EntryPoint\",\"urlTemplate\":\"https:\\\/\\\/sindromecharge.es\\\/?s={search_term_string}\"},\"query-input\":{\"@type\":\"PropertyValueSpecification\",\"valueRequired\":true,\"valueName\":\"search_term_string\"}}],\"inLanguage\":\"es\"},{\"@type\":\"Person\",\"@id\":\"https:\\\/\\\/sindromecharge.es\\\/#\\\/schema\\\/person\\\/39a60ebe0a2b4d5a11179701e336b039\",\"name\":\"Charge\",\"image\":{\"@type\":\"ImageObject\",\"inLanguage\":\"es\",\"@id\":\"https:\\\/\\\/secure.gravatar.com\\\/avatar\\\/c3b46e32a0fc3b093a0873fb767bf3293de856293065e84ef06b7ec7a8acfb98?s=96&d=identicon&r=x\",\"url\":\"https:\\\/\\\/secure.gravatar.com\\\/avatar\\\/c3b46e32a0fc3b093a0873fb767bf3293de856293065e84ef06b7ec7a8acfb98?s=96&d=identicon&r=x\",\"contentUrl\":\"https:\\\/\\\/secure.gravatar.com\\\/avatar\\\/c3b46e32a0fc3b093a0873fb767bf3293de856293065e84ef06b7ec7a8acfb98?s=96&d=identicon&r=x\",\"caption\":\"Charge\"},\"url\":\"https:\\\/\\\/sindromecharge.es\\\/index.php\\\/author\\\/admin\\\/\"}]}<\/script>\n<!-- \/ Yoast SEO plugin. -->","yoast_head_json":{"title":"Las personas con discapacidad reconocida y las mayores de 65 podr\u00e1n solicitar ayudas para productos de apoyo - Asociaci\u00f3n Espa\u00f1ola S\u00edndrome de Charge","robots":{"index":"index","follow":"follow","max-snippet":"max-snippet:-1","max-image-preview":"max-image-preview:large","max-video-preview":"max-video-preview:-1"},"canonical":"https:\/\/sindromecharge.es\/index.php\/2021\/05\/10\/las-personas-con-discapacidad-reconocida-y-las-mayores-de-65-podran-solicitar-ayudas-para-productos-de-apoyo\/","og_locale":"es_ES","og_type":"article","og_title":"Las personas con discapacidad reconocida y las mayores de 65 podr\u00e1n solicitar ayudas para productos de apoyo - Asociaci\u00f3n Espa\u00f1ola S\u00edndrome de Charge","og_description":"Leemos en 20minutos la siguiente noticia que os reproducimos de forma \u00edntegra: Seg\u00fan ha anunciado este lunes la consejera de Derechos Sociales, Carmen Maeztu, el departamento de Derechos Sociales ha atendido esta demanda \u00abmuy solicitada\u00bb por las personas mayores o con discapacidad, abriendo esta convocatoria de ayudas para ayudar a la compra de estos materiales [&hellip;]","og_url":"https:\/\/sindromecharge.es\/index.php\/2021\/05\/10\/las-personas-con-discapacidad-reconocida-y-las-mayores-de-65-podran-solicitar-ayudas-para-productos-de-apoyo\/","og_site_name":"Asociaci\u00f3n Espa\u00f1ola S\u00edndrome de Charge","article_publisher":"https:\/\/www.facebook.com\/asociacionsindromecharge","article_published_time":"2021-05-10T11:04:35+00:00","og_image":[{"width":300,"height":98,"url":"https:\/\/sindromecharge.es\/wp-content\/uploads\/2013\/09\/logodecharge300x98.png","type":"image\/png"}],"author":"Charge","twitter_card":"summary_large_image","twitter_creator":"@sindromecharge","twitter_site":"@sindromecharge","twitter_misc":{"Escrito por":"Charge","Tiempo de lectura":"6 minutos"},"schema":{"@context":"https:\/\/schema.org","@graph":[{"@type":"Article","@id":"https:\/\/sindromecharge.es\/index.php\/2021\/05\/10\/las-personas-con-discapacidad-reconocida-y-las-mayores-de-65-podran-solicitar-ayudas-para-productos-de-apoyo\/#article","isPartOf":{"@id":"https:\/\/sindromecharge.es\/index.php\/2021\/05\/10\/las-personas-con-discapacidad-reconocida-y-las-mayores-de-65-podran-solicitar-ayudas-para-productos-de-apoyo\/"},"author":{"name":"Charge","@id":"https:\/\/sindromecharge.es\/#\/schema\/person\/39a60ebe0a2b4d5a11179701e336b039"},"headline":"Las personas con discapacidad reconocida y las mayores de 65 podr\u00e1n solicitar ayudas para productos de apoyo","datePublished":"2021-05-10T11:04:35+00:00","mainEntityOfPage":{"@id":"https:\/\/sindromecharge.es\/index.php\/2021\/05\/10\/las-personas-con-discapacidad-reconocida-y-las-mayores-de-65-podran-solicitar-ayudas-para-productos-de-apoyo\/"},"wordCount":1193,"commentCount":0,"keywords":["discapacidad"],"articleSection":["noticias"],"inLanguage":"es","potentialAction":[{"@type":"CommentAction","name":"Comment","target":["https:\/\/sindromecharge.es\/index.php\/2021\/05\/10\/las-personas-con-discapacidad-reconocida-y-las-mayores-de-65-podran-solicitar-ayudas-para-productos-de-apoyo\/#respond"]}]},{"@type":"WebPage","@id":"https:\/\/sindromecharge.es\/index.php\/2021\/05\/10\/las-personas-con-discapacidad-reconocida-y-las-mayores-de-65-podran-solicitar-ayudas-para-productos-de-apoyo\/","url":"https:\/\/sindromecharge.es\/index.php\/2021\/05\/10\/las-personas-con-discapacidad-reconocida-y-las-mayores-de-65-podran-solicitar-ayudas-para-productos-de-apoyo\/","name":"Las personas con discapacidad reconocida y las mayores de 65 podr\u00e1n solicitar ayudas para productos de apoyo - Asociaci\u00f3n Espa\u00f1ola S\u00edndrome de Charge","isPartOf":{"@id":"https:\/\/sindromecharge.es\/#website"},"datePublished":"2021-05-10T11:04:35+00:00","author":{"@id":"https:\/\/sindromecharge.es\/#\/schema\/person\/39a60ebe0a2b4d5a11179701e336b039"},"breadcrumb":{"@id":"https:\/\/sindromecharge.es\/index.php\/2021\/05\/10\/las-personas-con-discapacidad-reconocida-y-las-mayores-de-65-podran-solicitar-ayudas-para-productos-de-apoyo\/#breadcrumb"},"inLanguage":"es","potentialAction":[{"@type":"ReadAction","target":["https:\/\/sindromecharge.es\/index.php\/2021\/05\/10\/las-personas-con-discapacidad-reconocida-y-las-mayores-de-65-podran-solicitar-ayudas-para-productos-de-apoyo\/"]}]},{"@type":"BreadcrumbList","@id":"https:\/\/sindromecharge.es\/index.php\/2021\/05\/10\/las-personas-con-discapacidad-reconocida-y-las-mayores-de-65-podran-solicitar-ayudas-para-productos-de-apoyo\/#breadcrumb","itemListElement":[{"@type":"ListItem","position":1,"name":"Portada","item":"https:\/\/sindromecharge.es\/"},{"@type":"ListItem","position":2,"name":"Las personas con discapacidad reconocida y las mayores de 65 podr\u00e1n solicitar ayudas para productos de apoyo"}]},{"@type":"WebSite","@id":"https:\/\/sindromecharge.es\/#website","url":"https:\/\/sindromecharge.es\/","name":"Asociaci\u00f3n Espa\u00f1ola S\u00edndrome de Charge","description":"","potentialAction":[{"@type":"SearchAction","target":{"@type":"EntryPoint","urlTemplate":"https:\/\/sindromecharge.es\/?s={search_term_string}"},"query-input":{"@type":"PropertyValueSpecification","valueRequired":true,"valueName":"search_term_string"}}],"inLanguage":"es"},{"@type":"Person","@id":"https:\/\/sindromecharge.es\/#\/schema\/person\/39a60ebe0a2b4d5a11179701e336b039","name":"Charge","image":{"@type":"ImageObject","inLanguage":"es","@id":"https:\/\/secure.gravatar.com\/avatar\/c3b46e32a0fc3b093a0873fb767bf3293de856293065e84ef06b7ec7a8acfb98?s=96&d=identicon&r=x","url":"https:\/\/secure.gravatar.com\/avatar\/c3b46e32a0fc3b093a0873fb767bf3293de856293065e84ef06b7ec7a8acfb98?s=96&d=identicon&r=x","contentUrl":"https:\/\/secure.gravatar.com\/avatar\/c3b46e32a0fc3b093a0873fb767bf3293de856293065e84ef06b7ec7a8acfb98?s=96&d=identicon&r=x","caption":"Charge"},"url":"https:\/\/sindromecharge.es\/index.php\/author\/admin\/"}]}},"_links":{"self":[{"href":"https:\/\/sindromecharge.es\/index.php\/wp-json\/wp\/v2\/posts\/7145","targetHints":{"allow":["GET"]}}],"collection":[{"href":"https:\/\/sindromecharge.es\/index.php\/wp-json\/wp\/v2\/posts"}],"about":[{"href":"https:\/\/sindromecharge.es\/index.php\/wp-json\/wp\/v2\/types\/post"}],"author":[{"embeddable":true,"href":"https:\/\/sindromecharge.es\/index.php\/wp-json\/wp\/v2\/users\/1"}],"replies":[{"embeddable":true,"href":"https:\/\/sindromecharge.es\/index.php\/wp-json\/wp\/v2\/comments?post=7145"}],"version-history":[{"count":0,"href":"https:\/\/sindromecharge.es\/index.php\/wp-json\/wp\/v2\/posts\/7145\/revisions"}],"wp:attachment":[{"href":"https:\/\/sindromecharge.es\/index.php\/wp-json\/wp\/v2\/media?parent=7145"}],"wp:term":[{"taxonomy":"category","embeddable":true,"href":"https:\/\/sindromecharge.es\/index.php\/wp-json\/wp\/v2\/categories?post=7145"},{"taxonomy":"post_tag","embeddable":true,"href":"https:\/\/sindromecharge.es\/index.php\/wp-json\/wp\/v2\/tags?post=7145"}],"curies":[{"name":"wp","href":"https:\/\/api.w.org\/{rel}","templated":true}]}}