{"id":7143,"date":"2021-05-10T10:51:09","date_gmt":"2021-05-10T10:51:09","guid":{"rendered":"https:\/\/sindromecharge.es\/index.php\/2021\/05\/10\/cocemfe-navarra-insta-a-vacunar-a-familiares-de-menores-con-discapacidad-y-a-personas-con-discapacidades-organicas\/"},"modified":"2021-05-10T10:51:09","modified_gmt":"2021-05-10T10:51:09","slug":"cocemfe-navarra-insta-a-vacunar-a-familiares-de-menores-con-discapacidad-y-a-personas-con-discapacidades-organicas","status":"publish","type":"post","link":"https:\/\/sindromecharge.es\/index.php\/2021\/05\/10\/cocemfe-navarra-insta-a-vacunar-a-familiares-de-menores-con-discapacidad-y-a-personas-con-discapacidades-organicas\/","title":{"rendered":"COCEMFE Navarra insta a vacunar a familiares de menores con discapacidad y a personas con discapacidades org\u00e1nicas"},"content":{"rendered":"<p>Leemos en 20minutos la siguiente noticia que os reproducimos de forma \u00edntegra: <\/p>\n<p>Seg\u00fan ha indicado COCEMFE en un comunicado, \u00abse ha comenzado a vacunar a determinados grupos vulnerables, pero a\u00fan quedan otros que necesitan ser incorporados de manera urgente como ya se est\u00e1 haciendo en otras autonom\u00edas: fibrosis qu\u00edstica, esclerosis, ELA, enfermedades neuromusculares, respiratorias, card\u00edacas, etc&#8230;, as\u00ed como a familiares que conviven con menores con discapacidad\u00bb, ha explicado Manuel Arellano, presidente de COCEMFE Navarra.<\/p>\n<p>La federaci\u00f3n ha se\u00f1alado que \u00abNavarra sigue vacunando a los colectivos de pacientes de alto riesgo, aquellos con mayor probabilidad de desarrollar complicaciones si se contagian de coronavirus, como personas con enfermedades hep\u00e1ticas, gran dependencia, personas trasplantadas&#8230; Un grupo que ha dejado fuera a muchas personas con discapacidades org\u00e1nicas de gran vulnerabilidad frente al contagio, incluidas ya en otras estrategias auton\u00f3micas al comprender su alto riesgo\u00bb.<\/p>\n<p>Arellano ha indicado que algunas personas con enfermedades neuromusculares, ELA, fibrosis qu\u00edstica&#8230; s\u00ed han sido vacunadas, pero por tratarse de grandes dependientes o personas de edad avanzada. Sin embargo, ha a\u00f1adido, \u00abel resto de personas afectadas por estas patolog\u00edas se han quedado sin vacuna cuando tambi\u00e9n son vulnerables a un posible contagio\u00bb, por lo que ha pedido su incorporaci\u00f3n en la pr\u00f3xima actualizaci\u00f3n de la estrategia de vacunaci\u00f3n.<\/p>\n<p>Es el caso, por ejemplo, de las personas con enfermedades neuromusculares, ha incidido Irene Aspurz, de la asociaci\u00f3n ASNAEN. \u00abMuchos pacientes con atrofia muscular espinal, miastenia o distrofias musculares, entre otras, presentan debilidad muscular tor\u00e1fica, problemas respiratorios y afectaciones cardiacas, lo que les coloca en una vulnerabilidad mayor frente al coronavirus. Necesitan ser protegidos cuanto antes, m\u00e1s a\u00fan cuando est\u00e1n m\u00e1s expuestos al virus al acudir frecuentemente los centros sociosanitarios o al necesitar apoyo de terceras personas en sus actividades cotidianas\u00bb, ha comentado.<\/p>\n<p>Asimismo, COCEMFE Navarra reclama una soluci\u00f3n \u00aburgente\u00bb para los menores de 16 a\u00f1os con discapacidad (la vacuna se administran a mayores de esa edad), que pasar\u00eda por la vacunaci\u00f3n de sus familiares m\u00e1s directos. \u00abSe vacuna a los equipos profesionales que les atienden en residencias, pero no a quienes les cuidan de forma no profesional en casa, pese a mantener un contacto estrecho. Esta situaci\u00f3n conduce a la infancia con discapacidad a una doble vulnerabilidad ya que no pueden acceder a la vacuna y tampoco quienes les cuidan\u00bb, explica Arellano, quien insta a vacunar a padres y madres, \u00abpara garantizar al m\u00e1ximo su salud mientras los criterios sanitarios no les permitan ser vacunados\u00bb.<\/p>\n<p>Fuente: 20minutos <a href=\"https:\/\/www.20minutos.es\/noticia\/4691382\/0\/cocemfe-navarra-insta-a-vacunar-a-familiares-de-menores-con-discapacidad-y-a-personas-con-discapacidades-organicas\/\" target=\"_blank\" rel=\"noopener\">COCEMFE Navarra insta a vacunar a familiares de menores con discapacidad y a personas con discapacidades org\u00e1nicas<\/a><\/p>\n","protected":false},"excerpt":{"rendered":"<p>Leemos en 20minutos la siguiente noticia que os reproducimos de forma \u00edntegra: Seg\u00fan ha indicado COCEMFE en un comunicado, \u00abse ha comenzado a vacunar a determinados grupos vulnerables, pero a\u00fan quedan otros que necesitan ser incorporados de manera urgente como ya se est\u00e1 haciendo en otras autonom\u00edas: fibrosis qu\u00edstica, esclerosis, ELA, enfermedades neuromusculares, respiratorias, card\u00edacas, [&hellip;]<\/p>\n","protected":false},"author":1,"featured_media":0,"comment_status":"open","ping_status":"closed","sticky":false,"template":"","format":"standard","meta":{"footnotes":""},"categories":[8],"tags":[31],"class_list":["post-7143","post","type-post","status-publish","format-standard","hentry","category-noticias","tag-discapacidad"],"yoast_head":"<!-- This site is optimized with the Yoast SEO plugin v27.5 - https:\/\/yoast.com\/product\/yoast-seo-wordpress\/ -->\n<title>COCEMFE Navarra insta a vacunar a familiares de menores con discapacidad y a personas con discapacidades org\u00e1nicas - Asociaci\u00f3n Espa\u00f1ola S\u00edndrome de Charge<\/title>\n<meta name=\"robots\" content=\"index, follow, max-snippet:-1, max-image-preview:large, max-video-preview:-1\" \/>\n<link rel=\"canonical\" href=\"https:\/\/sindromecharge.es\/index.php\/2021\/05\/10\/cocemfe-navarra-insta-a-vacunar-a-familiares-de-menores-con-discapacidad-y-a-personas-con-discapacidades-organicas\/\" \/>\n<meta property=\"og:locale\" content=\"es_ES\" \/>\n<meta property=\"og:type\" content=\"article\" \/>\n<meta property=\"og:title\" content=\"COCEMFE Navarra insta a vacunar a familiares de menores con discapacidad y a personas con discapacidades org\u00e1nicas - Asociaci\u00f3n Espa\u00f1ola S\u00edndrome de Charge\" \/>\n<meta property=\"og:description\" content=\"Leemos en 20minutos la siguiente noticia que os reproducimos de forma \u00edntegra: Seg\u00fan ha indicado COCEMFE en un comunicado, \u00abse ha comenzado a vacunar a determinados grupos vulnerables, pero a\u00fan quedan otros que necesitan ser incorporados de manera urgente como ya se est\u00e1 haciendo en otras autonom\u00edas: fibrosis qu\u00edstica, esclerosis, ELA, enfermedades neuromusculares, respiratorias, card\u00edacas, [&hellip;]\" \/>\n<meta property=\"og:url\" content=\"https:\/\/sindromecharge.es\/index.php\/2021\/05\/10\/cocemfe-navarra-insta-a-vacunar-a-familiares-de-menores-con-discapacidad-y-a-personas-con-discapacidades-organicas\/\" \/>\n<meta property=\"og:site_name\" content=\"Asociaci\u00f3n Espa\u00f1ola S\u00edndrome de Charge\" \/>\n<meta property=\"article:publisher\" content=\"https:\/\/www.facebook.com\/asociacionsindromecharge\" \/>\n<meta property=\"article:published_time\" content=\"2021-05-10T10:51:09+00:00\" \/>\n<meta property=\"og:image\" content=\"https:\/\/sindromecharge.es\/wp-content\/uploads\/2013\/09\/logodecharge300x98.png\" \/>\n\t<meta property=\"og:image:width\" content=\"300\" \/>\n\t<meta property=\"og:image:height\" content=\"98\" \/>\n\t<meta property=\"og:image:type\" content=\"image\/png\" \/>\n<meta name=\"author\" content=\"Charge\" \/>\n<meta name=\"twitter:card\" content=\"summary_large_image\" \/>\n<meta name=\"twitter:creator\" content=\"@sindromecharge\" \/>\n<meta name=\"twitter:site\" content=\"@sindromecharge\" \/>\n<meta name=\"twitter:label1\" content=\"Escrito por\" \/>\n\t<meta name=\"twitter:data1\" content=\"Charge\" \/>\n\t<meta name=\"twitter:label2\" content=\"Tiempo de lectura\" \/>\n\t<meta name=\"twitter:data2\" content=\"2 minutos\" \/>\n<script type=\"application\/ld+json\" class=\"yoast-schema-graph\">{\"@context\":\"https:\\\/\\\/schema.org\",\"@graph\":[{\"@type\":\"Article\",\"@id\":\"https:\\\/\\\/sindromecharge.es\\\/index.php\\\/2021\\\/05\\\/10\\\/cocemfe-navarra-insta-a-vacunar-a-familiares-de-menores-con-discapacidad-y-a-personas-con-discapacidades-organicas\\\/#article\",\"isPartOf\":{\"@id\":\"https:\\\/\\\/sindromecharge.es\\\/index.php\\\/2021\\\/05\\\/10\\\/cocemfe-navarra-insta-a-vacunar-a-familiares-de-menores-con-discapacidad-y-a-personas-con-discapacidades-organicas\\\/\"},\"author\":{\"name\":\"Charge\",\"@id\":\"https:\\\/\\\/sindromecharge.es\\\/#\\\/schema\\\/person\\\/39a60ebe0a2b4d5a11179701e336b039\"},\"headline\":\"COCEMFE Navarra insta a vacunar a familiares de menores con discapacidad y a personas con discapacidades org\u00e1nicas\",\"datePublished\":\"2021-05-10T10:51:09+00:00\",\"mainEntityOfPage\":{\"@id\":\"https:\\\/\\\/sindromecharge.es\\\/index.php\\\/2021\\\/05\\\/10\\\/cocemfe-navarra-insta-a-vacunar-a-familiares-de-menores-con-discapacidad-y-a-personas-con-discapacidades-organicas\\\/\"},\"wordCount\":472,\"commentCount\":0,\"keywords\":[\"discapacidad\"],\"articleSection\":[\"noticias\"],\"inLanguage\":\"es\",\"potentialAction\":[{\"@type\":\"CommentAction\",\"name\":\"Comment\",\"target\":[\"https:\\\/\\\/sindromecharge.es\\\/index.php\\\/2021\\\/05\\\/10\\\/cocemfe-navarra-insta-a-vacunar-a-familiares-de-menores-con-discapacidad-y-a-personas-con-discapacidades-organicas\\\/#respond\"]}]},{\"@type\":\"WebPage\",\"@id\":\"https:\\\/\\\/sindromecharge.es\\\/index.php\\\/2021\\\/05\\\/10\\\/cocemfe-navarra-insta-a-vacunar-a-familiares-de-menores-con-discapacidad-y-a-personas-con-discapacidades-organicas\\\/\",\"url\":\"https:\\\/\\\/sindromecharge.es\\\/index.php\\\/2021\\\/05\\\/10\\\/cocemfe-navarra-insta-a-vacunar-a-familiares-de-menores-con-discapacidad-y-a-personas-con-discapacidades-organicas\\\/\",\"name\":\"COCEMFE Navarra insta a vacunar a familiares de menores con discapacidad y a personas con discapacidades org\u00e1nicas - Asociaci\u00f3n Espa\u00f1ola S\u00edndrome de Charge\",\"isPartOf\":{\"@id\":\"https:\\\/\\\/sindromecharge.es\\\/#website\"},\"datePublished\":\"2021-05-10T10:51:09+00:00\",\"author\":{\"@id\":\"https:\\\/\\\/sindromecharge.es\\\/#\\\/schema\\\/person\\\/39a60ebe0a2b4d5a11179701e336b039\"},\"breadcrumb\":{\"@id\":\"https:\\\/\\\/sindromecharge.es\\\/index.php\\\/2021\\\/05\\\/10\\\/cocemfe-navarra-insta-a-vacunar-a-familiares-de-menores-con-discapacidad-y-a-personas-con-discapacidades-organicas\\\/#breadcrumb\"},\"inLanguage\":\"es\",\"potentialAction\":[{\"@type\":\"ReadAction\",\"target\":[\"https:\\\/\\\/sindromecharge.es\\\/index.php\\\/2021\\\/05\\\/10\\\/cocemfe-navarra-insta-a-vacunar-a-familiares-de-menores-con-discapacidad-y-a-personas-con-discapacidades-organicas\\\/\"]}]},{\"@type\":\"BreadcrumbList\",\"@id\":\"https:\\\/\\\/sindromecharge.es\\\/index.php\\\/2021\\\/05\\\/10\\\/cocemfe-navarra-insta-a-vacunar-a-familiares-de-menores-con-discapacidad-y-a-personas-con-discapacidades-organicas\\\/#breadcrumb\",\"itemListElement\":[{\"@type\":\"ListItem\",\"position\":1,\"name\":\"Portada\",\"item\":\"https:\\\/\\\/sindromecharge.es\\\/\"},{\"@type\":\"ListItem\",\"position\":2,\"name\":\"COCEMFE Navarra insta a vacunar a familiares de menores con discapacidad y a personas con discapacidades org\u00e1nicas\"}]},{\"@type\":\"WebSite\",\"@id\":\"https:\\\/\\\/sindromecharge.es\\\/#website\",\"url\":\"https:\\\/\\\/sindromecharge.es\\\/\",\"name\":\"Asociaci\u00f3n Espa\u00f1ola S\u00edndrome de Charge\",\"description\":\"\",\"potentialAction\":[{\"@type\":\"SearchAction\",\"target\":{\"@type\":\"EntryPoint\",\"urlTemplate\":\"https:\\\/\\\/sindromecharge.es\\\/?s={search_term_string}\"},\"query-input\":{\"@type\":\"PropertyValueSpecification\",\"valueRequired\":true,\"valueName\":\"search_term_string\"}}],\"inLanguage\":\"es\"},{\"@type\":\"Person\",\"@id\":\"https:\\\/\\\/sindromecharge.es\\\/#\\\/schema\\\/person\\\/39a60ebe0a2b4d5a11179701e336b039\",\"name\":\"Charge\",\"image\":{\"@type\":\"ImageObject\",\"inLanguage\":\"es\",\"@id\":\"https:\\\/\\\/secure.gravatar.com\\\/avatar\\\/c3b46e32a0fc3b093a0873fb767bf3293de856293065e84ef06b7ec7a8acfb98?s=96&d=identicon&r=x\",\"url\":\"https:\\\/\\\/secure.gravatar.com\\\/avatar\\\/c3b46e32a0fc3b093a0873fb767bf3293de856293065e84ef06b7ec7a8acfb98?s=96&d=identicon&r=x\",\"contentUrl\":\"https:\\\/\\\/secure.gravatar.com\\\/avatar\\\/c3b46e32a0fc3b093a0873fb767bf3293de856293065e84ef06b7ec7a8acfb98?s=96&d=identicon&r=x\",\"caption\":\"Charge\"},\"url\":\"https:\\\/\\\/sindromecharge.es\\\/index.php\\\/author\\\/admin\\\/\"}]}<\/script>\n<!-- \/ Yoast SEO plugin. -->","yoast_head_json":{"title":"COCEMFE Navarra insta a vacunar a familiares de menores con discapacidad y a personas con discapacidades org\u00e1nicas - Asociaci\u00f3n Espa\u00f1ola S\u00edndrome de Charge","robots":{"index":"index","follow":"follow","max-snippet":"max-snippet:-1","max-image-preview":"max-image-preview:large","max-video-preview":"max-video-preview:-1"},"canonical":"https:\/\/sindromecharge.es\/index.php\/2021\/05\/10\/cocemfe-navarra-insta-a-vacunar-a-familiares-de-menores-con-discapacidad-y-a-personas-con-discapacidades-organicas\/","og_locale":"es_ES","og_type":"article","og_title":"COCEMFE Navarra insta a vacunar a familiares de menores con discapacidad y a personas con discapacidades org\u00e1nicas - Asociaci\u00f3n Espa\u00f1ola S\u00edndrome de Charge","og_description":"Leemos en 20minutos la siguiente noticia que os reproducimos de forma \u00edntegra: Seg\u00fan ha indicado COCEMFE en un comunicado, \u00abse ha comenzado a vacunar a determinados grupos vulnerables, pero a\u00fan quedan otros que necesitan ser incorporados de manera urgente como ya se est\u00e1 haciendo en otras autonom\u00edas: fibrosis qu\u00edstica, esclerosis, ELA, enfermedades neuromusculares, respiratorias, card\u00edacas, [&hellip;]","og_url":"https:\/\/sindromecharge.es\/index.php\/2021\/05\/10\/cocemfe-navarra-insta-a-vacunar-a-familiares-de-menores-con-discapacidad-y-a-personas-con-discapacidades-organicas\/","og_site_name":"Asociaci\u00f3n Espa\u00f1ola S\u00edndrome de Charge","article_publisher":"https:\/\/www.facebook.com\/asociacionsindromecharge","article_published_time":"2021-05-10T10:51:09+00:00","og_image":[{"width":300,"height":98,"url":"https:\/\/sindromecharge.es\/wp-content\/uploads\/2013\/09\/logodecharge300x98.png","type":"image\/png"}],"author":"Charge","twitter_card":"summary_large_image","twitter_creator":"@sindromecharge","twitter_site":"@sindromecharge","twitter_misc":{"Escrito por":"Charge","Tiempo de lectura":"2 minutos"},"schema":{"@context":"https:\/\/schema.org","@graph":[{"@type":"Article","@id":"https:\/\/sindromecharge.es\/index.php\/2021\/05\/10\/cocemfe-navarra-insta-a-vacunar-a-familiares-de-menores-con-discapacidad-y-a-personas-con-discapacidades-organicas\/#article","isPartOf":{"@id":"https:\/\/sindromecharge.es\/index.php\/2021\/05\/10\/cocemfe-navarra-insta-a-vacunar-a-familiares-de-menores-con-discapacidad-y-a-personas-con-discapacidades-organicas\/"},"author":{"name":"Charge","@id":"https:\/\/sindromecharge.es\/#\/schema\/person\/39a60ebe0a2b4d5a11179701e336b039"},"headline":"COCEMFE Navarra insta a vacunar a familiares de menores con discapacidad y a personas con discapacidades org\u00e1nicas","datePublished":"2021-05-10T10:51:09+00:00","mainEntityOfPage":{"@id":"https:\/\/sindromecharge.es\/index.php\/2021\/05\/10\/cocemfe-navarra-insta-a-vacunar-a-familiares-de-menores-con-discapacidad-y-a-personas-con-discapacidades-organicas\/"},"wordCount":472,"commentCount":0,"keywords":["discapacidad"],"articleSection":["noticias"],"inLanguage":"es","potentialAction":[{"@type":"CommentAction","name":"Comment","target":["https:\/\/sindromecharge.es\/index.php\/2021\/05\/10\/cocemfe-navarra-insta-a-vacunar-a-familiares-de-menores-con-discapacidad-y-a-personas-con-discapacidades-organicas\/#respond"]}]},{"@type":"WebPage","@id":"https:\/\/sindromecharge.es\/index.php\/2021\/05\/10\/cocemfe-navarra-insta-a-vacunar-a-familiares-de-menores-con-discapacidad-y-a-personas-con-discapacidades-organicas\/","url":"https:\/\/sindromecharge.es\/index.php\/2021\/05\/10\/cocemfe-navarra-insta-a-vacunar-a-familiares-de-menores-con-discapacidad-y-a-personas-con-discapacidades-organicas\/","name":"COCEMFE Navarra insta a vacunar a familiares de menores con discapacidad y a personas con discapacidades org\u00e1nicas - Asociaci\u00f3n Espa\u00f1ola S\u00edndrome de Charge","isPartOf":{"@id":"https:\/\/sindromecharge.es\/#website"},"datePublished":"2021-05-10T10:51:09+00:00","author":{"@id":"https:\/\/sindromecharge.es\/#\/schema\/person\/39a60ebe0a2b4d5a11179701e336b039"},"breadcrumb":{"@id":"https:\/\/sindromecharge.es\/index.php\/2021\/05\/10\/cocemfe-navarra-insta-a-vacunar-a-familiares-de-menores-con-discapacidad-y-a-personas-con-discapacidades-organicas\/#breadcrumb"},"inLanguage":"es","potentialAction":[{"@type":"ReadAction","target":["https:\/\/sindromecharge.es\/index.php\/2021\/05\/10\/cocemfe-navarra-insta-a-vacunar-a-familiares-de-menores-con-discapacidad-y-a-personas-con-discapacidades-organicas\/"]}]},{"@type":"BreadcrumbList","@id":"https:\/\/sindromecharge.es\/index.php\/2021\/05\/10\/cocemfe-navarra-insta-a-vacunar-a-familiares-de-menores-con-discapacidad-y-a-personas-con-discapacidades-organicas\/#breadcrumb","itemListElement":[{"@type":"ListItem","position":1,"name":"Portada","item":"https:\/\/sindromecharge.es\/"},{"@type":"ListItem","position":2,"name":"COCEMFE Navarra insta a vacunar a familiares de menores con discapacidad y a personas con discapacidades org\u00e1nicas"}]},{"@type":"WebSite","@id":"https:\/\/sindromecharge.es\/#website","url":"https:\/\/sindromecharge.es\/","name":"Asociaci\u00f3n Espa\u00f1ola S\u00edndrome de Charge","description":"","potentialAction":[{"@type":"SearchAction","target":{"@type":"EntryPoint","urlTemplate":"https:\/\/sindromecharge.es\/?s={search_term_string}"},"query-input":{"@type":"PropertyValueSpecification","valueRequired":true,"valueName":"search_term_string"}}],"inLanguage":"es"},{"@type":"Person","@id":"https:\/\/sindromecharge.es\/#\/schema\/person\/39a60ebe0a2b4d5a11179701e336b039","name":"Charge","image":{"@type":"ImageObject","inLanguage":"es","@id":"https:\/\/secure.gravatar.com\/avatar\/c3b46e32a0fc3b093a0873fb767bf3293de856293065e84ef06b7ec7a8acfb98?s=96&d=identicon&r=x","url":"https:\/\/secure.gravatar.com\/avatar\/c3b46e32a0fc3b093a0873fb767bf3293de856293065e84ef06b7ec7a8acfb98?s=96&d=identicon&r=x","contentUrl":"https:\/\/secure.gravatar.com\/avatar\/c3b46e32a0fc3b093a0873fb767bf3293de856293065e84ef06b7ec7a8acfb98?s=96&d=identicon&r=x","caption":"Charge"},"url":"https:\/\/sindromecharge.es\/index.php\/author\/admin\/"}]}},"_links":{"self":[{"href":"https:\/\/sindromecharge.es\/index.php\/wp-json\/wp\/v2\/posts\/7143","targetHints":{"allow":["GET"]}}],"collection":[{"href":"https:\/\/sindromecharge.es\/index.php\/wp-json\/wp\/v2\/posts"}],"about":[{"href":"https:\/\/sindromecharge.es\/index.php\/wp-json\/wp\/v2\/types\/post"}],"author":[{"embeddable":true,"href":"https:\/\/sindromecharge.es\/index.php\/wp-json\/wp\/v2\/users\/1"}],"replies":[{"embeddable":true,"href":"https:\/\/sindromecharge.es\/index.php\/wp-json\/wp\/v2\/comments?post=7143"}],"version-history":[{"count":0,"href":"https:\/\/sindromecharge.es\/index.php\/wp-json\/wp\/v2\/posts\/7143\/revisions"}],"wp:attachment":[{"href":"https:\/\/sindromecharge.es\/index.php\/wp-json\/wp\/v2\/media?parent=7143"}],"wp:term":[{"taxonomy":"category","embeddable":true,"href":"https:\/\/sindromecharge.es\/index.php\/wp-json\/wp\/v2\/categories?post=7143"},{"taxonomy":"post_tag","embeddable":true,"href":"https:\/\/sindromecharge.es\/index.php\/wp-json\/wp\/v2\/tags?post=7143"}],"curies":[{"name":"wp","href":"https:\/\/api.w.org\/{rel}","templated":true}]}}