{"id":7140,"date":"2021-05-10T06:50:08","date_gmt":"2021-05-10T06:50:08","guid":{"rendered":"https:\/\/sindromecharge.es\/index.php\/2021\/05\/10\/querido-dolor\/"},"modified":"2021-05-10T06:50:08","modified_gmt":"2021-05-10T06:50:08","slug":"querido-dolor","status":"publish","type":"post","link":"https:\/\/sindromecharge.es\/index.php\/2021\/05\/10\/querido-dolor\/","title":{"rendered":"&quot;Querido dolor&#8230;&quot;"},"content":{"rendered":"<p>Leemos en FEDER la siguiente noticia que os reproducimos de forma \u00edntegra: <\/p>\n<p><p>Querido dolor:<\/p>\n<p>Te escribo cuando ya es evidente que el di\u00e1logo entre nosotros es imposible. Abusas de tu poder sobre m\u00ed y me acabas gritando con ese tono chill\u00f3n y bronco, ante el que no cabe ni una s\u00faplica ni miles de l\u00e1grimas. Somos esa pareja mal avenida al margen de la reconciliaci\u00f3n y sin un apartado en la ley de divorcio.<\/p>\n<p>Golpeas con tanta insistencia y fuerza que deber\u00edan ponerte una orden de alejamiento por maltrato continuado. Pero no tengo pruebas que te delaten. Dejas las marcas por dentro, en el cuerpo quieto y en el alma rota.<\/p>\n<p>Quiero aproximarme mentalmente a tu llegada y no consigo precisar el momento en que te pegaste a mi cuerpo con un apego desmesurado que crece con los d\u00edas y dentro de los d\u00edas aumenta con las horas.<\/p>\n<p>Quiz\u00e1 te encontr\u00e9 en la calle, abandonado a tu suerte por otro cuerpo que finalmente consigui\u00f3 desahuciarte. Puede ser que me compadeciera de ti y que esta mirada sensible y este cuerpo reci\u00e9n salido de alguna de las muchas batallas, hicieran de tu suerte la m\u00eda ofreci\u00e9ndote mi mano sin saber que acabar\u00edas agarr\u00e1ndote sin piedad a mi cuello.<\/p>\n<p>Te sentaste en mi silla, comiste en mi mesa, ocupaste un lugar en mi cama, te instalaste en mi casa y lo llenaste todo de fr\u00edo y soledad.<\/p>\n<p>Me aplico para no verte como enemigo y cada d\u00eda cultivo pensamientos de reconciliaci\u00f3n contigo. Me afano en desaprender el discurso de \u201cmalditas piernas\u201d, \u201cdesafortunada espalda\u201d, \u201cmaltrechas caderas\u201d\u2026 y oculto con dolor ese dolor, raro donde lo haya, detr\u00e1s de las orejas, en las aletas de la nariz o circulando por las venas sin l\u00edmite de velocidad, que a los vecinos del quinto cielo les partir\u00eda de risa escucharlo, mientras a m\u00ed me parte de pena. Porque toda esa anatom\u00eda, hermosa por naturaleza, no eres t\u00fa. Ella es la v\u00edctima de tu ensa\u00f1amiento despiadado. De ti, agarrado a mis cuatro esquinas y a mis cien rincones, erosionando, desesperando, malmetiendo\u2026, pero que te quede claro que no soy t\u00fa, que no quiero ser t\u00fa ni que se me identifique contigo.<\/p>\n<p>Eres un okupa instalado descarada y burlonamente en estancias que fueron tranquilas y a\u00fan conservan en los cristales reflejos de vistas al mar.<\/p>\n<p>No voy a ser transigente. Algunos d\u00edas permitir\u00e9 que dirijas mi vida porque ya he visto que tienes s\u00faper poderes para hacerlo. Esos d\u00edas me quedar\u00e9 quieta, observando tu comportamiento, tus estrategias y derramando porqu\u00e9s. Dedic\u00e1ndote m\u00e1s tiempo del que intencionadamente quisiera con la esperanza de conocerte mejor para que no me molestes por molestarte o para en el momento en que menos lo esperes, hacer lo que me sale de dentro, propinarte una patada en ese sitio d\u00f3nde dicen que la espalda pierde su casto nombre.<\/p>\n<p>Eres cruel, eres un ni\u00f1o caprichoso que patalea para que le hagan caso y al que cuesta entretener. Correteas por los pasillos de mi cuerpo hasta no poder precisar d\u00f3nde realmente te encuentras y d\u00f3nde solo suena el eco de tus pasos.<\/p>\n<p>Me despiertas sin piedad por la noche, mientras yo procuro no moverme para que descanses tranquilo y tu desvelo no sea mi desvelo en esas horas oscuras en que el tiempo camina lento.<\/p>\n<p>Eres consentido e implacable. Cruel, inoportuno hasta el l\u00edmite, berreante, chill\u00f3n\u2026 a veces negro, pero no me das miedo, me das rabia, ganas de poderte, desaf\u00edo de lucharte.<\/p>\n<p>Y siento una impaciencia inmensa por disfrutar de tu olvido, de cinco minutos sin ti, para poder rememorar c\u00f3mo era antes todo.<\/p>\n<p>Te quiero peque\u00f1o y mejor fuera de m\u00ed. En un lugar neutral, frente a frente. Para vernos las caras, sin que duela.<\/p>\n<p>M\u00aa \u00c1ngeles Ruiz.<\/p>\n<p>\u00daltima actualizaci\u00f3n 10\/05\/2021\u00fal<\/p>\n<\/p>\n<p>Fuente: FEDER <a href=\"https:\/\/enfermedades-raras.org\/index.php\/actualidad\/noticias-eventos\/2-feder\/15318-querido-dolor\" target=\"_blank\" rel=\"noopener\">&quot;Querido dolor&#8230;&quot;<\/a><\/p>\n","protected":false},"excerpt":{"rendered":"<p>Leemos en FEDER la siguiente noticia que os reproducimos de forma \u00edntegra: Querido dolor: Te escribo cuando ya es evidente que el di\u00e1logo entre nosotros es imposible. Abusas de tu poder sobre m\u00ed y me acabas gritando con ese tono chill\u00f3n y bronco, ante el que no cabe ni una s\u00faplica ni miles de l\u00e1grimas. [&hellip;]<\/p>\n","protected":false},"author":1,"featured_media":0,"comment_status":"open","ping_status":"closed","sticky":false,"template":"","format":"standard","meta":{"footnotes":""},"categories":[8],"tags":[36],"class_list":["post-7140","post","type-post","status-publish","format-standard","hentry","category-noticias","tag-enfermedades-raras"],"yoast_head":"<!-- This site is optimized with the Yoast SEO plugin v27.5 - https:\/\/yoast.com\/product\/yoast-seo-wordpress\/ -->\n<title>&quot;Querido dolor...&quot; - Asociaci\u00f3n Espa\u00f1ola S\u00edndrome de Charge<\/title>\n<meta name=\"robots\" content=\"index, follow, max-snippet:-1, max-image-preview:large, max-video-preview:-1\" \/>\n<link rel=\"canonical\" href=\"https:\/\/sindromecharge.es\/index.php\/2021\/05\/10\/querido-dolor\/\" \/>\n<meta property=\"og:locale\" content=\"es_ES\" \/>\n<meta property=\"og:type\" content=\"article\" \/>\n<meta property=\"og:title\" content=\"&quot;Querido dolor...&quot; - Asociaci\u00f3n Espa\u00f1ola S\u00edndrome de Charge\" \/>\n<meta property=\"og:description\" content=\"Leemos en FEDER la siguiente noticia que os reproducimos de forma \u00edntegra: Querido dolor: Te escribo cuando ya es evidente que el di\u00e1logo entre nosotros es imposible. Abusas de tu poder sobre m\u00ed y me acabas gritando con ese tono chill\u00f3n y bronco, ante el que no cabe ni una s\u00faplica ni miles de l\u00e1grimas. [&hellip;]\" \/>\n<meta property=\"og:url\" content=\"https:\/\/sindromecharge.es\/index.php\/2021\/05\/10\/querido-dolor\/\" \/>\n<meta property=\"og:site_name\" content=\"Asociaci\u00f3n Espa\u00f1ola S\u00edndrome de Charge\" \/>\n<meta property=\"article:publisher\" content=\"https:\/\/www.facebook.com\/asociacionsindromecharge\" \/>\n<meta property=\"article:published_time\" content=\"2021-05-10T06:50:08+00:00\" \/>\n<meta property=\"og:image\" content=\"https:\/\/sindromecharge.es\/wp-content\/uploads\/2013\/09\/logodecharge300x98.png\" \/>\n\t<meta property=\"og:image:width\" content=\"300\" \/>\n\t<meta property=\"og:image:height\" content=\"98\" \/>\n\t<meta property=\"og:image:type\" content=\"image\/png\" \/>\n<meta name=\"author\" content=\"Charge\" \/>\n<meta name=\"twitter:card\" content=\"summary_large_image\" \/>\n<meta name=\"twitter:creator\" content=\"@sindromecharge\" \/>\n<meta name=\"twitter:site\" content=\"@sindromecharge\" \/>\n<meta name=\"twitter:label1\" content=\"Escrito por\" \/>\n\t<meta name=\"twitter:data1\" content=\"Charge\" \/>\n\t<meta name=\"twitter:label2\" content=\"Tiempo de lectura\" \/>\n\t<meta name=\"twitter:data2\" content=\"3 minutos\" \/>\n<script type=\"application\/ld+json\" class=\"yoast-schema-graph\">{\"@context\":\"https:\\\/\\\/schema.org\",\"@graph\":[{\"@type\":\"Article\",\"@id\":\"https:\\\/\\\/sindromecharge.es\\\/index.php\\\/2021\\\/05\\\/10\\\/querido-dolor\\\/#article\",\"isPartOf\":{\"@id\":\"https:\\\/\\\/sindromecharge.es\\\/index.php\\\/2021\\\/05\\\/10\\\/querido-dolor\\\/\"},\"author\":{\"name\":\"Charge\",\"@id\":\"https:\\\/\\\/sindromecharge.es\\\/#\\\/schema\\\/person\\\/39a60ebe0a2b4d5a11179701e336b039\"},\"headline\":\"&quot;Querido dolor&#8230;&quot;\",\"datePublished\":\"2021-05-10T06:50:08+00:00\",\"mainEntityOfPage\":{\"@id\":\"https:\\\/\\\/sindromecharge.es\\\/index.php\\\/2021\\\/05\\\/10\\\/querido-dolor\\\/\"},\"wordCount\":676,\"commentCount\":0,\"keywords\":[\"enfermedades raras\"],\"articleSection\":[\"noticias\"],\"inLanguage\":\"es\",\"potentialAction\":[{\"@type\":\"CommentAction\",\"name\":\"Comment\",\"target\":[\"https:\\\/\\\/sindromecharge.es\\\/index.php\\\/2021\\\/05\\\/10\\\/querido-dolor\\\/#respond\"]}]},{\"@type\":\"WebPage\",\"@id\":\"https:\\\/\\\/sindromecharge.es\\\/index.php\\\/2021\\\/05\\\/10\\\/querido-dolor\\\/\",\"url\":\"https:\\\/\\\/sindromecharge.es\\\/index.php\\\/2021\\\/05\\\/10\\\/querido-dolor\\\/\",\"name\":\"&quot;Querido dolor...&quot; - Asociaci\u00f3n Espa\u00f1ola S\u00edndrome de Charge\",\"isPartOf\":{\"@id\":\"https:\\\/\\\/sindromecharge.es\\\/#website\"},\"datePublished\":\"2021-05-10T06:50:08+00:00\",\"author\":{\"@id\":\"https:\\\/\\\/sindromecharge.es\\\/#\\\/schema\\\/person\\\/39a60ebe0a2b4d5a11179701e336b039\"},\"breadcrumb\":{\"@id\":\"https:\\\/\\\/sindromecharge.es\\\/index.php\\\/2021\\\/05\\\/10\\\/querido-dolor\\\/#breadcrumb\"},\"inLanguage\":\"es\",\"potentialAction\":[{\"@type\":\"ReadAction\",\"target\":[\"https:\\\/\\\/sindromecharge.es\\\/index.php\\\/2021\\\/05\\\/10\\\/querido-dolor\\\/\"]}]},{\"@type\":\"BreadcrumbList\",\"@id\":\"https:\\\/\\\/sindromecharge.es\\\/index.php\\\/2021\\\/05\\\/10\\\/querido-dolor\\\/#breadcrumb\",\"itemListElement\":[{\"@type\":\"ListItem\",\"position\":1,\"name\":\"Portada\",\"item\":\"https:\\\/\\\/sindromecharge.es\\\/\"},{\"@type\":\"ListItem\",\"position\":2,\"name\":\"&quot;Querido dolor&#8230;&quot;\"}]},{\"@type\":\"WebSite\",\"@id\":\"https:\\\/\\\/sindromecharge.es\\\/#website\",\"url\":\"https:\\\/\\\/sindromecharge.es\\\/\",\"name\":\"Asociaci\u00f3n Espa\u00f1ola S\u00edndrome de Charge\",\"description\":\"\",\"potentialAction\":[{\"@type\":\"SearchAction\",\"target\":{\"@type\":\"EntryPoint\",\"urlTemplate\":\"https:\\\/\\\/sindromecharge.es\\\/?s={search_term_string}\"},\"query-input\":{\"@type\":\"PropertyValueSpecification\",\"valueRequired\":true,\"valueName\":\"search_term_string\"}}],\"inLanguage\":\"es\"},{\"@type\":\"Person\",\"@id\":\"https:\\\/\\\/sindromecharge.es\\\/#\\\/schema\\\/person\\\/39a60ebe0a2b4d5a11179701e336b039\",\"name\":\"Charge\",\"image\":{\"@type\":\"ImageObject\",\"inLanguage\":\"es\",\"@id\":\"https:\\\/\\\/secure.gravatar.com\\\/avatar\\\/c3b46e32a0fc3b093a0873fb767bf3293de856293065e84ef06b7ec7a8acfb98?s=96&d=identicon&r=x\",\"url\":\"https:\\\/\\\/secure.gravatar.com\\\/avatar\\\/c3b46e32a0fc3b093a0873fb767bf3293de856293065e84ef06b7ec7a8acfb98?s=96&d=identicon&r=x\",\"contentUrl\":\"https:\\\/\\\/secure.gravatar.com\\\/avatar\\\/c3b46e32a0fc3b093a0873fb767bf3293de856293065e84ef06b7ec7a8acfb98?s=96&d=identicon&r=x\",\"caption\":\"Charge\"},\"url\":\"https:\\\/\\\/sindromecharge.es\\\/index.php\\\/author\\\/admin\\\/\"}]}<\/script>\n<!-- \/ Yoast SEO plugin. -->","yoast_head_json":{"title":"&quot;Querido dolor...&quot; - Asociaci\u00f3n Espa\u00f1ola S\u00edndrome de Charge","robots":{"index":"index","follow":"follow","max-snippet":"max-snippet:-1","max-image-preview":"max-image-preview:large","max-video-preview":"max-video-preview:-1"},"canonical":"https:\/\/sindromecharge.es\/index.php\/2021\/05\/10\/querido-dolor\/","og_locale":"es_ES","og_type":"article","og_title":"&quot;Querido dolor...&quot; - Asociaci\u00f3n Espa\u00f1ola S\u00edndrome de Charge","og_description":"Leemos en FEDER la siguiente noticia que os reproducimos de forma \u00edntegra: Querido dolor: Te escribo cuando ya es evidente que el di\u00e1logo entre nosotros es imposible. Abusas de tu poder sobre m\u00ed y me acabas gritando con ese tono chill\u00f3n y bronco, ante el que no cabe ni una s\u00faplica ni miles de l\u00e1grimas. [&hellip;]","og_url":"https:\/\/sindromecharge.es\/index.php\/2021\/05\/10\/querido-dolor\/","og_site_name":"Asociaci\u00f3n Espa\u00f1ola S\u00edndrome de Charge","article_publisher":"https:\/\/www.facebook.com\/asociacionsindromecharge","article_published_time":"2021-05-10T06:50:08+00:00","og_image":[{"width":300,"height":98,"url":"https:\/\/sindromecharge.es\/wp-content\/uploads\/2013\/09\/logodecharge300x98.png","type":"image\/png"}],"author":"Charge","twitter_card":"summary_large_image","twitter_creator":"@sindromecharge","twitter_site":"@sindromecharge","twitter_misc":{"Escrito por":"Charge","Tiempo de lectura":"3 minutos"},"schema":{"@context":"https:\/\/schema.org","@graph":[{"@type":"Article","@id":"https:\/\/sindromecharge.es\/index.php\/2021\/05\/10\/querido-dolor\/#article","isPartOf":{"@id":"https:\/\/sindromecharge.es\/index.php\/2021\/05\/10\/querido-dolor\/"},"author":{"name":"Charge","@id":"https:\/\/sindromecharge.es\/#\/schema\/person\/39a60ebe0a2b4d5a11179701e336b039"},"headline":"&quot;Querido dolor&#8230;&quot;","datePublished":"2021-05-10T06:50:08+00:00","mainEntityOfPage":{"@id":"https:\/\/sindromecharge.es\/index.php\/2021\/05\/10\/querido-dolor\/"},"wordCount":676,"commentCount":0,"keywords":["enfermedades raras"],"articleSection":["noticias"],"inLanguage":"es","potentialAction":[{"@type":"CommentAction","name":"Comment","target":["https:\/\/sindromecharge.es\/index.php\/2021\/05\/10\/querido-dolor\/#respond"]}]},{"@type":"WebPage","@id":"https:\/\/sindromecharge.es\/index.php\/2021\/05\/10\/querido-dolor\/","url":"https:\/\/sindromecharge.es\/index.php\/2021\/05\/10\/querido-dolor\/","name":"&quot;Querido dolor...&quot; - Asociaci\u00f3n Espa\u00f1ola S\u00edndrome de Charge","isPartOf":{"@id":"https:\/\/sindromecharge.es\/#website"},"datePublished":"2021-05-10T06:50:08+00:00","author":{"@id":"https:\/\/sindromecharge.es\/#\/schema\/person\/39a60ebe0a2b4d5a11179701e336b039"},"breadcrumb":{"@id":"https:\/\/sindromecharge.es\/index.php\/2021\/05\/10\/querido-dolor\/#breadcrumb"},"inLanguage":"es","potentialAction":[{"@type":"ReadAction","target":["https:\/\/sindromecharge.es\/index.php\/2021\/05\/10\/querido-dolor\/"]}]},{"@type":"BreadcrumbList","@id":"https:\/\/sindromecharge.es\/index.php\/2021\/05\/10\/querido-dolor\/#breadcrumb","itemListElement":[{"@type":"ListItem","position":1,"name":"Portada","item":"https:\/\/sindromecharge.es\/"},{"@type":"ListItem","position":2,"name":"&quot;Querido dolor&#8230;&quot;"}]},{"@type":"WebSite","@id":"https:\/\/sindromecharge.es\/#website","url":"https:\/\/sindromecharge.es\/","name":"Asociaci\u00f3n Espa\u00f1ola S\u00edndrome de Charge","description":"","potentialAction":[{"@type":"SearchAction","target":{"@type":"EntryPoint","urlTemplate":"https:\/\/sindromecharge.es\/?s={search_term_string}"},"query-input":{"@type":"PropertyValueSpecification","valueRequired":true,"valueName":"search_term_string"}}],"inLanguage":"es"},{"@type":"Person","@id":"https:\/\/sindromecharge.es\/#\/schema\/person\/39a60ebe0a2b4d5a11179701e336b039","name":"Charge","image":{"@type":"ImageObject","inLanguage":"es","@id":"https:\/\/secure.gravatar.com\/avatar\/c3b46e32a0fc3b093a0873fb767bf3293de856293065e84ef06b7ec7a8acfb98?s=96&d=identicon&r=x","url":"https:\/\/secure.gravatar.com\/avatar\/c3b46e32a0fc3b093a0873fb767bf3293de856293065e84ef06b7ec7a8acfb98?s=96&d=identicon&r=x","contentUrl":"https:\/\/secure.gravatar.com\/avatar\/c3b46e32a0fc3b093a0873fb767bf3293de856293065e84ef06b7ec7a8acfb98?s=96&d=identicon&r=x","caption":"Charge"},"url":"https:\/\/sindromecharge.es\/index.php\/author\/admin\/"}]}},"_links":{"self":[{"href":"https:\/\/sindromecharge.es\/index.php\/wp-json\/wp\/v2\/posts\/7140","targetHints":{"allow":["GET"]}}],"collection":[{"href":"https:\/\/sindromecharge.es\/index.php\/wp-json\/wp\/v2\/posts"}],"about":[{"href":"https:\/\/sindromecharge.es\/index.php\/wp-json\/wp\/v2\/types\/post"}],"author":[{"embeddable":true,"href":"https:\/\/sindromecharge.es\/index.php\/wp-json\/wp\/v2\/users\/1"}],"replies":[{"embeddable":true,"href":"https:\/\/sindromecharge.es\/index.php\/wp-json\/wp\/v2\/comments?post=7140"}],"version-history":[{"count":0,"href":"https:\/\/sindromecharge.es\/index.php\/wp-json\/wp\/v2\/posts\/7140\/revisions"}],"wp:attachment":[{"href":"https:\/\/sindromecharge.es\/index.php\/wp-json\/wp\/v2\/media?parent=7140"}],"wp:term":[{"taxonomy":"category","embeddable":true,"href":"https:\/\/sindromecharge.es\/index.php\/wp-json\/wp\/v2\/categories?post=7140"},{"taxonomy":"post_tag","embeddable":true,"href":"https:\/\/sindromecharge.es\/index.php\/wp-json\/wp\/v2\/tags?post=7140"}],"curies":[{"name":"wp","href":"https:\/\/api.w.org\/{rel}","templated":true}]}}