{"id":7138,"date":"2021-05-10T07:41:47","date_gmt":"2021-05-10T07:41:47","guid":{"rendered":"https:\/\/sindromecharge.es\/index.php\/2021\/05\/10\/participa-en-nuestro-encuentro-de-verano-para-jovenes\/"},"modified":"2021-05-10T07:41:47","modified_gmt":"2021-05-10T07:41:47","slug":"participa-en-nuestro-encuentro-de-verano-para-jovenes","status":"publish","type":"post","link":"https:\/\/sindromecharge.es\/index.php\/2021\/05\/10\/participa-en-nuestro-encuentro-de-verano-para-jovenes\/","title":{"rendered":"Participa en nuestro \u2018Encuentro de Verano para J\u00f3venes\u2019"},"content":{"rendered":"<p>Leemos en Menudos Corazones la siguiente noticia que os reproducimos de forma \u00edntegra: <\/p>\n<p>Se acerca el verano y, aunque no podremos llevar a cabo nuestro tradicional <a href=\"https:\/\/www.menudoscorazones.org\/2019\/el-camino-de-santiago-2019-paso-a-paso\/\">Camino de Santiago<\/a>, nos alegra anunciar un plan alternativo: el <strong>&#8216;Encuentro de Verano para J\u00f3venes Menudos Corazones 2021&#8217;.<\/strong><\/p>\n<figure id=\"attachment_28910\" aria-describedby=\"caption-attachment-28910\" style=\"width: 702px\" class=\"wp-caption aligncenter\"><img loading=\"lazy\" decoding=\"async\" class=\"size-large wp-image-28910\" src=\"https:\/\/www.menudoscorazones.org\/wp-content\/uploads\/2021\/05\/Encuentro-j\u00f3venes-1024x768.jpg\" alt=\"\" width=\"702\" height=\"527\" \/><figcaption id=\"caption-attachment-28910\" class=\"wp-caption-text\">Foto de la <a href=\"https:\/\/www.menudoscorazones.org\/2019\/iv-convivencia-de-jovenes-encontramos-nuestro-espacio\/\">convivencia para j\u00f3venes celebrada en octubre de 2019.<\/a><\/figcaption><\/figure>\n<p>Despu\u00e9s de m\u00e1s de un a\u00f1o desde la llegada del <a href=\"https:\/\/www.menudoscorazones.org\/coronavirus-y-cardiopatias-congenitas\/\">coronavirus<\/a> a nuestras vidas, esta propuesta es una oportunidad, para j\u00f3venes con cardiopat\u00eda, de <strong>compartir un espacio de ocio y socializaci\u00f3n<\/strong> con otros chicos y chicas. Cuatro d\u00edas en los que practicar actividades como pirag\u00fcismo, paddle surf, senderismo, juegos de mesa, etc.; y recuperar un poco de normalidad en las relaciones entre iguales.<\/p>\n<ul>\n<li><strong>A qui\u00e9n va dirigido. <\/strong>J\u00f3venes mayores de 18 a\u00f1os con cardiopat\u00eda (es necesario haber cumplido la mayor\u00eda de edad a la fecha de inicio del encuentro).<\/li>\n<li><strong>Fechas de realizaci\u00f3n. <\/strong>Del 27 al 30 de agosto de 2021. El punto de partida y de llegada ser\u00e1 Madrid (sitio y hora por confirmar).<\/li>\n<li><strong>Lugar de celebraci\u00f3n.<\/strong>\u00a0<a href=\"http:\/\/www.alberguelacanadilla.com\/\">Albergue la Ca\u00f1adilla<\/a> (U\u00f1a, Cuenca).<\/li>\n<li><strong>N\u00famero de participantes.<\/strong> 25 plazas. Una persona del equipo t\u00e9cnico de la Fundaci\u00f3n acompa\u00f1ar\u00e1 al grupo.<\/li>\n<li><strong>Cuota de inscripci\u00f3n. <\/strong>Personas socias de Menudos Corazones: 100 \u20ac; no socias: 300 \u20ac. <u>La fecha l\u00edmite de su ingreso ser\u00e1 el 9 de julio.<\/u> El coste de una plaza est\u00e1 valorado en 300 \u20ac.<\/li>\n<li><strong>Plazo de inscripci\u00f3n. <\/strong>Del 10 de mayo al 15 de junio o hasta completar las plazas disponibles, enviando <a href=\"https:\/\/www.menudoscorazones.org\/wp-content\/uploads\/2021\/05\/Ficha-inscripci\u00f3n_Encuentro-de-Verano-para-J\u00f3venes-2021.pdf\">la ficha de inscripci\u00f3n y la autorizaci\u00f3n de imagen<\/a> debidamente cumplimentada a la siguiente direcci\u00f3n de correo electr\u00f3nico: <a href=\"mailto:jovenes@menudoscorazones.org\">jovenes@menudoscorazones.org<\/a> <u>No se admitir\u00e1n solicitudes fuera de plazo.<\/u><\/li>\n<li><u><\/u><strong>Anulaci\u00f3n de la plaza. <\/strong>Se devolver\u00e1 el 50% de la cuota de inscripci\u00f3n si la cancelaci\u00f3n se efect\u00faa antes del 9 de julio. Despu\u00e9s de esta fecha, no se efectuar\u00e1 reembolso alguno. <u>Excepciones:<\/u> si no se pudiese asistir al encuentro por motivos de cirug\u00edas o ingresos no programados, as\u00ed como por un resultado positivo en covid-19, se devolver\u00e1 el 100% de la cuota de inscripci\u00f3n.<\/li>\n<\/ul>\n<p>Adem\u00e1s, desde la Fundaci\u00f3n aplicaremos los <strong>protocolos oficiales frente a la covid-19<\/strong>\u00a0que, en las fechas previstas, impongan las autoridades sanitarias. Estos ser\u00e1n notificados una vez establecidos; sin embargo, ya podemos informarte de algunas medidas que tomaremos para poder disfrutar de estos d\u00edas con mayor seguridad. Cons\u00faltalas a continuaci\u00f3n:<\/p>\n<ul>\n<li><a href=\"https:\/\/www.menudoscorazones.org\/wp-content\/uploads\/2021\/05\/Medidas-COVID-19-Encuentro-de-verano-2021.pdf\"><strong>Medidas de prevenci\u00f3n del coronavirus<\/strong><\/a> en el &#8216;Encuentro de Verano para J\u00f3venes Menudos Corazones 2021&#8217;.<\/li>\n<\/ul>\n<h6 style=\"text-align: center\"><span style=\"color: #d0103a\"><strong>Si tienes cualquier pregunta, cont\u00e1ctanos en el tel\u00e9fono 693 86 43 39 o env\u00edanos un correo a <\/strong><a style=\"color: #d0103a\" href=\"mailto:jovenes@menudoscorazones.org\"><strong>jovenes@menudoscorazones.org<\/strong><\/a><\/span><\/h6>\n<p>La entrada <a rel=\"nofollow\" href=\"https:\/\/www.menudoscorazones.org\/2021\/participa-en-nuestro-encuentro-de-verano-para-jovenes\/\">Participa en nuestro &#8216;Encuentro de Verano para J\u00f3venes&#8217;<\/a> aparece primero en <a rel=\"nofollow\" href=\"https:\/\/www.menudoscorazones.org\">Menudos Corazones<\/a>.<\/p>\n<p>Fuente: Menudos Corazones <a href=\"https:\/\/www.menudoscorazones.org\/2021\/participa-en-nuestro-encuentro-de-verano-para-jovenes\/\" target=\"_blank\" rel=\"noopener\">Participa en nuestro \u2018Encuentro de Verano para J\u00f3venes\u2019<\/a><\/p>\n","protected":false},"excerpt":{"rendered":"<p>Leemos en Menudos Corazones la siguiente noticia que os reproducimos de forma \u00edntegra: Se acerca el verano y, aunque no podremos llevar a cabo nuestro tradicional Camino de Santiago, nos alegra anunciar un plan alternativo: el &#8216;Encuentro de Verano para J\u00f3venes Menudos Corazones 2021&#8217;. Foto de la convivencia para j\u00f3venes celebrada en octubre de 2019. [&hellip;]<\/p>\n","protected":false},"author":1,"featured_media":0,"comment_status":"open","ping_status":"closed","sticky":false,"template":"","format":"standard","meta":{"footnotes":""},"categories":[8],"tags":[113],"class_list":["post-7138","post","type-post","status-publish","format-standard","hentry","category-noticias","tag-corazon"],"yoast_head":"<!-- This site is optimized with the Yoast SEO plugin v27.5 - https:\/\/yoast.com\/product\/yoast-seo-wordpress\/ -->\n<title>Participa en nuestro \u2018Encuentro de Verano para J\u00f3venes\u2019 - Asociaci\u00f3n Espa\u00f1ola S\u00edndrome de Charge<\/title>\n<meta name=\"robots\" content=\"index, follow, max-snippet:-1, max-image-preview:large, max-video-preview:-1\" \/>\n<link rel=\"canonical\" href=\"https:\/\/sindromecharge.es\/index.php\/2021\/05\/10\/participa-en-nuestro-encuentro-de-verano-para-jovenes\/\" \/>\n<meta property=\"og:locale\" content=\"es_ES\" \/>\n<meta property=\"og:type\" content=\"article\" \/>\n<meta property=\"og:title\" content=\"Participa en nuestro \u2018Encuentro de Verano para J\u00f3venes\u2019 - Asociaci\u00f3n Espa\u00f1ola S\u00edndrome de Charge\" \/>\n<meta property=\"og:description\" content=\"Leemos en Menudos Corazones la siguiente noticia que os reproducimos de forma \u00edntegra: Se acerca el verano y, aunque no podremos llevar a cabo nuestro tradicional Camino de Santiago, nos alegra anunciar un plan alternativo: el &#8216;Encuentro de Verano para J\u00f3venes Menudos Corazones 2021&#8217;. Foto de la convivencia para j\u00f3venes celebrada en octubre de 2019. [&hellip;]\" \/>\n<meta property=\"og:url\" content=\"https:\/\/sindromecharge.es\/index.php\/2021\/05\/10\/participa-en-nuestro-encuentro-de-verano-para-jovenes\/\" \/>\n<meta property=\"og:site_name\" content=\"Asociaci\u00f3n Espa\u00f1ola S\u00edndrome de Charge\" \/>\n<meta property=\"article:publisher\" content=\"https:\/\/www.facebook.com\/asociacionsindromecharge\" \/>\n<meta property=\"article:published_time\" content=\"2021-05-10T07:41:47+00:00\" \/>\n<meta property=\"og:image\" content=\"https:\/\/www.menudoscorazones.org\/wp-content\/uploads\/2021\/05\/Encuentro-j\u00f3venes-1024x768.jpg\" \/>\n<meta name=\"author\" content=\"Charge\" \/>\n<meta name=\"twitter:card\" content=\"summary_large_image\" \/>\n<meta name=\"twitter:creator\" content=\"@sindromecharge\" \/>\n<meta name=\"twitter:site\" content=\"@sindromecharge\" \/>\n<meta name=\"twitter:label1\" content=\"Escrito por\" \/>\n\t<meta name=\"twitter:data1\" content=\"Charge\" \/>\n\t<meta name=\"twitter:label2\" content=\"Tiempo de lectura\" \/>\n\t<meta name=\"twitter:data2\" content=\"2 minutos\" \/>\n<script type=\"application\/ld+json\" class=\"yoast-schema-graph\">{\"@context\":\"https:\\\/\\\/schema.org\",\"@graph\":[{\"@type\":\"Article\",\"@id\":\"https:\\\/\\\/sindromecharge.es\\\/index.php\\\/2021\\\/05\\\/10\\\/participa-en-nuestro-encuentro-de-verano-para-jovenes\\\/#article\",\"isPartOf\":{\"@id\":\"https:\\\/\\\/sindromecharge.es\\\/index.php\\\/2021\\\/05\\\/10\\\/participa-en-nuestro-encuentro-de-verano-para-jovenes\\\/\"},\"author\":{\"name\":\"Charge\",\"@id\":\"https:\\\/\\\/sindromecharge.es\\\/#\\\/schema\\\/person\\\/39a60ebe0a2b4d5a11179701e336b039\"},\"headline\":\"Participa en nuestro \u2018Encuentro de Verano para J\u00f3venes\u2019\",\"datePublished\":\"2021-05-10T07:41:47+00:00\",\"mainEntityOfPage\":{\"@id\":\"https:\\\/\\\/sindromecharge.es\\\/index.php\\\/2021\\\/05\\\/10\\\/participa-en-nuestro-encuentro-de-verano-para-jovenes\\\/\"},\"wordCount\":485,\"commentCount\":0,\"keywords\":[\"corazon\"],\"articleSection\":[\"noticias\"],\"inLanguage\":\"es\",\"potentialAction\":[{\"@type\":\"CommentAction\",\"name\":\"Comment\",\"target\":[\"https:\\\/\\\/sindromecharge.es\\\/index.php\\\/2021\\\/05\\\/10\\\/participa-en-nuestro-encuentro-de-verano-para-jovenes\\\/#respond\"]}]},{\"@type\":\"WebPage\",\"@id\":\"https:\\\/\\\/sindromecharge.es\\\/index.php\\\/2021\\\/05\\\/10\\\/participa-en-nuestro-encuentro-de-verano-para-jovenes\\\/\",\"url\":\"https:\\\/\\\/sindromecharge.es\\\/index.php\\\/2021\\\/05\\\/10\\\/participa-en-nuestro-encuentro-de-verano-para-jovenes\\\/\",\"name\":\"Participa en nuestro \u2018Encuentro de Verano para J\u00f3venes\u2019 - Asociaci\u00f3n Espa\u00f1ola S\u00edndrome de Charge\",\"isPartOf\":{\"@id\":\"https:\\\/\\\/sindromecharge.es\\\/#website\"},\"datePublished\":\"2021-05-10T07:41:47+00:00\",\"author\":{\"@id\":\"https:\\\/\\\/sindromecharge.es\\\/#\\\/schema\\\/person\\\/39a60ebe0a2b4d5a11179701e336b039\"},\"breadcrumb\":{\"@id\":\"https:\\\/\\\/sindromecharge.es\\\/index.php\\\/2021\\\/05\\\/10\\\/participa-en-nuestro-encuentro-de-verano-para-jovenes\\\/#breadcrumb\"},\"inLanguage\":\"es\",\"potentialAction\":[{\"@type\":\"ReadAction\",\"target\":[\"https:\\\/\\\/sindromecharge.es\\\/index.php\\\/2021\\\/05\\\/10\\\/participa-en-nuestro-encuentro-de-verano-para-jovenes\\\/\"]}]},{\"@type\":\"BreadcrumbList\",\"@id\":\"https:\\\/\\\/sindromecharge.es\\\/index.php\\\/2021\\\/05\\\/10\\\/participa-en-nuestro-encuentro-de-verano-para-jovenes\\\/#breadcrumb\",\"itemListElement\":[{\"@type\":\"ListItem\",\"position\":1,\"name\":\"Portada\",\"item\":\"https:\\\/\\\/sindromecharge.es\\\/\"},{\"@type\":\"ListItem\",\"position\":2,\"name\":\"Participa en nuestro \u2018Encuentro de Verano para J\u00f3venes\u2019\"}]},{\"@type\":\"WebSite\",\"@id\":\"https:\\\/\\\/sindromecharge.es\\\/#website\",\"url\":\"https:\\\/\\\/sindromecharge.es\\\/\",\"name\":\"Asociaci\u00f3n Espa\u00f1ola S\u00edndrome de Charge\",\"description\":\"\",\"potentialAction\":[{\"@type\":\"SearchAction\",\"target\":{\"@type\":\"EntryPoint\",\"urlTemplate\":\"https:\\\/\\\/sindromecharge.es\\\/?s={search_term_string}\"},\"query-input\":{\"@type\":\"PropertyValueSpecification\",\"valueRequired\":true,\"valueName\":\"search_term_string\"}}],\"inLanguage\":\"es\"},{\"@type\":\"Person\",\"@id\":\"https:\\\/\\\/sindromecharge.es\\\/#\\\/schema\\\/person\\\/39a60ebe0a2b4d5a11179701e336b039\",\"name\":\"Charge\",\"image\":{\"@type\":\"ImageObject\",\"inLanguage\":\"es\",\"@id\":\"https:\\\/\\\/secure.gravatar.com\\\/avatar\\\/c3b46e32a0fc3b093a0873fb767bf3293de856293065e84ef06b7ec7a8acfb98?s=96&d=identicon&r=x\",\"url\":\"https:\\\/\\\/secure.gravatar.com\\\/avatar\\\/c3b46e32a0fc3b093a0873fb767bf3293de856293065e84ef06b7ec7a8acfb98?s=96&d=identicon&r=x\",\"contentUrl\":\"https:\\\/\\\/secure.gravatar.com\\\/avatar\\\/c3b46e32a0fc3b093a0873fb767bf3293de856293065e84ef06b7ec7a8acfb98?s=96&d=identicon&r=x\",\"caption\":\"Charge\"},\"url\":\"https:\\\/\\\/sindromecharge.es\\\/index.php\\\/author\\\/admin\\\/\"}]}<\/script>\n<!-- \/ Yoast SEO plugin. -->","yoast_head_json":{"title":"Participa en nuestro \u2018Encuentro de Verano para J\u00f3venes\u2019 - Asociaci\u00f3n Espa\u00f1ola S\u00edndrome de Charge","robots":{"index":"index","follow":"follow","max-snippet":"max-snippet:-1","max-image-preview":"max-image-preview:large","max-video-preview":"max-video-preview:-1"},"canonical":"https:\/\/sindromecharge.es\/index.php\/2021\/05\/10\/participa-en-nuestro-encuentro-de-verano-para-jovenes\/","og_locale":"es_ES","og_type":"article","og_title":"Participa en nuestro \u2018Encuentro de Verano para J\u00f3venes\u2019 - Asociaci\u00f3n Espa\u00f1ola S\u00edndrome de Charge","og_description":"Leemos en Menudos Corazones la siguiente noticia que os reproducimos de forma \u00edntegra: Se acerca el verano y, aunque no podremos llevar a cabo nuestro tradicional Camino de Santiago, nos alegra anunciar un plan alternativo: el &#8216;Encuentro de Verano para J\u00f3venes Menudos Corazones 2021&#8217;. Foto de la convivencia para j\u00f3venes celebrada en octubre de 2019. [&hellip;]","og_url":"https:\/\/sindromecharge.es\/index.php\/2021\/05\/10\/participa-en-nuestro-encuentro-de-verano-para-jovenes\/","og_site_name":"Asociaci\u00f3n Espa\u00f1ola S\u00edndrome de Charge","article_publisher":"https:\/\/www.facebook.com\/asociacionsindromecharge","article_published_time":"2021-05-10T07:41:47+00:00","og_image":[{"url":"https:\/\/www.menudoscorazones.org\/wp-content\/uploads\/2021\/05\/Encuentro-j\u00f3venes-1024x768.jpg","type":"","width":"","height":""}],"author":"Charge","twitter_card":"summary_large_image","twitter_creator":"@sindromecharge","twitter_site":"@sindromecharge","twitter_misc":{"Escrito por":"Charge","Tiempo de lectura":"2 minutos"},"schema":{"@context":"https:\/\/schema.org","@graph":[{"@type":"Article","@id":"https:\/\/sindromecharge.es\/index.php\/2021\/05\/10\/participa-en-nuestro-encuentro-de-verano-para-jovenes\/#article","isPartOf":{"@id":"https:\/\/sindromecharge.es\/index.php\/2021\/05\/10\/participa-en-nuestro-encuentro-de-verano-para-jovenes\/"},"author":{"name":"Charge","@id":"https:\/\/sindromecharge.es\/#\/schema\/person\/39a60ebe0a2b4d5a11179701e336b039"},"headline":"Participa en nuestro \u2018Encuentro de Verano para J\u00f3venes\u2019","datePublished":"2021-05-10T07:41:47+00:00","mainEntityOfPage":{"@id":"https:\/\/sindromecharge.es\/index.php\/2021\/05\/10\/participa-en-nuestro-encuentro-de-verano-para-jovenes\/"},"wordCount":485,"commentCount":0,"keywords":["corazon"],"articleSection":["noticias"],"inLanguage":"es","potentialAction":[{"@type":"CommentAction","name":"Comment","target":["https:\/\/sindromecharge.es\/index.php\/2021\/05\/10\/participa-en-nuestro-encuentro-de-verano-para-jovenes\/#respond"]}]},{"@type":"WebPage","@id":"https:\/\/sindromecharge.es\/index.php\/2021\/05\/10\/participa-en-nuestro-encuentro-de-verano-para-jovenes\/","url":"https:\/\/sindromecharge.es\/index.php\/2021\/05\/10\/participa-en-nuestro-encuentro-de-verano-para-jovenes\/","name":"Participa en nuestro \u2018Encuentro de Verano para J\u00f3venes\u2019 - Asociaci\u00f3n Espa\u00f1ola S\u00edndrome de Charge","isPartOf":{"@id":"https:\/\/sindromecharge.es\/#website"},"datePublished":"2021-05-10T07:41:47+00:00","author":{"@id":"https:\/\/sindromecharge.es\/#\/schema\/person\/39a60ebe0a2b4d5a11179701e336b039"},"breadcrumb":{"@id":"https:\/\/sindromecharge.es\/index.php\/2021\/05\/10\/participa-en-nuestro-encuentro-de-verano-para-jovenes\/#breadcrumb"},"inLanguage":"es","potentialAction":[{"@type":"ReadAction","target":["https:\/\/sindromecharge.es\/index.php\/2021\/05\/10\/participa-en-nuestro-encuentro-de-verano-para-jovenes\/"]}]},{"@type":"BreadcrumbList","@id":"https:\/\/sindromecharge.es\/index.php\/2021\/05\/10\/participa-en-nuestro-encuentro-de-verano-para-jovenes\/#breadcrumb","itemListElement":[{"@type":"ListItem","position":1,"name":"Portada","item":"https:\/\/sindromecharge.es\/"},{"@type":"ListItem","position":2,"name":"Participa en nuestro \u2018Encuentro de Verano para J\u00f3venes\u2019"}]},{"@type":"WebSite","@id":"https:\/\/sindromecharge.es\/#website","url":"https:\/\/sindromecharge.es\/","name":"Asociaci\u00f3n Espa\u00f1ola S\u00edndrome de Charge","description":"","potentialAction":[{"@type":"SearchAction","target":{"@type":"EntryPoint","urlTemplate":"https:\/\/sindromecharge.es\/?s={search_term_string}"},"query-input":{"@type":"PropertyValueSpecification","valueRequired":true,"valueName":"search_term_string"}}],"inLanguage":"es"},{"@type":"Person","@id":"https:\/\/sindromecharge.es\/#\/schema\/person\/39a60ebe0a2b4d5a11179701e336b039","name":"Charge","image":{"@type":"ImageObject","inLanguage":"es","@id":"https:\/\/secure.gravatar.com\/avatar\/c3b46e32a0fc3b093a0873fb767bf3293de856293065e84ef06b7ec7a8acfb98?s=96&d=identicon&r=x","url":"https:\/\/secure.gravatar.com\/avatar\/c3b46e32a0fc3b093a0873fb767bf3293de856293065e84ef06b7ec7a8acfb98?s=96&d=identicon&r=x","contentUrl":"https:\/\/secure.gravatar.com\/avatar\/c3b46e32a0fc3b093a0873fb767bf3293de856293065e84ef06b7ec7a8acfb98?s=96&d=identicon&r=x","caption":"Charge"},"url":"https:\/\/sindromecharge.es\/index.php\/author\/admin\/"}]}},"_links":{"self":[{"href":"https:\/\/sindromecharge.es\/index.php\/wp-json\/wp\/v2\/posts\/7138","targetHints":{"allow":["GET"]}}],"collection":[{"href":"https:\/\/sindromecharge.es\/index.php\/wp-json\/wp\/v2\/posts"}],"about":[{"href":"https:\/\/sindromecharge.es\/index.php\/wp-json\/wp\/v2\/types\/post"}],"author":[{"embeddable":true,"href":"https:\/\/sindromecharge.es\/index.php\/wp-json\/wp\/v2\/users\/1"}],"replies":[{"embeddable":true,"href":"https:\/\/sindromecharge.es\/index.php\/wp-json\/wp\/v2\/comments?post=7138"}],"version-history":[{"count":0,"href":"https:\/\/sindromecharge.es\/index.php\/wp-json\/wp\/v2\/posts\/7138\/revisions"}],"wp:attachment":[{"href":"https:\/\/sindromecharge.es\/index.php\/wp-json\/wp\/v2\/media?parent=7138"}],"wp:term":[{"taxonomy":"category","embeddable":true,"href":"https:\/\/sindromecharge.es\/index.php\/wp-json\/wp\/v2\/categories?post=7138"},{"taxonomy":"post_tag","embeddable":true,"href":"https:\/\/sindromecharge.es\/index.php\/wp-json\/wp\/v2\/tags?post=7138"}],"curies":[{"name":"wp","href":"https:\/\/api.w.org\/{rel}","templated":true}]}}