{"id":7136,"date":"2021-05-09T17:52:43","date_gmt":"2021-05-09T17:52:43","guid":{"rendered":"https:\/\/sindromecharge.es\/index.php\/2021\/05\/09\/el-psoe-denuncia-que-pp-y-cs-llevan-un-ano-sin-convocar-la-comision-sobre-la-discapacidad\/"},"modified":"2021-05-09T17:52:43","modified_gmt":"2021-05-09T17:52:43","slug":"el-psoe-denuncia-que-pp-y-cs-llevan-un-ano-sin-convocar-la-comision-sobre-la-discapacidad","status":"publish","type":"post","link":"https:\/\/sindromecharge.es\/index.php\/2021\/05\/09\/el-psoe-denuncia-que-pp-y-cs-llevan-un-ano-sin-convocar-la-comision-sobre-la-discapacidad\/","title":{"rendered":"El PSOE denuncia que PP y Cs llevan un a\u00f1o sin convocar la Comisi\u00f3n sobre la Discapacidad"},"content":{"rendered":"<p>Leemos en 20minutos la siguiente noticia que os reproducimos de forma \u00edntegra: <\/p>\n<p>De hecho, sostiene, a trav\u00e9s de un comunicado remitido a Europa Press, que la \u00fanica vez que se reuni\u00f3 fue en el momento de su creaci\u00f3n y que los partidos que todav\u00eda sustentan al Gobierno de Ma\u00f1ueco \u00abfrenan\u00bb el avance de la comisi\u00f3n.<\/p>\n<p>Illera se\u00f1al\u00f3 que las 178.000 personas con alguna discapacidad esperan del Parlamento de Castilla y Le\u00f3n \u00abavances y mejoras\u00bb en su calidad de vida, pero no pueden trabajar ante el \u00abbloqueo\u00bb de la comisi\u00f3n.<\/p>\n<p>\u00abLas personas con alguna discapacidad se preguntan qu\u00e9 hemos hecho en su favor\u00bb, afirma, ya que la tasa de empleo de este colectivo ha alcanzado el 30por ciento. Tambi\u00e9n, critica que la par\u00e1lisis impide trabajar sobre los 30 asuntos que tiene pendiente esta comisi\u00f3n, pero, adem\u00e1s, PP y C&#8217;s han frenado las 25 iniciativas parlamentarias que el Grupo Socialista ha presentado en estos dos a\u00f1os de legislatura en materia de discapacidad.<\/p>\n<p>As\u00ed, por ejemplo, relata que PP y Cs se opusieron en Pleno a una Proposici\u00f3n No de Ley (PNL) del Grupo Socialista para incrementar la ratio de profesionales y promover el aumento del n\u00famero de servicios y programas que se prestan en los diversos Centros de Educaci\u00f3n Especial, aumentar el n\u00famero de plazas de alumnos y alumnas en los Centros de Educaci\u00f3n Especial, la creaci\u00f3n de un Observatorio de la discapacidad o la comparecencia en la Comisi\u00f3n Permanente No Legislativa de Discapacidad de las Cortes de Castilla y Le\u00f3n de todos los consejeros con alguna competencia en la materia.<\/p>\n<p>\u00abNo es razonable negar constantemente la convocatoria de esta comisi\u00f3n sin justificaci\u00f3n o la aprobaci\u00f3n de medidas para mejorar la calidad de vida de las personas o que el Parlamento siga esperando que la consejera de Familia e Igualdad de Oportunidades comparezca para informar sobre acciones futuras en materia de discapacidad\u00bb, se\u00f1ala Illera.<\/p>\n<p>Tambi\u00e9n critica que el Plan de Igualdad de Oportunidades para Personas con Discapacidad no se haya renovado ya que el aplicado finalizaba en 2020, concluye el comunicado.<\/p>\n<p>Fuente: 20minutos <a href=\"https:\/\/www.20minutos.es\/noticia\/4690734\/0\/el-psoe-denuncia-que-pp-y-cs-llevan-un-ano-sin-convocar-la-comision-sobre-la-discapacidad\/\" target=\"_blank\" rel=\"noopener\">El PSOE denuncia que PP y Cs llevan un a\u00f1o sin convocar la Comisi\u00f3n sobre la Discapacidad<\/a><\/p>\n","protected":false},"excerpt":{"rendered":"<p>Leemos en 20minutos la siguiente noticia que os reproducimos de forma \u00edntegra: De hecho, sostiene, a trav\u00e9s de un comunicado remitido a Europa Press, que la \u00fanica vez que se reuni\u00f3 fue en el momento de su creaci\u00f3n y que los partidos que todav\u00eda sustentan al Gobierno de Ma\u00f1ueco \u00abfrenan\u00bb el avance de la comisi\u00f3n. [&hellip;]<\/p>\n","protected":false},"author":1,"featured_media":0,"comment_status":"open","ping_status":"closed","sticky":false,"template":"","format":"standard","meta":{"footnotes":""},"categories":[8],"tags":[31],"class_list":["post-7136","post","type-post","status-publish","format-standard","hentry","category-noticias","tag-discapacidad"],"yoast_head":"<!-- This site is optimized with the Yoast SEO plugin v27.5 - https:\/\/yoast.com\/product\/yoast-seo-wordpress\/ -->\n<title>El PSOE denuncia que PP y Cs llevan un a\u00f1o sin convocar la Comisi\u00f3n sobre la Discapacidad - Asociaci\u00f3n Espa\u00f1ola S\u00edndrome de Charge<\/title>\n<meta name=\"robots\" content=\"index, follow, max-snippet:-1, max-image-preview:large, max-video-preview:-1\" \/>\n<link rel=\"canonical\" href=\"https:\/\/sindromecharge.es\/index.php\/2021\/05\/09\/el-psoe-denuncia-que-pp-y-cs-llevan-un-ano-sin-convocar-la-comision-sobre-la-discapacidad\/\" \/>\n<meta property=\"og:locale\" content=\"es_ES\" \/>\n<meta property=\"og:type\" content=\"article\" \/>\n<meta property=\"og:title\" content=\"El PSOE denuncia que PP y Cs llevan un a\u00f1o sin convocar la Comisi\u00f3n sobre la Discapacidad - Asociaci\u00f3n Espa\u00f1ola S\u00edndrome de Charge\" \/>\n<meta property=\"og:description\" content=\"Leemos en 20minutos la siguiente noticia que os reproducimos de forma \u00edntegra: De hecho, sostiene, a trav\u00e9s de un comunicado remitido a Europa Press, que la \u00fanica vez que se reuni\u00f3 fue en el momento de su creaci\u00f3n y que los partidos que todav\u00eda sustentan al Gobierno de Ma\u00f1ueco \u00abfrenan\u00bb el avance de la comisi\u00f3n. [&hellip;]\" \/>\n<meta property=\"og:url\" content=\"https:\/\/sindromecharge.es\/index.php\/2021\/05\/09\/el-psoe-denuncia-que-pp-y-cs-llevan-un-ano-sin-convocar-la-comision-sobre-la-discapacidad\/\" \/>\n<meta property=\"og:site_name\" content=\"Asociaci\u00f3n Espa\u00f1ola S\u00edndrome de Charge\" \/>\n<meta property=\"article:publisher\" content=\"https:\/\/www.facebook.com\/asociacionsindromecharge\" \/>\n<meta property=\"article:published_time\" content=\"2021-05-09T17:52:43+00:00\" \/>\n<meta property=\"og:image\" content=\"https:\/\/sindromecharge.es\/wp-content\/uploads\/2013\/09\/logodecharge300x98.png\" \/>\n\t<meta property=\"og:image:width\" content=\"300\" \/>\n\t<meta property=\"og:image:height\" content=\"98\" \/>\n\t<meta property=\"og:image:type\" content=\"image\/png\" \/>\n<meta name=\"author\" content=\"Charge\" \/>\n<meta name=\"twitter:card\" content=\"summary_large_image\" \/>\n<meta name=\"twitter:creator\" content=\"@sindromecharge\" \/>\n<meta name=\"twitter:site\" content=\"@sindromecharge\" \/>\n<meta name=\"twitter:label1\" content=\"Escrito por\" \/>\n\t<meta name=\"twitter:data1\" content=\"Charge\" \/>\n\t<meta name=\"twitter:label2\" content=\"Tiempo de lectura\" \/>\n\t<meta name=\"twitter:data2\" content=\"2 minutos\" \/>\n<script type=\"application\/ld+json\" class=\"yoast-schema-graph\">{\"@context\":\"https:\\\/\\\/schema.org\",\"@graph\":[{\"@type\":\"Article\",\"@id\":\"https:\\\/\\\/sindromecharge.es\\\/index.php\\\/2021\\\/05\\\/09\\\/el-psoe-denuncia-que-pp-y-cs-llevan-un-ano-sin-convocar-la-comision-sobre-la-discapacidad\\\/#article\",\"isPartOf\":{\"@id\":\"https:\\\/\\\/sindromecharge.es\\\/index.php\\\/2021\\\/05\\\/09\\\/el-psoe-denuncia-que-pp-y-cs-llevan-un-ano-sin-convocar-la-comision-sobre-la-discapacidad\\\/\"},\"author\":{\"name\":\"Charge\",\"@id\":\"https:\\\/\\\/sindromecharge.es\\\/#\\\/schema\\\/person\\\/39a60ebe0a2b4d5a11179701e336b039\"},\"headline\":\"El PSOE denuncia que PP y Cs llevan un a\u00f1o sin convocar la Comisi\u00f3n sobre la Discapacidad\",\"datePublished\":\"2021-05-09T17:52:43+00:00\",\"mainEntityOfPage\":{\"@id\":\"https:\\\/\\\/sindromecharge.es\\\/index.php\\\/2021\\\/05\\\/09\\\/el-psoe-denuncia-que-pp-y-cs-llevan-un-ano-sin-convocar-la-comision-sobre-la-discapacidad\\\/\"},\"wordCount\":401,\"commentCount\":0,\"keywords\":[\"discapacidad\"],\"articleSection\":[\"noticias\"],\"inLanguage\":\"es\",\"potentialAction\":[{\"@type\":\"CommentAction\",\"name\":\"Comment\",\"target\":[\"https:\\\/\\\/sindromecharge.es\\\/index.php\\\/2021\\\/05\\\/09\\\/el-psoe-denuncia-que-pp-y-cs-llevan-un-ano-sin-convocar-la-comision-sobre-la-discapacidad\\\/#respond\"]}]},{\"@type\":\"WebPage\",\"@id\":\"https:\\\/\\\/sindromecharge.es\\\/index.php\\\/2021\\\/05\\\/09\\\/el-psoe-denuncia-que-pp-y-cs-llevan-un-ano-sin-convocar-la-comision-sobre-la-discapacidad\\\/\",\"url\":\"https:\\\/\\\/sindromecharge.es\\\/index.php\\\/2021\\\/05\\\/09\\\/el-psoe-denuncia-que-pp-y-cs-llevan-un-ano-sin-convocar-la-comision-sobre-la-discapacidad\\\/\",\"name\":\"El PSOE denuncia que PP y Cs llevan un a\u00f1o sin convocar la Comisi\u00f3n sobre la Discapacidad - Asociaci\u00f3n Espa\u00f1ola S\u00edndrome de Charge\",\"isPartOf\":{\"@id\":\"https:\\\/\\\/sindromecharge.es\\\/#website\"},\"datePublished\":\"2021-05-09T17:52:43+00:00\",\"author\":{\"@id\":\"https:\\\/\\\/sindromecharge.es\\\/#\\\/schema\\\/person\\\/39a60ebe0a2b4d5a11179701e336b039\"},\"breadcrumb\":{\"@id\":\"https:\\\/\\\/sindromecharge.es\\\/index.php\\\/2021\\\/05\\\/09\\\/el-psoe-denuncia-que-pp-y-cs-llevan-un-ano-sin-convocar-la-comision-sobre-la-discapacidad\\\/#breadcrumb\"},\"inLanguage\":\"es\",\"potentialAction\":[{\"@type\":\"ReadAction\",\"target\":[\"https:\\\/\\\/sindromecharge.es\\\/index.php\\\/2021\\\/05\\\/09\\\/el-psoe-denuncia-que-pp-y-cs-llevan-un-ano-sin-convocar-la-comision-sobre-la-discapacidad\\\/\"]}]},{\"@type\":\"BreadcrumbList\",\"@id\":\"https:\\\/\\\/sindromecharge.es\\\/index.php\\\/2021\\\/05\\\/09\\\/el-psoe-denuncia-que-pp-y-cs-llevan-un-ano-sin-convocar-la-comision-sobre-la-discapacidad\\\/#breadcrumb\",\"itemListElement\":[{\"@type\":\"ListItem\",\"position\":1,\"name\":\"Portada\",\"item\":\"https:\\\/\\\/sindromecharge.es\\\/\"},{\"@type\":\"ListItem\",\"position\":2,\"name\":\"El PSOE denuncia que PP y Cs llevan un a\u00f1o sin convocar la Comisi\u00f3n sobre la Discapacidad\"}]},{\"@type\":\"WebSite\",\"@id\":\"https:\\\/\\\/sindromecharge.es\\\/#website\",\"url\":\"https:\\\/\\\/sindromecharge.es\\\/\",\"name\":\"Asociaci\u00f3n Espa\u00f1ola S\u00edndrome de Charge\",\"description\":\"\",\"potentialAction\":[{\"@type\":\"SearchAction\",\"target\":{\"@type\":\"EntryPoint\",\"urlTemplate\":\"https:\\\/\\\/sindromecharge.es\\\/?s={search_term_string}\"},\"query-input\":{\"@type\":\"PropertyValueSpecification\",\"valueRequired\":true,\"valueName\":\"search_term_string\"}}],\"inLanguage\":\"es\"},{\"@type\":\"Person\",\"@id\":\"https:\\\/\\\/sindromecharge.es\\\/#\\\/schema\\\/person\\\/39a60ebe0a2b4d5a11179701e336b039\",\"name\":\"Charge\",\"image\":{\"@type\":\"ImageObject\",\"inLanguage\":\"es\",\"@id\":\"https:\\\/\\\/secure.gravatar.com\\\/avatar\\\/c3b46e32a0fc3b093a0873fb767bf3293de856293065e84ef06b7ec7a8acfb98?s=96&d=identicon&r=x\",\"url\":\"https:\\\/\\\/secure.gravatar.com\\\/avatar\\\/c3b46e32a0fc3b093a0873fb767bf3293de856293065e84ef06b7ec7a8acfb98?s=96&d=identicon&r=x\",\"contentUrl\":\"https:\\\/\\\/secure.gravatar.com\\\/avatar\\\/c3b46e32a0fc3b093a0873fb767bf3293de856293065e84ef06b7ec7a8acfb98?s=96&d=identicon&r=x\",\"caption\":\"Charge\"},\"url\":\"https:\\\/\\\/sindromecharge.es\\\/index.php\\\/author\\\/admin\\\/\"}]}<\/script>\n<!-- \/ Yoast SEO plugin. -->","yoast_head_json":{"title":"El PSOE denuncia que PP y Cs llevan un a\u00f1o sin convocar la Comisi\u00f3n sobre la Discapacidad - Asociaci\u00f3n Espa\u00f1ola S\u00edndrome de Charge","robots":{"index":"index","follow":"follow","max-snippet":"max-snippet:-1","max-image-preview":"max-image-preview:large","max-video-preview":"max-video-preview:-1"},"canonical":"https:\/\/sindromecharge.es\/index.php\/2021\/05\/09\/el-psoe-denuncia-que-pp-y-cs-llevan-un-ano-sin-convocar-la-comision-sobre-la-discapacidad\/","og_locale":"es_ES","og_type":"article","og_title":"El PSOE denuncia que PP y Cs llevan un a\u00f1o sin convocar la Comisi\u00f3n sobre la Discapacidad - Asociaci\u00f3n Espa\u00f1ola S\u00edndrome de Charge","og_description":"Leemos en 20minutos la siguiente noticia que os reproducimos de forma \u00edntegra: De hecho, sostiene, a trav\u00e9s de un comunicado remitido a Europa Press, que la \u00fanica vez que se reuni\u00f3 fue en el momento de su creaci\u00f3n y que los partidos que todav\u00eda sustentan al Gobierno de Ma\u00f1ueco \u00abfrenan\u00bb el avance de la comisi\u00f3n. [&hellip;]","og_url":"https:\/\/sindromecharge.es\/index.php\/2021\/05\/09\/el-psoe-denuncia-que-pp-y-cs-llevan-un-ano-sin-convocar-la-comision-sobre-la-discapacidad\/","og_site_name":"Asociaci\u00f3n Espa\u00f1ola S\u00edndrome de Charge","article_publisher":"https:\/\/www.facebook.com\/asociacionsindromecharge","article_published_time":"2021-05-09T17:52:43+00:00","og_image":[{"width":300,"height":98,"url":"https:\/\/sindromecharge.es\/wp-content\/uploads\/2013\/09\/logodecharge300x98.png","type":"image\/png"}],"author":"Charge","twitter_card":"summary_large_image","twitter_creator":"@sindromecharge","twitter_site":"@sindromecharge","twitter_misc":{"Escrito por":"Charge","Tiempo de lectura":"2 minutos"},"schema":{"@context":"https:\/\/schema.org","@graph":[{"@type":"Article","@id":"https:\/\/sindromecharge.es\/index.php\/2021\/05\/09\/el-psoe-denuncia-que-pp-y-cs-llevan-un-ano-sin-convocar-la-comision-sobre-la-discapacidad\/#article","isPartOf":{"@id":"https:\/\/sindromecharge.es\/index.php\/2021\/05\/09\/el-psoe-denuncia-que-pp-y-cs-llevan-un-ano-sin-convocar-la-comision-sobre-la-discapacidad\/"},"author":{"name":"Charge","@id":"https:\/\/sindromecharge.es\/#\/schema\/person\/39a60ebe0a2b4d5a11179701e336b039"},"headline":"El PSOE denuncia que PP y Cs llevan un a\u00f1o sin convocar la Comisi\u00f3n sobre la Discapacidad","datePublished":"2021-05-09T17:52:43+00:00","mainEntityOfPage":{"@id":"https:\/\/sindromecharge.es\/index.php\/2021\/05\/09\/el-psoe-denuncia-que-pp-y-cs-llevan-un-ano-sin-convocar-la-comision-sobre-la-discapacidad\/"},"wordCount":401,"commentCount":0,"keywords":["discapacidad"],"articleSection":["noticias"],"inLanguage":"es","potentialAction":[{"@type":"CommentAction","name":"Comment","target":["https:\/\/sindromecharge.es\/index.php\/2021\/05\/09\/el-psoe-denuncia-que-pp-y-cs-llevan-un-ano-sin-convocar-la-comision-sobre-la-discapacidad\/#respond"]}]},{"@type":"WebPage","@id":"https:\/\/sindromecharge.es\/index.php\/2021\/05\/09\/el-psoe-denuncia-que-pp-y-cs-llevan-un-ano-sin-convocar-la-comision-sobre-la-discapacidad\/","url":"https:\/\/sindromecharge.es\/index.php\/2021\/05\/09\/el-psoe-denuncia-que-pp-y-cs-llevan-un-ano-sin-convocar-la-comision-sobre-la-discapacidad\/","name":"El PSOE denuncia que PP y Cs llevan un a\u00f1o sin convocar la Comisi\u00f3n sobre la Discapacidad - Asociaci\u00f3n Espa\u00f1ola S\u00edndrome de Charge","isPartOf":{"@id":"https:\/\/sindromecharge.es\/#website"},"datePublished":"2021-05-09T17:52:43+00:00","author":{"@id":"https:\/\/sindromecharge.es\/#\/schema\/person\/39a60ebe0a2b4d5a11179701e336b039"},"breadcrumb":{"@id":"https:\/\/sindromecharge.es\/index.php\/2021\/05\/09\/el-psoe-denuncia-que-pp-y-cs-llevan-un-ano-sin-convocar-la-comision-sobre-la-discapacidad\/#breadcrumb"},"inLanguage":"es","potentialAction":[{"@type":"ReadAction","target":["https:\/\/sindromecharge.es\/index.php\/2021\/05\/09\/el-psoe-denuncia-que-pp-y-cs-llevan-un-ano-sin-convocar-la-comision-sobre-la-discapacidad\/"]}]},{"@type":"BreadcrumbList","@id":"https:\/\/sindromecharge.es\/index.php\/2021\/05\/09\/el-psoe-denuncia-que-pp-y-cs-llevan-un-ano-sin-convocar-la-comision-sobre-la-discapacidad\/#breadcrumb","itemListElement":[{"@type":"ListItem","position":1,"name":"Portada","item":"https:\/\/sindromecharge.es\/"},{"@type":"ListItem","position":2,"name":"El PSOE denuncia que PP y Cs llevan un a\u00f1o sin convocar la Comisi\u00f3n sobre la Discapacidad"}]},{"@type":"WebSite","@id":"https:\/\/sindromecharge.es\/#website","url":"https:\/\/sindromecharge.es\/","name":"Asociaci\u00f3n Espa\u00f1ola S\u00edndrome de Charge","description":"","potentialAction":[{"@type":"SearchAction","target":{"@type":"EntryPoint","urlTemplate":"https:\/\/sindromecharge.es\/?s={search_term_string}"},"query-input":{"@type":"PropertyValueSpecification","valueRequired":true,"valueName":"search_term_string"}}],"inLanguage":"es"},{"@type":"Person","@id":"https:\/\/sindromecharge.es\/#\/schema\/person\/39a60ebe0a2b4d5a11179701e336b039","name":"Charge","image":{"@type":"ImageObject","inLanguage":"es","@id":"https:\/\/secure.gravatar.com\/avatar\/c3b46e32a0fc3b093a0873fb767bf3293de856293065e84ef06b7ec7a8acfb98?s=96&d=identicon&r=x","url":"https:\/\/secure.gravatar.com\/avatar\/c3b46e32a0fc3b093a0873fb767bf3293de856293065e84ef06b7ec7a8acfb98?s=96&d=identicon&r=x","contentUrl":"https:\/\/secure.gravatar.com\/avatar\/c3b46e32a0fc3b093a0873fb767bf3293de856293065e84ef06b7ec7a8acfb98?s=96&d=identicon&r=x","caption":"Charge"},"url":"https:\/\/sindromecharge.es\/index.php\/author\/admin\/"}]}},"_links":{"self":[{"href":"https:\/\/sindromecharge.es\/index.php\/wp-json\/wp\/v2\/posts\/7136","targetHints":{"allow":["GET"]}}],"collection":[{"href":"https:\/\/sindromecharge.es\/index.php\/wp-json\/wp\/v2\/posts"}],"about":[{"href":"https:\/\/sindromecharge.es\/index.php\/wp-json\/wp\/v2\/types\/post"}],"author":[{"embeddable":true,"href":"https:\/\/sindromecharge.es\/index.php\/wp-json\/wp\/v2\/users\/1"}],"replies":[{"embeddable":true,"href":"https:\/\/sindromecharge.es\/index.php\/wp-json\/wp\/v2\/comments?post=7136"}],"version-history":[{"count":0,"href":"https:\/\/sindromecharge.es\/index.php\/wp-json\/wp\/v2\/posts\/7136\/revisions"}],"wp:attachment":[{"href":"https:\/\/sindromecharge.es\/index.php\/wp-json\/wp\/v2\/media?parent=7136"}],"wp:term":[{"taxonomy":"category","embeddable":true,"href":"https:\/\/sindromecharge.es\/index.php\/wp-json\/wp\/v2\/categories?post=7136"},{"taxonomy":"post_tag","embeddable":true,"href":"https:\/\/sindromecharge.es\/index.php\/wp-json\/wp\/v2\/tags?post=7136"}],"curies":[{"name":"wp","href":"https:\/\/api.w.org\/{rel}","templated":true}]}}