{"id":7134,"date":"2021-05-07T15:44:14","date_gmt":"2021-05-07T15:44:14","guid":{"rendered":"https:\/\/sindromecharge.es\/index.php\/2021\/05\/07\/el-centro-hipico-integrador-zaldiharana-reabre-sus-puertas-tras-una-inversion-institucional-de-500-000-euros\/"},"modified":"2021-05-07T15:44:14","modified_gmt":"2021-05-07T15:44:14","slug":"el-centro-hipico-integrador-zaldiharana-reabre-sus-puertas-tras-una-inversion-institucional-de-500-000-euros","status":"publish","type":"post","link":"https:\/\/sindromecharge.es\/index.php\/2021\/05\/07\/el-centro-hipico-integrador-zaldiharana-reabre-sus-puertas-tras-una-inversion-institucional-de-500-000-euros\/","title":{"rendered":"El Centro H\u00edpico Integrador Zaldiharana reabre sus puertas tras una inversi\u00f3n institucional de 500.000 euros"},"content":{"rendered":"<p>Leemos en 20minutos la siguiente noticia que os reproducimos de forma \u00edntegra: <\/p>\n<p>El centro ha sido visitado este viernes por el diputado general de \u00c1lava, Ramiro Gonz\u00e1lez, que ha destacado que la reapertura de estas instalaciones es una \u00abgran noticia\u00bb para las familias con personas con discapacidad, seg\u00fan ha informado el Gobierno foral en un comunicado.<\/p>\n<p>Zaldiharana, situado en el Valle de Arana, utiliza el caballo como elemento principal de comunicaci\u00f3n entre los profesionales terap\u00e9uticos y la persona con discapacidad. El centro ha permanecido cerrado durante varios meses para mejorar sus infraestructuras.<\/p>\n<p>Ahora, tras las inversiones realizadas por la Diputaci\u00f3n Foral de \u00c1lava -algo m\u00e1s de 150.000 euros- y del Gobierno Vasco -cerca de 250.000 euros- se ha dotado a este servicio de un espacio adecuado para llevar a cabo sus actividades.<\/p>\n<p>GRADAS Y CIERRES<\/p>\n<p>Entre otras actuaciones, se han colocado guardabotas alrededor de la pista cubierta, se ha hecho una peque\u00f1a grada en la pista, y se ha cerrado el acceso a la pista cubierta con una puerta, con el fin de que los caballos no se vuelvan a las cuadras.<\/p>\n<p>Adem\u00e1s, se han plantado \u00e1rboles en diferentes zonas de la parcela y se ha levantado un cobertizo en los prados, con el fin de procurar un lugar de protecci\u00f3n para los caballos. Por otra parte, se han instalado bebederos para los caballos en los prados y se ha colocado  una rampa de acceso para las personas que la necesiten.<\/p>\n<p>Adem\u00e1s de las terapias, de las que hasta ahora se estaban beneficiando 15 familias, Zaldiharana pretende ofrecer cursos y actividades de equitaci\u00f3n, campamentos y visitas orientadasprincipalmente al p\u00fablico infantil y juvenil. Entre los objetivos de los responsables del proyecto a medio plazo se encuentra la apertura de un centro de d\u00eda para personas con discapacidad.<\/p>\n<p>Las mejoras llevadas a cabo en esta parcela se enmarcan en el &#8216;Plan Mendialdea Biziberritzen&#8217;, destinado a potenciar el desarrollo econ\u00f3mico de la comarca, generando actividad econ\u00f3mica y oportunidades de negocio, y a  mejorar el bienestar y la calidad de vida de las personas que viven en la zona.<\/p>\n<p>Fuente: 20minutos <a href=\"https:\/\/www.20minutos.es\/noticia\/4689662\/0\/el-centro-hipico-integrador-zaldiharana-reabre-sus-puertas-tras-una-inversion-institucional-de-500-000-euros\/\" target=\"_blank\" rel=\"noopener\">El Centro H\u00edpico Integrador Zaldiharana reabre sus puertas tras una inversi\u00f3n institucional de 500.000 euros<\/a><\/p>\n","protected":false},"excerpt":{"rendered":"<p>Leemos en 20minutos la siguiente noticia que os reproducimos de forma \u00edntegra: El centro ha sido visitado este viernes por el diputado general de \u00c1lava, Ramiro Gonz\u00e1lez, que ha destacado que la reapertura de estas instalaciones es una \u00abgran noticia\u00bb para las familias con personas con discapacidad, seg\u00fan ha informado el Gobierno foral en un [&hellip;]<\/p>\n","protected":false},"author":1,"featured_media":0,"comment_status":"open","ping_status":"closed","sticky":false,"template":"","format":"standard","meta":{"footnotes":""},"categories":[8],"tags":[31],"class_list":["post-7134","post","type-post","status-publish","format-standard","hentry","category-noticias","tag-discapacidad"],"yoast_head":"<!-- This site is optimized with the Yoast SEO plugin v27.5 - https:\/\/yoast.com\/product\/yoast-seo-wordpress\/ -->\n<title>El Centro H\u00edpico Integrador Zaldiharana reabre sus puertas tras una inversi\u00f3n institucional de 500.000 euros - Asociaci\u00f3n Espa\u00f1ola S\u00edndrome de Charge<\/title>\n<meta name=\"robots\" content=\"index, follow, max-snippet:-1, max-image-preview:large, max-video-preview:-1\" \/>\n<link rel=\"canonical\" href=\"https:\/\/sindromecharge.es\/index.php\/2021\/05\/07\/el-centro-hipico-integrador-zaldiharana-reabre-sus-puertas-tras-una-inversion-institucional-de-500-000-euros\/\" \/>\n<meta property=\"og:locale\" content=\"es_ES\" \/>\n<meta property=\"og:type\" content=\"article\" \/>\n<meta property=\"og:title\" content=\"El Centro H\u00edpico Integrador Zaldiharana reabre sus puertas tras una inversi\u00f3n institucional de 500.000 euros - Asociaci\u00f3n Espa\u00f1ola S\u00edndrome de Charge\" \/>\n<meta property=\"og:description\" content=\"Leemos en 20minutos la siguiente noticia que os reproducimos de forma \u00edntegra: El centro ha sido visitado este viernes por el diputado general de \u00c1lava, Ramiro Gonz\u00e1lez, que ha destacado que la reapertura de estas instalaciones es una \u00abgran noticia\u00bb para las familias con personas con discapacidad, seg\u00fan ha informado el Gobierno foral en un [&hellip;]\" \/>\n<meta property=\"og:url\" content=\"https:\/\/sindromecharge.es\/index.php\/2021\/05\/07\/el-centro-hipico-integrador-zaldiharana-reabre-sus-puertas-tras-una-inversion-institucional-de-500-000-euros\/\" \/>\n<meta property=\"og:site_name\" content=\"Asociaci\u00f3n Espa\u00f1ola S\u00edndrome de Charge\" \/>\n<meta property=\"article:publisher\" content=\"https:\/\/www.facebook.com\/asociacionsindromecharge\" \/>\n<meta property=\"article:published_time\" content=\"2021-05-07T15:44:14+00:00\" \/>\n<meta property=\"og:image\" content=\"https:\/\/sindromecharge.es\/wp-content\/uploads\/2013\/09\/logodecharge300x98.png\" \/>\n\t<meta property=\"og:image:width\" content=\"300\" \/>\n\t<meta property=\"og:image:height\" content=\"98\" \/>\n\t<meta property=\"og:image:type\" content=\"image\/png\" \/>\n<meta name=\"author\" content=\"Charge\" \/>\n<meta name=\"twitter:card\" content=\"summary_large_image\" \/>\n<meta name=\"twitter:creator\" content=\"@sindromecharge\" \/>\n<meta name=\"twitter:site\" content=\"@sindromecharge\" \/>\n<meta name=\"twitter:label1\" content=\"Escrito por\" \/>\n\t<meta name=\"twitter:data1\" content=\"Charge\" \/>\n\t<meta name=\"twitter:label2\" content=\"Tiempo de lectura\" \/>\n\t<meta name=\"twitter:data2\" content=\"2 minutos\" \/>\n<script type=\"application\/ld+json\" class=\"yoast-schema-graph\">{\"@context\":\"https:\\\/\\\/schema.org\",\"@graph\":[{\"@type\":\"Article\",\"@id\":\"https:\\\/\\\/sindromecharge.es\\\/index.php\\\/2021\\\/05\\\/07\\\/el-centro-hipico-integrador-zaldiharana-reabre-sus-puertas-tras-una-inversion-institucional-de-500-000-euros\\\/#article\",\"isPartOf\":{\"@id\":\"https:\\\/\\\/sindromecharge.es\\\/index.php\\\/2021\\\/05\\\/07\\\/el-centro-hipico-integrador-zaldiharana-reabre-sus-puertas-tras-una-inversion-institucional-de-500-000-euros\\\/\"},\"author\":{\"name\":\"Charge\",\"@id\":\"https:\\\/\\\/sindromecharge.es\\\/#\\\/schema\\\/person\\\/39a60ebe0a2b4d5a11179701e336b039\"},\"headline\":\"El Centro H\u00edpico Integrador Zaldiharana reabre sus puertas tras una inversi\u00f3n institucional de 500.000 euros\",\"datePublished\":\"2021-05-07T15:44:14+00:00\",\"mainEntityOfPage\":{\"@id\":\"https:\\\/\\\/sindromecharge.es\\\/index.php\\\/2021\\\/05\\\/07\\\/el-centro-hipico-integrador-zaldiharana-reabre-sus-puertas-tras-una-inversion-institucional-de-500-000-euros\\\/\"},\"wordCount\":391,\"commentCount\":0,\"keywords\":[\"discapacidad\"],\"articleSection\":[\"noticias\"],\"inLanguage\":\"es\",\"potentialAction\":[{\"@type\":\"CommentAction\",\"name\":\"Comment\",\"target\":[\"https:\\\/\\\/sindromecharge.es\\\/index.php\\\/2021\\\/05\\\/07\\\/el-centro-hipico-integrador-zaldiharana-reabre-sus-puertas-tras-una-inversion-institucional-de-500-000-euros\\\/#respond\"]}]},{\"@type\":\"WebPage\",\"@id\":\"https:\\\/\\\/sindromecharge.es\\\/index.php\\\/2021\\\/05\\\/07\\\/el-centro-hipico-integrador-zaldiharana-reabre-sus-puertas-tras-una-inversion-institucional-de-500-000-euros\\\/\",\"url\":\"https:\\\/\\\/sindromecharge.es\\\/index.php\\\/2021\\\/05\\\/07\\\/el-centro-hipico-integrador-zaldiharana-reabre-sus-puertas-tras-una-inversion-institucional-de-500-000-euros\\\/\",\"name\":\"El Centro H\u00edpico Integrador Zaldiharana reabre sus puertas tras una inversi\u00f3n institucional de 500.000 euros - Asociaci\u00f3n Espa\u00f1ola S\u00edndrome de Charge\",\"isPartOf\":{\"@id\":\"https:\\\/\\\/sindromecharge.es\\\/#website\"},\"datePublished\":\"2021-05-07T15:44:14+00:00\",\"author\":{\"@id\":\"https:\\\/\\\/sindromecharge.es\\\/#\\\/schema\\\/person\\\/39a60ebe0a2b4d5a11179701e336b039\"},\"breadcrumb\":{\"@id\":\"https:\\\/\\\/sindromecharge.es\\\/index.php\\\/2021\\\/05\\\/07\\\/el-centro-hipico-integrador-zaldiharana-reabre-sus-puertas-tras-una-inversion-institucional-de-500-000-euros\\\/#breadcrumb\"},\"inLanguage\":\"es\",\"potentialAction\":[{\"@type\":\"ReadAction\",\"target\":[\"https:\\\/\\\/sindromecharge.es\\\/index.php\\\/2021\\\/05\\\/07\\\/el-centro-hipico-integrador-zaldiharana-reabre-sus-puertas-tras-una-inversion-institucional-de-500-000-euros\\\/\"]}]},{\"@type\":\"BreadcrumbList\",\"@id\":\"https:\\\/\\\/sindromecharge.es\\\/index.php\\\/2021\\\/05\\\/07\\\/el-centro-hipico-integrador-zaldiharana-reabre-sus-puertas-tras-una-inversion-institucional-de-500-000-euros\\\/#breadcrumb\",\"itemListElement\":[{\"@type\":\"ListItem\",\"position\":1,\"name\":\"Portada\",\"item\":\"https:\\\/\\\/sindromecharge.es\\\/\"},{\"@type\":\"ListItem\",\"position\":2,\"name\":\"El Centro H\u00edpico Integrador Zaldiharana reabre sus puertas tras una inversi\u00f3n institucional de 500.000 euros\"}]},{\"@type\":\"WebSite\",\"@id\":\"https:\\\/\\\/sindromecharge.es\\\/#website\",\"url\":\"https:\\\/\\\/sindromecharge.es\\\/\",\"name\":\"Asociaci\u00f3n Espa\u00f1ola S\u00edndrome de Charge\",\"description\":\"\",\"potentialAction\":[{\"@type\":\"SearchAction\",\"target\":{\"@type\":\"EntryPoint\",\"urlTemplate\":\"https:\\\/\\\/sindromecharge.es\\\/?s={search_term_string}\"},\"query-input\":{\"@type\":\"PropertyValueSpecification\",\"valueRequired\":true,\"valueName\":\"search_term_string\"}}],\"inLanguage\":\"es\"},{\"@type\":\"Person\",\"@id\":\"https:\\\/\\\/sindromecharge.es\\\/#\\\/schema\\\/person\\\/39a60ebe0a2b4d5a11179701e336b039\",\"name\":\"Charge\",\"image\":{\"@type\":\"ImageObject\",\"inLanguage\":\"es\",\"@id\":\"https:\\\/\\\/secure.gravatar.com\\\/avatar\\\/c3b46e32a0fc3b093a0873fb767bf3293de856293065e84ef06b7ec7a8acfb98?s=96&d=identicon&r=x\",\"url\":\"https:\\\/\\\/secure.gravatar.com\\\/avatar\\\/c3b46e32a0fc3b093a0873fb767bf3293de856293065e84ef06b7ec7a8acfb98?s=96&d=identicon&r=x\",\"contentUrl\":\"https:\\\/\\\/secure.gravatar.com\\\/avatar\\\/c3b46e32a0fc3b093a0873fb767bf3293de856293065e84ef06b7ec7a8acfb98?s=96&d=identicon&r=x\",\"caption\":\"Charge\"},\"url\":\"https:\\\/\\\/sindromecharge.es\\\/index.php\\\/author\\\/admin\\\/\"}]}<\/script>\n<!-- \/ Yoast SEO plugin. -->","yoast_head_json":{"title":"El Centro H\u00edpico Integrador Zaldiharana reabre sus puertas tras una inversi\u00f3n institucional de 500.000 euros - Asociaci\u00f3n Espa\u00f1ola S\u00edndrome de Charge","robots":{"index":"index","follow":"follow","max-snippet":"max-snippet:-1","max-image-preview":"max-image-preview:large","max-video-preview":"max-video-preview:-1"},"canonical":"https:\/\/sindromecharge.es\/index.php\/2021\/05\/07\/el-centro-hipico-integrador-zaldiharana-reabre-sus-puertas-tras-una-inversion-institucional-de-500-000-euros\/","og_locale":"es_ES","og_type":"article","og_title":"El Centro H\u00edpico Integrador Zaldiharana reabre sus puertas tras una inversi\u00f3n institucional de 500.000 euros - Asociaci\u00f3n Espa\u00f1ola S\u00edndrome de Charge","og_description":"Leemos en 20minutos la siguiente noticia que os reproducimos de forma \u00edntegra: El centro ha sido visitado este viernes por el diputado general de \u00c1lava, Ramiro Gonz\u00e1lez, que ha destacado que la reapertura de estas instalaciones es una \u00abgran noticia\u00bb para las familias con personas con discapacidad, seg\u00fan ha informado el Gobierno foral en un [&hellip;]","og_url":"https:\/\/sindromecharge.es\/index.php\/2021\/05\/07\/el-centro-hipico-integrador-zaldiharana-reabre-sus-puertas-tras-una-inversion-institucional-de-500-000-euros\/","og_site_name":"Asociaci\u00f3n Espa\u00f1ola S\u00edndrome de Charge","article_publisher":"https:\/\/www.facebook.com\/asociacionsindromecharge","article_published_time":"2021-05-07T15:44:14+00:00","og_image":[{"width":300,"height":98,"url":"https:\/\/sindromecharge.es\/wp-content\/uploads\/2013\/09\/logodecharge300x98.png","type":"image\/png"}],"author":"Charge","twitter_card":"summary_large_image","twitter_creator":"@sindromecharge","twitter_site":"@sindromecharge","twitter_misc":{"Escrito por":"Charge","Tiempo de lectura":"2 minutos"},"schema":{"@context":"https:\/\/schema.org","@graph":[{"@type":"Article","@id":"https:\/\/sindromecharge.es\/index.php\/2021\/05\/07\/el-centro-hipico-integrador-zaldiharana-reabre-sus-puertas-tras-una-inversion-institucional-de-500-000-euros\/#article","isPartOf":{"@id":"https:\/\/sindromecharge.es\/index.php\/2021\/05\/07\/el-centro-hipico-integrador-zaldiharana-reabre-sus-puertas-tras-una-inversion-institucional-de-500-000-euros\/"},"author":{"name":"Charge","@id":"https:\/\/sindromecharge.es\/#\/schema\/person\/39a60ebe0a2b4d5a11179701e336b039"},"headline":"El Centro H\u00edpico Integrador Zaldiharana reabre sus puertas tras una inversi\u00f3n institucional de 500.000 euros","datePublished":"2021-05-07T15:44:14+00:00","mainEntityOfPage":{"@id":"https:\/\/sindromecharge.es\/index.php\/2021\/05\/07\/el-centro-hipico-integrador-zaldiharana-reabre-sus-puertas-tras-una-inversion-institucional-de-500-000-euros\/"},"wordCount":391,"commentCount":0,"keywords":["discapacidad"],"articleSection":["noticias"],"inLanguage":"es","potentialAction":[{"@type":"CommentAction","name":"Comment","target":["https:\/\/sindromecharge.es\/index.php\/2021\/05\/07\/el-centro-hipico-integrador-zaldiharana-reabre-sus-puertas-tras-una-inversion-institucional-de-500-000-euros\/#respond"]}]},{"@type":"WebPage","@id":"https:\/\/sindromecharge.es\/index.php\/2021\/05\/07\/el-centro-hipico-integrador-zaldiharana-reabre-sus-puertas-tras-una-inversion-institucional-de-500-000-euros\/","url":"https:\/\/sindromecharge.es\/index.php\/2021\/05\/07\/el-centro-hipico-integrador-zaldiharana-reabre-sus-puertas-tras-una-inversion-institucional-de-500-000-euros\/","name":"El Centro H\u00edpico Integrador Zaldiharana reabre sus puertas tras una inversi\u00f3n institucional de 500.000 euros - Asociaci\u00f3n Espa\u00f1ola S\u00edndrome de Charge","isPartOf":{"@id":"https:\/\/sindromecharge.es\/#website"},"datePublished":"2021-05-07T15:44:14+00:00","author":{"@id":"https:\/\/sindromecharge.es\/#\/schema\/person\/39a60ebe0a2b4d5a11179701e336b039"},"breadcrumb":{"@id":"https:\/\/sindromecharge.es\/index.php\/2021\/05\/07\/el-centro-hipico-integrador-zaldiharana-reabre-sus-puertas-tras-una-inversion-institucional-de-500-000-euros\/#breadcrumb"},"inLanguage":"es","potentialAction":[{"@type":"ReadAction","target":["https:\/\/sindromecharge.es\/index.php\/2021\/05\/07\/el-centro-hipico-integrador-zaldiharana-reabre-sus-puertas-tras-una-inversion-institucional-de-500-000-euros\/"]}]},{"@type":"BreadcrumbList","@id":"https:\/\/sindromecharge.es\/index.php\/2021\/05\/07\/el-centro-hipico-integrador-zaldiharana-reabre-sus-puertas-tras-una-inversion-institucional-de-500-000-euros\/#breadcrumb","itemListElement":[{"@type":"ListItem","position":1,"name":"Portada","item":"https:\/\/sindromecharge.es\/"},{"@type":"ListItem","position":2,"name":"El Centro H\u00edpico Integrador Zaldiharana reabre sus puertas tras una inversi\u00f3n institucional de 500.000 euros"}]},{"@type":"WebSite","@id":"https:\/\/sindromecharge.es\/#website","url":"https:\/\/sindromecharge.es\/","name":"Asociaci\u00f3n Espa\u00f1ola S\u00edndrome de Charge","description":"","potentialAction":[{"@type":"SearchAction","target":{"@type":"EntryPoint","urlTemplate":"https:\/\/sindromecharge.es\/?s={search_term_string}"},"query-input":{"@type":"PropertyValueSpecification","valueRequired":true,"valueName":"search_term_string"}}],"inLanguage":"es"},{"@type":"Person","@id":"https:\/\/sindromecharge.es\/#\/schema\/person\/39a60ebe0a2b4d5a11179701e336b039","name":"Charge","image":{"@type":"ImageObject","inLanguage":"es","@id":"https:\/\/secure.gravatar.com\/avatar\/c3b46e32a0fc3b093a0873fb767bf3293de856293065e84ef06b7ec7a8acfb98?s=96&d=identicon&r=x","url":"https:\/\/secure.gravatar.com\/avatar\/c3b46e32a0fc3b093a0873fb767bf3293de856293065e84ef06b7ec7a8acfb98?s=96&d=identicon&r=x","contentUrl":"https:\/\/secure.gravatar.com\/avatar\/c3b46e32a0fc3b093a0873fb767bf3293de856293065e84ef06b7ec7a8acfb98?s=96&d=identicon&r=x","caption":"Charge"},"url":"https:\/\/sindromecharge.es\/index.php\/author\/admin\/"}]}},"_links":{"self":[{"href":"https:\/\/sindromecharge.es\/index.php\/wp-json\/wp\/v2\/posts\/7134","targetHints":{"allow":["GET"]}}],"collection":[{"href":"https:\/\/sindromecharge.es\/index.php\/wp-json\/wp\/v2\/posts"}],"about":[{"href":"https:\/\/sindromecharge.es\/index.php\/wp-json\/wp\/v2\/types\/post"}],"author":[{"embeddable":true,"href":"https:\/\/sindromecharge.es\/index.php\/wp-json\/wp\/v2\/users\/1"}],"replies":[{"embeddable":true,"href":"https:\/\/sindromecharge.es\/index.php\/wp-json\/wp\/v2\/comments?post=7134"}],"version-history":[{"count":0,"href":"https:\/\/sindromecharge.es\/index.php\/wp-json\/wp\/v2\/posts\/7134\/revisions"}],"wp:attachment":[{"href":"https:\/\/sindromecharge.es\/index.php\/wp-json\/wp\/v2\/media?parent=7134"}],"wp:term":[{"taxonomy":"category","embeddable":true,"href":"https:\/\/sindromecharge.es\/index.php\/wp-json\/wp\/v2\/categories?post=7134"},{"taxonomy":"post_tag","embeddable":true,"href":"https:\/\/sindromecharge.es\/index.php\/wp-json\/wp\/v2\/tags?post=7134"}],"curies":[{"name":"wp","href":"https:\/\/api.w.org\/{rel}","templated":true}]}}