{"id":7132,"date":"2021-05-07T07:51:12","date_gmt":"2021-05-07T07:51:12","guid":{"rendered":"https:\/\/sindromecharge.es\/index.php\/2021\/05\/07\/nos-adherimos-al-dia-internacional-de-la-talasemia\/"},"modified":"2021-05-07T07:51:12","modified_gmt":"2021-05-07T07:51:12","slug":"nos-adherimos-al-dia-internacional-de-la-talasemia","status":"publish","type":"post","link":"https:\/\/sindromecharge.es\/index.php\/2021\/05\/07\/nos-adherimos-al-dia-internacional-de-la-talasemia\/","title":{"rendered":"Nos adherimos al D\u00eda Internacional de la Talasemia"},"content":{"rendered":"<p>Leemos en FEDER la siguiente noticia que os reproducimos de forma \u00edntegra: <\/p>\n<p><p>El 8 de mayo se celebra el D\u00eda Internacional de la Talasemia con el fin de visibilizar esta enfermedad poco frecuente y fomentar la investigaci\u00f3n sobre la enfermedad para conseguir un diagnostico precoz y un tratamiento eficaz. Por ello, desde la Federaci\u00f3n Espa\u00f1ola de Enfermedades Raras nos queremos sumar a esta jornada de esperanza y lucha, mostrando todo nuestro apoyo a esas personas que conviven con la Talasemia y que se tiene que enfrentar a diario a las adversidades que les presenta la enfermedad.<\/p>\n<p>Las talasemias son un grupo heterog\u00e9neo de anemias hipocr\u00f3micas (anemias caracterizadas por gl\u00f3bulos rojos p\u00e1lidos, por la baja concentraci\u00f3n de hemoglobina) hereditarias de gravedad variable. Los defectos gen\u00e9ticos subyacentes consisten en deleciones (deleci\u00f3n es la p\u00e9rdida total o parcial del material gen\u00e9tico) totales o parciales de los genes de las cadenas alfa de la globina, que es una prote\u00edna que forma parte de la hemoglobina (Hb) y su fundamental misi\u00f3n es la de transportar al grupo hemo, que aporta el ox\u00edgeno a la sangre. En general las cadenas de globina que sintetizan los hemat\u00edes talas\u00e9micos son estructuralmente normales.<\/p>\n<p>\u00abDesde FEDER nos unimos a esta jornada para potenciar la transformaci\u00f3n social y la difusi\u00f3n de informaci\u00f3n de esta patolog\u00eda. Adem\u00e1s, queremos ofrecer todo nuestro apoyo y fuerza a las personas que conviven con Talasemia, a sus familias y al tejido asociativo\u00bb afirma Juan Carri\u00f3n, presidente de FEDER y su Fundaci\u00f3n.<\/p>\n<p>La Federaci\u00f3n tambi\u00e9n reconoce y aplaude la labor de las entidades del movimiento asociativo vinculado a la enfermedad ya que, son un apoyo fundamental para pacientes y familiares que acuden a ellas en busca de respuesta a sus dudas, adem\u00e1s de encontrar a personas en situaciones similares con quien compartir conocimientos. Esto es posible gracias a entidades como la Asociaci\u00f3n Espa\u00f1ola de Lucha contra las Hemoglobinopat\u00edas y Talasemias, que tiene como objetivo principal mejorar la calidad de vida de los pacientes que tienen esta enfermedad poco frecuente.<\/p>\n<p>\u00daltima actualizaci\u00f3n 07\/05\/2021<\/p>\n<\/p>\n<p>Fuente: FEDER <a href=\"https:\/\/enfermedades-raras.org\/index.php\/actualidad\/noticias-eventos\/2-feder\/15316-nos-adherimos-al-d%C3%ADa-internacional-de-la-talasemia\" target=\"_blank\" rel=\"noopener\">Nos adherimos al D\u00eda Internacional de la Talasemia<\/a><\/p>\n","protected":false},"excerpt":{"rendered":"<p>Leemos en FEDER la siguiente noticia que os reproducimos de forma \u00edntegra: El 8 de mayo se celebra el D\u00eda Internacional de la Talasemia con el fin de visibilizar esta enfermedad poco frecuente y fomentar la investigaci\u00f3n sobre la enfermedad para conseguir un diagnostico precoz y un tratamiento eficaz. Por ello, desde la Federaci\u00f3n Espa\u00f1ola [&hellip;]<\/p>\n","protected":false},"author":1,"featured_media":0,"comment_status":"open","ping_status":"closed","sticky":false,"template":"","format":"standard","meta":{"footnotes":""},"categories":[8],"tags":[36],"class_list":["post-7132","post","type-post","status-publish","format-standard","hentry","category-noticias","tag-enfermedades-raras"],"yoast_head":"<!-- This site is optimized with the Yoast SEO plugin v27.5 - https:\/\/yoast.com\/product\/yoast-seo-wordpress\/ -->\n<title>Nos adherimos al D\u00eda Internacional de la Talasemia - Asociaci\u00f3n Espa\u00f1ola S\u00edndrome de Charge<\/title>\n<meta name=\"robots\" content=\"index, follow, max-snippet:-1, max-image-preview:large, max-video-preview:-1\" \/>\n<link rel=\"canonical\" href=\"https:\/\/sindromecharge.es\/index.php\/2021\/05\/07\/nos-adherimos-al-dia-internacional-de-la-talasemia\/\" \/>\n<meta property=\"og:locale\" content=\"es_ES\" \/>\n<meta property=\"og:type\" content=\"article\" \/>\n<meta property=\"og:title\" content=\"Nos adherimos al D\u00eda Internacional de la Talasemia - Asociaci\u00f3n Espa\u00f1ola S\u00edndrome de Charge\" \/>\n<meta property=\"og:description\" content=\"Leemos en FEDER la siguiente noticia que os reproducimos de forma \u00edntegra: El 8 de mayo se celebra el D\u00eda Internacional de la Talasemia con el fin de visibilizar esta enfermedad poco frecuente y fomentar la investigaci\u00f3n sobre la enfermedad para conseguir un diagnostico precoz y un tratamiento eficaz. Por ello, desde la Federaci\u00f3n Espa\u00f1ola [&hellip;]\" \/>\n<meta property=\"og:url\" content=\"https:\/\/sindromecharge.es\/index.php\/2021\/05\/07\/nos-adherimos-al-dia-internacional-de-la-talasemia\/\" \/>\n<meta property=\"og:site_name\" content=\"Asociaci\u00f3n Espa\u00f1ola S\u00edndrome de Charge\" \/>\n<meta property=\"article:publisher\" content=\"https:\/\/www.facebook.com\/asociacionsindromecharge\" \/>\n<meta property=\"article:published_time\" content=\"2021-05-07T07:51:12+00:00\" \/>\n<meta property=\"og:image\" content=\"https:\/\/sindromecharge.es\/wp-content\/uploads\/2013\/09\/logodecharge300x98.png\" \/>\n\t<meta property=\"og:image:width\" content=\"300\" \/>\n\t<meta property=\"og:image:height\" content=\"98\" \/>\n\t<meta property=\"og:image:type\" content=\"image\/png\" \/>\n<meta name=\"author\" content=\"Charge\" \/>\n<meta name=\"twitter:card\" content=\"summary_large_image\" \/>\n<meta name=\"twitter:creator\" content=\"@sindromecharge\" \/>\n<meta name=\"twitter:site\" content=\"@sindromecharge\" \/>\n<meta name=\"twitter:label1\" content=\"Escrito por\" \/>\n\t<meta name=\"twitter:data1\" content=\"Charge\" \/>\n\t<meta name=\"twitter:label2\" content=\"Tiempo de lectura\" \/>\n\t<meta name=\"twitter:data2\" content=\"2 minutos\" \/>\n<script type=\"application\/ld+json\" class=\"yoast-schema-graph\">{\"@context\":\"https:\\\/\\\/schema.org\",\"@graph\":[{\"@type\":\"Article\",\"@id\":\"https:\\\/\\\/sindromecharge.es\\\/index.php\\\/2021\\\/05\\\/07\\\/nos-adherimos-al-dia-internacional-de-la-talasemia\\\/#article\",\"isPartOf\":{\"@id\":\"https:\\\/\\\/sindromecharge.es\\\/index.php\\\/2021\\\/05\\\/07\\\/nos-adherimos-al-dia-internacional-de-la-talasemia\\\/\"},\"author\":{\"name\":\"Charge\",\"@id\":\"https:\\\/\\\/sindromecharge.es\\\/#\\\/schema\\\/person\\\/39a60ebe0a2b4d5a11179701e336b039\"},\"headline\":\"Nos adherimos al D\u00eda Internacional de la Talasemia\",\"datePublished\":\"2021-05-07T07:51:12+00:00\",\"mainEntityOfPage\":{\"@id\":\"https:\\\/\\\/sindromecharge.es\\\/index.php\\\/2021\\\/05\\\/07\\\/nos-adherimos-al-dia-internacional-de-la-talasemia\\\/\"},\"wordCount\":385,\"commentCount\":0,\"keywords\":[\"enfermedades raras\"],\"articleSection\":[\"noticias\"],\"inLanguage\":\"es\",\"potentialAction\":[{\"@type\":\"CommentAction\",\"name\":\"Comment\",\"target\":[\"https:\\\/\\\/sindromecharge.es\\\/index.php\\\/2021\\\/05\\\/07\\\/nos-adherimos-al-dia-internacional-de-la-talasemia\\\/#respond\"]}]},{\"@type\":\"WebPage\",\"@id\":\"https:\\\/\\\/sindromecharge.es\\\/index.php\\\/2021\\\/05\\\/07\\\/nos-adherimos-al-dia-internacional-de-la-talasemia\\\/\",\"url\":\"https:\\\/\\\/sindromecharge.es\\\/index.php\\\/2021\\\/05\\\/07\\\/nos-adherimos-al-dia-internacional-de-la-talasemia\\\/\",\"name\":\"Nos adherimos al D\u00eda Internacional de la Talasemia - Asociaci\u00f3n Espa\u00f1ola S\u00edndrome de Charge\",\"isPartOf\":{\"@id\":\"https:\\\/\\\/sindromecharge.es\\\/#website\"},\"datePublished\":\"2021-05-07T07:51:12+00:00\",\"author\":{\"@id\":\"https:\\\/\\\/sindromecharge.es\\\/#\\\/schema\\\/person\\\/39a60ebe0a2b4d5a11179701e336b039\"},\"breadcrumb\":{\"@id\":\"https:\\\/\\\/sindromecharge.es\\\/index.php\\\/2021\\\/05\\\/07\\\/nos-adherimos-al-dia-internacional-de-la-talasemia\\\/#breadcrumb\"},\"inLanguage\":\"es\",\"potentialAction\":[{\"@type\":\"ReadAction\",\"target\":[\"https:\\\/\\\/sindromecharge.es\\\/index.php\\\/2021\\\/05\\\/07\\\/nos-adherimos-al-dia-internacional-de-la-talasemia\\\/\"]}]},{\"@type\":\"BreadcrumbList\",\"@id\":\"https:\\\/\\\/sindromecharge.es\\\/index.php\\\/2021\\\/05\\\/07\\\/nos-adherimos-al-dia-internacional-de-la-talasemia\\\/#breadcrumb\",\"itemListElement\":[{\"@type\":\"ListItem\",\"position\":1,\"name\":\"Portada\",\"item\":\"https:\\\/\\\/sindromecharge.es\\\/\"},{\"@type\":\"ListItem\",\"position\":2,\"name\":\"Nos adherimos al D\u00eda Internacional de la Talasemia\"}]},{\"@type\":\"WebSite\",\"@id\":\"https:\\\/\\\/sindromecharge.es\\\/#website\",\"url\":\"https:\\\/\\\/sindromecharge.es\\\/\",\"name\":\"Asociaci\u00f3n Espa\u00f1ola S\u00edndrome de Charge\",\"description\":\"\",\"potentialAction\":[{\"@type\":\"SearchAction\",\"target\":{\"@type\":\"EntryPoint\",\"urlTemplate\":\"https:\\\/\\\/sindromecharge.es\\\/?s={search_term_string}\"},\"query-input\":{\"@type\":\"PropertyValueSpecification\",\"valueRequired\":true,\"valueName\":\"search_term_string\"}}],\"inLanguage\":\"es\"},{\"@type\":\"Person\",\"@id\":\"https:\\\/\\\/sindromecharge.es\\\/#\\\/schema\\\/person\\\/39a60ebe0a2b4d5a11179701e336b039\",\"name\":\"Charge\",\"image\":{\"@type\":\"ImageObject\",\"inLanguage\":\"es\",\"@id\":\"https:\\\/\\\/secure.gravatar.com\\\/avatar\\\/c3b46e32a0fc3b093a0873fb767bf3293de856293065e84ef06b7ec7a8acfb98?s=96&d=identicon&r=x\",\"url\":\"https:\\\/\\\/secure.gravatar.com\\\/avatar\\\/c3b46e32a0fc3b093a0873fb767bf3293de856293065e84ef06b7ec7a8acfb98?s=96&d=identicon&r=x\",\"contentUrl\":\"https:\\\/\\\/secure.gravatar.com\\\/avatar\\\/c3b46e32a0fc3b093a0873fb767bf3293de856293065e84ef06b7ec7a8acfb98?s=96&d=identicon&r=x\",\"caption\":\"Charge\"},\"url\":\"https:\\\/\\\/sindromecharge.es\\\/index.php\\\/author\\\/admin\\\/\"}]}<\/script>\n<!-- \/ Yoast SEO plugin. -->","yoast_head_json":{"title":"Nos adherimos al D\u00eda Internacional de la Talasemia - Asociaci\u00f3n Espa\u00f1ola S\u00edndrome de Charge","robots":{"index":"index","follow":"follow","max-snippet":"max-snippet:-1","max-image-preview":"max-image-preview:large","max-video-preview":"max-video-preview:-1"},"canonical":"https:\/\/sindromecharge.es\/index.php\/2021\/05\/07\/nos-adherimos-al-dia-internacional-de-la-talasemia\/","og_locale":"es_ES","og_type":"article","og_title":"Nos adherimos al D\u00eda Internacional de la Talasemia - Asociaci\u00f3n Espa\u00f1ola S\u00edndrome de Charge","og_description":"Leemos en FEDER la siguiente noticia que os reproducimos de forma \u00edntegra: El 8 de mayo se celebra el D\u00eda Internacional de la Talasemia con el fin de visibilizar esta enfermedad poco frecuente y fomentar la investigaci\u00f3n sobre la enfermedad para conseguir un diagnostico precoz y un tratamiento eficaz. Por ello, desde la Federaci\u00f3n Espa\u00f1ola [&hellip;]","og_url":"https:\/\/sindromecharge.es\/index.php\/2021\/05\/07\/nos-adherimos-al-dia-internacional-de-la-talasemia\/","og_site_name":"Asociaci\u00f3n Espa\u00f1ola S\u00edndrome de Charge","article_publisher":"https:\/\/www.facebook.com\/asociacionsindromecharge","article_published_time":"2021-05-07T07:51:12+00:00","og_image":[{"width":300,"height":98,"url":"https:\/\/sindromecharge.es\/wp-content\/uploads\/2013\/09\/logodecharge300x98.png","type":"image\/png"}],"author":"Charge","twitter_card":"summary_large_image","twitter_creator":"@sindromecharge","twitter_site":"@sindromecharge","twitter_misc":{"Escrito por":"Charge","Tiempo de lectura":"2 minutos"},"schema":{"@context":"https:\/\/schema.org","@graph":[{"@type":"Article","@id":"https:\/\/sindromecharge.es\/index.php\/2021\/05\/07\/nos-adherimos-al-dia-internacional-de-la-talasemia\/#article","isPartOf":{"@id":"https:\/\/sindromecharge.es\/index.php\/2021\/05\/07\/nos-adherimos-al-dia-internacional-de-la-talasemia\/"},"author":{"name":"Charge","@id":"https:\/\/sindromecharge.es\/#\/schema\/person\/39a60ebe0a2b4d5a11179701e336b039"},"headline":"Nos adherimos al D\u00eda Internacional de la Talasemia","datePublished":"2021-05-07T07:51:12+00:00","mainEntityOfPage":{"@id":"https:\/\/sindromecharge.es\/index.php\/2021\/05\/07\/nos-adherimos-al-dia-internacional-de-la-talasemia\/"},"wordCount":385,"commentCount":0,"keywords":["enfermedades raras"],"articleSection":["noticias"],"inLanguage":"es","potentialAction":[{"@type":"CommentAction","name":"Comment","target":["https:\/\/sindromecharge.es\/index.php\/2021\/05\/07\/nos-adherimos-al-dia-internacional-de-la-talasemia\/#respond"]}]},{"@type":"WebPage","@id":"https:\/\/sindromecharge.es\/index.php\/2021\/05\/07\/nos-adherimos-al-dia-internacional-de-la-talasemia\/","url":"https:\/\/sindromecharge.es\/index.php\/2021\/05\/07\/nos-adherimos-al-dia-internacional-de-la-talasemia\/","name":"Nos adherimos al D\u00eda Internacional de la Talasemia - Asociaci\u00f3n Espa\u00f1ola S\u00edndrome de Charge","isPartOf":{"@id":"https:\/\/sindromecharge.es\/#website"},"datePublished":"2021-05-07T07:51:12+00:00","author":{"@id":"https:\/\/sindromecharge.es\/#\/schema\/person\/39a60ebe0a2b4d5a11179701e336b039"},"breadcrumb":{"@id":"https:\/\/sindromecharge.es\/index.php\/2021\/05\/07\/nos-adherimos-al-dia-internacional-de-la-talasemia\/#breadcrumb"},"inLanguage":"es","potentialAction":[{"@type":"ReadAction","target":["https:\/\/sindromecharge.es\/index.php\/2021\/05\/07\/nos-adherimos-al-dia-internacional-de-la-talasemia\/"]}]},{"@type":"BreadcrumbList","@id":"https:\/\/sindromecharge.es\/index.php\/2021\/05\/07\/nos-adherimos-al-dia-internacional-de-la-talasemia\/#breadcrumb","itemListElement":[{"@type":"ListItem","position":1,"name":"Portada","item":"https:\/\/sindromecharge.es\/"},{"@type":"ListItem","position":2,"name":"Nos adherimos al D\u00eda Internacional de la Talasemia"}]},{"@type":"WebSite","@id":"https:\/\/sindromecharge.es\/#website","url":"https:\/\/sindromecharge.es\/","name":"Asociaci\u00f3n Espa\u00f1ola S\u00edndrome de Charge","description":"","potentialAction":[{"@type":"SearchAction","target":{"@type":"EntryPoint","urlTemplate":"https:\/\/sindromecharge.es\/?s={search_term_string}"},"query-input":{"@type":"PropertyValueSpecification","valueRequired":true,"valueName":"search_term_string"}}],"inLanguage":"es"},{"@type":"Person","@id":"https:\/\/sindromecharge.es\/#\/schema\/person\/39a60ebe0a2b4d5a11179701e336b039","name":"Charge","image":{"@type":"ImageObject","inLanguage":"es","@id":"https:\/\/secure.gravatar.com\/avatar\/c3b46e32a0fc3b093a0873fb767bf3293de856293065e84ef06b7ec7a8acfb98?s=96&d=identicon&r=x","url":"https:\/\/secure.gravatar.com\/avatar\/c3b46e32a0fc3b093a0873fb767bf3293de856293065e84ef06b7ec7a8acfb98?s=96&d=identicon&r=x","contentUrl":"https:\/\/secure.gravatar.com\/avatar\/c3b46e32a0fc3b093a0873fb767bf3293de856293065e84ef06b7ec7a8acfb98?s=96&d=identicon&r=x","caption":"Charge"},"url":"https:\/\/sindromecharge.es\/index.php\/author\/admin\/"}]}},"_links":{"self":[{"href":"https:\/\/sindromecharge.es\/index.php\/wp-json\/wp\/v2\/posts\/7132","targetHints":{"allow":["GET"]}}],"collection":[{"href":"https:\/\/sindromecharge.es\/index.php\/wp-json\/wp\/v2\/posts"}],"about":[{"href":"https:\/\/sindromecharge.es\/index.php\/wp-json\/wp\/v2\/types\/post"}],"author":[{"embeddable":true,"href":"https:\/\/sindromecharge.es\/index.php\/wp-json\/wp\/v2\/users\/1"}],"replies":[{"embeddable":true,"href":"https:\/\/sindromecharge.es\/index.php\/wp-json\/wp\/v2\/comments?post=7132"}],"version-history":[{"count":0,"href":"https:\/\/sindromecharge.es\/index.php\/wp-json\/wp\/v2\/posts\/7132\/revisions"}],"wp:attachment":[{"href":"https:\/\/sindromecharge.es\/index.php\/wp-json\/wp\/v2\/media?parent=7132"}],"wp:term":[{"taxonomy":"category","embeddable":true,"href":"https:\/\/sindromecharge.es\/index.php\/wp-json\/wp\/v2\/categories?post=7132"},{"taxonomy":"post_tag","embeddable":true,"href":"https:\/\/sindromecharge.es\/index.php\/wp-json\/wp\/v2\/tags?post=7132"}],"curies":[{"name":"wp","href":"https:\/\/api.w.org\/{rel}","templated":true}]}}