{"id":7131,"date":"2021-05-07T06:39:37","date_gmt":"2021-05-07T06:39:37","guid":{"rendered":"https:\/\/sindromecharge.es\/index.php\/2021\/05\/07\/conartritis-reclama-poner-en-marcha-con-urgencia-el-nuevo-baremo-de-discapacidad\/"},"modified":"2021-05-07T06:39:37","modified_gmt":"2021-05-07T06:39:37","slug":"conartritis-reclama-poner-en-marcha-con-urgencia-el-nuevo-baremo-de-discapacidad","status":"publish","type":"post","link":"https:\/\/sindromecharge.es\/index.php\/2021\/05\/07\/conartritis-reclama-poner-en-marcha-con-urgencia-el-nuevo-baremo-de-discapacidad\/","title":{"rendered":"ConArtritis reclama poner en marcha con urgencia el nuevo baremo de discapacidad"},"content":{"rendered":"<p>Leemos en FEDER la siguiente noticia que os reproducimos de forma \u00edntegra: <\/p>\n<p><p>Fuente: Conartritis. Con motivo del D\u00eda Nacional de la Convenci\u00f3n sobre los Derechos de las Personas con Discapacidad de Naciones Unidas, ConArtritis, COCEMFE y su Movimiento Asociativo reclaman la puesta en marcha del nuevo baremo de valoraci\u00f3n del grado de discapacidad, ya que representa la puerta de acceso al sistema de derechos establecidos en nuestro pa\u00eds y lleva m\u00e1s de 20 a\u00f1os sin renovarse.<\/p>\n<p>\u201cConsideramos necesario y fundamental que se actualice el baremo, ya que el actual no valora muchas de las dificultades que tenemos las personas con una enfermedad reum\u00e1tica inmunomediada como son la artritis reumatoide, la artritis psori\u00e1sica, la artritis idiop\u00e1tica juvenil o la espondilitis anquilosantes, entre otras, en nuestro d\u00eda a d\u00eda, especialmente cuando tenemos un brote. Esto conlleva que no se tenga en cuenta nuestro grado de discapacidad y, por tanto, que no se consideren nuestros derechos y necesidades\u201d, indica Antonio I. Torralba, presidente en funciones de ConArtritis.<\/p>\n<p>\u201cNo podemos esperar m\u00e1s\u201d, afirma el presidente de COCEMFE nacional, Anxo Queiruga, tras el anuncio por parte del IMSERSO esta semana de que el nuevo baremo se aprobar\u00e1 de forma definitiva en el a\u00f1o 2022. Seg\u00fan Queiruga, \u201ces necesario y urgente que se agilicen todos los tr\u00e1mites para que el nuevo baremo se ponga en marcha lo antes posible\u201d, el cual ha sido consensuado entre organizaciones, como COCEMFE, con el Gobierno y las comunidades aut\u00f3nomas.<\/p>\n<p>El baremo del grado de discapacidad es la herramienta que \u2018mide\u2019 las dificultades que tiene una persona con una determinada enfermedad o condici\u00f3n para desenvolverse en la sociedad en igualdad de condiciones y le permite la entrada al sistema de derechos establecidos en Espa\u00f1a gracias a la obtenci\u00f3n del certificado de discapacidad.<\/p>\n<p>ConArtritis considera que el actual baremo se ha quedado obsoleto y los criterios que utiliza para valorar la discapacidad se han quedado desfasados, ya que hay situaciones y condiciones que no est\u00e1n siendo reconocidas y que afectan sobre todo a la discapacidad org\u00e1nica. Por ejemplo, es el caso de situaciones como la fatiga o el dolor, los efectos de la carga del tratamiento, enfermedades reumatol\u00f3gicas y enfermedades que cursan con brote, impidiendo que estas personas obtengan la valoraci\u00f3n del grado de discapacidad que les deber\u00eda corresponder y dificultando todav\u00eda m\u00e1s su inclusi\u00f3n y participaci\u00f3n activa en la sociedad.<\/p>\n<p>Concretamente, no obtener el certificado de discapacidad se traduce en falta de adaptaci\u00f3n curricular en la educaci\u00f3n, dificultades de acceso y mantenimiento del empleo, no poder acceder a plazas espec\u00edficas para personas con discapacidad en las oposiciones, dificultades para acceder a ciertas prestaciones econ\u00f3micas, p\u00e9rdida de amistades y relaciones por la dificultad de relacionarse con el entorno y la aparici\u00f3n de otro tipo de patolog\u00edas por el no reconocimiento de ciertos s\u00edntomas provocados por patolog\u00edas no incluidas en el baremo.<\/p>\n<p>Por ello, el actual baremo no se adapta a la Convenci\u00f3n sobre los Derechos de las Personas con Discapacidad de Naciones Unidas puesto que su enfoque gira en torno al modelo m\u00e9dico-rehabilitador de la discapacidad, es decir, se centra en el individuo y sus limitaciones, sin considerar los efectos e interrelaciones entre el entorno social y la realidad biol\u00f3gica. El nuevo baremo supondr\u00e1 su adaptaci\u00f3n a la Convenci\u00f3n, es decir, a un modelo de derechos humanos, al modelo social, contemplando la interacci\u00f3n de cada persona con su entorno y la prestaci\u00f3n de apoyos personalizados.<\/p>\n<p>Este documento incorpora mejoras para el reconocimiento de situaciones vinculadas a la discapacidad org\u00e1nica, como la fatiga o el dolor, enfermedades reumatol\u00f3gicas o enfermedades que cursan con brote. Adem\u00e1s, su implantaci\u00f3n reducir\u00eda las desigualdades a nivel territorial. A pesar de que a juicio de ConArtritis el nuevo baremo no es \u2018ideal\u2019, es necesario que se ponga en marcha para avanzar, puesto que es un trabajo consensuado en 2017 por todas las partes y se han realizado pilotajes con resultados satisfactorios en diferentes territorios.<\/p>\n<p>\u201cLas personas m\u00e1s vulnerables necesitamos respuestas m\u00e1s r\u00e1pidas y \u00e1giles de nuestras administraciones\u201d, afirma Queiruga. Por ello, ConArtritis, COCEMFE y su Movimiento Asociativo reclaman a las diferentes administraciones implicadas en los \u00faltimos tr\u00e1mites para su aprobaci\u00f3n definitiva, que agilicen todo el proceso y para que las personas tengan una valoraci\u00f3n adecuada de su discapacidad, que les permita acceder a los derechos y beneficios que implica y que tratan de compensar la falta de igualdad de oportunidades y el sobrecoste de tener una discapacidad.<\/p>\n<p>La Coordinadora Nacional de Artritis, ConArtritis, es una asociaci\u00f3n sin \u00e1nimo de lucro que engloba a 15 asociaciones de personas con artritis y otras enfermedades reum\u00e1ticas inmunomediadas de toda Espa\u00f1a y dispone de 14 delegaciones. Tiene como misi\u00f3n integrar y representar a dichas asociaciones ante las administraciones y los gestores sanitarios a fin de promover iniciativas p\u00fablicas y legislativas que redunden en la plena integraci\u00f3n social y laboral y en la mejora de la calidad de vida de los pacientes. ConArtritis proporciona a las asociaciones que engloba, su experiencia y asesor\u00eda, as\u00ed como informaci\u00f3n de relevancia sobre las enfermedades y los \u00faltimos avances m\u00e9dicos y cient\u00edficos para su tratamiento. De manera continuada, ConArtritis promueve el conocimiento de la artritis y otras enfermedades reum\u00e1ticas inmunomediadas y sus consecuencias entre la sociedad en general. www.conartritis.org<\/p>\n<p>La Confederaci\u00f3n Espa\u00f1ola de Personas con Discapacidad F\u00edsica y Org\u00e1nica (COCEMFE) es una ONG sin \u00e1nimo de lucro constituida en 1980. Su objetivo es conseguir la plena inclusi\u00f3n y participaci\u00f3n activa de las personas con discapacidad f\u00edsica y org\u00e1nica en todos los \u00e1mbitos de la sociedad, a trav\u00e9s de la promoci\u00f3n, defensa y reivindicaci\u00f3n del ejercicio de sus derechos, as\u00ed como de la coordinaci\u00f3n, representaci\u00f3n e impulso de su Movimiento Asociativo, contribuyendo as\u00ed a la construcci\u00f3n de una sociedad inclusiva y diversa. Est\u00e1 formada por 91 entidades estatales, auton\u00f3micas y provinciales que aglutinan a m\u00e1s de 1.600 asociaciones.<\/p>\n<p>\u00daltima actualizaci\u00f3n 07\/05\/2021<\/p>\n<\/p>\n<p>Fuente: FEDER <a href=\"https:\/\/enfermedades-raras.org\/index.php\/actualidad\/noticias-eventos\/2-feder\/15312-conartritis-reclama-poner-en-marcha-con-urgencia-el-nuevo-baremo-de-discapacidad\" target=\"_blank\" rel=\"noopener\">ConArtritis reclama poner en marcha con urgencia el nuevo baremo de discapacidad<\/a><\/p>\n","protected":false},"excerpt":{"rendered":"<p>Leemos en FEDER la siguiente noticia que os reproducimos de forma \u00edntegra: Fuente: Conartritis. Con motivo del D\u00eda Nacional de la Convenci\u00f3n sobre los Derechos de las Personas con Discapacidad de Naciones Unidas, ConArtritis, COCEMFE y su Movimiento Asociativo reclaman la puesta en marcha del nuevo baremo de valoraci\u00f3n del grado de discapacidad, ya que [&hellip;]<\/p>\n","protected":false},"author":1,"featured_media":0,"comment_status":"open","ping_status":"closed","sticky":false,"template":"","format":"standard","meta":{"footnotes":""},"categories":[8],"tags":[36],"class_list":["post-7131","post","type-post","status-publish","format-standard","hentry","category-noticias","tag-enfermedades-raras"],"yoast_head":"<!-- This site is optimized with the Yoast SEO plugin v27.5 - https:\/\/yoast.com\/product\/yoast-seo-wordpress\/ -->\n<title>ConArtritis reclama poner en marcha con urgencia el nuevo baremo de discapacidad - Asociaci\u00f3n Espa\u00f1ola S\u00edndrome de Charge<\/title>\n<meta name=\"robots\" content=\"index, follow, max-snippet:-1, max-image-preview:large, max-video-preview:-1\" \/>\n<link rel=\"canonical\" href=\"https:\/\/sindromecharge.es\/index.php\/2021\/05\/07\/conartritis-reclama-poner-en-marcha-con-urgencia-el-nuevo-baremo-de-discapacidad\/\" \/>\n<meta property=\"og:locale\" content=\"es_ES\" \/>\n<meta property=\"og:type\" content=\"article\" \/>\n<meta property=\"og:title\" content=\"ConArtritis reclama poner en marcha con urgencia el nuevo baremo de discapacidad - Asociaci\u00f3n Espa\u00f1ola S\u00edndrome de Charge\" \/>\n<meta property=\"og:description\" content=\"Leemos en FEDER la siguiente noticia que os reproducimos de forma \u00edntegra: Fuente: Conartritis. Con motivo del D\u00eda Nacional de la Convenci\u00f3n sobre los Derechos de las Personas con Discapacidad de Naciones Unidas, ConArtritis, COCEMFE y su Movimiento Asociativo reclaman la puesta en marcha del nuevo baremo de valoraci\u00f3n del grado de discapacidad, ya que [&hellip;]\" \/>\n<meta property=\"og:url\" content=\"https:\/\/sindromecharge.es\/index.php\/2021\/05\/07\/conartritis-reclama-poner-en-marcha-con-urgencia-el-nuevo-baremo-de-discapacidad\/\" \/>\n<meta property=\"og:site_name\" content=\"Asociaci\u00f3n Espa\u00f1ola S\u00edndrome de Charge\" \/>\n<meta property=\"article:publisher\" content=\"https:\/\/www.facebook.com\/asociacionsindromecharge\" \/>\n<meta property=\"article:published_time\" content=\"2021-05-07T06:39:37+00:00\" \/>\n<meta property=\"og:image\" content=\"https:\/\/sindromecharge.es\/wp-content\/uploads\/2013\/09\/logodecharge300x98.png\" \/>\n\t<meta property=\"og:image:width\" content=\"300\" \/>\n\t<meta property=\"og:image:height\" content=\"98\" \/>\n\t<meta property=\"og:image:type\" content=\"image\/png\" \/>\n<meta name=\"author\" content=\"Charge\" \/>\n<meta name=\"twitter:card\" content=\"summary_large_image\" \/>\n<meta name=\"twitter:creator\" content=\"@sindromecharge\" \/>\n<meta name=\"twitter:site\" content=\"@sindromecharge\" \/>\n<meta name=\"twitter:label1\" content=\"Escrito por\" \/>\n\t<meta name=\"twitter:data1\" content=\"Charge\" \/>\n\t<meta name=\"twitter:label2\" content=\"Tiempo de lectura\" \/>\n\t<meta name=\"twitter:data2\" content=\"5 minutos\" \/>\n<script type=\"application\/ld+json\" class=\"yoast-schema-graph\">{\"@context\":\"https:\\\/\\\/schema.org\",\"@graph\":[{\"@type\":\"Article\",\"@id\":\"https:\\\/\\\/sindromecharge.es\\\/index.php\\\/2021\\\/05\\\/07\\\/conartritis-reclama-poner-en-marcha-con-urgencia-el-nuevo-baremo-de-discapacidad\\\/#article\",\"isPartOf\":{\"@id\":\"https:\\\/\\\/sindromecharge.es\\\/index.php\\\/2021\\\/05\\\/07\\\/conartritis-reclama-poner-en-marcha-con-urgencia-el-nuevo-baremo-de-discapacidad\\\/\"},\"author\":{\"name\":\"Charge\",\"@id\":\"https:\\\/\\\/sindromecharge.es\\\/#\\\/schema\\\/person\\\/39a60ebe0a2b4d5a11179701e336b039\"},\"headline\":\"ConArtritis reclama poner en marcha con urgencia el nuevo baremo de discapacidad\",\"datePublished\":\"2021-05-07T06:39:37+00:00\",\"mainEntityOfPage\":{\"@id\":\"https:\\\/\\\/sindromecharge.es\\\/index.php\\\/2021\\\/05\\\/07\\\/conartritis-reclama-poner-en-marcha-con-urgencia-el-nuevo-baremo-de-discapacidad\\\/\"},\"wordCount\":1065,\"commentCount\":0,\"keywords\":[\"enfermedades raras\"],\"articleSection\":[\"noticias\"],\"inLanguage\":\"es\",\"potentialAction\":[{\"@type\":\"CommentAction\",\"name\":\"Comment\",\"target\":[\"https:\\\/\\\/sindromecharge.es\\\/index.php\\\/2021\\\/05\\\/07\\\/conartritis-reclama-poner-en-marcha-con-urgencia-el-nuevo-baremo-de-discapacidad\\\/#respond\"]}]},{\"@type\":\"WebPage\",\"@id\":\"https:\\\/\\\/sindromecharge.es\\\/index.php\\\/2021\\\/05\\\/07\\\/conartritis-reclama-poner-en-marcha-con-urgencia-el-nuevo-baremo-de-discapacidad\\\/\",\"url\":\"https:\\\/\\\/sindromecharge.es\\\/index.php\\\/2021\\\/05\\\/07\\\/conartritis-reclama-poner-en-marcha-con-urgencia-el-nuevo-baremo-de-discapacidad\\\/\",\"name\":\"ConArtritis reclama poner en marcha con urgencia el nuevo baremo de discapacidad - Asociaci\u00f3n Espa\u00f1ola S\u00edndrome de Charge\",\"isPartOf\":{\"@id\":\"https:\\\/\\\/sindromecharge.es\\\/#website\"},\"datePublished\":\"2021-05-07T06:39:37+00:00\",\"author\":{\"@id\":\"https:\\\/\\\/sindromecharge.es\\\/#\\\/schema\\\/person\\\/39a60ebe0a2b4d5a11179701e336b039\"},\"breadcrumb\":{\"@id\":\"https:\\\/\\\/sindromecharge.es\\\/index.php\\\/2021\\\/05\\\/07\\\/conartritis-reclama-poner-en-marcha-con-urgencia-el-nuevo-baremo-de-discapacidad\\\/#breadcrumb\"},\"inLanguage\":\"es\",\"potentialAction\":[{\"@type\":\"ReadAction\",\"target\":[\"https:\\\/\\\/sindromecharge.es\\\/index.php\\\/2021\\\/05\\\/07\\\/conartritis-reclama-poner-en-marcha-con-urgencia-el-nuevo-baremo-de-discapacidad\\\/\"]}]},{\"@type\":\"BreadcrumbList\",\"@id\":\"https:\\\/\\\/sindromecharge.es\\\/index.php\\\/2021\\\/05\\\/07\\\/conartritis-reclama-poner-en-marcha-con-urgencia-el-nuevo-baremo-de-discapacidad\\\/#breadcrumb\",\"itemListElement\":[{\"@type\":\"ListItem\",\"position\":1,\"name\":\"Portada\",\"item\":\"https:\\\/\\\/sindromecharge.es\\\/\"},{\"@type\":\"ListItem\",\"position\":2,\"name\":\"ConArtritis reclama poner en marcha con urgencia el nuevo baremo de discapacidad\"}]},{\"@type\":\"WebSite\",\"@id\":\"https:\\\/\\\/sindromecharge.es\\\/#website\",\"url\":\"https:\\\/\\\/sindromecharge.es\\\/\",\"name\":\"Asociaci\u00f3n Espa\u00f1ola S\u00edndrome de Charge\",\"description\":\"\",\"potentialAction\":[{\"@type\":\"SearchAction\",\"target\":{\"@type\":\"EntryPoint\",\"urlTemplate\":\"https:\\\/\\\/sindromecharge.es\\\/?s={search_term_string}\"},\"query-input\":{\"@type\":\"PropertyValueSpecification\",\"valueRequired\":true,\"valueName\":\"search_term_string\"}}],\"inLanguage\":\"es\"},{\"@type\":\"Person\",\"@id\":\"https:\\\/\\\/sindromecharge.es\\\/#\\\/schema\\\/person\\\/39a60ebe0a2b4d5a11179701e336b039\",\"name\":\"Charge\",\"image\":{\"@type\":\"ImageObject\",\"inLanguage\":\"es\",\"@id\":\"https:\\\/\\\/secure.gravatar.com\\\/avatar\\\/c3b46e32a0fc3b093a0873fb767bf3293de856293065e84ef06b7ec7a8acfb98?s=96&d=identicon&r=x\",\"url\":\"https:\\\/\\\/secure.gravatar.com\\\/avatar\\\/c3b46e32a0fc3b093a0873fb767bf3293de856293065e84ef06b7ec7a8acfb98?s=96&d=identicon&r=x\",\"contentUrl\":\"https:\\\/\\\/secure.gravatar.com\\\/avatar\\\/c3b46e32a0fc3b093a0873fb767bf3293de856293065e84ef06b7ec7a8acfb98?s=96&d=identicon&r=x\",\"caption\":\"Charge\"},\"url\":\"https:\\\/\\\/sindromecharge.es\\\/index.php\\\/author\\\/admin\\\/\"}]}<\/script>\n<!-- \/ Yoast SEO plugin. -->","yoast_head_json":{"title":"ConArtritis reclama poner en marcha con urgencia el nuevo baremo de discapacidad - Asociaci\u00f3n Espa\u00f1ola S\u00edndrome de Charge","robots":{"index":"index","follow":"follow","max-snippet":"max-snippet:-1","max-image-preview":"max-image-preview:large","max-video-preview":"max-video-preview:-1"},"canonical":"https:\/\/sindromecharge.es\/index.php\/2021\/05\/07\/conartritis-reclama-poner-en-marcha-con-urgencia-el-nuevo-baremo-de-discapacidad\/","og_locale":"es_ES","og_type":"article","og_title":"ConArtritis reclama poner en marcha con urgencia el nuevo baremo de discapacidad - Asociaci\u00f3n Espa\u00f1ola S\u00edndrome de Charge","og_description":"Leemos en FEDER la siguiente noticia que os reproducimos de forma \u00edntegra: Fuente: Conartritis. Con motivo del D\u00eda Nacional de la Convenci\u00f3n sobre los Derechos de las Personas con Discapacidad de Naciones Unidas, ConArtritis, COCEMFE y su Movimiento Asociativo reclaman la puesta en marcha del nuevo baremo de valoraci\u00f3n del grado de discapacidad, ya que [&hellip;]","og_url":"https:\/\/sindromecharge.es\/index.php\/2021\/05\/07\/conartritis-reclama-poner-en-marcha-con-urgencia-el-nuevo-baremo-de-discapacidad\/","og_site_name":"Asociaci\u00f3n Espa\u00f1ola S\u00edndrome de Charge","article_publisher":"https:\/\/www.facebook.com\/asociacionsindromecharge","article_published_time":"2021-05-07T06:39:37+00:00","og_image":[{"width":300,"height":98,"url":"https:\/\/sindromecharge.es\/wp-content\/uploads\/2013\/09\/logodecharge300x98.png","type":"image\/png"}],"author":"Charge","twitter_card":"summary_large_image","twitter_creator":"@sindromecharge","twitter_site":"@sindromecharge","twitter_misc":{"Escrito por":"Charge","Tiempo de lectura":"5 minutos"},"schema":{"@context":"https:\/\/schema.org","@graph":[{"@type":"Article","@id":"https:\/\/sindromecharge.es\/index.php\/2021\/05\/07\/conartritis-reclama-poner-en-marcha-con-urgencia-el-nuevo-baremo-de-discapacidad\/#article","isPartOf":{"@id":"https:\/\/sindromecharge.es\/index.php\/2021\/05\/07\/conartritis-reclama-poner-en-marcha-con-urgencia-el-nuevo-baremo-de-discapacidad\/"},"author":{"name":"Charge","@id":"https:\/\/sindromecharge.es\/#\/schema\/person\/39a60ebe0a2b4d5a11179701e336b039"},"headline":"ConArtritis reclama poner en marcha con urgencia el nuevo baremo de discapacidad","datePublished":"2021-05-07T06:39:37+00:00","mainEntityOfPage":{"@id":"https:\/\/sindromecharge.es\/index.php\/2021\/05\/07\/conartritis-reclama-poner-en-marcha-con-urgencia-el-nuevo-baremo-de-discapacidad\/"},"wordCount":1065,"commentCount":0,"keywords":["enfermedades raras"],"articleSection":["noticias"],"inLanguage":"es","potentialAction":[{"@type":"CommentAction","name":"Comment","target":["https:\/\/sindromecharge.es\/index.php\/2021\/05\/07\/conartritis-reclama-poner-en-marcha-con-urgencia-el-nuevo-baremo-de-discapacidad\/#respond"]}]},{"@type":"WebPage","@id":"https:\/\/sindromecharge.es\/index.php\/2021\/05\/07\/conartritis-reclama-poner-en-marcha-con-urgencia-el-nuevo-baremo-de-discapacidad\/","url":"https:\/\/sindromecharge.es\/index.php\/2021\/05\/07\/conartritis-reclama-poner-en-marcha-con-urgencia-el-nuevo-baremo-de-discapacidad\/","name":"ConArtritis reclama poner en marcha con urgencia el nuevo baremo de discapacidad - Asociaci\u00f3n Espa\u00f1ola S\u00edndrome de Charge","isPartOf":{"@id":"https:\/\/sindromecharge.es\/#website"},"datePublished":"2021-05-07T06:39:37+00:00","author":{"@id":"https:\/\/sindromecharge.es\/#\/schema\/person\/39a60ebe0a2b4d5a11179701e336b039"},"breadcrumb":{"@id":"https:\/\/sindromecharge.es\/index.php\/2021\/05\/07\/conartritis-reclama-poner-en-marcha-con-urgencia-el-nuevo-baremo-de-discapacidad\/#breadcrumb"},"inLanguage":"es","potentialAction":[{"@type":"ReadAction","target":["https:\/\/sindromecharge.es\/index.php\/2021\/05\/07\/conartritis-reclama-poner-en-marcha-con-urgencia-el-nuevo-baremo-de-discapacidad\/"]}]},{"@type":"BreadcrumbList","@id":"https:\/\/sindromecharge.es\/index.php\/2021\/05\/07\/conartritis-reclama-poner-en-marcha-con-urgencia-el-nuevo-baremo-de-discapacidad\/#breadcrumb","itemListElement":[{"@type":"ListItem","position":1,"name":"Portada","item":"https:\/\/sindromecharge.es\/"},{"@type":"ListItem","position":2,"name":"ConArtritis reclama poner en marcha con urgencia el nuevo baremo de discapacidad"}]},{"@type":"WebSite","@id":"https:\/\/sindromecharge.es\/#website","url":"https:\/\/sindromecharge.es\/","name":"Asociaci\u00f3n Espa\u00f1ola S\u00edndrome de Charge","description":"","potentialAction":[{"@type":"SearchAction","target":{"@type":"EntryPoint","urlTemplate":"https:\/\/sindromecharge.es\/?s={search_term_string}"},"query-input":{"@type":"PropertyValueSpecification","valueRequired":true,"valueName":"search_term_string"}}],"inLanguage":"es"},{"@type":"Person","@id":"https:\/\/sindromecharge.es\/#\/schema\/person\/39a60ebe0a2b4d5a11179701e336b039","name":"Charge","image":{"@type":"ImageObject","inLanguage":"es","@id":"https:\/\/secure.gravatar.com\/avatar\/c3b46e32a0fc3b093a0873fb767bf3293de856293065e84ef06b7ec7a8acfb98?s=96&d=identicon&r=x","url":"https:\/\/secure.gravatar.com\/avatar\/c3b46e32a0fc3b093a0873fb767bf3293de856293065e84ef06b7ec7a8acfb98?s=96&d=identicon&r=x","contentUrl":"https:\/\/secure.gravatar.com\/avatar\/c3b46e32a0fc3b093a0873fb767bf3293de856293065e84ef06b7ec7a8acfb98?s=96&d=identicon&r=x","caption":"Charge"},"url":"https:\/\/sindromecharge.es\/index.php\/author\/admin\/"}]}},"_links":{"self":[{"href":"https:\/\/sindromecharge.es\/index.php\/wp-json\/wp\/v2\/posts\/7131","targetHints":{"allow":["GET"]}}],"collection":[{"href":"https:\/\/sindromecharge.es\/index.php\/wp-json\/wp\/v2\/posts"}],"about":[{"href":"https:\/\/sindromecharge.es\/index.php\/wp-json\/wp\/v2\/types\/post"}],"author":[{"embeddable":true,"href":"https:\/\/sindromecharge.es\/index.php\/wp-json\/wp\/v2\/users\/1"}],"replies":[{"embeddable":true,"href":"https:\/\/sindromecharge.es\/index.php\/wp-json\/wp\/v2\/comments?post=7131"}],"version-history":[{"count":0,"href":"https:\/\/sindromecharge.es\/index.php\/wp-json\/wp\/v2\/posts\/7131\/revisions"}],"wp:attachment":[{"href":"https:\/\/sindromecharge.es\/index.php\/wp-json\/wp\/v2\/media?parent=7131"}],"wp:term":[{"taxonomy":"category","embeddable":true,"href":"https:\/\/sindromecharge.es\/index.php\/wp-json\/wp\/v2\/categories?post=7131"},{"taxonomy":"post_tag","embeddable":true,"href":"https:\/\/sindromecharge.es\/index.php\/wp-json\/wp\/v2\/tags?post=7131"}],"curies":[{"name":"wp","href":"https:\/\/api.w.org\/{rel}","templated":true}]}}