{"id":7128,"date":"2021-05-06T18:00:07","date_gmt":"2021-05-06T18:00:07","guid":{"rendered":"https:\/\/sindromecharge.es\/index.php\/2021\/05\/06\/las-visitas-y-salidas-de-centros-de-mayores-y-personas-con-discapacidad-sin-restricciones-desde-el-9-de-mayo\/"},"modified":"2021-05-06T18:00:07","modified_gmt":"2021-05-06T18:00:07","slug":"las-visitas-y-salidas-de-centros-de-mayores-y-personas-con-discapacidad-sin-restricciones-desde-el-9-de-mayo","status":"publish","type":"post","link":"https:\/\/sindromecharge.es\/index.php\/2021\/05\/06\/las-visitas-y-salidas-de-centros-de-mayores-y-personas-con-discapacidad-sin-restricciones-desde-el-9-de-mayo\/","title":{"rendered":"Las visitas y salidas de centros de mayores y personas con discapacidad, sin restricciones desde el 9 de mayo"},"content":{"rendered":"<p>Leemos en 20minutos la siguiente noticia que os reproducimos de forma \u00edntegra: <\/p>\n<p>La directora general de Dependencia, Discapacidad y Mayores, Mar\u00eda Somalo, se  ha reunido de forma telem\u00e1tica con los equipos directivos de estos centros y les ha trasladado las principales novedades. \u00abSe suprime toda limitaci\u00f3n a las salidas y visitas a los usuarios de residencias de personas mayores y personas con discapacidad salvo aquellas que, con car\u00e1cter ordinario, tengan establecidas a efectos internos y organizativos los propios centros residenciales p\u00fablicos o privados\u00bb.<\/p>\n<p>El proceso de vacunaci\u00f3n en las residencias de personas mayores y personas con discapacidad comenz\u00f3 el 27 de diciembre de 2020 y desde el 23 de febrero est\u00e1n libres de COVID-19. \u00abLa vacuna es la mejor f\u00f3rmula para combatir el virus y, los centros de personas mayores y personas con discapacidad son una prueba fehaciente de ello porque llevamos cerca de dos meses y medio sin ning\u00fan positivo\u00bb. Aun as\u00ed, Somalo ha trasladado a los equipos directivos \u00abla importancia de seguir cumpliendo escrupulosamente las medidas preventivas, higi\u00e9nicas y de distanciamiento que favorezcan la realizaci\u00f3n de las visitas de familiares en condiciones de seguridad, adem\u00e1s de garantizar unos niveles adecuados de prevenci\u00f3n y control de la infecci\u00f3n para la poblaci\u00f3n en su conjunto\u00bb.<\/p>\n<p>A lo largo del encuentro, Somalo ha desgranado el nuevo protocolo de actuaci\u00f3n elaborado por el Gobierno de La Rioja, a trav\u00e9s de la Consejer\u00eda de Servicios Sociales y Gobernanza P\u00fablica, para las residencias de personas mayores y personas con discapacidad. Y es que estos centros son especialmente sensibles por la situaci\u00f3n de vulnerabilidad en la que se encuentra un alto porcentaje de sus residentes.<\/p>\n<p>\u00abNo debemos olvidar que los usuarios suelen tener una edad avanzada; habitualmente presentan patolog\u00edas; tienen contacto estrecho con otras personas, cuidadores y otros convivientes; y suelen pasar tiempo en entornos cerrados y con poblaci\u00f3n igualmente vulnerable\u00bb.<\/p>\n<p>De ah\u00ed la redacci\u00f3n de este protocolo que refleja medidas para la prevenci\u00f3n y control de la infecci\u00f3n; c\u00f3mo actuar en caso de detectar posibles casos positivos de COVID-19; manejo residencial de los posibles casos de enfermedad por virus COVID-19; y medidas organizativas.  Entre las medidas generales, ha resumido, \u00abes fundamental para preservar la salud de usuarios y trabajadores y continuar garantizando el cumplimiento de las medias de higiene y prevenci\u00f3n como el uso de mascarillas, lavado de manos y distancia de seguridad, as\u00ed como una ventilaci\u00f3n adecuada de las instalaciones\u00bb.<\/p>\n<p>En cuanto al uso de las zonas comunes, el protocolo establece que se permitir\u00e1n las actividades grupales y el uso de las mismas siempre que se garantice el cumplimiento de todas las medidas de seguridad e higiene y se mantengan las medidas de vigilancia contenidas en los Planes de Contingencia.<\/p>\n<p>Por su parte, los equipos directivos de las residencias de personas mayores y personas con discapacidad de La Rioja han destacado la importancia de seguir cumpliendo de forma escrupulosa las todas las medidas de seguridad e higiene, en especial el uso de mascarilla y la ventilaci\u00f3n de las instalaciones, con el fin de preservar la salud de los usuarios y trabajadores.<\/p>\n<p>Fuente: 20minutos <a href=\"https:\/\/www.20minutos.es\/noticia\/4688491\/0\/las-visitas-y-salidas-de-centros-de-mayores-y-personas-con-discapacidad-sin-restricciones-desde-el-9-de-mayo\/\" target=\"_blank\" rel=\"noopener\">Las visitas y salidas de centros de mayores y personas con discapacidad, sin restricciones desde el 9 de mayo<\/a><\/p>\n","protected":false},"excerpt":{"rendered":"<p>Leemos en 20minutos la siguiente noticia que os reproducimos de forma \u00edntegra: La directora general de Dependencia, Discapacidad y Mayores, Mar\u00eda Somalo, se ha reunido de forma telem\u00e1tica con los equipos directivos de estos centros y les ha trasladado las principales novedades. \u00abSe suprime toda limitaci\u00f3n a las salidas y visitas a los usuarios de [&hellip;]<\/p>\n","protected":false},"author":1,"featured_media":0,"comment_status":"open","ping_status":"closed","sticky":false,"template":"","format":"standard","meta":{"footnotes":""},"categories":[8],"tags":[31],"class_list":["post-7128","post","type-post","status-publish","format-standard","hentry","category-noticias","tag-discapacidad"],"yoast_head":"<!-- This site is optimized with the Yoast SEO plugin v27.5 - https:\/\/yoast.com\/product\/yoast-seo-wordpress\/ -->\n<title>Las visitas y salidas de centros de mayores y personas con discapacidad, sin restricciones desde el 9 de mayo - Asociaci\u00f3n Espa\u00f1ola S\u00edndrome de Charge<\/title>\n<meta name=\"robots\" content=\"index, follow, max-snippet:-1, max-image-preview:large, max-video-preview:-1\" \/>\n<link rel=\"canonical\" href=\"https:\/\/sindromecharge.es\/index.php\/2021\/05\/06\/las-visitas-y-salidas-de-centros-de-mayores-y-personas-con-discapacidad-sin-restricciones-desde-el-9-de-mayo\/\" \/>\n<meta property=\"og:locale\" content=\"es_ES\" \/>\n<meta property=\"og:type\" content=\"article\" \/>\n<meta property=\"og:title\" content=\"Las visitas y salidas de centros de mayores y personas con discapacidad, sin restricciones desde el 9 de mayo - Asociaci\u00f3n Espa\u00f1ola S\u00edndrome de Charge\" \/>\n<meta property=\"og:description\" content=\"Leemos en 20minutos la siguiente noticia que os reproducimos de forma \u00edntegra: La directora general de Dependencia, Discapacidad y Mayores, Mar\u00eda Somalo, se ha reunido de forma telem\u00e1tica con los equipos directivos de estos centros y les ha trasladado las principales novedades. \u00abSe suprime toda limitaci\u00f3n a las salidas y visitas a los usuarios de [&hellip;]\" \/>\n<meta property=\"og:url\" content=\"https:\/\/sindromecharge.es\/index.php\/2021\/05\/06\/las-visitas-y-salidas-de-centros-de-mayores-y-personas-con-discapacidad-sin-restricciones-desde-el-9-de-mayo\/\" \/>\n<meta property=\"og:site_name\" content=\"Asociaci\u00f3n Espa\u00f1ola S\u00edndrome de Charge\" \/>\n<meta property=\"article:publisher\" content=\"https:\/\/www.facebook.com\/asociacionsindromecharge\" \/>\n<meta property=\"article:published_time\" content=\"2021-05-06T18:00:07+00:00\" \/>\n<meta property=\"og:image\" content=\"https:\/\/sindromecharge.es\/wp-content\/uploads\/2013\/09\/logodecharge300x98.png\" \/>\n\t<meta property=\"og:image:width\" content=\"300\" \/>\n\t<meta property=\"og:image:height\" content=\"98\" \/>\n\t<meta property=\"og:image:type\" content=\"image\/png\" \/>\n<meta name=\"author\" content=\"Charge\" \/>\n<meta name=\"twitter:card\" content=\"summary_large_image\" \/>\n<meta name=\"twitter:creator\" content=\"@sindromecharge\" \/>\n<meta name=\"twitter:site\" content=\"@sindromecharge\" \/>\n<meta name=\"twitter:label1\" content=\"Escrito por\" \/>\n\t<meta name=\"twitter:data1\" content=\"Charge\" \/>\n\t<meta name=\"twitter:label2\" content=\"Tiempo de lectura\" \/>\n\t<meta name=\"twitter:data2\" content=\"3 minutos\" \/>\n<script type=\"application\/ld+json\" class=\"yoast-schema-graph\">{\"@context\":\"https:\\\/\\\/schema.org\",\"@graph\":[{\"@type\":\"Article\",\"@id\":\"https:\\\/\\\/sindromecharge.es\\\/index.php\\\/2021\\\/05\\\/06\\\/las-visitas-y-salidas-de-centros-de-mayores-y-personas-con-discapacidad-sin-restricciones-desde-el-9-de-mayo\\\/#article\",\"isPartOf\":{\"@id\":\"https:\\\/\\\/sindromecharge.es\\\/index.php\\\/2021\\\/05\\\/06\\\/las-visitas-y-salidas-de-centros-de-mayores-y-personas-con-discapacidad-sin-restricciones-desde-el-9-de-mayo\\\/\"},\"author\":{\"name\":\"Charge\",\"@id\":\"https:\\\/\\\/sindromecharge.es\\\/#\\\/schema\\\/person\\\/39a60ebe0a2b4d5a11179701e336b039\"},\"headline\":\"Las visitas y salidas de centros de mayores y personas con discapacidad, sin restricciones desde el 9 de mayo\",\"datePublished\":\"2021-05-06T18:00:07+00:00\",\"mainEntityOfPage\":{\"@id\":\"https:\\\/\\\/sindromecharge.es\\\/index.php\\\/2021\\\/05\\\/06\\\/las-visitas-y-salidas-de-centros-de-mayores-y-personas-con-discapacidad-sin-restricciones-desde-el-9-de-mayo\\\/\"},\"wordCount\":573,\"commentCount\":0,\"keywords\":[\"discapacidad\"],\"articleSection\":[\"noticias\"],\"inLanguage\":\"es\",\"potentialAction\":[{\"@type\":\"CommentAction\",\"name\":\"Comment\",\"target\":[\"https:\\\/\\\/sindromecharge.es\\\/index.php\\\/2021\\\/05\\\/06\\\/las-visitas-y-salidas-de-centros-de-mayores-y-personas-con-discapacidad-sin-restricciones-desde-el-9-de-mayo\\\/#respond\"]}]},{\"@type\":\"WebPage\",\"@id\":\"https:\\\/\\\/sindromecharge.es\\\/index.php\\\/2021\\\/05\\\/06\\\/las-visitas-y-salidas-de-centros-de-mayores-y-personas-con-discapacidad-sin-restricciones-desde-el-9-de-mayo\\\/\",\"url\":\"https:\\\/\\\/sindromecharge.es\\\/index.php\\\/2021\\\/05\\\/06\\\/las-visitas-y-salidas-de-centros-de-mayores-y-personas-con-discapacidad-sin-restricciones-desde-el-9-de-mayo\\\/\",\"name\":\"Las visitas y salidas de centros de mayores y personas con discapacidad, sin restricciones desde el 9 de mayo - Asociaci\u00f3n Espa\u00f1ola S\u00edndrome de Charge\",\"isPartOf\":{\"@id\":\"https:\\\/\\\/sindromecharge.es\\\/#website\"},\"datePublished\":\"2021-05-06T18:00:07+00:00\",\"author\":{\"@id\":\"https:\\\/\\\/sindromecharge.es\\\/#\\\/schema\\\/person\\\/39a60ebe0a2b4d5a11179701e336b039\"},\"breadcrumb\":{\"@id\":\"https:\\\/\\\/sindromecharge.es\\\/index.php\\\/2021\\\/05\\\/06\\\/las-visitas-y-salidas-de-centros-de-mayores-y-personas-con-discapacidad-sin-restricciones-desde-el-9-de-mayo\\\/#breadcrumb\"},\"inLanguage\":\"es\",\"potentialAction\":[{\"@type\":\"ReadAction\",\"target\":[\"https:\\\/\\\/sindromecharge.es\\\/index.php\\\/2021\\\/05\\\/06\\\/las-visitas-y-salidas-de-centros-de-mayores-y-personas-con-discapacidad-sin-restricciones-desde-el-9-de-mayo\\\/\"]}]},{\"@type\":\"BreadcrumbList\",\"@id\":\"https:\\\/\\\/sindromecharge.es\\\/index.php\\\/2021\\\/05\\\/06\\\/las-visitas-y-salidas-de-centros-de-mayores-y-personas-con-discapacidad-sin-restricciones-desde-el-9-de-mayo\\\/#breadcrumb\",\"itemListElement\":[{\"@type\":\"ListItem\",\"position\":1,\"name\":\"Portada\",\"item\":\"https:\\\/\\\/sindromecharge.es\\\/\"},{\"@type\":\"ListItem\",\"position\":2,\"name\":\"Las visitas y salidas de centros de mayores y personas con discapacidad, sin restricciones desde el 9 de mayo\"}]},{\"@type\":\"WebSite\",\"@id\":\"https:\\\/\\\/sindromecharge.es\\\/#website\",\"url\":\"https:\\\/\\\/sindromecharge.es\\\/\",\"name\":\"Asociaci\u00f3n Espa\u00f1ola S\u00edndrome de Charge\",\"description\":\"\",\"potentialAction\":[{\"@type\":\"SearchAction\",\"target\":{\"@type\":\"EntryPoint\",\"urlTemplate\":\"https:\\\/\\\/sindromecharge.es\\\/?s={search_term_string}\"},\"query-input\":{\"@type\":\"PropertyValueSpecification\",\"valueRequired\":true,\"valueName\":\"search_term_string\"}}],\"inLanguage\":\"es\"},{\"@type\":\"Person\",\"@id\":\"https:\\\/\\\/sindromecharge.es\\\/#\\\/schema\\\/person\\\/39a60ebe0a2b4d5a11179701e336b039\",\"name\":\"Charge\",\"image\":{\"@type\":\"ImageObject\",\"inLanguage\":\"es\",\"@id\":\"https:\\\/\\\/secure.gravatar.com\\\/avatar\\\/c3b46e32a0fc3b093a0873fb767bf3293de856293065e84ef06b7ec7a8acfb98?s=96&d=identicon&r=x\",\"url\":\"https:\\\/\\\/secure.gravatar.com\\\/avatar\\\/c3b46e32a0fc3b093a0873fb767bf3293de856293065e84ef06b7ec7a8acfb98?s=96&d=identicon&r=x\",\"contentUrl\":\"https:\\\/\\\/secure.gravatar.com\\\/avatar\\\/c3b46e32a0fc3b093a0873fb767bf3293de856293065e84ef06b7ec7a8acfb98?s=96&d=identicon&r=x\",\"caption\":\"Charge\"},\"url\":\"https:\\\/\\\/sindromecharge.es\\\/index.php\\\/author\\\/admin\\\/\"}]}<\/script>\n<!-- \/ Yoast SEO plugin. -->","yoast_head_json":{"title":"Las visitas y salidas de centros de mayores y personas con discapacidad, sin restricciones desde el 9 de mayo - Asociaci\u00f3n Espa\u00f1ola S\u00edndrome de Charge","robots":{"index":"index","follow":"follow","max-snippet":"max-snippet:-1","max-image-preview":"max-image-preview:large","max-video-preview":"max-video-preview:-1"},"canonical":"https:\/\/sindromecharge.es\/index.php\/2021\/05\/06\/las-visitas-y-salidas-de-centros-de-mayores-y-personas-con-discapacidad-sin-restricciones-desde-el-9-de-mayo\/","og_locale":"es_ES","og_type":"article","og_title":"Las visitas y salidas de centros de mayores y personas con discapacidad, sin restricciones desde el 9 de mayo - Asociaci\u00f3n Espa\u00f1ola S\u00edndrome de Charge","og_description":"Leemos en 20minutos la siguiente noticia que os reproducimos de forma \u00edntegra: La directora general de Dependencia, Discapacidad y Mayores, Mar\u00eda Somalo, se ha reunido de forma telem\u00e1tica con los equipos directivos de estos centros y les ha trasladado las principales novedades. \u00abSe suprime toda limitaci\u00f3n a las salidas y visitas a los usuarios de [&hellip;]","og_url":"https:\/\/sindromecharge.es\/index.php\/2021\/05\/06\/las-visitas-y-salidas-de-centros-de-mayores-y-personas-con-discapacidad-sin-restricciones-desde-el-9-de-mayo\/","og_site_name":"Asociaci\u00f3n Espa\u00f1ola S\u00edndrome de Charge","article_publisher":"https:\/\/www.facebook.com\/asociacionsindromecharge","article_published_time":"2021-05-06T18:00:07+00:00","og_image":[{"width":300,"height":98,"url":"https:\/\/sindromecharge.es\/wp-content\/uploads\/2013\/09\/logodecharge300x98.png","type":"image\/png"}],"author":"Charge","twitter_card":"summary_large_image","twitter_creator":"@sindromecharge","twitter_site":"@sindromecharge","twitter_misc":{"Escrito por":"Charge","Tiempo de lectura":"3 minutos"},"schema":{"@context":"https:\/\/schema.org","@graph":[{"@type":"Article","@id":"https:\/\/sindromecharge.es\/index.php\/2021\/05\/06\/las-visitas-y-salidas-de-centros-de-mayores-y-personas-con-discapacidad-sin-restricciones-desde-el-9-de-mayo\/#article","isPartOf":{"@id":"https:\/\/sindromecharge.es\/index.php\/2021\/05\/06\/las-visitas-y-salidas-de-centros-de-mayores-y-personas-con-discapacidad-sin-restricciones-desde-el-9-de-mayo\/"},"author":{"name":"Charge","@id":"https:\/\/sindromecharge.es\/#\/schema\/person\/39a60ebe0a2b4d5a11179701e336b039"},"headline":"Las visitas y salidas de centros de mayores y personas con discapacidad, sin restricciones desde el 9 de mayo","datePublished":"2021-05-06T18:00:07+00:00","mainEntityOfPage":{"@id":"https:\/\/sindromecharge.es\/index.php\/2021\/05\/06\/las-visitas-y-salidas-de-centros-de-mayores-y-personas-con-discapacidad-sin-restricciones-desde-el-9-de-mayo\/"},"wordCount":573,"commentCount":0,"keywords":["discapacidad"],"articleSection":["noticias"],"inLanguage":"es","potentialAction":[{"@type":"CommentAction","name":"Comment","target":["https:\/\/sindromecharge.es\/index.php\/2021\/05\/06\/las-visitas-y-salidas-de-centros-de-mayores-y-personas-con-discapacidad-sin-restricciones-desde-el-9-de-mayo\/#respond"]}]},{"@type":"WebPage","@id":"https:\/\/sindromecharge.es\/index.php\/2021\/05\/06\/las-visitas-y-salidas-de-centros-de-mayores-y-personas-con-discapacidad-sin-restricciones-desde-el-9-de-mayo\/","url":"https:\/\/sindromecharge.es\/index.php\/2021\/05\/06\/las-visitas-y-salidas-de-centros-de-mayores-y-personas-con-discapacidad-sin-restricciones-desde-el-9-de-mayo\/","name":"Las visitas y salidas de centros de mayores y personas con discapacidad, sin restricciones desde el 9 de mayo - Asociaci\u00f3n Espa\u00f1ola S\u00edndrome de Charge","isPartOf":{"@id":"https:\/\/sindromecharge.es\/#website"},"datePublished":"2021-05-06T18:00:07+00:00","author":{"@id":"https:\/\/sindromecharge.es\/#\/schema\/person\/39a60ebe0a2b4d5a11179701e336b039"},"breadcrumb":{"@id":"https:\/\/sindromecharge.es\/index.php\/2021\/05\/06\/las-visitas-y-salidas-de-centros-de-mayores-y-personas-con-discapacidad-sin-restricciones-desde-el-9-de-mayo\/#breadcrumb"},"inLanguage":"es","potentialAction":[{"@type":"ReadAction","target":["https:\/\/sindromecharge.es\/index.php\/2021\/05\/06\/las-visitas-y-salidas-de-centros-de-mayores-y-personas-con-discapacidad-sin-restricciones-desde-el-9-de-mayo\/"]}]},{"@type":"BreadcrumbList","@id":"https:\/\/sindromecharge.es\/index.php\/2021\/05\/06\/las-visitas-y-salidas-de-centros-de-mayores-y-personas-con-discapacidad-sin-restricciones-desde-el-9-de-mayo\/#breadcrumb","itemListElement":[{"@type":"ListItem","position":1,"name":"Portada","item":"https:\/\/sindromecharge.es\/"},{"@type":"ListItem","position":2,"name":"Las visitas y salidas de centros de mayores y personas con discapacidad, sin restricciones desde el 9 de mayo"}]},{"@type":"WebSite","@id":"https:\/\/sindromecharge.es\/#website","url":"https:\/\/sindromecharge.es\/","name":"Asociaci\u00f3n Espa\u00f1ola S\u00edndrome de Charge","description":"","potentialAction":[{"@type":"SearchAction","target":{"@type":"EntryPoint","urlTemplate":"https:\/\/sindromecharge.es\/?s={search_term_string}"},"query-input":{"@type":"PropertyValueSpecification","valueRequired":true,"valueName":"search_term_string"}}],"inLanguage":"es"},{"@type":"Person","@id":"https:\/\/sindromecharge.es\/#\/schema\/person\/39a60ebe0a2b4d5a11179701e336b039","name":"Charge","image":{"@type":"ImageObject","inLanguage":"es","@id":"https:\/\/secure.gravatar.com\/avatar\/c3b46e32a0fc3b093a0873fb767bf3293de856293065e84ef06b7ec7a8acfb98?s=96&d=identicon&r=x","url":"https:\/\/secure.gravatar.com\/avatar\/c3b46e32a0fc3b093a0873fb767bf3293de856293065e84ef06b7ec7a8acfb98?s=96&d=identicon&r=x","contentUrl":"https:\/\/secure.gravatar.com\/avatar\/c3b46e32a0fc3b093a0873fb767bf3293de856293065e84ef06b7ec7a8acfb98?s=96&d=identicon&r=x","caption":"Charge"},"url":"https:\/\/sindromecharge.es\/index.php\/author\/admin\/"}]}},"_links":{"self":[{"href":"https:\/\/sindromecharge.es\/index.php\/wp-json\/wp\/v2\/posts\/7128","targetHints":{"allow":["GET"]}}],"collection":[{"href":"https:\/\/sindromecharge.es\/index.php\/wp-json\/wp\/v2\/posts"}],"about":[{"href":"https:\/\/sindromecharge.es\/index.php\/wp-json\/wp\/v2\/types\/post"}],"author":[{"embeddable":true,"href":"https:\/\/sindromecharge.es\/index.php\/wp-json\/wp\/v2\/users\/1"}],"replies":[{"embeddable":true,"href":"https:\/\/sindromecharge.es\/index.php\/wp-json\/wp\/v2\/comments?post=7128"}],"version-history":[{"count":0,"href":"https:\/\/sindromecharge.es\/index.php\/wp-json\/wp\/v2\/posts\/7128\/revisions"}],"wp:attachment":[{"href":"https:\/\/sindromecharge.es\/index.php\/wp-json\/wp\/v2\/media?parent=7128"}],"wp:term":[{"taxonomy":"category","embeddable":true,"href":"https:\/\/sindromecharge.es\/index.php\/wp-json\/wp\/v2\/categories?post=7128"},{"taxonomy":"post_tag","embeddable":true,"href":"https:\/\/sindromecharge.es\/index.php\/wp-json\/wp\/v2\/tags?post=7128"}],"curies":[{"name":"wp","href":"https:\/\/api.w.org\/{rel}","templated":true}]}}