{"id":7127,"date":"2021-05-06T15:07:13","date_gmt":"2021-05-06T15:07:13","guid":{"rendered":"https:\/\/sindromecharge.es\/index.php\/2021\/05\/06\/el-icass-concierta-con-ampros-21-nuevas-plazas-para-personas-con-discapacidad-en-laredo\/"},"modified":"2021-05-06T15:07:13","modified_gmt":"2021-05-06T15:07:13","slug":"el-icass-concierta-con-ampros-21-nuevas-plazas-para-personas-con-discapacidad-en-laredo","status":"publish","type":"post","link":"https:\/\/sindromecharge.es\/index.php\/2021\/05\/06\/el-icass-concierta-con-ampros-21-nuevas-plazas-para-personas-con-discapacidad-en-laredo\/","title":{"rendered":"El ICASS concierta con Ampros 21 nuevas plazas para personas con discapacidad en Laredo"},"content":{"rendered":"<p>Leemos en 20minutos la siguiente noticia que os reproducimos de forma \u00edntegra: <\/p>\n<p>Se trata de un \u00abinnovador\u00bb proyecto impulsado por la entidad social AMPROS y que va a permitir a estos ciudadanos iniciar una nueva etapa de vida aut\u00f3noma, ha informado el Gobierno en nota de prensa.<\/p>\n<p>Las viviendas se encuentran ubicadas en la Puebla Vieja de Laredo, dentro de un edificio comunitario de protecci\u00f3n oficial donde estas personas con discapacidad intelectual \u00abvan a vivir en un entorno inclusivo, completamente integradas en el d\u00eda a d\u00eda del municipio\u00bb.<\/p>\n<p>\u00c1lvarez ha visitado este jueves las viviendas y ha mostrado su satisfacci\u00f3n porque de forma casi inmediata habr\u00e1 15 personas con discapacidad, y 6 m\u00e1s en breve, que \u00abdan un paso hacia la autonom\u00eda\u00bb, con un modelo de vida \u00abtotalmente adecuado\u00bb en un entorno urbano, adaptado en todos los aspectos, \u00abpero sobre todo en la calidez de la forma de vida de personas con discapacidad\u00bb.<\/p>\n<p>La consejera ha agradecido a AMPROS este sistema, que no es una residencia, \u00absino un modelo de vivienda individualizado, centrado en ellos, con una visi\u00f3n y un concepto de plena inclusi\u00f3n\u00bb, ha dicho.<\/p>\n<p>VIVIENDAS<\/p>\n<p>Las 21 nuevas plazas se reparten en una vivienda tutelada de 12 plazas y tres alojamientos supervisados con tres plazas cada uno, en r\u00e9gimen de alquiler en este mismo edificio. De forma inmediata se va a ocupar la vivienda tutelada y una de las tres viviendas y tras un periodo de adaptaci\u00f3n, se incorporar\u00e1n a la nueva vida 6 personas m\u00e1s.<\/p>\n<p>La vivienda tutelada ocupa el bajo de m\u00e1s de 400 metros, adquirido por AMPROS y que ha acondicionado la Consejer\u00eda de Obras P\u00fablicas ajust\u00e1ndose el proyecto en su dise\u00f1o y ejecuci\u00f3n a las necesidades y experiencia de AMPROS, cuyo departamento t\u00e9cnico ha supervisado el proyecto y las obras.<\/p>\n<p>El ICASS ha concertado las 12 plazas de la vivienda, que se distribuyen en 8 dormitorios individuales, 2 dormitorios dobles, 8 ba\u00f1os adaptados, 1 sala de estar, 1 sal\u00f3n comedor con cocina, 1 zona de administraci\u00f3n y 1 zona de lavado.<\/p>\n<p>La consejera, que ha estado acompa\u00f1ada durante la visita por la directora del ICASS, M\u00aa Antonia Mora, la presidenta de AMPROS, Carmen S\u00e1nchez, y su director gerente, Roberto \u00c1lvarez, ha reiterado la voluntad del Gobierno de Cantabria de \u00abseguir apoyando la inclusi\u00f3n social y laboral de las personas con distintas capacidades y a sus familias\u00bb, un objetivo para el que contamos con la \u00abinestimable colaboraci\u00f3n\u00bb de organizaciones sociales que trabajan con estos colectivos, como es AMPROS.<\/p>\n<p>El Gobierno de Cantabria, a trav\u00e9s de la Consejer\u00eda de Pol\u00edticas Sociales presta apoyo a m\u00e1s de 2.200 personas con discapacidad para su desarrollo e inclusi\u00f3n social y laboral a lo largo de su vida, en colaboraci\u00f3n con diversas asociaciones y entidades. AMPROS es un actor destacado ya que gestiona cerca de 400 plazas concertadas con el ICASS.<\/p>\n<p>La presidenta de AMPROS ha agradecido a la consejera su apoyo constante a \u00e9ste y a otros proyectos que suponen una \u00abapuesta segura\u00bb por mejorar la calidad de vida de las personas discapacitadas ps\u00edquicas, muchos ellos j\u00f3venes para los que esta entidad busca \u00absu inclusi\u00f3n real y total en la sociedad\u00bb, ubicados dentro de las poblaciones y forman parte de la comunidad como cualquier otro vecino.<\/p>\n<p>Desde AMPROS se ha se\u00f1alado que es un proyecto innovador en Espa\u00f1a y en Cantabria con un modelo residencial de gesti\u00f3n \u00fanica que se distribuye en peque\u00f1os espacios, la vivienda tutelada y los tres pisos, adaptados a las necesidades individuales de cada una de las personas.<\/p>\n<p>Fuente: 20minutos <a href=\"https:\/\/www.20minutos.es\/noticia\/4688185\/0\/el-icass-concierta-con-ampros-21-nuevas-plazas-para-personas-con-discapacidad-en-laredo\/\" target=\"_blank\" rel=\"noopener\">El ICASS concierta con Ampros 21 nuevas plazas para personas con discapacidad en Laredo<\/a><\/p>\n","protected":false},"excerpt":{"rendered":"<p>Leemos en 20minutos la siguiente noticia que os reproducimos de forma \u00edntegra: Se trata de un \u00abinnovador\u00bb proyecto impulsado por la entidad social AMPROS y que va a permitir a estos ciudadanos iniciar una nueva etapa de vida aut\u00f3noma, ha informado el Gobierno en nota de prensa. Las viviendas se encuentran ubicadas en la Puebla [&hellip;]<\/p>\n","protected":false},"author":1,"featured_media":0,"comment_status":"open","ping_status":"closed","sticky":false,"template":"","format":"standard","meta":{"footnotes":""},"categories":[8],"tags":[31],"class_list":["post-7127","post","type-post","status-publish","format-standard","hentry","category-noticias","tag-discapacidad"],"yoast_head":"<!-- This site is optimized with the Yoast SEO plugin v27.5 - https:\/\/yoast.com\/product\/yoast-seo-wordpress\/ -->\n<title>El ICASS concierta con Ampros 21 nuevas plazas para personas con discapacidad en Laredo - Asociaci\u00f3n Espa\u00f1ola S\u00edndrome de Charge<\/title>\n<meta name=\"robots\" content=\"index, follow, max-snippet:-1, max-image-preview:large, max-video-preview:-1\" \/>\n<link rel=\"canonical\" href=\"https:\/\/sindromecharge.es\/index.php\/2021\/05\/06\/el-icass-concierta-con-ampros-21-nuevas-plazas-para-personas-con-discapacidad-en-laredo\/\" \/>\n<meta property=\"og:locale\" content=\"es_ES\" \/>\n<meta property=\"og:type\" content=\"article\" \/>\n<meta property=\"og:title\" content=\"El ICASS concierta con Ampros 21 nuevas plazas para personas con discapacidad en Laredo - Asociaci\u00f3n Espa\u00f1ola S\u00edndrome de Charge\" \/>\n<meta property=\"og:description\" content=\"Leemos en 20minutos la siguiente noticia que os reproducimos de forma \u00edntegra: Se trata de un \u00abinnovador\u00bb proyecto impulsado por la entidad social AMPROS y que va a permitir a estos ciudadanos iniciar una nueva etapa de vida aut\u00f3noma, ha informado el Gobierno en nota de prensa. Las viviendas se encuentran ubicadas en la Puebla [&hellip;]\" \/>\n<meta property=\"og:url\" content=\"https:\/\/sindromecharge.es\/index.php\/2021\/05\/06\/el-icass-concierta-con-ampros-21-nuevas-plazas-para-personas-con-discapacidad-en-laredo\/\" \/>\n<meta property=\"og:site_name\" content=\"Asociaci\u00f3n Espa\u00f1ola S\u00edndrome de Charge\" \/>\n<meta property=\"article:publisher\" content=\"https:\/\/www.facebook.com\/asociacionsindromecharge\" \/>\n<meta property=\"article:published_time\" content=\"2021-05-06T15:07:13+00:00\" \/>\n<meta property=\"og:image\" content=\"https:\/\/sindromecharge.es\/wp-content\/uploads\/2013\/09\/logodecharge300x98.png\" \/>\n\t<meta property=\"og:image:width\" content=\"300\" \/>\n\t<meta property=\"og:image:height\" content=\"98\" \/>\n\t<meta property=\"og:image:type\" content=\"image\/png\" \/>\n<meta name=\"author\" content=\"Charge\" \/>\n<meta name=\"twitter:card\" content=\"summary_large_image\" \/>\n<meta name=\"twitter:creator\" content=\"@sindromecharge\" \/>\n<meta name=\"twitter:site\" content=\"@sindromecharge\" \/>\n<meta name=\"twitter:label1\" content=\"Escrito por\" \/>\n\t<meta name=\"twitter:data1\" content=\"Charge\" \/>\n\t<meta name=\"twitter:label2\" content=\"Tiempo de lectura\" \/>\n\t<meta name=\"twitter:data2\" content=\"3 minutos\" \/>\n<script type=\"application\/ld+json\" class=\"yoast-schema-graph\">{\"@context\":\"https:\\\/\\\/schema.org\",\"@graph\":[{\"@type\":\"Article\",\"@id\":\"https:\\\/\\\/sindromecharge.es\\\/index.php\\\/2021\\\/05\\\/06\\\/el-icass-concierta-con-ampros-21-nuevas-plazas-para-personas-con-discapacidad-en-laredo\\\/#article\",\"isPartOf\":{\"@id\":\"https:\\\/\\\/sindromecharge.es\\\/index.php\\\/2021\\\/05\\\/06\\\/el-icass-concierta-con-ampros-21-nuevas-plazas-para-personas-con-discapacidad-en-laredo\\\/\"},\"author\":{\"name\":\"Charge\",\"@id\":\"https:\\\/\\\/sindromecharge.es\\\/#\\\/schema\\\/person\\\/39a60ebe0a2b4d5a11179701e336b039\"},\"headline\":\"El ICASS concierta con Ampros 21 nuevas plazas para personas con discapacidad en Laredo\",\"datePublished\":\"2021-05-06T15:07:13+00:00\",\"mainEntityOfPage\":{\"@id\":\"https:\\\/\\\/sindromecharge.es\\\/index.php\\\/2021\\\/05\\\/06\\\/el-icass-concierta-con-ampros-21-nuevas-plazas-para-personas-con-discapacidad-en-laredo\\\/\"},\"wordCount\":635,\"commentCount\":0,\"keywords\":[\"discapacidad\"],\"articleSection\":[\"noticias\"],\"inLanguage\":\"es\",\"potentialAction\":[{\"@type\":\"CommentAction\",\"name\":\"Comment\",\"target\":[\"https:\\\/\\\/sindromecharge.es\\\/index.php\\\/2021\\\/05\\\/06\\\/el-icass-concierta-con-ampros-21-nuevas-plazas-para-personas-con-discapacidad-en-laredo\\\/#respond\"]}]},{\"@type\":\"WebPage\",\"@id\":\"https:\\\/\\\/sindromecharge.es\\\/index.php\\\/2021\\\/05\\\/06\\\/el-icass-concierta-con-ampros-21-nuevas-plazas-para-personas-con-discapacidad-en-laredo\\\/\",\"url\":\"https:\\\/\\\/sindromecharge.es\\\/index.php\\\/2021\\\/05\\\/06\\\/el-icass-concierta-con-ampros-21-nuevas-plazas-para-personas-con-discapacidad-en-laredo\\\/\",\"name\":\"El ICASS concierta con Ampros 21 nuevas plazas para personas con discapacidad en Laredo - Asociaci\u00f3n Espa\u00f1ola S\u00edndrome de Charge\",\"isPartOf\":{\"@id\":\"https:\\\/\\\/sindromecharge.es\\\/#website\"},\"datePublished\":\"2021-05-06T15:07:13+00:00\",\"author\":{\"@id\":\"https:\\\/\\\/sindromecharge.es\\\/#\\\/schema\\\/person\\\/39a60ebe0a2b4d5a11179701e336b039\"},\"breadcrumb\":{\"@id\":\"https:\\\/\\\/sindromecharge.es\\\/index.php\\\/2021\\\/05\\\/06\\\/el-icass-concierta-con-ampros-21-nuevas-plazas-para-personas-con-discapacidad-en-laredo\\\/#breadcrumb\"},\"inLanguage\":\"es\",\"potentialAction\":[{\"@type\":\"ReadAction\",\"target\":[\"https:\\\/\\\/sindromecharge.es\\\/index.php\\\/2021\\\/05\\\/06\\\/el-icass-concierta-con-ampros-21-nuevas-plazas-para-personas-con-discapacidad-en-laredo\\\/\"]}]},{\"@type\":\"BreadcrumbList\",\"@id\":\"https:\\\/\\\/sindromecharge.es\\\/index.php\\\/2021\\\/05\\\/06\\\/el-icass-concierta-con-ampros-21-nuevas-plazas-para-personas-con-discapacidad-en-laredo\\\/#breadcrumb\",\"itemListElement\":[{\"@type\":\"ListItem\",\"position\":1,\"name\":\"Portada\",\"item\":\"https:\\\/\\\/sindromecharge.es\\\/\"},{\"@type\":\"ListItem\",\"position\":2,\"name\":\"El ICASS concierta con Ampros 21 nuevas plazas para personas con discapacidad en Laredo\"}]},{\"@type\":\"WebSite\",\"@id\":\"https:\\\/\\\/sindromecharge.es\\\/#website\",\"url\":\"https:\\\/\\\/sindromecharge.es\\\/\",\"name\":\"Asociaci\u00f3n Espa\u00f1ola S\u00edndrome de Charge\",\"description\":\"\",\"potentialAction\":[{\"@type\":\"SearchAction\",\"target\":{\"@type\":\"EntryPoint\",\"urlTemplate\":\"https:\\\/\\\/sindromecharge.es\\\/?s={search_term_string}\"},\"query-input\":{\"@type\":\"PropertyValueSpecification\",\"valueRequired\":true,\"valueName\":\"search_term_string\"}}],\"inLanguage\":\"es\"},{\"@type\":\"Person\",\"@id\":\"https:\\\/\\\/sindromecharge.es\\\/#\\\/schema\\\/person\\\/39a60ebe0a2b4d5a11179701e336b039\",\"name\":\"Charge\",\"image\":{\"@type\":\"ImageObject\",\"inLanguage\":\"es\",\"@id\":\"https:\\\/\\\/secure.gravatar.com\\\/avatar\\\/c3b46e32a0fc3b093a0873fb767bf3293de856293065e84ef06b7ec7a8acfb98?s=96&d=identicon&r=x\",\"url\":\"https:\\\/\\\/secure.gravatar.com\\\/avatar\\\/c3b46e32a0fc3b093a0873fb767bf3293de856293065e84ef06b7ec7a8acfb98?s=96&d=identicon&r=x\",\"contentUrl\":\"https:\\\/\\\/secure.gravatar.com\\\/avatar\\\/c3b46e32a0fc3b093a0873fb767bf3293de856293065e84ef06b7ec7a8acfb98?s=96&d=identicon&r=x\",\"caption\":\"Charge\"},\"url\":\"https:\\\/\\\/sindromecharge.es\\\/index.php\\\/author\\\/admin\\\/\"}]}<\/script>\n<!-- \/ Yoast SEO plugin. -->","yoast_head_json":{"title":"El ICASS concierta con Ampros 21 nuevas plazas para personas con discapacidad en Laredo - Asociaci\u00f3n Espa\u00f1ola S\u00edndrome de Charge","robots":{"index":"index","follow":"follow","max-snippet":"max-snippet:-1","max-image-preview":"max-image-preview:large","max-video-preview":"max-video-preview:-1"},"canonical":"https:\/\/sindromecharge.es\/index.php\/2021\/05\/06\/el-icass-concierta-con-ampros-21-nuevas-plazas-para-personas-con-discapacidad-en-laredo\/","og_locale":"es_ES","og_type":"article","og_title":"El ICASS concierta con Ampros 21 nuevas plazas para personas con discapacidad en Laredo - Asociaci\u00f3n Espa\u00f1ola S\u00edndrome de Charge","og_description":"Leemos en 20minutos la siguiente noticia que os reproducimos de forma \u00edntegra: Se trata de un \u00abinnovador\u00bb proyecto impulsado por la entidad social AMPROS y que va a permitir a estos ciudadanos iniciar una nueva etapa de vida aut\u00f3noma, ha informado el Gobierno en nota de prensa. Las viviendas se encuentran ubicadas en la Puebla [&hellip;]","og_url":"https:\/\/sindromecharge.es\/index.php\/2021\/05\/06\/el-icass-concierta-con-ampros-21-nuevas-plazas-para-personas-con-discapacidad-en-laredo\/","og_site_name":"Asociaci\u00f3n Espa\u00f1ola S\u00edndrome de Charge","article_publisher":"https:\/\/www.facebook.com\/asociacionsindromecharge","article_published_time":"2021-05-06T15:07:13+00:00","og_image":[{"width":300,"height":98,"url":"https:\/\/sindromecharge.es\/wp-content\/uploads\/2013\/09\/logodecharge300x98.png","type":"image\/png"}],"author":"Charge","twitter_card":"summary_large_image","twitter_creator":"@sindromecharge","twitter_site":"@sindromecharge","twitter_misc":{"Escrito por":"Charge","Tiempo de lectura":"3 minutos"},"schema":{"@context":"https:\/\/schema.org","@graph":[{"@type":"Article","@id":"https:\/\/sindromecharge.es\/index.php\/2021\/05\/06\/el-icass-concierta-con-ampros-21-nuevas-plazas-para-personas-con-discapacidad-en-laredo\/#article","isPartOf":{"@id":"https:\/\/sindromecharge.es\/index.php\/2021\/05\/06\/el-icass-concierta-con-ampros-21-nuevas-plazas-para-personas-con-discapacidad-en-laredo\/"},"author":{"name":"Charge","@id":"https:\/\/sindromecharge.es\/#\/schema\/person\/39a60ebe0a2b4d5a11179701e336b039"},"headline":"El ICASS concierta con Ampros 21 nuevas plazas para personas con discapacidad en Laredo","datePublished":"2021-05-06T15:07:13+00:00","mainEntityOfPage":{"@id":"https:\/\/sindromecharge.es\/index.php\/2021\/05\/06\/el-icass-concierta-con-ampros-21-nuevas-plazas-para-personas-con-discapacidad-en-laredo\/"},"wordCount":635,"commentCount":0,"keywords":["discapacidad"],"articleSection":["noticias"],"inLanguage":"es","potentialAction":[{"@type":"CommentAction","name":"Comment","target":["https:\/\/sindromecharge.es\/index.php\/2021\/05\/06\/el-icass-concierta-con-ampros-21-nuevas-plazas-para-personas-con-discapacidad-en-laredo\/#respond"]}]},{"@type":"WebPage","@id":"https:\/\/sindromecharge.es\/index.php\/2021\/05\/06\/el-icass-concierta-con-ampros-21-nuevas-plazas-para-personas-con-discapacidad-en-laredo\/","url":"https:\/\/sindromecharge.es\/index.php\/2021\/05\/06\/el-icass-concierta-con-ampros-21-nuevas-plazas-para-personas-con-discapacidad-en-laredo\/","name":"El ICASS concierta con Ampros 21 nuevas plazas para personas con discapacidad en Laredo - Asociaci\u00f3n Espa\u00f1ola S\u00edndrome de Charge","isPartOf":{"@id":"https:\/\/sindromecharge.es\/#website"},"datePublished":"2021-05-06T15:07:13+00:00","author":{"@id":"https:\/\/sindromecharge.es\/#\/schema\/person\/39a60ebe0a2b4d5a11179701e336b039"},"breadcrumb":{"@id":"https:\/\/sindromecharge.es\/index.php\/2021\/05\/06\/el-icass-concierta-con-ampros-21-nuevas-plazas-para-personas-con-discapacidad-en-laredo\/#breadcrumb"},"inLanguage":"es","potentialAction":[{"@type":"ReadAction","target":["https:\/\/sindromecharge.es\/index.php\/2021\/05\/06\/el-icass-concierta-con-ampros-21-nuevas-plazas-para-personas-con-discapacidad-en-laredo\/"]}]},{"@type":"BreadcrumbList","@id":"https:\/\/sindromecharge.es\/index.php\/2021\/05\/06\/el-icass-concierta-con-ampros-21-nuevas-plazas-para-personas-con-discapacidad-en-laredo\/#breadcrumb","itemListElement":[{"@type":"ListItem","position":1,"name":"Portada","item":"https:\/\/sindromecharge.es\/"},{"@type":"ListItem","position":2,"name":"El ICASS concierta con Ampros 21 nuevas plazas para personas con discapacidad en Laredo"}]},{"@type":"WebSite","@id":"https:\/\/sindromecharge.es\/#website","url":"https:\/\/sindromecharge.es\/","name":"Asociaci\u00f3n Espa\u00f1ola S\u00edndrome de Charge","description":"","potentialAction":[{"@type":"SearchAction","target":{"@type":"EntryPoint","urlTemplate":"https:\/\/sindromecharge.es\/?s={search_term_string}"},"query-input":{"@type":"PropertyValueSpecification","valueRequired":true,"valueName":"search_term_string"}}],"inLanguage":"es"},{"@type":"Person","@id":"https:\/\/sindromecharge.es\/#\/schema\/person\/39a60ebe0a2b4d5a11179701e336b039","name":"Charge","image":{"@type":"ImageObject","inLanguage":"es","@id":"https:\/\/secure.gravatar.com\/avatar\/c3b46e32a0fc3b093a0873fb767bf3293de856293065e84ef06b7ec7a8acfb98?s=96&d=identicon&r=x","url":"https:\/\/secure.gravatar.com\/avatar\/c3b46e32a0fc3b093a0873fb767bf3293de856293065e84ef06b7ec7a8acfb98?s=96&d=identicon&r=x","contentUrl":"https:\/\/secure.gravatar.com\/avatar\/c3b46e32a0fc3b093a0873fb767bf3293de856293065e84ef06b7ec7a8acfb98?s=96&d=identicon&r=x","caption":"Charge"},"url":"https:\/\/sindromecharge.es\/index.php\/author\/admin\/"}]}},"_links":{"self":[{"href":"https:\/\/sindromecharge.es\/index.php\/wp-json\/wp\/v2\/posts\/7127","targetHints":{"allow":["GET"]}}],"collection":[{"href":"https:\/\/sindromecharge.es\/index.php\/wp-json\/wp\/v2\/posts"}],"about":[{"href":"https:\/\/sindromecharge.es\/index.php\/wp-json\/wp\/v2\/types\/post"}],"author":[{"embeddable":true,"href":"https:\/\/sindromecharge.es\/index.php\/wp-json\/wp\/v2\/users\/1"}],"replies":[{"embeddable":true,"href":"https:\/\/sindromecharge.es\/index.php\/wp-json\/wp\/v2\/comments?post=7127"}],"version-history":[{"count":0,"href":"https:\/\/sindromecharge.es\/index.php\/wp-json\/wp\/v2\/posts\/7127\/revisions"}],"wp:attachment":[{"href":"https:\/\/sindromecharge.es\/index.php\/wp-json\/wp\/v2\/media?parent=7127"}],"wp:term":[{"taxonomy":"category","embeddable":true,"href":"https:\/\/sindromecharge.es\/index.php\/wp-json\/wp\/v2\/categories?post=7127"},{"taxonomy":"post_tag","embeddable":true,"href":"https:\/\/sindromecharge.es\/index.php\/wp-json\/wp\/v2\/tags?post=7127"}],"curies":[{"name":"wp","href":"https:\/\/api.w.org\/{rel}","templated":true}]}}