{"id":7126,"date":"2021-05-06T11:50:34","date_gmt":"2021-05-06T11:50:34","guid":{"rendered":"https:\/\/sindromecharge.es\/index.php\/2021\/05\/06\/logrono-aprueba-ampliar-y-reforzar-los-parques-infantiles-incorporando-mas-elementos-para-ninos-con-discapacidad\/"},"modified":"2021-05-06T11:50:34","modified_gmt":"2021-05-06T11:50:34","slug":"logrono-aprueba-ampliar-y-reforzar-los-parques-infantiles-incorporando-mas-elementos-para-ninos-con-discapacidad","status":"publish","type":"post","link":"https:\/\/sindromecharge.es\/index.php\/2021\/05\/06\/logrono-aprueba-ampliar-y-reforzar-los-parques-infantiles-incorporando-mas-elementos-para-ninos-con-discapacidad\/","title":{"rendered":"Logro\u00f1o aprueba ampliar y reforzar los parques infantiles, incorporando m\u00e1s elementos para ni\u00f1os con discapacidad"},"content":{"rendered":"<p>Leemos en 20minutos la siguiente noticia que os reproducimos de forma \u00edntegra: <\/p>\n<p>La propuesta, que ha defendido la edil &#8216;popular&#8217; Celia Sanz, ha sido aprobada por unanimidad. Como ha se\u00f1alado la concejal, \u00abes necesario mejorar las zonas de juego infantil en la ciudad, zonas de socializaci\u00f3n, integraci\u00f3 e inclusi\u00f3n, que, adem\u00e1s, hay que cuidar en la actualidad para continuar manteniendo las medidas de protecci\u00f3n sanitaria derivadas de la pandemia\u00bb.<\/p>\n<p>La iniciativa plantea tambi\u00e9n \u00abcrear nuevas zonas de juego en la ciudad, integradas en los diferentes barrios y que se cuente con la participaci\u00f3n de ni\u00f1os\/as y adultos para que puedan realizar sugerencias y aportaciones para mejorar estos espacios, incorporando este tema al Plan de trabajo del Plan de Infancia que se est\u00e1 realizando en la actualidad incluy\u00e9ndolo en el \u00e1rea de tiempo libre y ocio\u00bb.<\/p>\n<p>Otro de los aspectos destacados de la iniciativa es \u00abavanzar en la inclusi\u00f3n real y eliminar la discriminaci\u00f3n de las personas con discapacidad en nuestra sociedad\u00bb. En este sentido se plantea \u00abequipar todos los parques infantiles de la ciudad con elementos de juego adaptados para ni\u00f1os y ni\u00f1as con necesidades especiales, ahora escasos, y lograr que sean espacios accesibles\u00bb.<\/p>\n<p>Por parte del equipo de Gobierno, la concejala de Educaci\u00f3n y Juventud, Beatriz Nalda, ha recordado que, ahora mismo, Logro\u00f1o cuenta con 808 elementos de juegos infantiles distribuidas en 219 zonas \u00aba las que hay que dotar de todo lo necesario\u00bb.<\/p>\n<p>Por ello, ha mostrado su acuerdo con la moci\u00f3n \u00abpara mejorar estas zonas\u00bb y ha apostado por \u00abhacerlo de modo progresivo y con elementos adaptados, para hacer estos espacios m\u00e1s accesibles, seguros, inclusivos y modernos\u00bb, para lo que ha defendido especialmente contar con los ni\u00f1os y adolescentes dentro del Plan de Infancia para ello.<\/p>\n<p>El portavoz regionalista Rub\u00e9n Anto\u00f1anzas ha rese\u00f1ado igualmente la importancia de contar con los m\u00e1s peque\u00f1os \u00abporque, como usuarios, son los que mejor saben qu\u00e9 hace falta\u00bb; mientras que la edil de Ciudadanos Roc\u00edo Fern\u00e1ndez ha se\u00f1alado la necesidad de \u00abun dise\u00f1o integrado y amable para estos parques, que, en muchos casos, est\u00e1n api\u00f1ados, hay que reflexionar c\u00f3mo queremos que sean\u00bb.<\/p>\n<p>En su caso, el portavoz de UP y concejal de Medio Ambiente, departamento del que dependen estas zonas de juegos infantiles, ha afirmado, en respuesta al PP, que \u00abson conscientes de que esto ya se est\u00e1 llevando a cabo, mejorando los parques y solucionando chapuzas que nos dejaron, como Primero de Mayo\u00bb.<\/p>\n<p>Ha incidido en que los parques infantiles de Logro\u00f1o \u00abcuentan desde 2004 con elementos adaptados y casi todos, adem\u00e1s, son accesibles\u00bb y ha avanzado que, entre el a\u00f1o pasado y \u00e9ste, \u00abse va a seguir mejorando espacios, como los de Santa Juliana o Los Lirios\u00bb, quedando pendientes otras como Cer\u00e1mica, Segundo Arce, Albia de Castro o San Adri\u00e1n, adem\u00e1s de \u00abla sustituci\u00f3n completa de Primero de Mayo\u00bb.<\/p>\n<p>M\u00c1S MOCIONES.<\/p>\n<p>El Ayuntamiento de Logro\u00f1o ha aprobado, por unanimidad, otra moci\u00f3n, en este caso del Grupo Mixto, para que \u00abel Gobierno de Espa\u00f1a inste a las entidades bancarias a ofrecer un servicio adecuado y a la supresi\u00f3n de comisiones a las personas mayores\u00bb.<\/p>\n<p>Por contra, se han rechazado las mociones presentadas por Ciudadanos \u00abpara el desarrollo de un programa de alojamiento universitario intergeneracional en colaboraci\u00f3n con la Universidad de La Rioja\u00bb; \u00abpara promocionar el turismo idiom\u00e1tico en la ciudad\u00bb; y para \u00abel acondicionamiento del embarcadero y mejora del estado de las m\u00e1rgenes del r\u00edo Ebro en el entorno\u00bb.<\/p>\n<p>Fuente: 20minutos <a href=\"https:\/\/www.20minutos.es\/noticia\/4687775\/0\/logrono-aprueba-ampliar-y-reforzar-los-parques-infantiles-incorporando-mas-elementos-para-ninos-con-discapacidad\/\" target=\"_blank\" rel=\"noopener\">Logro\u00f1o aprueba ampliar y reforzar los parques infantiles, incorporando m\u00e1s elementos para ni\u00f1os con discapacidad<\/a><\/p>\n","protected":false},"excerpt":{"rendered":"<p>Leemos en 20minutos la siguiente noticia que os reproducimos de forma \u00edntegra: La propuesta, que ha defendido la edil &#8216;popular&#8217; Celia Sanz, ha sido aprobada por unanimidad. Como ha se\u00f1alado la concejal, \u00abes necesario mejorar las zonas de juego infantil en la ciudad, zonas de socializaci\u00f3n, integraci\u00f3 e inclusi\u00f3n, que, adem\u00e1s, hay que cuidar en [&hellip;]<\/p>\n","protected":false},"author":1,"featured_media":0,"comment_status":"open","ping_status":"closed","sticky":false,"template":"","format":"standard","meta":{"footnotes":""},"categories":[8],"tags":[31],"class_list":["post-7126","post","type-post","status-publish","format-standard","hentry","category-noticias","tag-discapacidad"],"yoast_head":"<!-- This site is optimized with the Yoast SEO plugin v27.5 - https:\/\/yoast.com\/product\/yoast-seo-wordpress\/ -->\n<title>Logro\u00f1o aprueba ampliar y reforzar los parques infantiles, incorporando m\u00e1s elementos para ni\u00f1os con discapacidad - Asociaci\u00f3n Espa\u00f1ola S\u00edndrome de Charge<\/title>\n<meta name=\"robots\" content=\"index, follow, max-snippet:-1, max-image-preview:large, max-video-preview:-1\" \/>\n<link rel=\"canonical\" href=\"https:\/\/sindromecharge.es\/index.php\/2021\/05\/06\/logrono-aprueba-ampliar-y-reforzar-los-parques-infantiles-incorporando-mas-elementos-para-ninos-con-discapacidad\/\" \/>\n<meta property=\"og:locale\" content=\"es_ES\" \/>\n<meta property=\"og:type\" content=\"article\" \/>\n<meta property=\"og:title\" content=\"Logro\u00f1o aprueba ampliar y reforzar los parques infantiles, incorporando m\u00e1s elementos para ni\u00f1os con discapacidad - Asociaci\u00f3n Espa\u00f1ola S\u00edndrome de Charge\" \/>\n<meta property=\"og:description\" content=\"Leemos en 20minutos la siguiente noticia que os reproducimos de forma \u00edntegra: La propuesta, que ha defendido la edil &#8216;popular&#8217; Celia Sanz, ha sido aprobada por unanimidad. Como ha se\u00f1alado la concejal, \u00abes necesario mejorar las zonas de juego infantil en la ciudad, zonas de socializaci\u00f3n, integraci\u00f3 e inclusi\u00f3n, que, adem\u00e1s, hay que cuidar en [&hellip;]\" \/>\n<meta property=\"og:url\" content=\"https:\/\/sindromecharge.es\/index.php\/2021\/05\/06\/logrono-aprueba-ampliar-y-reforzar-los-parques-infantiles-incorporando-mas-elementos-para-ninos-con-discapacidad\/\" \/>\n<meta property=\"og:site_name\" content=\"Asociaci\u00f3n Espa\u00f1ola S\u00edndrome de Charge\" \/>\n<meta property=\"article:publisher\" content=\"https:\/\/www.facebook.com\/asociacionsindromecharge\" \/>\n<meta property=\"article:published_time\" content=\"2021-05-06T11:50:34+00:00\" \/>\n<meta property=\"og:image\" content=\"https:\/\/sindromecharge.es\/wp-content\/uploads\/2013\/09\/logodecharge300x98.png\" \/>\n\t<meta property=\"og:image:width\" content=\"300\" \/>\n\t<meta property=\"og:image:height\" content=\"98\" \/>\n\t<meta property=\"og:image:type\" content=\"image\/png\" \/>\n<meta name=\"author\" content=\"Charge\" \/>\n<meta name=\"twitter:card\" content=\"summary_large_image\" \/>\n<meta name=\"twitter:creator\" content=\"@sindromecharge\" \/>\n<meta name=\"twitter:site\" content=\"@sindromecharge\" \/>\n<meta name=\"twitter:label1\" content=\"Escrito por\" \/>\n\t<meta name=\"twitter:data1\" content=\"Charge\" \/>\n\t<meta name=\"twitter:label2\" content=\"Tiempo de lectura\" \/>\n\t<meta name=\"twitter:data2\" content=\"3 minutos\" \/>\n<script type=\"application\/ld+json\" class=\"yoast-schema-graph\">{\"@context\":\"https:\\\/\\\/schema.org\",\"@graph\":[{\"@type\":\"Article\",\"@id\":\"https:\\\/\\\/sindromecharge.es\\\/index.php\\\/2021\\\/05\\\/06\\\/logrono-aprueba-ampliar-y-reforzar-los-parques-infantiles-incorporando-mas-elementos-para-ninos-con-discapacidad\\\/#article\",\"isPartOf\":{\"@id\":\"https:\\\/\\\/sindromecharge.es\\\/index.php\\\/2021\\\/05\\\/06\\\/logrono-aprueba-ampliar-y-reforzar-los-parques-infantiles-incorporando-mas-elementos-para-ninos-con-discapacidad\\\/\"},\"author\":{\"name\":\"Charge\",\"@id\":\"https:\\\/\\\/sindromecharge.es\\\/#\\\/schema\\\/person\\\/39a60ebe0a2b4d5a11179701e336b039\"},\"headline\":\"Logro\u00f1o aprueba ampliar y reforzar los parques infantiles, incorporando m\u00e1s elementos para ni\u00f1os con discapacidad\",\"datePublished\":\"2021-05-06T11:50:34+00:00\",\"mainEntityOfPage\":{\"@id\":\"https:\\\/\\\/sindromecharge.es\\\/index.php\\\/2021\\\/05\\\/06\\\/logrono-aprueba-ampliar-y-reforzar-los-parques-infantiles-incorporando-mas-elementos-para-ninos-con-discapacidad\\\/\"},\"wordCount\":650,\"commentCount\":0,\"keywords\":[\"discapacidad\"],\"articleSection\":[\"noticias\"],\"inLanguage\":\"es\",\"potentialAction\":[{\"@type\":\"CommentAction\",\"name\":\"Comment\",\"target\":[\"https:\\\/\\\/sindromecharge.es\\\/index.php\\\/2021\\\/05\\\/06\\\/logrono-aprueba-ampliar-y-reforzar-los-parques-infantiles-incorporando-mas-elementos-para-ninos-con-discapacidad\\\/#respond\"]}]},{\"@type\":\"WebPage\",\"@id\":\"https:\\\/\\\/sindromecharge.es\\\/index.php\\\/2021\\\/05\\\/06\\\/logrono-aprueba-ampliar-y-reforzar-los-parques-infantiles-incorporando-mas-elementos-para-ninos-con-discapacidad\\\/\",\"url\":\"https:\\\/\\\/sindromecharge.es\\\/index.php\\\/2021\\\/05\\\/06\\\/logrono-aprueba-ampliar-y-reforzar-los-parques-infantiles-incorporando-mas-elementos-para-ninos-con-discapacidad\\\/\",\"name\":\"Logro\u00f1o aprueba ampliar y reforzar los parques infantiles, incorporando m\u00e1s elementos para ni\u00f1os con discapacidad - Asociaci\u00f3n Espa\u00f1ola S\u00edndrome de Charge\",\"isPartOf\":{\"@id\":\"https:\\\/\\\/sindromecharge.es\\\/#website\"},\"datePublished\":\"2021-05-06T11:50:34+00:00\",\"author\":{\"@id\":\"https:\\\/\\\/sindromecharge.es\\\/#\\\/schema\\\/person\\\/39a60ebe0a2b4d5a11179701e336b039\"},\"breadcrumb\":{\"@id\":\"https:\\\/\\\/sindromecharge.es\\\/index.php\\\/2021\\\/05\\\/06\\\/logrono-aprueba-ampliar-y-reforzar-los-parques-infantiles-incorporando-mas-elementos-para-ninos-con-discapacidad\\\/#breadcrumb\"},\"inLanguage\":\"es\",\"potentialAction\":[{\"@type\":\"ReadAction\",\"target\":[\"https:\\\/\\\/sindromecharge.es\\\/index.php\\\/2021\\\/05\\\/06\\\/logrono-aprueba-ampliar-y-reforzar-los-parques-infantiles-incorporando-mas-elementos-para-ninos-con-discapacidad\\\/\"]}]},{\"@type\":\"BreadcrumbList\",\"@id\":\"https:\\\/\\\/sindromecharge.es\\\/index.php\\\/2021\\\/05\\\/06\\\/logrono-aprueba-ampliar-y-reforzar-los-parques-infantiles-incorporando-mas-elementos-para-ninos-con-discapacidad\\\/#breadcrumb\",\"itemListElement\":[{\"@type\":\"ListItem\",\"position\":1,\"name\":\"Portada\",\"item\":\"https:\\\/\\\/sindromecharge.es\\\/\"},{\"@type\":\"ListItem\",\"position\":2,\"name\":\"Logro\u00f1o aprueba ampliar y reforzar los parques infantiles, incorporando m\u00e1s elementos para ni\u00f1os con discapacidad\"}]},{\"@type\":\"WebSite\",\"@id\":\"https:\\\/\\\/sindromecharge.es\\\/#website\",\"url\":\"https:\\\/\\\/sindromecharge.es\\\/\",\"name\":\"Asociaci\u00f3n Espa\u00f1ola S\u00edndrome de Charge\",\"description\":\"\",\"potentialAction\":[{\"@type\":\"SearchAction\",\"target\":{\"@type\":\"EntryPoint\",\"urlTemplate\":\"https:\\\/\\\/sindromecharge.es\\\/?s={search_term_string}\"},\"query-input\":{\"@type\":\"PropertyValueSpecification\",\"valueRequired\":true,\"valueName\":\"search_term_string\"}}],\"inLanguage\":\"es\"},{\"@type\":\"Person\",\"@id\":\"https:\\\/\\\/sindromecharge.es\\\/#\\\/schema\\\/person\\\/39a60ebe0a2b4d5a11179701e336b039\",\"name\":\"Charge\",\"image\":{\"@type\":\"ImageObject\",\"inLanguage\":\"es\",\"@id\":\"https:\\\/\\\/secure.gravatar.com\\\/avatar\\\/c3b46e32a0fc3b093a0873fb767bf3293de856293065e84ef06b7ec7a8acfb98?s=96&d=identicon&r=x\",\"url\":\"https:\\\/\\\/secure.gravatar.com\\\/avatar\\\/c3b46e32a0fc3b093a0873fb767bf3293de856293065e84ef06b7ec7a8acfb98?s=96&d=identicon&r=x\",\"contentUrl\":\"https:\\\/\\\/secure.gravatar.com\\\/avatar\\\/c3b46e32a0fc3b093a0873fb767bf3293de856293065e84ef06b7ec7a8acfb98?s=96&d=identicon&r=x\",\"caption\":\"Charge\"},\"url\":\"https:\\\/\\\/sindromecharge.es\\\/index.php\\\/author\\\/admin\\\/\"}]}<\/script>\n<!-- \/ Yoast SEO plugin. -->","yoast_head_json":{"title":"Logro\u00f1o aprueba ampliar y reforzar los parques infantiles, incorporando m\u00e1s elementos para ni\u00f1os con discapacidad - Asociaci\u00f3n Espa\u00f1ola S\u00edndrome de Charge","robots":{"index":"index","follow":"follow","max-snippet":"max-snippet:-1","max-image-preview":"max-image-preview:large","max-video-preview":"max-video-preview:-1"},"canonical":"https:\/\/sindromecharge.es\/index.php\/2021\/05\/06\/logrono-aprueba-ampliar-y-reforzar-los-parques-infantiles-incorporando-mas-elementos-para-ninos-con-discapacidad\/","og_locale":"es_ES","og_type":"article","og_title":"Logro\u00f1o aprueba ampliar y reforzar los parques infantiles, incorporando m\u00e1s elementos para ni\u00f1os con discapacidad - Asociaci\u00f3n Espa\u00f1ola S\u00edndrome de Charge","og_description":"Leemos en 20minutos la siguiente noticia que os reproducimos de forma \u00edntegra: La propuesta, que ha defendido la edil &#8216;popular&#8217; Celia Sanz, ha sido aprobada por unanimidad. Como ha se\u00f1alado la concejal, \u00abes necesario mejorar las zonas de juego infantil en la ciudad, zonas de socializaci\u00f3n, integraci\u00f3 e inclusi\u00f3n, que, adem\u00e1s, hay que cuidar en [&hellip;]","og_url":"https:\/\/sindromecharge.es\/index.php\/2021\/05\/06\/logrono-aprueba-ampliar-y-reforzar-los-parques-infantiles-incorporando-mas-elementos-para-ninos-con-discapacidad\/","og_site_name":"Asociaci\u00f3n Espa\u00f1ola S\u00edndrome de Charge","article_publisher":"https:\/\/www.facebook.com\/asociacionsindromecharge","article_published_time":"2021-05-06T11:50:34+00:00","og_image":[{"width":300,"height":98,"url":"https:\/\/sindromecharge.es\/wp-content\/uploads\/2013\/09\/logodecharge300x98.png","type":"image\/png"}],"author":"Charge","twitter_card":"summary_large_image","twitter_creator":"@sindromecharge","twitter_site":"@sindromecharge","twitter_misc":{"Escrito por":"Charge","Tiempo de lectura":"3 minutos"},"schema":{"@context":"https:\/\/schema.org","@graph":[{"@type":"Article","@id":"https:\/\/sindromecharge.es\/index.php\/2021\/05\/06\/logrono-aprueba-ampliar-y-reforzar-los-parques-infantiles-incorporando-mas-elementos-para-ninos-con-discapacidad\/#article","isPartOf":{"@id":"https:\/\/sindromecharge.es\/index.php\/2021\/05\/06\/logrono-aprueba-ampliar-y-reforzar-los-parques-infantiles-incorporando-mas-elementos-para-ninos-con-discapacidad\/"},"author":{"name":"Charge","@id":"https:\/\/sindromecharge.es\/#\/schema\/person\/39a60ebe0a2b4d5a11179701e336b039"},"headline":"Logro\u00f1o aprueba ampliar y reforzar los parques infantiles, incorporando m\u00e1s elementos para ni\u00f1os con discapacidad","datePublished":"2021-05-06T11:50:34+00:00","mainEntityOfPage":{"@id":"https:\/\/sindromecharge.es\/index.php\/2021\/05\/06\/logrono-aprueba-ampliar-y-reforzar-los-parques-infantiles-incorporando-mas-elementos-para-ninos-con-discapacidad\/"},"wordCount":650,"commentCount":0,"keywords":["discapacidad"],"articleSection":["noticias"],"inLanguage":"es","potentialAction":[{"@type":"CommentAction","name":"Comment","target":["https:\/\/sindromecharge.es\/index.php\/2021\/05\/06\/logrono-aprueba-ampliar-y-reforzar-los-parques-infantiles-incorporando-mas-elementos-para-ninos-con-discapacidad\/#respond"]}]},{"@type":"WebPage","@id":"https:\/\/sindromecharge.es\/index.php\/2021\/05\/06\/logrono-aprueba-ampliar-y-reforzar-los-parques-infantiles-incorporando-mas-elementos-para-ninos-con-discapacidad\/","url":"https:\/\/sindromecharge.es\/index.php\/2021\/05\/06\/logrono-aprueba-ampliar-y-reforzar-los-parques-infantiles-incorporando-mas-elementos-para-ninos-con-discapacidad\/","name":"Logro\u00f1o aprueba ampliar y reforzar los parques infantiles, incorporando m\u00e1s elementos para ni\u00f1os con discapacidad - Asociaci\u00f3n Espa\u00f1ola S\u00edndrome de Charge","isPartOf":{"@id":"https:\/\/sindromecharge.es\/#website"},"datePublished":"2021-05-06T11:50:34+00:00","author":{"@id":"https:\/\/sindromecharge.es\/#\/schema\/person\/39a60ebe0a2b4d5a11179701e336b039"},"breadcrumb":{"@id":"https:\/\/sindromecharge.es\/index.php\/2021\/05\/06\/logrono-aprueba-ampliar-y-reforzar-los-parques-infantiles-incorporando-mas-elementos-para-ninos-con-discapacidad\/#breadcrumb"},"inLanguage":"es","potentialAction":[{"@type":"ReadAction","target":["https:\/\/sindromecharge.es\/index.php\/2021\/05\/06\/logrono-aprueba-ampliar-y-reforzar-los-parques-infantiles-incorporando-mas-elementos-para-ninos-con-discapacidad\/"]}]},{"@type":"BreadcrumbList","@id":"https:\/\/sindromecharge.es\/index.php\/2021\/05\/06\/logrono-aprueba-ampliar-y-reforzar-los-parques-infantiles-incorporando-mas-elementos-para-ninos-con-discapacidad\/#breadcrumb","itemListElement":[{"@type":"ListItem","position":1,"name":"Portada","item":"https:\/\/sindromecharge.es\/"},{"@type":"ListItem","position":2,"name":"Logro\u00f1o aprueba ampliar y reforzar los parques infantiles, incorporando m\u00e1s elementos para ni\u00f1os con discapacidad"}]},{"@type":"WebSite","@id":"https:\/\/sindromecharge.es\/#website","url":"https:\/\/sindromecharge.es\/","name":"Asociaci\u00f3n Espa\u00f1ola S\u00edndrome de Charge","description":"","potentialAction":[{"@type":"SearchAction","target":{"@type":"EntryPoint","urlTemplate":"https:\/\/sindromecharge.es\/?s={search_term_string}"},"query-input":{"@type":"PropertyValueSpecification","valueRequired":true,"valueName":"search_term_string"}}],"inLanguage":"es"},{"@type":"Person","@id":"https:\/\/sindromecharge.es\/#\/schema\/person\/39a60ebe0a2b4d5a11179701e336b039","name":"Charge","image":{"@type":"ImageObject","inLanguage":"es","@id":"https:\/\/secure.gravatar.com\/avatar\/c3b46e32a0fc3b093a0873fb767bf3293de856293065e84ef06b7ec7a8acfb98?s=96&d=identicon&r=x","url":"https:\/\/secure.gravatar.com\/avatar\/c3b46e32a0fc3b093a0873fb767bf3293de856293065e84ef06b7ec7a8acfb98?s=96&d=identicon&r=x","contentUrl":"https:\/\/secure.gravatar.com\/avatar\/c3b46e32a0fc3b093a0873fb767bf3293de856293065e84ef06b7ec7a8acfb98?s=96&d=identicon&r=x","caption":"Charge"},"url":"https:\/\/sindromecharge.es\/index.php\/author\/admin\/"}]}},"_links":{"self":[{"href":"https:\/\/sindromecharge.es\/index.php\/wp-json\/wp\/v2\/posts\/7126","targetHints":{"allow":["GET"]}}],"collection":[{"href":"https:\/\/sindromecharge.es\/index.php\/wp-json\/wp\/v2\/posts"}],"about":[{"href":"https:\/\/sindromecharge.es\/index.php\/wp-json\/wp\/v2\/types\/post"}],"author":[{"embeddable":true,"href":"https:\/\/sindromecharge.es\/index.php\/wp-json\/wp\/v2\/users\/1"}],"replies":[{"embeddable":true,"href":"https:\/\/sindromecharge.es\/index.php\/wp-json\/wp\/v2\/comments?post=7126"}],"version-history":[{"count":0,"href":"https:\/\/sindromecharge.es\/index.php\/wp-json\/wp\/v2\/posts\/7126\/revisions"}],"wp:attachment":[{"href":"https:\/\/sindromecharge.es\/index.php\/wp-json\/wp\/v2\/media?parent=7126"}],"wp:term":[{"taxonomy":"category","embeddable":true,"href":"https:\/\/sindromecharge.es\/index.php\/wp-json\/wp\/v2\/categories?post=7126"},{"taxonomy":"post_tag","embeddable":true,"href":"https:\/\/sindromecharge.es\/index.php\/wp-json\/wp\/v2\/tags?post=7126"}],"curies":[{"name":"wp","href":"https:\/\/api.w.org\/{rel}","templated":true}]}}