{"id":7125,"date":"2021-05-06T10:51:52","date_gmt":"2021-05-06T10:51:52","guid":{"rendered":"https:\/\/sindromecharge.es\/index.php\/2021\/05\/06\/quieres-unirte-al-equipo-feder-buscamos-un-titulado-en-investigacion\/"},"modified":"2021-05-06T10:51:52","modified_gmt":"2021-05-06T10:51:52","slug":"quieres-unirte-al-equipo-feder-buscamos-un-titulado-en-investigacion","status":"publish","type":"post","link":"https:\/\/sindromecharge.es\/index.php\/2021\/05\/06\/quieres-unirte-al-equipo-feder-buscamos-un-titulado-en-investigacion\/","title":{"rendered":"\u00bfQuieres unirte al equipo FEDER? Buscamos un titulado en investigaci\u00f3n"},"content":{"rendered":"<p>Leemos en FEDER la siguiente noticia que os reproducimos de forma \u00edntegra: <\/p>\n<p><p>Si tienes titulaci\u00f3n universitaria de Trabajo social, posees formaci\u00f3n y conocimiento en entidades no lucrativas y Tercer Sector e inter\u00e9s y experiencia previa en la investigaci\u00f3n, quiz\u00e1s puedas enviarnos tu candidatura para el puesto de Titulado en Investigaci\u00f3n en Catalu\u00f1a.<\/p>\n<p><span style=\"text-decoration: underline\"><strong><span style=\"font-size: 18pt\">\u00bfQu\u00e9 te ofrecemos?<\/span><\/strong><\/span><\/p>\n<p>Formar parte de una <b>organizaci\u00f3n din\u00e1mica, flexible,<\/b> ofreci\u00e9ndote la <b>oportunidad de crecer y crear,<\/b> junto a nuestro equipo, un <b>proyecto de transformaci\u00f3n social.<\/b><\/p>\n<p><b>Trabajar junto a un equipo profesional que se caracteriza por su diversidad. Personas especializadas en el tercer sector y comprometidas con un proyecto conjunto.<\/b><\/p>\n<p>En concreto, este <b>puesto<\/b> est\u00e1 vinculado al <b>\u00e1rea de investigaci\u00f3n y conocimiento<\/b> desde donde <b>impulsamos la investigaci\u00f3n biom\u00e9dica<\/b> en las enfermedades raras y <b>generamos estudios e informes<\/b> sobre la realidad del colectivo.<\/p>\n<p><span style=\"text-decoration: underline\"><span style=\"font-size: 18pt\">\u00bfQu\u00e9 esperamos de ti?<\/span><\/span><\/p>\n<p>A continuaci\u00f3n, te detallamos algunas de las funciones que llevar\u00edas a cabo:<\/p>\n<ul>\n<li><b>Contribuir al desarrollo de la investigaci\u00f3n social impulsada desde la federaci\u00f3n,<\/b> generando y difundiendo informaci\u00f3n sobre la situaci\u00f3n de las personas con ER y sus familias, as\u00ed como sus necesidades, sus demandas y los patrones de evoluci\u00f3n de estas.<\/li>\n<li><b>Fomentar el conocimiento e intercambio de informaci\u00f3n<\/b>, el desarrollo de publicaciones y la difusi\u00f3n de resultados, y sensibilizar a entidades a nivel regional, estatal y europeo, ante dichos resultados<\/li>\n<li><b>Contribuir a la promoci\u00f3n de la investigaci\u00f3n biom\u00e9dica<\/b> en enfermedades raras dando soporte a las acciones que realizamos como convocatorias y jornadas.<\/li>\n<li><b>Trasladar a distintos agentes sociales la realidad del colectivo<\/b>, sus necesidades y demandas para promover una transformaci\u00f3n social<\/li>\n<li>Contribuir al <b>desarrollo de la investigaci\u00f3n social impulsada desde la federaci\u00f3n,<\/b> generando y difundiendo informaci\u00f3n sobre la situaci\u00f3n de las personas con ER y sus familias, as\u00ed como sus necesidades, sus demandas y los patrones de evoluci\u00f3n de estas.<\/li>\n<\/ul>\n<p><span style=\"text-decoration: underline\"><span style=\"font-size: 18pt\">\u00a1Queremos conocerte!<\/span><\/span><\/p>\n<p>Pres\u00e9ntanos tu candidatura si eres una <b>persona curiosa y creativa<\/b>, con <b>iniciativa, autonom\u00eda y habilidades sociales<\/b><\/p>\n<p>Para nosotros es importantes saber que dispones de capacidad para <b>trabajar en equipo y bajo presi\u00f3n.<\/b><\/p>\n<p>Si adem\u00e1s te defines por <b>tu flexibilidad, y tu responsabilidad<\/b> en el trabajo y si consideras que tienes, <b>y eres una persona organizada y met\u00f3dica;<\/b> no dudes en mandarnos tu candidatura,<\/p>\n<p>Para poder contar contigo necesitamos ver en ti una serie de requisitos:<\/p>\n<ul>\n<li>Imprescindible Grado universitario en trabajo social o diplomatura equivalente<\/li>\n<li>Formaci\u00f3n y conocimiento en entidades no lucrativas y tercer sector.<\/li>\n<li>Manejo avanzado de Excel, Access y de SPSS<\/li>\n<li>Conocimiento estad\u00edstico<\/li>\n<li>Ingl\u00e9s y catal\u00e1n<\/li>\n<\/ul>\n<p>Valoraremos:<\/p>\n<ul>\n<li>Experiencia previa en recogida y an\u00e1lisis de datos y estudios<\/li>\n<li>Colaboraci\u00f3n con entidades no lucrativas.<\/li>\n<li>Experiencia en elaboraci\u00f3n, presentaci\u00f3n, seguimiento y justificaci\u00f3n de proyectos<\/li>\n<\/ul>\n<p>S\u00f3lo tienes que entrar en <a href=\"https:\/\/www.hacesfalta.org\/oportunidades\/remuneradas\/detalle\/titulado-de-investigacion-en-catalunya\/186665?pageIndex=1&amp;volver=&amp;bsClave=investigacion\" target=\"_blank\" rel=\"noopener\">Tu red de voluntariado y trabajo en ONG &#8211; Hacesfalta.org1<\/a> y enviarnos tu solicitud antes del 26 de mayo.<\/p>\n<p>\u00daltima actualizaci\u00f3n 06\/05\/2021<\/p>\n<\/p>\n<p>Fuente: FEDER <a href=\"https:\/\/enfermedades-raras.org\/index.php\/actualidad\/noticias-eventos\/2-feder\/15302-%C2%BFquieres-unirte-al-equipo-feder-buscamos-un-titulado-en-investigaci%C3%B3n\" target=\"_blank\" rel=\"noopener\">\u00bfQuieres unirte al equipo FEDER? Buscamos un titulado en investigaci\u00f3n<\/a><\/p>\n","protected":false},"excerpt":{"rendered":"<p>Leemos en FEDER la siguiente noticia que os reproducimos de forma \u00edntegra: Si tienes titulaci\u00f3n universitaria de Trabajo social, posees formaci\u00f3n y conocimiento en entidades no lucrativas y Tercer Sector e inter\u00e9s y experiencia previa en la investigaci\u00f3n, quiz\u00e1s puedas enviarnos tu candidatura para el puesto de Titulado en Investigaci\u00f3n en Catalu\u00f1a. \u00bfQu\u00e9 te ofrecemos? [&hellip;]<\/p>\n","protected":false},"author":1,"featured_media":0,"comment_status":"open","ping_status":"closed","sticky":false,"template":"","format":"standard","meta":{"footnotes":""},"categories":[8],"tags":[36],"class_list":["post-7125","post","type-post","status-publish","format-standard","hentry","category-noticias","tag-enfermedades-raras"],"yoast_head":"<!-- This site is optimized with the Yoast SEO plugin v27.5 - https:\/\/yoast.com\/product\/yoast-seo-wordpress\/ -->\n<title>\u00bfQuieres unirte al equipo FEDER? Buscamos un titulado en investigaci\u00f3n - Asociaci\u00f3n Espa\u00f1ola S\u00edndrome de Charge<\/title>\n<meta name=\"robots\" content=\"index, follow, max-snippet:-1, max-image-preview:large, max-video-preview:-1\" \/>\n<link rel=\"canonical\" href=\"https:\/\/sindromecharge.es\/index.php\/2021\/05\/06\/quieres-unirte-al-equipo-feder-buscamos-un-titulado-en-investigacion\/\" \/>\n<meta property=\"og:locale\" content=\"es_ES\" \/>\n<meta property=\"og:type\" content=\"article\" \/>\n<meta property=\"og:title\" content=\"\u00bfQuieres unirte al equipo FEDER? Buscamos un titulado en investigaci\u00f3n - Asociaci\u00f3n Espa\u00f1ola S\u00edndrome de Charge\" \/>\n<meta property=\"og:description\" content=\"Leemos en FEDER la siguiente noticia que os reproducimos de forma \u00edntegra: Si tienes titulaci\u00f3n universitaria de Trabajo social, posees formaci\u00f3n y conocimiento en entidades no lucrativas y Tercer Sector e inter\u00e9s y experiencia previa en la investigaci\u00f3n, quiz\u00e1s puedas enviarnos tu candidatura para el puesto de Titulado en Investigaci\u00f3n en Catalu\u00f1a. \u00bfQu\u00e9 te ofrecemos? [&hellip;]\" \/>\n<meta property=\"og:url\" content=\"https:\/\/sindromecharge.es\/index.php\/2021\/05\/06\/quieres-unirte-al-equipo-feder-buscamos-un-titulado-en-investigacion\/\" \/>\n<meta property=\"og:site_name\" content=\"Asociaci\u00f3n Espa\u00f1ola S\u00edndrome de Charge\" \/>\n<meta property=\"article:publisher\" content=\"https:\/\/www.facebook.com\/asociacionsindromecharge\" \/>\n<meta property=\"article:published_time\" content=\"2021-05-06T10:51:52+00:00\" \/>\n<meta property=\"og:image\" content=\"https:\/\/sindromecharge.es\/wp-content\/uploads\/2013\/09\/logodecharge300x98.png\" \/>\n\t<meta property=\"og:image:width\" content=\"300\" \/>\n\t<meta property=\"og:image:height\" content=\"98\" \/>\n\t<meta property=\"og:image:type\" content=\"image\/png\" \/>\n<meta name=\"author\" content=\"Charge\" \/>\n<meta name=\"twitter:card\" content=\"summary_large_image\" \/>\n<meta name=\"twitter:creator\" content=\"@sindromecharge\" \/>\n<meta name=\"twitter:site\" content=\"@sindromecharge\" \/>\n<meta name=\"twitter:label1\" content=\"Escrito por\" \/>\n\t<meta name=\"twitter:data1\" content=\"Charge\" \/>\n\t<meta name=\"twitter:label2\" content=\"Tiempo de lectura\" \/>\n\t<meta name=\"twitter:data2\" content=\"3 minutos\" \/>\n<script type=\"application\/ld+json\" class=\"yoast-schema-graph\">{\"@context\":\"https:\\\/\\\/schema.org\",\"@graph\":[{\"@type\":\"Article\",\"@id\":\"https:\\\/\\\/sindromecharge.es\\\/index.php\\\/2021\\\/05\\\/06\\\/quieres-unirte-al-equipo-feder-buscamos-un-titulado-en-investigacion\\\/#article\",\"isPartOf\":{\"@id\":\"https:\\\/\\\/sindromecharge.es\\\/index.php\\\/2021\\\/05\\\/06\\\/quieres-unirte-al-equipo-feder-buscamos-un-titulado-en-investigacion\\\/\"},\"author\":{\"name\":\"Charge\",\"@id\":\"https:\\\/\\\/sindromecharge.es\\\/#\\\/schema\\\/person\\\/39a60ebe0a2b4d5a11179701e336b039\"},\"headline\":\"\u00bfQuieres unirte al equipo FEDER? Buscamos un titulado en investigaci\u00f3n\",\"datePublished\":\"2021-05-06T10:51:52+00:00\",\"mainEntityOfPage\":{\"@id\":\"https:\\\/\\\/sindromecharge.es\\\/index.php\\\/2021\\\/05\\\/06\\\/quieres-unirte-al-equipo-feder-buscamos-un-titulado-en-investigacion\\\/\"},\"wordCount\":529,\"commentCount\":0,\"keywords\":[\"enfermedades raras\"],\"articleSection\":[\"noticias\"],\"inLanguage\":\"es\",\"potentialAction\":[{\"@type\":\"CommentAction\",\"name\":\"Comment\",\"target\":[\"https:\\\/\\\/sindromecharge.es\\\/index.php\\\/2021\\\/05\\\/06\\\/quieres-unirte-al-equipo-feder-buscamos-un-titulado-en-investigacion\\\/#respond\"]}]},{\"@type\":\"WebPage\",\"@id\":\"https:\\\/\\\/sindromecharge.es\\\/index.php\\\/2021\\\/05\\\/06\\\/quieres-unirte-al-equipo-feder-buscamos-un-titulado-en-investigacion\\\/\",\"url\":\"https:\\\/\\\/sindromecharge.es\\\/index.php\\\/2021\\\/05\\\/06\\\/quieres-unirte-al-equipo-feder-buscamos-un-titulado-en-investigacion\\\/\",\"name\":\"\u00bfQuieres unirte al equipo FEDER? Buscamos un titulado en investigaci\u00f3n - Asociaci\u00f3n Espa\u00f1ola S\u00edndrome de Charge\",\"isPartOf\":{\"@id\":\"https:\\\/\\\/sindromecharge.es\\\/#website\"},\"datePublished\":\"2021-05-06T10:51:52+00:00\",\"author\":{\"@id\":\"https:\\\/\\\/sindromecharge.es\\\/#\\\/schema\\\/person\\\/39a60ebe0a2b4d5a11179701e336b039\"},\"breadcrumb\":{\"@id\":\"https:\\\/\\\/sindromecharge.es\\\/index.php\\\/2021\\\/05\\\/06\\\/quieres-unirte-al-equipo-feder-buscamos-un-titulado-en-investigacion\\\/#breadcrumb\"},\"inLanguage\":\"es\",\"potentialAction\":[{\"@type\":\"ReadAction\",\"target\":[\"https:\\\/\\\/sindromecharge.es\\\/index.php\\\/2021\\\/05\\\/06\\\/quieres-unirte-al-equipo-feder-buscamos-un-titulado-en-investigacion\\\/\"]}]},{\"@type\":\"BreadcrumbList\",\"@id\":\"https:\\\/\\\/sindromecharge.es\\\/index.php\\\/2021\\\/05\\\/06\\\/quieres-unirte-al-equipo-feder-buscamos-un-titulado-en-investigacion\\\/#breadcrumb\",\"itemListElement\":[{\"@type\":\"ListItem\",\"position\":1,\"name\":\"Portada\",\"item\":\"https:\\\/\\\/sindromecharge.es\\\/\"},{\"@type\":\"ListItem\",\"position\":2,\"name\":\"\u00bfQuieres unirte al equipo FEDER? Buscamos un titulado en investigaci\u00f3n\"}]},{\"@type\":\"WebSite\",\"@id\":\"https:\\\/\\\/sindromecharge.es\\\/#website\",\"url\":\"https:\\\/\\\/sindromecharge.es\\\/\",\"name\":\"Asociaci\u00f3n Espa\u00f1ola S\u00edndrome de Charge\",\"description\":\"\",\"potentialAction\":[{\"@type\":\"SearchAction\",\"target\":{\"@type\":\"EntryPoint\",\"urlTemplate\":\"https:\\\/\\\/sindromecharge.es\\\/?s={search_term_string}\"},\"query-input\":{\"@type\":\"PropertyValueSpecification\",\"valueRequired\":true,\"valueName\":\"search_term_string\"}}],\"inLanguage\":\"es\"},{\"@type\":\"Person\",\"@id\":\"https:\\\/\\\/sindromecharge.es\\\/#\\\/schema\\\/person\\\/39a60ebe0a2b4d5a11179701e336b039\",\"name\":\"Charge\",\"image\":{\"@type\":\"ImageObject\",\"inLanguage\":\"es\",\"@id\":\"https:\\\/\\\/secure.gravatar.com\\\/avatar\\\/c3b46e32a0fc3b093a0873fb767bf3293de856293065e84ef06b7ec7a8acfb98?s=96&d=identicon&r=x\",\"url\":\"https:\\\/\\\/secure.gravatar.com\\\/avatar\\\/c3b46e32a0fc3b093a0873fb767bf3293de856293065e84ef06b7ec7a8acfb98?s=96&d=identicon&r=x\",\"contentUrl\":\"https:\\\/\\\/secure.gravatar.com\\\/avatar\\\/c3b46e32a0fc3b093a0873fb767bf3293de856293065e84ef06b7ec7a8acfb98?s=96&d=identicon&r=x\",\"caption\":\"Charge\"},\"url\":\"https:\\\/\\\/sindromecharge.es\\\/index.php\\\/author\\\/admin\\\/\"}]}<\/script>\n<!-- \/ Yoast SEO plugin. -->","yoast_head_json":{"title":"\u00bfQuieres unirte al equipo FEDER? Buscamos un titulado en investigaci\u00f3n - Asociaci\u00f3n Espa\u00f1ola S\u00edndrome de Charge","robots":{"index":"index","follow":"follow","max-snippet":"max-snippet:-1","max-image-preview":"max-image-preview:large","max-video-preview":"max-video-preview:-1"},"canonical":"https:\/\/sindromecharge.es\/index.php\/2021\/05\/06\/quieres-unirte-al-equipo-feder-buscamos-un-titulado-en-investigacion\/","og_locale":"es_ES","og_type":"article","og_title":"\u00bfQuieres unirte al equipo FEDER? Buscamos un titulado en investigaci\u00f3n - Asociaci\u00f3n Espa\u00f1ola S\u00edndrome de Charge","og_description":"Leemos en FEDER la siguiente noticia que os reproducimos de forma \u00edntegra: Si tienes titulaci\u00f3n universitaria de Trabajo social, posees formaci\u00f3n y conocimiento en entidades no lucrativas y Tercer Sector e inter\u00e9s y experiencia previa en la investigaci\u00f3n, quiz\u00e1s puedas enviarnos tu candidatura para el puesto de Titulado en Investigaci\u00f3n en Catalu\u00f1a. \u00bfQu\u00e9 te ofrecemos? [&hellip;]","og_url":"https:\/\/sindromecharge.es\/index.php\/2021\/05\/06\/quieres-unirte-al-equipo-feder-buscamos-un-titulado-en-investigacion\/","og_site_name":"Asociaci\u00f3n Espa\u00f1ola S\u00edndrome de Charge","article_publisher":"https:\/\/www.facebook.com\/asociacionsindromecharge","article_published_time":"2021-05-06T10:51:52+00:00","og_image":[{"width":300,"height":98,"url":"https:\/\/sindromecharge.es\/wp-content\/uploads\/2013\/09\/logodecharge300x98.png","type":"image\/png"}],"author":"Charge","twitter_card":"summary_large_image","twitter_creator":"@sindromecharge","twitter_site":"@sindromecharge","twitter_misc":{"Escrito por":"Charge","Tiempo de lectura":"3 minutos"},"schema":{"@context":"https:\/\/schema.org","@graph":[{"@type":"Article","@id":"https:\/\/sindromecharge.es\/index.php\/2021\/05\/06\/quieres-unirte-al-equipo-feder-buscamos-un-titulado-en-investigacion\/#article","isPartOf":{"@id":"https:\/\/sindromecharge.es\/index.php\/2021\/05\/06\/quieres-unirte-al-equipo-feder-buscamos-un-titulado-en-investigacion\/"},"author":{"name":"Charge","@id":"https:\/\/sindromecharge.es\/#\/schema\/person\/39a60ebe0a2b4d5a11179701e336b039"},"headline":"\u00bfQuieres unirte al equipo FEDER? Buscamos un titulado en investigaci\u00f3n","datePublished":"2021-05-06T10:51:52+00:00","mainEntityOfPage":{"@id":"https:\/\/sindromecharge.es\/index.php\/2021\/05\/06\/quieres-unirte-al-equipo-feder-buscamos-un-titulado-en-investigacion\/"},"wordCount":529,"commentCount":0,"keywords":["enfermedades raras"],"articleSection":["noticias"],"inLanguage":"es","potentialAction":[{"@type":"CommentAction","name":"Comment","target":["https:\/\/sindromecharge.es\/index.php\/2021\/05\/06\/quieres-unirte-al-equipo-feder-buscamos-un-titulado-en-investigacion\/#respond"]}]},{"@type":"WebPage","@id":"https:\/\/sindromecharge.es\/index.php\/2021\/05\/06\/quieres-unirte-al-equipo-feder-buscamos-un-titulado-en-investigacion\/","url":"https:\/\/sindromecharge.es\/index.php\/2021\/05\/06\/quieres-unirte-al-equipo-feder-buscamos-un-titulado-en-investigacion\/","name":"\u00bfQuieres unirte al equipo FEDER? Buscamos un titulado en investigaci\u00f3n - Asociaci\u00f3n Espa\u00f1ola S\u00edndrome de Charge","isPartOf":{"@id":"https:\/\/sindromecharge.es\/#website"},"datePublished":"2021-05-06T10:51:52+00:00","author":{"@id":"https:\/\/sindromecharge.es\/#\/schema\/person\/39a60ebe0a2b4d5a11179701e336b039"},"breadcrumb":{"@id":"https:\/\/sindromecharge.es\/index.php\/2021\/05\/06\/quieres-unirte-al-equipo-feder-buscamos-un-titulado-en-investigacion\/#breadcrumb"},"inLanguage":"es","potentialAction":[{"@type":"ReadAction","target":["https:\/\/sindromecharge.es\/index.php\/2021\/05\/06\/quieres-unirte-al-equipo-feder-buscamos-un-titulado-en-investigacion\/"]}]},{"@type":"BreadcrumbList","@id":"https:\/\/sindromecharge.es\/index.php\/2021\/05\/06\/quieres-unirte-al-equipo-feder-buscamos-un-titulado-en-investigacion\/#breadcrumb","itemListElement":[{"@type":"ListItem","position":1,"name":"Portada","item":"https:\/\/sindromecharge.es\/"},{"@type":"ListItem","position":2,"name":"\u00bfQuieres unirte al equipo FEDER? Buscamos un titulado en investigaci\u00f3n"}]},{"@type":"WebSite","@id":"https:\/\/sindromecharge.es\/#website","url":"https:\/\/sindromecharge.es\/","name":"Asociaci\u00f3n Espa\u00f1ola S\u00edndrome de Charge","description":"","potentialAction":[{"@type":"SearchAction","target":{"@type":"EntryPoint","urlTemplate":"https:\/\/sindromecharge.es\/?s={search_term_string}"},"query-input":{"@type":"PropertyValueSpecification","valueRequired":true,"valueName":"search_term_string"}}],"inLanguage":"es"},{"@type":"Person","@id":"https:\/\/sindromecharge.es\/#\/schema\/person\/39a60ebe0a2b4d5a11179701e336b039","name":"Charge","image":{"@type":"ImageObject","inLanguage":"es","@id":"https:\/\/secure.gravatar.com\/avatar\/c3b46e32a0fc3b093a0873fb767bf3293de856293065e84ef06b7ec7a8acfb98?s=96&d=identicon&r=x","url":"https:\/\/secure.gravatar.com\/avatar\/c3b46e32a0fc3b093a0873fb767bf3293de856293065e84ef06b7ec7a8acfb98?s=96&d=identicon&r=x","contentUrl":"https:\/\/secure.gravatar.com\/avatar\/c3b46e32a0fc3b093a0873fb767bf3293de856293065e84ef06b7ec7a8acfb98?s=96&d=identicon&r=x","caption":"Charge"},"url":"https:\/\/sindromecharge.es\/index.php\/author\/admin\/"}]}},"_links":{"self":[{"href":"https:\/\/sindromecharge.es\/index.php\/wp-json\/wp\/v2\/posts\/7125","targetHints":{"allow":["GET"]}}],"collection":[{"href":"https:\/\/sindromecharge.es\/index.php\/wp-json\/wp\/v2\/posts"}],"about":[{"href":"https:\/\/sindromecharge.es\/index.php\/wp-json\/wp\/v2\/types\/post"}],"author":[{"embeddable":true,"href":"https:\/\/sindromecharge.es\/index.php\/wp-json\/wp\/v2\/users\/1"}],"replies":[{"embeddable":true,"href":"https:\/\/sindromecharge.es\/index.php\/wp-json\/wp\/v2\/comments?post=7125"}],"version-history":[{"count":0,"href":"https:\/\/sindromecharge.es\/index.php\/wp-json\/wp\/v2\/posts\/7125\/revisions"}],"wp:attachment":[{"href":"https:\/\/sindromecharge.es\/index.php\/wp-json\/wp\/v2\/media?parent=7125"}],"wp:term":[{"taxonomy":"category","embeddable":true,"href":"https:\/\/sindromecharge.es\/index.php\/wp-json\/wp\/v2\/categories?post=7125"},{"taxonomy":"post_tag","embeddable":true,"href":"https:\/\/sindromecharge.es\/index.php\/wp-json\/wp\/v2\/tags?post=7125"}],"curies":[{"name":"wp","href":"https:\/\/api.w.org\/{rel}","templated":true}]}}