{"id":7124,"date":"2021-05-06T08:36:18","date_gmt":"2021-05-06T08:36:18","guid":{"rendered":"https:\/\/sindromecharge.es\/index.php\/2021\/05\/06\/comparecemos-en-el-congreso-de-los-diputados-y-trasladamos-las-necesidades-del-colectivo\/"},"modified":"2021-05-06T08:36:18","modified_gmt":"2021-05-06T08:36:18","slug":"comparecemos-en-el-congreso-de-los-diputados-y-trasladamos-las-necesidades-del-colectivo","status":"publish","type":"post","link":"https:\/\/sindromecharge.es\/index.php\/2021\/05\/06\/comparecemos-en-el-congreso-de-los-diputados-y-trasladamos-las-necesidades-del-colectivo\/","title":{"rendered":"Comparecemos en el Congreso de los Diputados y trasladamos las necesidades del colectivo"},"content":{"rendered":"<p>Leemos en FEDER la siguiente noticia que os reproducimos de forma \u00edntegra: <\/p>\n<p><p>El pr\u00f3ximo 11 de mayo, nuestra Federaci\u00f3n comparecer\u00e1 en la Comisi\u00f3n de Sanidad del Congreso de los Diputados para trasladar la realidad de los m\u00e1s de tres millones de personas que conviven en Espa\u00f1a con alguna enfermedad poco frecuente, poniendo de relieve las necesidades comunes del colectivo como son el tratamiento eficaz y el diagn\u00f3stico precoz para mejorar la calidad de vida del colectivo.<\/p>\n<p>Intervenciones como \u00e9sta son fundamentales para avanzar hacia un futuro de esperanza, ya que, espacios como \u00e9ste nos dan la oportunidad de poder reflejar que solo el 5% de las enfermedades poco frecuentes tienen tratamiento o que solamente el 20% de estas patolog\u00edas est\u00e1n siendo investigadas. Esta realidad provoca un agravamiento de la enfermedad, sentimientos de incomprensi\u00f3n, incertidumbre y soledad, todo ello, provocando un impacto en el d\u00eda a d\u00eda de las personas que conviven con alguna de estas enfermedades.<\/p>\n<p>Adem\u00e1s, a trav\u00e9s de la comparecencia de nuestro presidente, Juan Carri\u00f3n, se posicionar\u00e1 el trabajo de nuestra federaci\u00f3n y de las m\u00e1s de 389 entidades de pacientes, las cuales, se esfuerzan diariamente para proporcionar informaci\u00f3n, concienciar a la sociedad, defender los derechos de pacientes y familiares, impulsar la investigaci\u00f3n y ser un apoyo, un pilar fundamental para el colectivo. Queremos reconocer la labor de cada una de ellas, ya que, son el motor de nuestra Federaci\u00f3n y nos permite mirar al futuro con ESPERANZA.<\/p>\n<p>\u00daltima actualizaci\u00f3n 06\/05\/2021<\/p>\n<\/p>\n<p>Fuente: FEDER <a href=\"https:\/\/enfermedades-raras.org\/index.php\/actualidad\/noticias-eventos\/2-feder\/15299-comparecemos-en-el-congreso-de-los-diputados-y-trasladamos-las-necesidades-del-colectivo\" target=\"_blank\" rel=\"noopener\">Comparecemos en el Congreso de los Diputados y trasladamos las necesidades del colectivo<\/a><\/p>\n","protected":false},"excerpt":{"rendered":"<p>Leemos en FEDER la siguiente noticia que os reproducimos de forma \u00edntegra: El pr\u00f3ximo 11 de mayo, nuestra Federaci\u00f3n comparecer\u00e1 en la Comisi\u00f3n de Sanidad del Congreso de los Diputados para trasladar la realidad de los m\u00e1s de tres millones de personas que conviven en Espa\u00f1a con alguna enfermedad poco frecuente, poniendo de relieve las [&hellip;]<\/p>\n","protected":false},"author":1,"featured_media":0,"comment_status":"open","ping_status":"closed","sticky":false,"template":"","format":"standard","meta":{"footnotes":""},"categories":[8],"tags":[36],"class_list":["post-7124","post","type-post","status-publish","format-standard","hentry","category-noticias","tag-enfermedades-raras"],"yoast_head":"<!-- This site is optimized with the Yoast SEO plugin v27.5 - https:\/\/yoast.com\/product\/yoast-seo-wordpress\/ -->\n<title>Comparecemos en el Congreso de los Diputados y trasladamos las necesidades del colectivo - Asociaci\u00f3n Espa\u00f1ola S\u00edndrome de Charge<\/title>\n<meta name=\"robots\" content=\"index, follow, max-snippet:-1, max-image-preview:large, max-video-preview:-1\" \/>\n<link rel=\"canonical\" href=\"https:\/\/sindromecharge.es\/index.php\/2021\/05\/06\/comparecemos-en-el-congreso-de-los-diputados-y-trasladamos-las-necesidades-del-colectivo\/\" \/>\n<meta property=\"og:locale\" content=\"es_ES\" \/>\n<meta property=\"og:type\" content=\"article\" \/>\n<meta property=\"og:title\" content=\"Comparecemos en el Congreso de los Diputados y trasladamos las necesidades del colectivo - Asociaci\u00f3n Espa\u00f1ola S\u00edndrome de Charge\" \/>\n<meta property=\"og:description\" content=\"Leemos en FEDER la siguiente noticia que os reproducimos de forma \u00edntegra: El pr\u00f3ximo 11 de mayo, nuestra Federaci\u00f3n comparecer\u00e1 en la Comisi\u00f3n de Sanidad del Congreso de los Diputados para trasladar la realidad de los m\u00e1s de tres millones de personas que conviven en Espa\u00f1a con alguna enfermedad poco frecuente, poniendo de relieve las [&hellip;]\" \/>\n<meta property=\"og:url\" content=\"https:\/\/sindromecharge.es\/index.php\/2021\/05\/06\/comparecemos-en-el-congreso-de-los-diputados-y-trasladamos-las-necesidades-del-colectivo\/\" \/>\n<meta property=\"og:site_name\" content=\"Asociaci\u00f3n Espa\u00f1ola S\u00edndrome de Charge\" \/>\n<meta property=\"article:publisher\" content=\"https:\/\/www.facebook.com\/asociacionsindromecharge\" \/>\n<meta property=\"article:published_time\" content=\"2021-05-06T08:36:18+00:00\" \/>\n<meta property=\"og:image\" content=\"https:\/\/sindromecharge.es\/wp-content\/uploads\/2013\/09\/logodecharge300x98.png\" \/>\n\t<meta property=\"og:image:width\" content=\"300\" \/>\n\t<meta property=\"og:image:height\" content=\"98\" \/>\n\t<meta property=\"og:image:type\" content=\"image\/png\" \/>\n<meta name=\"author\" content=\"Charge\" \/>\n<meta name=\"twitter:card\" content=\"summary_large_image\" \/>\n<meta name=\"twitter:creator\" content=\"@sindromecharge\" \/>\n<meta name=\"twitter:site\" content=\"@sindromecharge\" \/>\n<meta name=\"twitter:label1\" content=\"Escrito por\" \/>\n\t<meta name=\"twitter:data1\" content=\"Charge\" \/>\n\t<meta name=\"twitter:label2\" content=\"Tiempo de lectura\" \/>\n\t<meta name=\"twitter:data2\" content=\"1 minuto\" \/>\n<script type=\"application\/ld+json\" class=\"yoast-schema-graph\">{\"@context\":\"https:\\\/\\\/schema.org\",\"@graph\":[{\"@type\":\"Article\",\"@id\":\"https:\\\/\\\/sindromecharge.es\\\/index.php\\\/2021\\\/05\\\/06\\\/comparecemos-en-el-congreso-de-los-diputados-y-trasladamos-las-necesidades-del-colectivo\\\/#article\",\"isPartOf\":{\"@id\":\"https:\\\/\\\/sindromecharge.es\\\/index.php\\\/2021\\\/05\\\/06\\\/comparecemos-en-el-congreso-de-los-diputados-y-trasladamos-las-necesidades-del-colectivo\\\/\"},\"author\":{\"name\":\"Charge\",\"@id\":\"https:\\\/\\\/sindromecharge.es\\\/#\\\/schema\\\/person\\\/39a60ebe0a2b4d5a11179701e336b039\"},\"headline\":\"Comparecemos en el Congreso de los Diputados y trasladamos las necesidades del colectivo\",\"datePublished\":\"2021-05-06T08:36:18+00:00\",\"mainEntityOfPage\":{\"@id\":\"https:\\\/\\\/sindromecharge.es\\\/index.php\\\/2021\\\/05\\\/06\\\/comparecemos-en-el-congreso-de-los-diputados-y-trasladamos-las-necesidades-del-colectivo\\\/\"},\"wordCount\":286,\"commentCount\":0,\"keywords\":[\"enfermedades raras\"],\"articleSection\":[\"noticias\"],\"inLanguage\":\"es\",\"potentialAction\":[{\"@type\":\"CommentAction\",\"name\":\"Comment\",\"target\":[\"https:\\\/\\\/sindromecharge.es\\\/index.php\\\/2021\\\/05\\\/06\\\/comparecemos-en-el-congreso-de-los-diputados-y-trasladamos-las-necesidades-del-colectivo\\\/#respond\"]}]},{\"@type\":\"WebPage\",\"@id\":\"https:\\\/\\\/sindromecharge.es\\\/index.php\\\/2021\\\/05\\\/06\\\/comparecemos-en-el-congreso-de-los-diputados-y-trasladamos-las-necesidades-del-colectivo\\\/\",\"url\":\"https:\\\/\\\/sindromecharge.es\\\/index.php\\\/2021\\\/05\\\/06\\\/comparecemos-en-el-congreso-de-los-diputados-y-trasladamos-las-necesidades-del-colectivo\\\/\",\"name\":\"Comparecemos en el Congreso de los Diputados y trasladamos las necesidades del colectivo - Asociaci\u00f3n Espa\u00f1ola S\u00edndrome de Charge\",\"isPartOf\":{\"@id\":\"https:\\\/\\\/sindromecharge.es\\\/#website\"},\"datePublished\":\"2021-05-06T08:36:18+00:00\",\"author\":{\"@id\":\"https:\\\/\\\/sindromecharge.es\\\/#\\\/schema\\\/person\\\/39a60ebe0a2b4d5a11179701e336b039\"},\"breadcrumb\":{\"@id\":\"https:\\\/\\\/sindromecharge.es\\\/index.php\\\/2021\\\/05\\\/06\\\/comparecemos-en-el-congreso-de-los-diputados-y-trasladamos-las-necesidades-del-colectivo\\\/#breadcrumb\"},\"inLanguage\":\"es\",\"potentialAction\":[{\"@type\":\"ReadAction\",\"target\":[\"https:\\\/\\\/sindromecharge.es\\\/index.php\\\/2021\\\/05\\\/06\\\/comparecemos-en-el-congreso-de-los-diputados-y-trasladamos-las-necesidades-del-colectivo\\\/\"]}]},{\"@type\":\"BreadcrumbList\",\"@id\":\"https:\\\/\\\/sindromecharge.es\\\/index.php\\\/2021\\\/05\\\/06\\\/comparecemos-en-el-congreso-de-los-diputados-y-trasladamos-las-necesidades-del-colectivo\\\/#breadcrumb\",\"itemListElement\":[{\"@type\":\"ListItem\",\"position\":1,\"name\":\"Portada\",\"item\":\"https:\\\/\\\/sindromecharge.es\\\/\"},{\"@type\":\"ListItem\",\"position\":2,\"name\":\"Comparecemos en el Congreso de los Diputados y trasladamos las necesidades del colectivo\"}]},{\"@type\":\"WebSite\",\"@id\":\"https:\\\/\\\/sindromecharge.es\\\/#website\",\"url\":\"https:\\\/\\\/sindromecharge.es\\\/\",\"name\":\"Asociaci\u00f3n Espa\u00f1ola S\u00edndrome de Charge\",\"description\":\"\",\"potentialAction\":[{\"@type\":\"SearchAction\",\"target\":{\"@type\":\"EntryPoint\",\"urlTemplate\":\"https:\\\/\\\/sindromecharge.es\\\/?s={search_term_string}\"},\"query-input\":{\"@type\":\"PropertyValueSpecification\",\"valueRequired\":true,\"valueName\":\"search_term_string\"}}],\"inLanguage\":\"es\"},{\"@type\":\"Person\",\"@id\":\"https:\\\/\\\/sindromecharge.es\\\/#\\\/schema\\\/person\\\/39a60ebe0a2b4d5a11179701e336b039\",\"name\":\"Charge\",\"image\":{\"@type\":\"ImageObject\",\"inLanguage\":\"es\",\"@id\":\"https:\\\/\\\/secure.gravatar.com\\\/avatar\\\/c3b46e32a0fc3b093a0873fb767bf3293de856293065e84ef06b7ec7a8acfb98?s=96&d=identicon&r=x\",\"url\":\"https:\\\/\\\/secure.gravatar.com\\\/avatar\\\/c3b46e32a0fc3b093a0873fb767bf3293de856293065e84ef06b7ec7a8acfb98?s=96&d=identicon&r=x\",\"contentUrl\":\"https:\\\/\\\/secure.gravatar.com\\\/avatar\\\/c3b46e32a0fc3b093a0873fb767bf3293de856293065e84ef06b7ec7a8acfb98?s=96&d=identicon&r=x\",\"caption\":\"Charge\"},\"url\":\"https:\\\/\\\/sindromecharge.es\\\/index.php\\\/author\\\/admin\\\/\"}]}<\/script>\n<!-- \/ Yoast SEO plugin. -->","yoast_head_json":{"title":"Comparecemos en el Congreso de los Diputados y trasladamos las necesidades del colectivo - Asociaci\u00f3n Espa\u00f1ola S\u00edndrome de Charge","robots":{"index":"index","follow":"follow","max-snippet":"max-snippet:-1","max-image-preview":"max-image-preview:large","max-video-preview":"max-video-preview:-1"},"canonical":"https:\/\/sindromecharge.es\/index.php\/2021\/05\/06\/comparecemos-en-el-congreso-de-los-diputados-y-trasladamos-las-necesidades-del-colectivo\/","og_locale":"es_ES","og_type":"article","og_title":"Comparecemos en el Congreso de los Diputados y trasladamos las necesidades del colectivo - Asociaci\u00f3n Espa\u00f1ola S\u00edndrome de Charge","og_description":"Leemos en FEDER la siguiente noticia que os reproducimos de forma \u00edntegra: El pr\u00f3ximo 11 de mayo, nuestra Federaci\u00f3n comparecer\u00e1 en la Comisi\u00f3n de Sanidad del Congreso de los Diputados para trasladar la realidad de los m\u00e1s de tres millones de personas que conviven en Espa\u00f1a con alguna enfermedad poco frecuente, poniendo de relieve las [&hellip;]","og_url":"https:\/\/sindromecharge.es\/index.php\/2021\/05\/06\/comparecemos-en-el-congreso-de-los-diputados-y-trasladamos-las-necesidades-del-colectivo\/","og_site_name":"Asociaci\u00f3n Espa\u00f1ola S\u00edndrome de Charge","article_publisher":"https:\/\/www.facebook.com\/asociacionsindromecharge","article_published_time":"2021-05-06T08:36:18+00:00","og_image":[{"width":300,"height":98,"url":"https:\/\/sindromecharge.es\/wp-content\/uploads\/2013\/09\/logodecharge300x98.png","type":"image\/png"}],"author":"Charge","twitter_card":"summary_large_image","twitter_creator":"@sindromecharge","twitter_site":"@sindromecharge","twitter_misc":{"Escrito por":"Charge","Tiempo de lectura":"1 minuto"},"schema":{"@context":"https:\/\/schema.org","@graph":[{"@type":"Article","@id":"https:\/\/sindromecharge.es\/index.php\/2021\/05\/06\/comparecemos-en-el-congreso-de-los-diputados-y-trasladamos-las-necesidades-del-colectivo\/#article","isPartOf":{"@id":"https:\/\/sindromecharge.es\/index.php\/2021\/05\/06\/comparecemos-en-el-congreso-de-los-diputados-y-trasladamos-las-necesidades-del-colectivo\/"},"author":{"name":"Charge","@id":"https:\/\/sindromecharge.es\/#\/schema\/person\/39a60ebe0a2b4d5a11179701e336b039"},"headline":"Comparecemos en el Congreso de los Diputados y trasladamos las necesidades del colectivo","datePublished":"2021-05-06T08:36:18+00:00","mainEntityOfPage":{"@id":"https:\/\/sindromecharge.es\/index.php\/2021\/05\/06\/comparecemos-en-el-congreso-de-los-diputados-y-trasladamos-las-necesidades-del-colectivo\/"},"wordCount":286,"commentCount":0,"keywords":["enfermedades raras"],"articleSection":["noticias"],"inLanguage":"es","potentialAction":[{"@type":"CommentAction","name":"Comment","target":["https:\/\/sindromecharge.es\/index.php\/2021\/05\/06\/comparecemos-en-el-congreso-de-los-diputados-y-trasladamos-las-necesidades-del-colectivo\/#respond"]}]},{"@type":"WebPage","@id":"https:\/\/sindromecharge.es\/index.php\/2021\/05\/06\/comparecemos-en-el-congreso-de-los-diputados-y-trasladamos-las-necesidades-del-colectivo\/","url":"https:\/\/sindromecharge.es\/index.php\/2021\/05\/06\/comparecemos-en-el-congreso-de-los-diputados-y-trasladamos-las-necesidades-del-colectivo\/","name":"Comparecemos en el Congreso de los Diputados y trasladamos las necesidades del colectivo - Asociaci\u00f3n Espa\u00f1ola S\u00edndrome de Charge","isPartOf":{"@id":"https:\/\/sindromecharge.es\/#website"},"datePublished":"2021-05-06T08:36:18+00:00","author":{"@id":"https:\/\/sindromecharge.es\/#\/schema\/person\/39a60ebe0a2b4d5a11179701e336b039"},"breadcrumb":{"@id":"https:\/\/sindromecharge.es\/index.php\/2021\/05\/06\/comparecemos-en-el-congreso-de-los-diputados-y-trasladamos-las-necesidades-del-colectivo\/#breadcrumb"},"inLanguage":"es","potentialAction":[{"@type":"ReadAction","target":["https:\/\/sindromecharge.es\/index.php\/2021\/05\/06\/comparecemos-en-el-congreso-de-los-diputados-y-trasladamos-las-necesidades-del-colectivo\/"]}]},{"@type":"BreadcrumbList","@id":"https:\/\/sindromecharge.es\/index.php\/2021\/05\/06\/comparecemos-en-el-congreso-de-los-diputados-y-trasladamos-las-necesidades-del-colectivo\/#breadcrumb","itemListElement":[{"@type":"ListItem","position":1,"name":"Portada","item":"https:\/\/sindromecharge.es\/"},{"@type":"ListItem","position":2,"name":"Comparecemos en el Congreso de los Diputados y trasladamos las necesidades del colectivo"}]},{"@type":"WebSite","@id":"https:\/\/sindromecharge.es\/#website","url":"https:\/\/sindromecharge.es\/","name":"Asociaci\u00f3n Espa\u00f1ola S\u00edndrome de Charge","description":"","potentialAction":[{"@type":"SearchAction","target":{"@type":"EntryPoint","urlTemplate":"https:\/\/sindromecharge.es\/?s={search_term_string}"},"query-input":{"@type":"PropertyValueSpecification","valueRequired":true,"valueName":"search_term_string"}}],"inLanguage":"es"},{"@type":"Person","@id":"https:\/\/sindromecharge.es\/#\/schema\/person\/39a60ebe0a2b4d5a11179701e336b039","name":"Charge","image":{"@type":"ImageObject","inLanguage":"es","@id":"https:\/\/secure.gravatar.com\/avatar\/c3b46e32a0fc3b093a0873fb767bf3293de856293065e84ef06b7ec7a8acfb98?s=96&d=identicon&r=x","url":"https:\/\/secure.gravatar.com\/avatar\/c3b46e32a0fc3b093a0873fb767bf3293de856293065e84ef06b7ec7a8acfb98?s=96&d=identicon&r=x","contentUrl":"https:\/\/secure.gravatar.com\/avatar\/c3b46e32a0fc3b093a0873fb767bf3293de856293065e84ef06b7ec7a8acfb98?s=96&d=identicon&r=x","caption":"Charge"},"url":"https:\/\/sindromecharge.es\/index.php\/author\/admin\/"}]}},"_links":{"self":[{"href":"https:\/\/sindromecharge.es\/index.php\/wp-json\/wp\/v2\/posts\/7124","targetHints":{"allow":["GET"]}}],"collection":[{"href":"https:\/\/sindromecharge.es\/index.php\/wp-json\/wp\/v2\/posts"}],"about":[{"href":"https:\/\/sindromecharge.es\/index.php\/wp-json\/wp\/v2\/types\/post"}],"author":[{"embeddable":true,"href":"https:\/\/sindromecharge.es\/index.php\/wp-json\/wp\/v2\/users\/1"}],"replies":[{"embeddable":true,"href":"https:\/\/sindromecharge.es\/index.php\/wp-json\/wp\/v2\/comments?post=7124"}],"version-history":[{"count":0,"href":"https:\/\/sindromecharge.es\/index.php\/wp-json\/wp\/v2\/posts\/7124\/revisions"}],"wp:attachment":[{"href":"https:\/\/sindromecharge.es\/index.php\/wp-json\/wp\/v2\/media?parent=7124"}],"wp:term":[{"taxonomy":"category","embeddable":true,"href":"https:\/\/sindromecharge.es\/index.php\/wp-json\/wp\/v2\/categories?post=7124"},{"taxonomy":"post_tag","embeddable":true,"href":"https:\/\/sindromecharge.es\/index.php\/wp-json\/wp\/v2\/tags?post=7124"}],"curies":[{"name":"wp","href":"https:\/\/api.w.org\/{rel}","templated":true}]}}