{"id":7118,"date":"2021-05-05T10:23:26","date_gmt":"2021-05-05T10:23:26","guid":{"rendered":"https:\/\/sindromecharge.es\/index.php\/2021\/05\/05\/inserta-imparte-en-sevilla-un-curso-de-competencias-digitales-dirigido-a-personas-con-discapacidad\/"},"modified":"2021-05-05T10:23:26","modified_gmt":"2021-05-05T10:23:26","slug":"inserta-imparte-en-sevilla-un-curso-de-competencias-digitales-dirigido-a-personas-con-discapacidad","status":"publish","type":"post","link":"https:\/\/sindromecharge.es\/index.php\/2021\/05\/05\/inserta-imparte-en-sevilla-un-curso-de-competencias-digitales-dirigido-a-personas-con-discapacidad\/","title":{"rendered":"Inserta imparte en Sevilla un curso de competencias digitales dirigido a personas con discapacidad"},"content":{"rendered":"<p>Leemos en 20minutos la siguiente noticia que os reproducimos de forma \u00edntegra: <\/p>\n<p>Esta acci\u00f3n formativa a la que asisten 15 alumnos con discapacidad, concluir\u00e1el d\u00eda 11 de mayo y consta de 25 horas lectivas divididas en los siguientesm\u00f3dulos: iniciaci\u00f3n a la inform\u00e1tica y nos movemos en Internet, detalla la entidad en una nota de prensa.<\/p>\n<p>La formaci\u00f3n, que est\u00e1*dirigida a personas con discapacidad en situaci\u00f3n dedesempleo, es gratuita y est\u00e1 cofinanciada por Fundaci\u00f3n ONCE y el Fondo Social Europeo y su Programa Operativo de Inclusi\u00f3n Social y Econom\u00eda.<\/p>\n<p>Fundaci\u00f3n ONCE, consciente de la importancia que tiene el sector tecnol\u00f3gicoy la formaci\u00f3n digital en el mercado laboral, ha puesto en marcha el programaPor Talento Digital, que se desarrolla en coordinaci\u00f3n con Inserta Empleo, suentidad para la formaci\u00f3n y el empleo.<\/p>\n<p>Para la implementaci\u00f3n de este programa, cuenta con el apoyo del Fondo Social Europeo para las actuaciones que se desarrollan a trav\u00e9s de Inserta Empleo, as\u00ed como con la financiaci\u00f3n del sector privado que muestra inter\u00e9s en el fortalecimiento y captaci\u00f3n del talento de las personas con discapacidad.<\/p>\n<p>Como parte del programa Por Talento Digital, Fundaci\u00f3n ONCE mantiene abierta de forma permanente una convocatoria de becas con el fin de apoyar la incorporaci\u00f3n a acciones formativas en el \u00e1mbito tecnol\u00f3gico y digital de las personas con discapacidad y promover as\u00ed su inclusi\u00f3n e impulso laboral en empleos t\u00e9cnicos especializados y altamente cualificados.<\/p>\n<p>Las personas con discapacidad interesadas en las formaciones que formanparte del programa Por Talento Digital pueden informarse a trav\u00e9s de la p\u00e1ginaweb<\/p>\n<p>Fuente: 20minutos <a href=\"https:\/\/www.20minutos.es\/noticia\/4686211\/0\/inserta-imparte-en-sevilla-un-curso-de-competencias-digitales-dirigido-a-personas-con-discapacidad\/\" target=\"_blank\" rel=\"noopener\">Inserta imparte en Sevilla un curso de competencias digitales dirigido a personas con discapacidad<\/a><\/p>\n","protected":false},"excerpt":{"rendered":"<p>Leemos en 20minutos la siguiente noticia que os reproducimos de forma \u00edntegra: Esta acci\u00f3n formativa a la que asisten 15 alumnos con discapacidad, concluir\u00e1el d\u00eda 11 de mayo y consta de 25 horas lectivas divididas en los siguientesm\u00f3dulos: iniciaci\u00f3n a la inform\u00e1tica y nos movemos en Internet, detalla la entidad en una nota de prensa. [&hellip;]<\/p>\n","protected":false},"author":1,"featured_media":0,"comment_status":"open","ping_status":"closed","sticky":false,"template":"","format":"standard","meta":{"footnotes":""},"categories":[8],"tags":[31],"class_list":["post-7118","post","type-post","status-publish","format-standard","hentry","category-noticias","tag-discapacidad"],"yoast_head":"<!-- This site is optimized with the Yoast SEO plugin v27.5 - https:\/\/yoast.com\/product\/yoast-seo-wordpress\/ -->\n<title>Inserta imparte en Sevilla un curso de competencias digitales dirigido a personas con discapacidad - Asociaci\u00f3n Espa\u00f1ola S\u00edndrome de Charge<\/title>\n<meta name=\"robots\" content=\"index, follow, max-snippet:-1, max-image-preview:large, max-video-preview:-1\" \/>\n<link rel=\"canonical\" href=\"https:\/\/sindromecharge.es\/index.php\/2021\/05\/05\/inserta-imparte-en-sevilla-un-curso-de-competencias-digitales-dirigido-a-personas-con-discapacidad\/\" \/>\n<meta property=\"og:locale\" content=\"es_ES\" \/>\n<meta property=\"og:type\" content=\"article\" \/>\n<meta property=\"og:title\" content=\"Inserta imparte en Sevilla un curso de competencias digitales dirigido a personas con discapacidad - Asociaci\u00f3n Espa\u00f1ola S\u00edndrome de Charge\" \/>\n<meta property=\"og:description\" content=\"Leemos en 20minutos la siguiente noticia que os reproducimos de forma \u00edntegra: Esta acci\u00f3n formativa a la que asisten 15 alumnos con discapacidad, concluir\u00e1el d\u00eda 11 de mayo y consta de 25 horas lectivas divididas en los siguientesm\u00f3dulos: iniciaci\u00f3n a la inform\u00e1tica y nos movemos en Internet, detalla la entidad en una nota de prensa. [&hellip;]\" \/>\n<meta property=\"og:url\" content=\"https:\/\/sindromecharge.es\/index.php\/2021\/05\/05\/inserta-imparte-en-sevilla-un-curso-de-competencias-digitales-dirigido-a-personas-con-discapacidad\/\" \/>\n<meta property=\"og:site_name\" content=\"Asociaci\u00f3n Espa\u00f1ola S\u00edndrome de Charge\" \/>\n<meta property=\"article:publisher\" content=\"https:\/\/www.facebook.com\/asociacionsindromecharge\" \/>\n<meta property=\"article:published_time\" content=\"2021-05-05T10:23:26+00:00\" \/>\n<meta property=\"og:image\" content=\"https:\/\/sindromecharge.es\/wp-content\/uploads\/2013\/09\/logodecharge300x98.png\" \/>\n\t<meta property=\"og:image:width\" content=\"300\" \/>\n\t<meta property=\"og:image:height\" content=\"98\" \/>\n\t<meta property=\"og:image:type\" content=\"image\/png\" \/>\n<meta name=\"author\" content=\"Charge\" \/>\n<meta name=\"twitter:card\" content=\"summary_large_image\" \/>\n<meta name=\"twitter:creator\" content=\"@sindromecharge\" \/>\n<meta name=\"twitter:site\" content=\"@sindromecharge\" \/>\n<meta name=\"twitter:label1\" content=\"Escrito por\" \/>\n\t<meta name=\"twitter:data1\" content=\"Charge\" \/>\n\t<meta name=\"twitter:label2\" content=\"Tiempo de lectura\" \/>\n\t<meta name=\"twitter:data2\" content=\"1 minuto\" \/>\n<script type=\"application\/ld+json\" class=\"yoast-schema-graph\">{\"@context\":\"https:\\\/\\\/schema.org\",\"@graph\":[{\"@type\":\"Article\",\"@id\":\"https:\\\/\\\/sindromecharge.es\\\/index.php\\\/2021\\\/05\\\/05\\\/inserta-imparte-en-sevilla-un-curso-de-competencias-digitales-dirigido-a-personas-con-discapacidad\\\/#article\",\"isPartOf\":{\"@id\":\"https:\\\/\\\/sindromecharge.es\\\/index.php\\\/2021\\\/05\\\/05\\\/inserta-imparte-en-sevilla-un-curso-de-competencias-digitales-dirigido-a-personas-con-discapacidad\\\/\"},\"author\":{\"name\":\"Charge\",\"@id\":\"https:\\\/\\\/sindromecharge.es\\\/#\\\/schema\\\/person\\\/39a60ebe0a2b4d5a11179701e336b039\"},\"headline\":\"Inserta imparte en Sevilla un curso de competencias digitales dirigido a personas con discapacidad\",\"datePublished\":\"2021-05-05T10:23:26+00:00\",\"mainEntityOfPage\":{\"@id\":\"https:\\\/\\\/sindromecharge.es\\\/index.php\\\/2021\\\/05\\\/05\\\/inserta-imparte-en-sevilla-un-curso-de-competencias-digitales-dirigido-a-personas-con-discapacidad\\\/\"},\"wordCount\":309,\"commentCount\":0,\"keywords\":[\"discapacidad\"],\"articleSection\":[\"noticias\"],\"inLanguage\":\"es\",\"potentialAction\":[{\"@type\":\"CommentAction\",\"name\":\"Comment\",\"target\":[\"https:\\\/\\\/sindromecharge.es\\\/index.php\\\/2021\\\/05\\\/05\\\/inserta-imparte-en-sevilla-un-curso-de-competencias-digitales-dirigido-a-personas-con-discapacidad\\\/#respond\"]}]},{\"@type\":\"WebPage\",\"@id\":\"https:\\\/\\\/sindromecharge.es\\\/index.php\\\/2021\\\/05\\\/05\\\/inserta-imparte-en-sevilla-un-curso-de-competencias-digitales-dirigido-a-personas-con-discapacidad\\\/\",\"url\":\"https:\\\/\\\/sindromecharge.es\\\/index.php\\\/2021\\\/05\\\/05\\\/inserta-imparte-en-sevilla-un-curso-de-competencias-digitales-dirigido-a-personas-con-discapacidad\\\/\",\"name\":\"Inserta imparte en Sevilla un curso de competencias digitales dirigido a personas con discapacidad - Asociaci\u00f3n Espa\u00f1ola S\u00edndrome de Charge\",\"isPartOf\":{\"@id\":\"https:\\\/\\\/sindromecharge.es\\\/#website\"},\"datePublished\":\"2021-05-05T10:23:26+00:00\",\"author\":{\"@id\":\"https:\\\/\\\/sindromecharge.es\\\/#\\\/schema\\\/person\\\/39a60ebe0a2b4d5a11179701e336b039\"},\"breadcrumb\":{\"@id\":\"https:\\\/\\\/sindromecharge.es\\\/index.php\\\/2021\\\/05\\\/05\\\/inserta-imparte-en-sevilla-un-curso-de-competencias-digitales-dirigido-a-personas-con-discapacidad\\\/#breadcrumb\"},\"inLanguage\":\"es\",\"potentialAction\":[{\"@type\":\"ReadAction\",\"target\":[\"https:\\\/\\\/sindromecharge.es\\\/index.php\\\/2021\\\/05\\\/05\\\/inserta-imparte-en-sevilla-un-curso-de-competencias-digitales-dirigido-a-personas-con-discapacidad\\\/\"]}]},{\"@type\":\"BreadcrumbList\",\"@id\":\"https:\\\/\\\/sindromecharge.es\\\/index.php\\\/2021\\\/05\\\/05\\\/inserta-imparte-en-sevilla-un-curso-de-competencias-digitales-dirigido-a-personas-con-discapacidad\\\/#breadcrumb\",\"itemListElement\":[{\"@type\":\"ListItem\",\"position\":1,\"name\":\"Portada\",\"item\":\"https:\\\/\\\/sindromecharge.es\\\/\"},{\"@type\":\"ListItem\",\"position\":2,\"name\":\"Inserta imparte en Sevilla un curso de competencias digitales dirigido a personas con discapacidad\"}]},{\"@type\":\"WebSite\",\"@id\":\"https:\\\/\\\/sindromecharge.es\\\/#website\",\"url\":\"https:\\\/\\\/sindromecharge.es\\\/\",\"name\":\"Asociaci\u00f3n Espa\u00f1ola S\u00edndrome de Charge\",\"description\":\"\",\"potentialAction\":[{\"@type\":\"SearchAction\",\"target\":{\"@type\":\"EntryPoint\",\"urlTemplate\":\"https:\\\/\\\/sindromecharge.es\\\/?s={search_term_string}\"},\"query-input\":{\"@type\":\"PropertyValueSpecification\",\"valueRequired\":true,\"valueName\":\"search_term_string\"}}],\"inLanguage\":\"es\"},{\"@type\":\"Person\",\"@id\":\"https:\\\/\\\/sindromecharge.es\\\/#\\\/schema\\\/person\\\/39a60ebe0a2b4d5a11179701e336b039\",\"name\":\"Charge\",\"image\":{\"@type\":\"ImageObject\",\"inLanguage\":\"es\",\"@id\":\"https:\\\/\\\/secure.gravatar.com\\\/avatar\\\/c3b46e32a0fc3b093a0873fb767bf3293de856293065e84ef06b7ec7a8acfb98?s=96&d=identicon&r=x\",\"url\":\"https:\\\/\\\/secure.gravatar.com\\\/avatar\\\/c3b46e32a0fc3b093a0873fb767bf3293de856293065e84ef06b7ec7a8acfb98?s=96&d=identicon&r=x\",\"contentUrl\":\"https:\\\/\\\/secure.gravatar.com\\\/avatar\\\/c3b46e32a0fc3b093a0873fb767bf3293de856293065e84ef06b7ec7a8acfb98?s=96&d=identicon&r=x\",\"caption\":\"Charge\"},\"url\":\"https:\\\/\\\/sindromecharge.es\\\/index.php\\\/author\\\/admin\\\/\"}]}<\/script>\n<!-- \/ Yoast SEO plugin. -->","yoast_head_json":{"title":"Inserta imparte en Sevilla un curso de competencias digitales dirigido a personas con discapacidad - Asociaci\u00f3n Espa\u00f1ola S\u00edndrome de Charge","robots":{"index":"index","follow":"follow","max-snippet":"max-snippet:-1","max-image-preview":"max-image-preview:large","max-video-preview":"max-video-preview:-1"},"canonical":"https:\/\/sindromecharge.es\/index.php\/2021\/05\/05\/inserta-imparte-en-sevilla-un-curso-de-competencias-digitales-dirigido-a-personas-con-discapacidad\/","og_locale":"es_ES","og_type":"article","og_title":"Inserta imparte en Sevilla un curso de competencias digitales dirigido a personas con discapacidad - Asociaci\u00f3n Espa\u00f1ola S\u00edndrome de Charge","og_description":"Leemos en 20minutos la siguiente noticia que os reproducimos de forma \u00edntegra: Esta acci\u00f3n formativa a la que asisten 15 alumnos con discapacidad, concluir\u00e1el d\u00eda 11 de mayo y consta de 25 horas lectivas divididas en los siguientesm\u00f3dulos: iniciaci\u00f3n a la inform\u00e1tica y nos movemos en Internet, detalla la entidad en una nota de prensa. [&hellip;]","og_url":"https:\/\/sindromecharge.es\/index.php\/2021\/05\/05\/inserta-imparte-en-sevilla-un-curso-de-competencias-digitales-dirigido-a-personas-con-discapacidad\/","og_site_name":"Asociaci\u00f3n Espa\u00f1ola S\u00edndrome de Charge","article_publisher":"https:\/\/www.facebook.com\/asociacionsindromecharge","article_published_time":"2021-05-05T10:23:26+00:00","og_image":[{"width":300,"height":98,"url":"https:\/\/sindromecharge.es\/wp-content\/uploads\/2013\/09\/logodecharge300x98.png","type":"image\/png"}],"author":"Charge","twitter_card":"summary_large_image","twitter_creator":"@sindromecharge","twitter_site":"@sindromecharge","twitter_misc":{"Escrito por":"Charge","Tiempo de lectura":"1 minuto"},"schema":{"@context":"https:\/\/schema.org","@graph":[{"@type":"Article","@id":"https:\/\/sindromecharge.es\/index.php\/2021\/05\/05\/inserta-imparte-en-sevilla-un-curso-de-competencias-digitales-dirigido-a-personas-con-discapacidad\/#article","isPartOf":{"@id":"https:\/\/sindromecharge.es\/index.php\/2021\/05\/05\/inserta-imparte-en-sevilla-un-curso-de-competencias-digitales-dirigido-a-personas-con-discapacidad\/"},"author":{"name":"Charge","@id":"https:\/\/sindromecharge.es\/#\/schema\/person\/39a60ebe0a2b4d5a11179701e336b039"},"headline":"Inserta imparte en Sevilla un curso de competencias digitales dirigido a personas con discapacidad","datePublished":"2021-05-05T10:23:26+00:00","mainEntityOfPage":{"@id":"https:\/\/sindromecharge.es\/index.php\/2021\/05\/05\/inserta-imparte-en-sevilla-un-curso-de-competencias-digitales-dirigido-a-personas-con-discapacidad\/"},"wordCount":309,"commentCount":0,"keywords":["discapacidad"],"articleSection":["noticias"],"inLanguage":"es","potentialAction":[{"@type":"CommentAction","name":"Comment","target":["https:\/\/sindromecharge.es\/index.php\/2021\/05\/05\/inserta-imparte-en-sevilla-un-curso-de-competencias-digitales-dirigido-a-personas-con-discapacidad\/#respond"]}]},{"@type":"WebPage","@id":"https:\/\/sindromecharge.es\/index.php\/2021\/05\/05\/inserta-imparte-en-sevilla-un-curso-de-competencias-digitales-dirigido-a-personas-con-discapacidad\/","url":"https:\/\/sindromecharge.es\/index.php\/2021\/05\/05\/inserta-imparte-en-sevilla-un-curso-de-competencias-digitales-dirigido-a-personas-con-discapacidad\/","name":"Inserta imparte en Sevilla un curso de competencias digitales dirigido a personas con discapacidad - Asociaci\u00f3n Espa\u00f1ola S\u00edndrome de Charge","isPartOf":{"@id":"https:\/\/sindromecharge.es\/#website"},"datePublished":"2021-05-05T10:23:26+00:00","author":{"@id":"https:\/\/sindromecharge.es\/#\/schema\/person\/39a60ebe0a2b4d5a11179701e336b039"},"breadcrumb":{"@id":"https:\/\/sindromecharge.es\/index.php\/2021\/05\/05\/inserta-imparte-en-sevilla-un-curso-de-competencias-digitales-dirigido-a-personas-con-discapacidad\/#breadcrumb"},"inLanguage":"es","potentialAction":[{"@type":"ReadAction","target":["https:\/\/sindromecharge.es\/index.php\/2021\/05\/05\/inserta-imparte-en-sevilla-un-curso-de-competencias-digitales-dirigido-a-personas-con-discapacidad\/"]}]},{"@type":"BreadcrumbList","@id":"https:\/\/sindromecharge.es\/index.php\/2021\/05\/05\/inserta-imparte-en-sevilla-un-curso-de-competencias-digitales-dirigido-a-personas-con-discapacidad\/#breadcrumb","itemListElement":[{"@type":"ListItem","position":1,"name":"Portada","item":"https:\/\/sindromecharge.es\/"},{"@type":"ListItem","position":2,"name":"Inserta imparte en Sevilla un curso de competencias digitales dirigido a personas con discapacidad"}]},{"@type":"WebSite","@id":"https:\/\/sindromecharge.es\/#website","url":"https:\/\/sindromecharge.es\/","name":"Asociaci\u00f3n Espa\u00f1ola S\u00edndrome de Charge","description":"","potentialAction":[{"@type":"SearchAction","target":{"@type":"EntryPoint","urlTemplate":"https:\/\/sindromecharge.es\/?s={search_term_string}"},"query-input":{"@type":"PropertyValueSpecification","valueRequired":true,"valueName":"search_term_string"}}],"inLanguage":"es"},{"@type":"Person","@id":"https:\/\/sindromecharge.es\/#\/schema\/person\/39a60ebe0a2b4d5a11179701e336b039","name":"Charge","image":{"@type":"ImageObject","inLanguage":"es","@id":"https:\/\/secure.gravatar.com\/avatar\/c3b46e32a0fc3b093a0873fb767bf3293de856293065e84ef06b7ec7a8acfb98?s=96&d=identicon&r=x","url":"https:\/\/secure.gravatar.com\/avatar\/c3b46e32a0fc3b093a0873fb767bf3293de856293065e84ef06b7ec7a8acfb98?s=96&d=identicon&r=x","contentUrl":"https:\/\/secure.gravatar.com\/avatar\/c3b46e32a0fc3b093a0873fb767bf3293de856293065e84ef06b7ec7a8acfb98?s=96&d=identicon&r=x","caption":"Charge"},"url":"https:\/\/sindromecharge.es\/index.php\/author\/admin\/"}]}},"_links":{"self":[{"href":"https:\/\/sindromecharge.es\/index.php\/wp-json\/wp\/v2\/posts\/7118","targetHints":{"allow":["GET"]}}],"collection":[{"href":"https:\/\/sindromecharge.es\/index.php\/wp-json\/wp\/v2\/posts"}],"about":[{"href":"https:\/\/sindromecharge.es\/index.php\/wp-json\/wp\/v2\/types\/post"}],"author":[{"embeddable":true,"href":"https:\/\/sindromecharge.es\/index.php\/wp-json\/wp\/v2\/users\/1"}],"replies":[{"embeddable":true,"href":"https:\/\/sindromecharge.es\/index.php\/wp-json\/wp\/v2\/comments?post=7118"}],"version-history":[{"count":0,"href":"https:\/\/sindromecharge.es\/index.php\/wp-json\/wp\/v2\/posts\/7118\/revisions"}],"wp:attachment":[{"href":"https:\/\/sindromecharge.es\/index.php\/wp-json\/wp\/v2\/media?parent=7118"}],"wp:term":[{"taxonomy":"category","embeddable":true,"href":"https:\/\/sindromecharge.es\/index.php\/wp-json\/wp\/v2\/categories?post=7118"},{"taxonomy":"post_tag","embeddable":true,"href":"https:\/\/sindromecharge.es\/index.php\/wp-json\/wp\/v2\/tags?post=7118"}],"curies":[{"name":"wp","href":"https:\/\/api.w.org\/{rel}","templated":true}]}}