{"id":7115,"date":"2021-05-04T17:31:10","date_gmt":"2021-05-04T17:31:10","guid":{"rendered":"https:\/\/sindromecharge.es\/index.php\/2021\/05\/04\/el-extremeno-jesus-martin-blanco-cermi-nuevo-director-general-de-discapacidad-del-gobierno\/"},"modified":"2021-05-04T17:31:10","modified_gmt":"2021-05-04T17:31:10","slug":"el-extremeno-jesus-martin-blanco-cermi-nuevo-director-general-de-discapacidad-del-gobierno","status":"publish","type":"post","link":"https:\/\/sindromecharge.es\/index.php\/2021\/05\/04\/el-extremeno-jesus-martin-blanco-cermi-nuevo-director-general-de-discapacidad-del-gobierno\/","title":{"rendered":"El extreme\u00f1o Jes\u00fas Mart\u00edn Blanco (Cermi), nuevo director general de Discapacidad del Gobierno"},"content":{"rendered":"<p>Leemos en 20minutos la siguiente noticia que os reproducimos de forma \u00edntegra: <\/p>\n<p>De esta forma, reemplaza en el cargo al exdirector general de Pol\u00edticas de Discapacidad Jes\u00fas Celada, que pas\u00f3 a formar parte de la candidatura socialista de \u00c1ngel Gabilondo a las elecciones auton\u00f3micas de este 4 de mayo.<\/p>\n<p>Mart\u00edn Blanco es natural de Eljas (C\u00e1ceres) y es licenciado en Documentaci\u00f3n por la Universidad de Salamanca y tambi\u00e9n cuenta con diversos estudios de postgrado. Por ejemplo, dispone de un m\u00e1ster en Gesti\u00f3n Cultural por la Universidad de Alcal\u00e1 de Henares, un m\u00e1ster en Comunicaci\u00f3n de las Organizaciones en la Universidad Complutense de Madrid y otro en Discapacidad, Autonom\u00eda Personal y Atenci\u00f3n a la Dependencia en la Universidad Internacional Men\u00e9ndez Pelayo.<\/p>\n<p>Su trayectoria profesional se vincula, desde el a\u00f1o 1998, al movimiento asociativo de la discapacidad, en el seno de la Confederaci\u00f3n Estatal de Personas Sordas (CNSE) y su Fundaci\u00f3n, donde ha desempe\u00f1ado diferentes responsabilidades en materia de incidencia pol\u00edtica, defensa de derechos, comunicaci\u00f3n, relaciones institucionales, gesti\u00f3n de alianzas y direcci\u00f3n de proyectos.<\/p>\n<p>Asimismo, aparte del cargo que ven\u00eda ostentado en el Cermi, Mart\u00edn Blanco tambi\u00e9n ha participado y coordinado diferentes publicaciones y estudios sobre los derechos humanos de las personas con discapacidad, accesibilidad universal, responsabilidad social empresarial y cultura inclusiva y Agenda 2030.<\/p>\n<p>Fuentes gubernamentales destacan a Europa Press el activismo de Mart\u00edn Blanco en defensa de los derechos humanos y le definen como \u00abecologista\u00bb y \u00abfeminista\u00bb.<\/p>\n<p>Fuente: 20minutos <a href=\"https:\/\/www.20minutos.es\/noticia\/4685668\/0\/el-extremeno-jesus-martin-blanco-cermi-nuevo-director-general-de-discapacidad-del-gobierno\/\" target=\"_blank\" rel=\"noopener\">El extreme\u00f1o Jes\u00fas Mart\u00edn Blanco (Cermi), nuevo director general de Discapacidad del Gobierno<\/a><\/p>\n","protected":false},"excerpt":{"rendered":"<p>Leemos en 20minutos la siguiente noticia que os reproducimos de forma \u00edntegra: De esta forma, reemplaza en el cargo al exdirector general de Pol\u00edticas de Discapacidad Jes\u00fas Celada, que pas\u00f3 a formar parte de la candidatura socialista de \u00c1ngel Gabilondo a las elecciones auton\u00f3micas de este 4 de mayo. Mart\u00edn Blanco es natural de Eljas [&hellip;]<\/p>\n","protected":false},"author":1,"featured_media":0,"comment_status":"open","ping_status":"closed","sticky":false,"template":"","format":"standard","meta":{"footnotes":""},"categories":[8],"tags":[31],"class_list":["post-7115","post","type-post","status-publish","format-standard","hentry","category-noticias","tag-discapacidad"],"yoast_head":"<!-- This site is optimized with the Yoast SEO plugin v27.5 - https:\/\/yoast.com\/product\/yoast-seo-wordpress\/ -->\n<title>El extreme\u00f1o Jes\u00fas Mart\u00edn Blanco (Cermi), nuevo director general de Discapacidad del Gobierno - Asociaci\u00f3n Espa\u00f1ola S\u00edndrome de Charge<\/title>\n<meta name=\"robots\" content=\"index, follow, max-snippet:-1, max-image-preview:large, max-video-preview:-1\" \/>\n<link rel=\"canonical\" href=\"https:\/\/sindromecharge.es\/index.php\/2021\/05\/04\/el-extremeno-jesus-martin-blanco-cermi-nuevo-director-general-de-discapacidad-del-gobierno\/\" \/>\n<meta property=\"og:locale\" content=\"es_ES\" \/>\n<meta property=\"og:type\" content=\"article\" \/>\n<meta property=\"og:title\" content=\"El extreme\u00f1o Jes\u00fas Mart\u00edn Blanco (Cermi), nuevo director general de Discapacidad del Gobierno - Asociaci\u00f3n Espa\u00f1ola S\u00edndrome de Charge\" \/>\n<meta property=\"og:description\" content=\"Leemos en 20minutos la siguiente noticia que os reproducimos de forma \u00edntegra: De esta forma, reemplaza en el cargo al exdirector general de Pol\u00edticas de Discapacidad Jes\u00fas Celada, que pas\u00f3 a formar parte de la candidatura socialista de \u00c1ngel Gabilondo a las elecciones auton\u00f3micas de este 4 de mayo. Mart\u00edn Blanco es natural de Eljas [&hellip;]\" \/>\n<meta property=\"og:url\" content=\"https:\/\/sindromecharge.es\/index.php\/2021\/05\/04\/el-extremeno-jesus-martin-blanco-cermi-nuevo-director-general-de-discapacidad-del-gobierno\/\" \/>\n<meta property=\"og:site_name\" content=\"Asociaci\u00f3n Espa\u00f1ola S\u00edndrome de Charge\" \/>\n<meta property=\"article:publisher\" content=\"https:\/\/www.facebook.com\/asociacionsindromecharge\" \/>\n<meta property=\"article:published_time\" content=\"2021-05-04T17:31:10+00:00\" \/>\n<meta property=\"og:image\" content=\"https:\/\/sindromecharge.es\/wp-content\/uploads\/2013\/09\/logodecharge300x98.png\" \/>\n\t<meta property=\"og:image:width\" content=\"300\" \/>\n\t<meta property=\"og:image:height\" content=\"98\" \/>\n\t<meta property=\"og:image:type\" content=\"image\/png\" \/>\n<meta name=\"author\" content=\"Charge\" \/>\n<meta name=\"twitter:card\" content=\"summary_large_image\" \/>\n<meta name=\"twitter:creator\" content=\"@sindromecharge\" \/>\n<meta name=\"twitter:site\" content=\"@sindromecharge\" \/>\n<meta name=\"twitter:label1\" content=\"Escrito por\" \/>\n\t<meta name=\"twitter:data1\" content=\"Charge\" \/>\n\t<meta name=\"twitter:label2\" content=\"Tiempo de lectura\" \/>\n\t<meta name=\"twitter:data2\" content=\"1 minuto\" \/>\n<script type=\"application\/ld+json\" class=\"yoast-schema-graph\">{\"@context\":\"https:\\\/\\\/schema.org\",\"@graph\":[{\"@type\":\"Article\",\"@id\":\"https:\\\/\\\/sindromecharge.es\\\/index.php\\\/2021\\\/05\\\/04\\\/el-extremeno-jesus-martin-blanco-cermi-nuevo-director-general-de-discapacidad-del-gobierno\\\/#article\",\"isPartOf\":{\"@id\":\"https:\\\/\\\/sindromecharge.es\\\/index.php\\\/2021\\\/05\\\/04\\\/el-extremeno-jesus-martin-blanco-cermi-nuevo-director-general-de-discapacidad-del-gobierno\\\/\"},\"author\":{\"name\":\"Charge\",\"@id\":\"https:\\\/\\\/sindromecharge.es\\\/#\\\/schema\\\/person\\\/39a60ebe0a2b4d5a11179701e336b039\"},\"headline\":\"El extreme\u00f1o Jes\u00fas Mart\u00edn Blanco (Cermi), nuevo director general de Discapacidad del Gobierno\",\"datePublished\":\"2021-05-04T17:31:10+00:00\",\"mainEntityOfPage\":{\"@id\":\"https:\\\/\\\/sindromecharge.es\\\/index.php\\\/2021\\\/05\\\/04\\\/el-extremeno-jesus-martin-blanco-cermi-nuevo-director-general-de-discapacidad-del-gobierno\\\/\"},\"wordCount\":294,\"commentCount\":0,\"keywords\":[\"discapacidad\"],\"articleSection\":[\"noticias\"],\"inLanguage\":\"es\",\"potentialAction\":[{\"@type\":\"CommentAction\",\"name\":\"Comment\",\"target\":[\"https:\\\/\\\/sindromecharge.es\\\/index.php\\\/2021\\\/05\\\/04\\\/el-extremeno-jesus-martin-blanco-cermi-nuevo-director-general-de-discapacidad-del-gobierno\\\/#respond\"]}]},{\"@type\":\"WebPage\",\"@id\":\"https:\\\/\\\/sindromecharge.es\\\/index.php\\\/2021\\\/05\\\/04\\\/el-extremeno-jesus-martin-blanco-cermi-nuevo-director-general-de-discapacidad-del-gobierno\\\/\",\"url\":\"https:\\\/\\\/sindromecharge.es\\\/index.php\\\/2021\\\/05\\\/04\\\/el-extremeno-jesus-martin-blanco-cermi-nuevo-director-general-de-discapacidad-del-gobierno\\\/\",\"name\":\"El extreme\u00f1o Jes\u00fas Mart\u00edn Blanco (Cermi), nuevo director general de Discapacidad del Gobierno - Asociaci\u00f3n Espa\u00f1ola S\u00edndrome de Charge\",\"isPartOf\":{\"@id\":\"https:\\\/\\\/sindromecharge.es\\\/#website\"},\"datePublished\":\"2021-05-04T17:31:10+00:00\",\"author\":{\"@id\":\"https:\\\/\\\/sindromecharge.es\\\/#\\\/schema\\\/person\\\/39a60ebe0a2b4d5a11179701e336b039\"},\"breadcrumb\":{\"@id\":\"https:\\\/\\\/sindromecharge.es\\\/index.php\\\/2021\\\/05\\\/04\\\/el-extremeno-jesus-martin-blanco-cermi-nuevo-director-general-de-discapacidad-del-gobierno\\\/#breadcrumb\"},\"inLanguage\":\"es\",\"potentialAction\":[{\"@type\":\"ReadAction\",\"target\":[\"https:\\\/\\\/sindromecharge.es\\\/index.php\\\/2021\\\/05\\\/04\\\/el-extremeno-jesus-martin-blanco-cermi-nuevo-director-general-de-discapacidad-del-gobierno\\\/\"]}]},{\"@type\":\"BreadcrumbList\",\"@id\":\"https:\\\/\\\/sindromecharge.es\\\/index.php\\\/2021\\\/05\\\/04\\\/el-extremeno-jesus-martin-blanco-cermi-nuevo-director-general-de-discapacidad-del-gobierno\\\/#breadcrumb\",\"itemListElement\":[{\"@type\":\"ListItem\",\"position\":1,\"name\":\"Portada\",\"item\":\"https:\\\/\\\/sindromecharge.es\\\/\"},{\"@type\":\"ListItem\",\"position\":2,\"name\":\"El extreme\u00f1o Jes\u00fas Mart\u00edn Blanco (Cermi), nuevo director general de Discapacidad del Gobierno\"}]},{\"@type\":\"WebSite\",\"@id\":\"https:\\\/\\\/sindromecharge.es\\\/#website\",\"url\":\"https:\\\/\\\/sindromecharge.es\\\/\",\"name\":\"Asociaci\u00f3n Espa\u00f1ola S\u00edndrome de Charge\",\"description\":\"\",\"potentialAction\":[{\"@type\":\"SearchAction\",\"target\":{\"@type\":\"EntryPoint\",\"urlTemplate\":\"https:\\\/\\\/sindromecharge.es\\\/?s={search_term_string}\"},\"query-input\":{\"@type\":\"PropertyValueSpecification\",\"valueRequired\":true,\"valueName\":\"search_term_string\"}}],\"inLanguage\":\"es\"},{\"@type\":\"Person\",\"@id\":\"https:\\\/\\\/sindromecharge.es\\\/#\\\/schema\\\/person\\\/39a60ebe0a2b4d5a11179701e336b039\",\"name\":\"Charge\",\"image\":{\"@type\":\"ImageObject\",\"inLanguage\":\"es\",\"@id\":\"https:\\\/\\\/secure.gravatar.com\\\/avatar\\\/c3b46e32a0fc3b093a0873fb767bf3293de856293065e84ef06b7ec7a8acfb98?s=96&d=identicon&r=x\",\"url\":\"https:\\\/\\\/secure.gravatar.com\\\/avatar\\\/c3b46e32a0fc3b093a0873fb767bf3293de856293065e84ef06b7ec7a8acfb98?s=96&d=identicon&r=x\",\"contentUrl\":\"https:\\\/\\\/secure.gravatar.com\\\/avatar\\\/c3b46e32a0fc3b093a0873fb767bf3293de856293065e84ef06b7ec7a8acfb98?s=96&d=identicon&r=x\",\"caption\":\"Charge\"},\"url\":\"https:\\\/\\\/sindromecharge.es\\\/index.php\\\/author\\\/admin\\\/\"}]}<\/script>\n<!-- \/ Yoast SEO plugin. -->","yoast_head_json":{"title":"El extreme\u00f1o Jes\u00fas Mart\u00edn Blanco (Cermi), nuevo director general de Discapacidad del Gobierno - Asociaci\u00f3n Espa\u00f1ola S\u00edndrome de Charge","robots":{"index":"index","follow":"follow","max-snippet":"max-snippet:-1","max-image-preview":"max-image-preview:large","max-video-preview":"max-video-preview:-1"},"canonical":"https:\/\/sindromecharge.es\/index.php\/2021\/05\/04\/el-extremeno-jesus-martin-blanco-cermi-nuevo-director-general-de-discapacidad-del-gobierno\/","og_locale":"es_ES","og_type":"article","og_title":"El extreme\u00f1o Jes\u00fas Mart\u00edn Blanco (Cermi), nuevo director general de Discapacidad del Gobierno - Asociaci\u00f3n Espa\u00f1ola S\u00edndrome de Charge","og_description":"Leemos en 20minutos la siguiente noticia que os reproducimos de forma \u00edntegra: De esta forma, reemplaza en el cargo al exdirector general de Pol\u00edticas de Discapacidad Jes\u00fas Celada, que pas\u00f3 a formar parte de la candidatura socialista de \u00c1ngel Gabilondo a las elecciones auton\u00f3micas de este 4 de mayo. Mart\u00edn Blanco es natural de Eljas [&hellip;]","og_url":"https:\/\/sindromecharge.es\/index.php\/2021\/05\/04\/el-extremeno-jesus-martin-blanco-cermi-nuevo-director-general-de-discapacidad-del-gobierno\/","og_site_name":"Asociaci\u00f3n Espa\u00f1ola S\u00edndrome de Charge","article_publisher":"https:\/\/www.facebook.com\/asociacionsindromecharge","article_published_time":"2021-05-04T17:31:10+00:00","og_image":[{"width":300,"height":98,"url":"https:\/\/sindromecharge.es\/wp-content\/uploads\/2013\/09\/logodecharge300x98.png","type":"image\/png"}],"author":"Charge","twitter_card":"summary_large_image","twitter_creator":"@sindromecharge","twitter_site":"@sindromecharge","twitter_misc":{"Escrito por":"Charge","Tiempo de lectura":"1 minuto"},"schema":{"@context":"https:\/\/schema.org","@graph":[{"@type":"Article","@id":"https:\/\/sindromecharge.es\/index.php\/2021\/05\/04\/el-extremeno-jesus-martin-blanco-cermi-nuevo-director-general-de-discapacidad-del-gobierno\/#article","isPartOf":{"@id":"https:\/\/sindromecharge.es\/index.php\/2021\/05\/04\/el-extremeno-jesus-martin-blanco-cermi-nuevo-director-general-de-discapacidad-del-gobierno\/"},"author":{"name":"Charge","@id":"https:\/\/sindromecharge.es\/#\/schema\/person\/39a60ebe0a2b4d5a11179701e336b039"},"headline":"El extreme\u00f1o Jes\u00fas Mart\u00edn Blanco (Cermi), nuevo director general de Discapacidad del Gobierno","datePublished":"2021-05-04T17:31:10+00:00","mainEntityOfPage":{"@id":"https:\/\/sindromecharge.es\/index.php\/2021\/05\/04\/el-extremeno-jesus-martin-blanco-cermi-nuevo-director-general-de-discapacidad-del-gobierno\/"},"wordCount":294,"commentCount":0,"keywords":["discapacidad"],"articleSection":["noticias"],"inLanguage":"es","potentialAction":[{"@type":"CommentAction","name":"Comment","target":["https:\/\/sindromecharge.es\/index.php\/2021\/05\/04\/el-extremeno-jesus-martin-blanco-cermi-nuevo-director-general-de-discapacidad-del-gobierno\/#respond"]}]},{"@type":"WebPage","@id":"https:\/\/sindromecharge.es\/index.php\/2021\/05\/04\/el-extremeno-jesus-martin-blanco-cermi-nuevo-director-general-de-discapacidad-del-gobierno\/","url":"https:\/\/sindromecharge.es\/index.php\/2021\/05\/04\/el-extremeno-jesus-martin-blanco-cermi-nuevo-director-general-de-discapacidad-del-gobierno\/","name":"El extreme\u00f1o Jes\u00fas Mart\u00edn Blanco (Cermi), nuevo director general de Discapacidad del Gobierno - Asociaci\u00f3n Espa\u00f1ola S\u00edndrome de Charge","isPartOf":{"@id":"https:\/\/sindromecharge.es\/#website"},"datePublished":"2021-05-04T17:31:10+00:00","author":{"@id":"https:\/\/sindromecharge.es\/#\/schema\/person\/39a60ebe0a2b4d5a11179701e336b039"},"breadcrumb":{"@id":"https:\/\/sindromecharge.es\/index.php\/2021\/05\/04\/el-extremeno-jesus-martin-blanco-cermi-nuevo-director-general-de-discapacidad-del-gobierno\/#breadcrumb"},"inLanguage":"es","potentialAction":[{"@type":"ReadAction","target":["https:\/\/sindromecharge.es\/index.php\/2021\/05\/04\/el-extremeno-jesus-martin-blanco-cermi-nuevo-director-general-de-discapacidad-del-gobierno\/"]}]},{"@type":"BreadcrumbList","@id":"https:\/\/sindromecharge.es\/index.php\/2021\/05\/04\/el-extremeno-jesus-martin-blanco-cermi-nuevo-director-general-de-discapacidad-del-gobierno\/#breadcrumb","itemListElement":[{"@type":"ListItem","position":1,"name":"Portada","item":"https:\/\/sindromecharge.es\/"},{"@type":"ListItem","position":2,"name":"El extreme\u00f1o Jes\u00fas Mart\u00edn Blanco (Cermi), nuevo director general de Discapacidad del Gobierno"}]},{"@type":"WebSite","@id":"https:\/\/sindromecharge.es\/#website","url":"https:\/\/sindromecharge.es\/","name":"Asociaci\u00f3n Espa\u00f1ola S\u00edndrome de Charge","description":"","potentialAction":[{"@type":"SearchAction","target":{"@type":"EntryPoint","urlTemplate":"https:\/\/sindromecharge.es\/?s={search_term_string}"},"query-input":{"@type":"PropertyValueSpecification","valueRequired":true,"valueName":"search_term_string"}}],"inLanguage":"es"},{"@type":"Person","@id":"https:\/\/sindromecharge.es\/#\/schema\/person\/39a60ebe0a2b4d5a11179701e336b039","name":"Charge","image":{"@type":"ImageObject","inLanguage":"es","@id":"https:\/\/secure.gravatar.com\/avatar\/c3b46e32a0fc3b093a0873fb767bf3293de856293065e84ef06b7ec7a8acfb98?s=96&d=identicon&r=x","url":"https:\/\/secure.gravatar.com\/avatar\/c3b46e32a0fc3b093a0873fb767bf3293de856293065e84ef06b7ec7a8acfb98?s=96&d=identicon&r=x","contentUrl":"https:\/\/secure.gravatar.com\/avatar\/c3b46e32a0fc3b093a0873fb767bf3293de856293065e84ef06b7ec7a8acfb98?s=96&d=identicon&r=x","caption":"Charge"},"url":"https:\/\/sindromecharge.es\/index.php\/author\/admin\/"}]}},"_links":{"self":[{"href":"https:\/\/sindromecharge.es\/index.php\/wp-json\/wp\/v2\/posts\/7115","targetHints":{"allow":["GET"]}}],"collection":[{"href":"https:\/\/sindromecharge.es\/index.php\/wp-json\/wp\/v2\/posts"}],"about":[{"href":"https:\/\/sindromecharge.es\/index.php\/wp-json\/wp\/v2\/types\/post"}],"author":[{"embeddable":true,"href":"https:\/\/sindromecharge.es\/index.php\/wp-json\/wp\/v2\/users\/1"}],"replies":[{"embeddable":true,"href":"https:\/\/sindromecharge.es\/index.php\/wp-json\/wp\/v2\/comments?post=7115"}],"version-history":[{"count":0,"href":"https:\/\/sindromecharge.es\/index.php\/wp-json\/wp\/v2\/posts\/7115\/revisions"}],"wp:attachment":[{"href":"https:\/\/sindromecharge.es\/index.php\/wp-json\/wp\/v2\/media?parent=7115"}],"wp:term":[{"taxonomy":"category","embeddable":true,"href":"https:\/\/sindromecharge.es\/index.php\/wp-json\/wp\/v2\/categories?post=7115"},{"taxonomy":"post_tag","embeddable":true,"href":"https:\/\/sindromecharge.es\/index.php\/wp-json\/wp\/v2\/tags?post=7115"}],"curies":[{"name":"wp","href":"https:\/\/api.w.org\/{rel}","templated":true}]}}