{"id":7114,"date":"2021-05-04T14:01:24","date_gmt":"2021-05-04T14:01:24","guid":{"rendered":"https:\/\/sindromecharge.es\/index.php\/2021\/05\/04\/ayuntamiento-y-cem-colaboraran-para-que-entidades-y-asociaciones-sean-apadrinadas-temporalmente-por-empresas\/"},"modified":"2021-05-04T14:01:24","modified_gmt":"2021-05-04T14:01:24","slug":"ayuntamiento-y-cem-colaboraran-para-que-entidades-y-asociaciones-sean-apadrinadas-temporalmente-por-empresas","status":"publish","type":"post","link":"https:\/\/sindromecharge.es\/index.php\/2021\/05\/04\/ayuntamiento-y-cem-colaboraran-para-que-entidades-y-asociaciones-sean-apadrinadas-temporalmente-por-empresas\/","title":{"rendered":"Ayuntamiento y CEM colaborar\u00e1n para que entidades y asociaciones sean apadrinadas temporalmente por empresas"},"content":{"rendered":"<p>Leemos en 20minutos la siguiente noticia que os reproducimos de forma \u00edntegra: <\/p>\n<p>As\u00ed, mediante este acuerdo, se posibilitar\u00e1 que las empresas malague\u00f1as impulsadas por el Foro de Empresas Socialmente Responsables de la Provincia de M\u00e1laga (Foro RSE M\u00e1laga) puedan participar en un programa de apadrinamiento temporal a entidades de la ciudad.<\/p>\n<p>El desarrollo de este protocolo se realizar\u00e1 a trav\u00e9s de acuerdos singularizados que ambas entidades puedan desarrollar, han detallado en rueda de prensa.<\/p>\n<p>De esta manera se podr\u00e1 ofrecer una respuesta transformadora a los problemas de las asociaciones y entidades sociosanitarias del municipio que se han visto especialmente afectadas en sus actividades de inter\u00e9s general por la situaci\u00f3n generada por la pandemia.<\/p>\n<p>Han detallado que este protocolo tiene como origen un an\u00e1lisis realizado por parte del \u00c1rea de Participaci\u00f3n Ciudadana en el que se pone de manifiesto que las entidades m\u00e1s afectadas por la crisis econ\u00f3mica generada por el COVID-19 son las que trabajan en temas sociosanitarios, las que lo hacen con personas con discapacidad y las que desarrollan su labor para combatir las distintas adicciones.<\/p>\n<p>Estas entidades, adem\u00e1s de contar con un voluntariado para desarrollar su actividad, cuentan con personal t\u00e9cnico en sus plantillas, y se vieron en gran dificultad de mantenerlas debido a las restricciones a la movilidad y a la actividad como consecuencia de la pandemia. Por ello, el Ayuntamiento emprende diferentes acciones para ayudarlas, entre las que se encuentra la firma de este protocolo con CEM.<\/p>\n<p>Al respecto, desde CEM se ha llevado a cabo una recopilaci\u00f3n de informaci\u00f3n de cada una de las organizaciones participantes, a fin de trasladar a las empresas malague\u00f1as cu\u00e1les son las principales l\u00edneas de actuaci\u00f3n de dichas entidades y poder as\u00ed detectar las necesidades espec\u00edficas de apoyo en cada caso.<\/p>\n<p>FORO RSE<\/p>\n<p>Se considera que la mejor respuesta a esta iniciativa por parte del sector empresarial de la ciudad puede venir del Foro RSE M\u00e1laga, una iniciativa que busca poner en com\u00fan actividades y reforzar el compromiso del tejido productivo en su conjunto con el entorno a trav\u00e9s de la responsabilidad social empresarial (RSE).<\/p>\n<p>Los objetivos del foro son convertir a M\u00e1laga en un referente como provincia socialmente responsable, apoyar al tejido productivo para dotarlo de competitividad y solidez a trav\u00e9s de la RSE, priorizar la \u00e9tica en los negocios y la RSE como una forma de entender la empresa y sensibilizar a empresas, administraciones y sociedad en materia de RSE.<\/p>\n<p>Las asociaciones que podr\u00e1n formar parte de este proceso de apadrinamiento son las integradas en las agrupaciones de desarrollo: Lucha contra el C\u00e1ncer, Accesibilidad y Lucha contra las adicciones.<\/p>\n<p>De la Torre ha valorado que estas agrupaciones \u00abson una buena muestra de ese movimiento asociativo\u00bb. \u00abEste acto tiene muchas vertientes pero es hermoso y subraya dos cuestiones importantes en M\u00e1laga: la fuerza, el m\u00e9rito del movimiento asociativo\u00bb y \u00abla sensibilidad del mundo empresarial en esta materia\u00bb.<\/p>\n<p>Por su parte, Gonz\u00e1lez de Lara ha dicho que es un d\u00eda \u00abemotivo\u00bb y ha agregado que esta iniciativa representa \u00abacci\u00f3n y compromiso\u00bb por parte del tejido empresarial con la sociedad malague\u00f1a.<\/p>\n<p>\u00abViene a demostrar la colaboraci\u00f3n p\u00fablico privada que tan buenos frutos ha dado en diversos campos de actuaci\u00f3n para hacer una sociedad m\u00e1s justa, mejor, eficiente, y que resulta tan importante en estos momentos para salir de esta enorme pandemia que ha generado tanto dolor y sufrimiento\u00bb, ha se\u00f1alado.<\/p>\n<p>En este contexto, ha dicho, tener una responsabilidad compartida por trabajar en recuperaci\u00f3n \u00abpronto y s\u00f3lida\u00bb es \u00abdigno de reconocer\u00bb, ha apostillado. Adem\u00e1s, ha se\u00f1alado que \u00abes el momento de no decir palabras, sino de hacer actos y demostrar que la reactivaci\u00f3n econ\u00f3mica no debe dejar atr\u00e1s a ning\u00fan colectivo\u00bb.<\/p>\n<p>Tambi\u00e9n ha destacado la importancia de la RSE, un \u00abelemento del ADN de la empresa\u00bb, y ha incidido en que la empresa \u00abno es solo una cuenta de resultados, un balance, no es solo intentar que tenga una rentabilidad, que por supuesto tiene que tenerla, porque de no tenerla no tendr\u00eda viabilidad, sino que la empresa pone en el centro de sus objetivos a las personas y sobre todo a las que m\u00e1s necesitan ese apoyo y respaldo en tiempos de dificultad\u00bb.<\/p>\n<p>Por \u00faltimo, ha valorado la labor de las empresas durante la pandemia, a\u00f1adiendo que \u00abhay que ser cautelosos, nos quedan, como m\u00ednimo, dos meses duros y complejos para intentar salvar el verano\u00bb. \u00abTenemos que hacer las cosas bien, no precipitarnos, pero sin duda mirar hacia atr\u00e1s en clave positiva\u00bb, valorando la labor \u00abejemplar\u00bb de sectores y empresas.<\/p>\n<p>Fuente: 20minutos <a href=\"https:\/\/www.20minutos.es\/noticia\/4685363\/0\/ayuntamiento-y-cem-colaboraran-para-que-entidades-y-asociaciones-sean-apadrinadas-temporalmente-por-empresas\/\" target=\"_blank\" rel=\"noopener\">Ayuntamiento y CEM colaborar\u00e1n para que entidades y asociaciones sean apadrinadas temporalmente por empresas<\/a><\/p>\n","protected":false},"excerpt":{"rendered":"<p>Leemos en 20minutos la siguiente noticia que os reproducimos de forma \u00edntegra: As\u00ed, mediante este acuerdo, se posibilitar\u00e1 que las empresas malague\u00f1as impulsadas por el Foro de Empresas Socialmente Responsables de la Provincia de M\u00e1laga (Foro RSE M\u00e1laga) puedan participar en un programa de apadrinamiento temporal a entidades de la ciudad. El desarrollo de este [&hellip;]<\/p>\n","protected":false},"author":1,"featured_media":0,"comment_status":"open","ping_status":"closed","sticky":false,"template":"","format":"standard","meta":{"footnotes":""},"categories":[8],"tags":[31],"class_list":["post-7114","post","type-post","status-publish","format-standard","hentry","category-noticias","tag-discapacidad"],"yoast_head":"<!-- This site is optimized with the Yoast SEO plugin v27.5 - https:\/\/yoast.com\/product\/yoast-seo-wordpress\/ -->\n<title>Ayuntamiento y CEM colaborar\u00e1n para que entidades y asociaciones sean apadrinadas temporalmente por empresas - Asociaci\u00f3n Espa\u00f1ola S\u00edndrome de Charge<\/title>\n<meta name=\"robots\" content=\"index, follow, max-snippet:-1, max-image-preview:large, max-video-preview:-1\" \/>\n<link rel=\"canonical\" href=\"https:\/\/sindromecharge.es\/index.php\/2021\/05\/04\/ayuntamiento-y-cem-colaboraran-para-que-entidades-y-asociaciones-sean-apadrinadas-temporalmente-por-empresas\/\" \/>\n<meta property=\"og:locale\" content=\"es_ES\" \/>\n<meta property=\"og:type\" content=\"article\" \/>\n<meta property=\"og:title\" content=\"Ayuntamiento y CEM colaborar\u00e1n para que entidades y asociaciones sean apadrinadas temporalmente por empresas - Asociaci\u00f3n Espa\u00f1ola S\u00edndrome de Charge\" \/>\n<meta property=\"og:description\" content=\"Leemos en 20minutos la siguiente noticia que os reproducimos de forma \u00edntegra: As\u00ed, mediante este acuerdo, se posibilitar\u00e1 que las empresas malague\u00f1as impulsadas por el Foro de Empresas Socialmente Responsables de la Provincia de M\u00e1laga (Foro RSE M\u00e1laga) puedan participar en un programa de apadrinamiento temporal a entidades de la ciudad. El desarrollo de este [&hellip;]\" \/>\n<meta property=\"og:url\" content=\"https:\/\/sindromecharge.es\/index.php\/2021\/05\/04\/ayuntamiento-y-cem-colaboraran-para-que-entidades-y-asociaciones-sean-apadrinadas-temporalmente-por-empresas\/\" \/>\n<meta property=\"og:site_name\" content=\"Asociaci\u00f3n Espa\u00f1ola S\u00edndrome de Charge\" \/>\n<meta property=\"article:publisher\" content=\"https:\/\/www.facebook.com\/asociacionsindromecharge\" \/>\n<meta property=\"article:published_time\" content=\"2021-05-04T14:01:24+00:00\" \/>\n<meta property=\"og:image\" content=\"https:\/\/sindromecharge.es\/wp-content\/uploads\/2013\/09\/logodecharge300x98.png\" \/>\n\t<meta property=\"og:image:width\" content=\"300\" \/>\n\t<meta property=\"og:image:height\" content=\"98\" \/>\n\t<meta property=\"og:image:type\" content=\"image\/png\" \/>\n<meta name=\"author\" content=\"Charge\" \/>\n<meta name=\"twitter:card\" content=\"summary_large_image\" \/>\n<meta name=\"twitter:creator\" content=\"@sindromecharge\" \/>\n<meta name=\"twitter:site\" content=\"@sindromecharge\" \/>\n<meta name=\"twitter:label1\" content=\"Escrito por\" \/>\n\t<meta name=\"twitter:data1\" content=\"Charge\" \/>\n\t<meta name=\"twitter:label2\" content=\"Tiempo de lectura\" \/>\n\t<meta name=\"twitter:data2\" content=\"4 minutos\" \/>\n<script type=\"application\/ld+json\" class=\"yoast-schema-graph\">{\"@context\":\"https:\\\/\\\/schema.org\",\"@graph\":[{\"@type\":\"Article\",\"@id\":\"https:\\\/\\\/sindromecharge.es\\\/index.php\\\/2021\\\/05\\\/04\\\/ayuntamiento-y-cem-colaboraran-para-que-entidades-y-asociaciones-sean-apadrinadas-temporalmente-por-empresas\\\/#article\",\"isPartOf\":{\"@id\":\"https:\\\/\\\/sindromecharge.es\\\/index.php\\\/2021\\\/05\\\/04\\\/ayuntamiento-y-cem-colaboraran-para-que-entidades-y-asociaciones-sean-apadrinadas-temporalmente-por-empresas\\\/\"},\"author\":{\"name\":\"Charge\",\"@id\":\"https:\\\/\\\/sindromecharge.es\\\/#\\\/schema\\\/person\\\/39a60ebe0a2b4d5a11179701e336b039\"},\"headline\":\"Ayuntamiento y CEM colaborar\u00e1n para que entidades y asociaciones sean apadrinadas temporalmente por empresas\",\"datePublished\":\"2021-05-04T14:01:24+00:00\",\"mainEntityOfPage\":{\"@id\":\"https:\\\/\\\/sindromecharge.es\\\/index.php\\\/2021\\\/05\\\/04\\\/ayuntamiento-y-cem-colaboraran-para-que-entidades-y-asociaciones-sean-apadrinadas-temporalmente-por-empresas\\\/\"},\"wordCount\":831,\"commentCount\":0,\"keywords\":[\"discapacidad\"],\"articleSection\":[\"noticias\"],\"inLanguage\":\"es\",\"potentialAction\":[{\"@type\":\"CommentAction\",\"name\":\"Comment\",\"target\":[\"https:\\\/\\\/sindromecharge.es\\\/index.php\\\/2021\\\/05\\\/04\\\/ayuntamiento-y-cem-colaboraran-para-que-entidades-y-asociaciones-sean-apadrinadas-temporalmente-por-empresas\\\/#respond\"]}]},{\"@type\":\"WebPage\",\"@id\":\"https:\\\/\\\/sindromecharge.es\\\/index.php\\\/2021\\\/05\\\/04\\\/ayuntamiento-y-cem-colaboraran-para-que-entidades-y-asociaciones-sean-apadrinadas-temporalmente-por-empresas\\\/\",\"url\":\"https:\\\/\\\/sindromecharge.es\\\/index.php\\\/2021\\\/05\\\/04\\\/ayuntamiento-y-cem-colaboraran-para-que-entidades-y-asociaciones-sean-apadrinadas-temporalmente-por-empresas\\\/\",\"name\":\"Ayuntamiento y CEM colaborar\u00e1n para que entidades y asociaciones sean apadrinadas temporalmente por empresas - Asociaci\u00f3n Espa\u00f1ola S\u00edndrome de Charge\",\"isPartOf\":{\"@id\":\"https:\\\/\\\/sindromecharge.es\\\/#website\"},\"datePublished\":\"2021-05-04T14:01:24+00:00\",\"author\":{\"@id\":\"https:\\\/\\\/sindromecharge.es\\\/#\\\/schema\\\/person\\\/39a60ebe0a2b4d5a11179701e336b039\"},\"breadcrumb\":{\"@id\":\"https:\\\/\\\/sindromecharge.es\\\/index.php\\\/2021\\\/05\\\/04\\\/ayuntamiento-y-cem-colaboraran-para-que-entidades-y-asociaciones-sean-apadrinadas-temporalmente-por-empresas\\\/#breadcrumb\"},\"inLanguage\":\"es\",\"potentialAction\":[{\"@type\":\"ReadAction\",\"target\":[\"https:\\\/\\\/sindromecharge.es\\\/index.php\\\/2021\\\/05\\\/04\\\/ayuntamiento-y-cem-colaboraran-para-que-entidades-y-asociaciones-sean-apadrinadas-temporalmente-por-empresas\\\/\"]}]},{\"@type\":\"BreadcrumbList\",\"@id\":\"https:\\\/\\\/sindromecharge.es\\\/index.php\\\/2021\\\/05\\\/04\\\/ayuntamiento-y-cem-colaboraran-para-que-entidades-y-asociaciones-sean-apadrinadas-temporalmente-por-empresas\\\/#breadcrumb\",\"itemListElement\":[{\"@type\":\"ListItem\",\"position\":1,\"name\":\"Portada\",\"item\":\"https:\\\/\\\/sindromecharge.es\\\/\"},{\"@type\":\"ListItem\",\"position\":2,\"name\":\"Ayuntamiento y CEM colaborar\u00e1n para que entidades y asociaciones sean apadrinadas temporalmente por empresas\"}]},{\"@type\":\"WebSite\",\"@id\":\"https:\\\/\\\/sindromecharge.es\\\/#website\",\"url\":\"https:\\\/\\\/sindromecharge.es\\\/\",\"name\":\"Asociaci\u00f3n Espa\u00f1ola S\u00edndrome de Charge\",\"description\":\"\",\"potentialAction\":[{\"@type\":\"SearchAction\",\"target\":{\"@type\":\"EntryPoint\",\"urlTemplate\":\"https:\\\/\\\/sindromecharge.es\\\/?s={search_term_string}\"},\"query-input\":{\"@type\":\"PropertyValueSpecification\",\"valueRequired\":true,\"valueName\":\"search_term_string\"}}],\"inLanguage\":\"es\"},{\"@type\":\"Person\",\"@id\":\"https:\\\/\\\/sindromecharge.es\\\/#\\\/schema\\\/person\\\/39a60ebe0a2b4d5a11179701e336b039\",\"name\":\"Charge\",\"image\":{\"@type\":\"ImageObject\",\"inLanguage\":\"es\",\"@id\":\"https:\\\/\\\/secure.gravatar.com\\\/avatar\\\/c3b46e32a0fc3b093a0873fb767bf3293de856293065e84ef06b7ec7a8acfb98?s=96&d=identicon&r=x\",\"url\":\"https:\\\/\\\/secure.gravatar.com\\\/avatar\\\/c3b46e32a0fc3b093a0873fb767bf3293de856293065e84ef06b7ec7a8acfb98?s=96&d=identicon&r=x\",\"contentUrl\":\"https:\\\/\\\/secure.gravatar.com\\\/avatar\\\/c3b46e32a0fc3b093a0873fb767bf3293de856293065e84ef06b7ec7a8acfb98?s=96&d=identicon&r=x\",\"caption\":\"Charge\"},\"url\":\"https:\\\/\\\/sindromecharge.es\\\/index.php\\\/author\\\/admin\\\/\"}]}<\/script>\n<!-- \/ Yoast SEO plugin. -->","yoast_head_json":{"title":"Ayuntamiento y CEM colaborar\u00e1n para que entidades y asociaciones sean apadrinadas temporalmente por empresas - Asociaci\u00f3n Espa\u00f1ola S\u00edndrome de Charge","robots":{"index":"index","follow":"follow","max-snippet":"max-snippet:-1","max-image-preview":"max-image-preview:large","max-video-preview":"max-video-preview:-1"},"canonical":"https:\/\/sindromecharge.es\/index.php\/2021\/05\/04\/ayuntamiento-y-cem-colaboraran-para-que-entidades-y-asociaciones-sean-apadrinadas-temporalmente-por-empresas\/","og_locale":"es_ES","og_type":"article","og_title":"Ayuntamiento y CEM colaborar\u00e1n para que entidades y asociaciones sean apadrinadas temporalmente por empresas - Asociaci\u00f3n Espa\u00f1ola S\u00edndrome de Charge","og_description":"Leemos en 20minutos la siguiente noticia que os reproducimos de forma \u00edntegra: As\u00ed, mediante este acuerdo, se posibilitar\u00e1 que las empresas malague\u00f1as impulsadas por el Foro de Empresas Socialmente Responsables de la Provincia de M\u00e1laga (Foro RSE M\u00e1laga) puedan participar en un programa de apadrinamiento temporal a entidades de la ciudad. El desarrollo de este [&hellip;]","og_url":"https:\/\/sindromecharge.es\/index.php\/2021\/05\/04\/ayuntamiento-y-cem-colaboraran-para-que-entidades-y-asociaciones-sean-apadrinadas-temporalmente-por-empresas\/","og_site_name":"Asociaci\u00f3n Espa\u00f1ola S\u00edndrome de Charge","article_publisher":"https:\/\/www.facebook.com\/asociacionsindromecharge","article_published_time":"2021-05-04T14:01:24+00:00","og_image":[{"width":300,"height":98,"url":"https:\/\/sindromecharge.es\/wp-content\/uploads\/2013\/09\/logodecharge300x98.png","type":"image\/png"}],"author":"Charge","twitter_card":"summary_large_image","twitter_creator":"@sindromecharge","twitter_site":"@sindromecharge","twitter_misc":{"Escrito por":"Charge","Tiempo de lectura":"4 minutos"},"schema":{"@context":"https:\/\/schema.org","@graph":[{"@type":"Article","@id":"https:\/\/sindromecharge.es\/index.php\/2021\/05\/04\/ayuntamiento-y-cem-colaboraran-para-que-entidades-y-asociaciones-sean-apadrinadas-temporalmente-por-empresas\/#article","isPartOf":{"@id":"https:\/\/sindromecharge.es\/index.php\/2021\/05\/04\/ayuntamiento-y-cem-colaboraran-para-que-entidades-y-asociaciones-sean-apadrinadas-temporalmente-por-empresas\/"},"author":{"name":"Charge","@id":"https:\/\/sindromecharge.es\/#\/schema\/person\/39a60ebe0a2b4d5a11179701e336b039"},"headline":"Ayuntamiento y CEM colaborar\u00e1n para que entidades y asociaciones sean apadrinadas temporalmente por empresas","datePublished":"2021-05-04T14:01:24+00:00","mainEntityOfPage":{"@id":"https:\/\/sindromecharge.es\/index.php\/2021\/05\/04\/ayuntamiento-y-cem-colaboraran-para-que-entidades-y-asociaciones-sean-apadrinadas-temporalmente-por-empresas\/"},"wordCount":831,"commentCount":0,"keywords":["discapacidad"],"articleSection":["noticias"],"inLanguage":"es","potentialAction":[{"@type":"CommentAction","name":"Comment","target":["https:\/\/sindromecharge.es\/index.php\/2021\/05\/04\/ayuntamiento-y-cem-colaboraran-para-que-entidades-y-asociaciones-sean-apadrinadas-temporalmente-por-empresas\/#respond"]}]},{"@type":"WebPage","@id":"https:\/\/sindromecharge.es\/index.php\/2021\/05\/04\/ayuntamiento-y-cem-colaboraran-para-que-entidades-y-asociaciones-sean-apadrinadas-temporalmente-por-empresas\/","url":"https:\/\/sindromecharge.es\/index.php\/2021\/05\/04\/ayuntamiento-y-cem-colaboraran-para-que-entidades-y-asociaciones-sean-apadrinadas-temporalmente-por-empresas\/","name":"Ayuntamiento y CEM colaborar\u00e1n para que entidades y asociaciones sean apadrinadas temporalmente por empresas - Asociaci\u00f3n Espa\u00f1ola S\u00edndrome de Charge","isPartOf":{"@id":"https:\/\/sindromecharge.es\/#website"},"datePublished":"2021-05-04T14:01:24+00:00","author":{"@id":"https:\/\/sindromecharge.es\/#\/schema\/person\/39a60ebe0a2b4d5a11179701e336b039"},"breadcrumb":{"@id":"https:\/\/sindromecharge.es\/index.php\/2021\/05\/04\/ayuntamiento-y-cem-colaboraran-para-que-entidades-y-asociaciones-sean-apadrinadas-temporalmente-por-empresas\/#breadcrumb"},"inLanguage":"es","potentialAction":[{"@type":"ReadAction","target":["https:\/\/sindromecharge.es\/index.php\/2021\/05\/04\/ayuntamiento-y-cem-colaboraran-para-que-entidades-y-asociaciones-sean-apadrinadas-temporalmente-por-empresas\/"]}]},{"@type":"BreadcrumbList","@id":"https:\/\/sindromecharge.es\/index.php\/2021\/05\/04\/ayuntamiento-y-cem-colaboraran-para-que-entidades-y-asociaciones-sean-apadrinadas-temporalmente-por-empresas\/#breadcrumb","itemListElement":[{"@type":"ListItem","position":1,"name":"Portada","item":"https:\/\/sindromecharge.es\/"},{"@type":"ListItem","position":2,"name":"Ayuntamiento y CEM colaborar\u00e1n para que entidades y asociaciones sean apadrinadas temporalmente por empresas"}]},{"@type":"WebSite","@id":"https:\/\/sindromecharge.es\/#website","url":"https:\/\/sindromecharge.es\/","name":"Asociaci\u00f3n Espa\u00f1ola S\u00edndrome de Charge","description":"","potentialAction":[{"@type":"SearchAction","target":{"@type":"EntryPoint","urlTemplate":"https:\/\/sindromecharge.es\/?s={search_term_string}"},"query-input":{"@type":"PropertyValueSpecification","valueRequired":true,"valueName":"search_term_string"}}],"inLanguage":"es"},{"@type":"Person","@id":"https:\/\/sindromecharge.es\/#\/schema\/person\/39a60ebe0a2b4d5a11179701e336b039","name":"Charge","image":{"@type":"ImageObject","inLanguage":"es","@id":"https:\/\/secure.gravatar.com\/avatar\/c3b46e32a0fc3b093a0873fb767bf3293de856293065e84ef06b7ec7a8acfb98?s=96&d=identicon&r=x","url":"https:\/\/secure.gravatar.com\/avatar\/c3b46e32a0fc3b093a0873fb767bf3293de856293065e84ef06b7ec7a8acfb98?s=96&d=identicon&r=x","contentUrl":"https:\/\/secure.gravatar.com\/avatar\/c3b46e32a0fc3b093a0873fb767bf3293de856293065e84ef06b7ec7a8acfb98?s=96&d=identicon&r=x","caption":"Charge"},"url":"https:\/\/sindromecharge.es\/index.php\/author\/admin\/"}]}},"_links":{"self":[{"href":"https:\/\/sindromecharge.es\/index.php\/wp-json\/wp\/v2\/posts\/7114","targetHints":{"allow":["GET"]}}],"collection":[{"href":"https:\/\/sindromecharge.es\/index.php\/wp-json\/wp\/v2\/posts"}],"about":[{"href":"https:\/\/sindromecharge.es\/index.php\/wp-json\/wp\/v2\/types\/post"}],"author":[{"embeddable":true,"href":"https:\/\/sindromecharge.es\/index.php\/wp-json\/wp\/v2\/users\/1"}],"replies":[{"embeddable":true,"href":"https:\/\/sindromecharge.es\/index.php\/wp-json\/wp\/v2\/comments?post=7114"}],"version-history":[{"count":0,"href":"https:\/\/sindromecharge.es\/index.php\/wp-json\/wp\/v2\/posts\/7114\/revisions"}],"wp:attachment":[{"href":"https:\/\/sindromecharge.es\/index.php\/wp-json\/wp\/v2\/media?parent=7114"}],"wp:term":[{"taxonomy":"category","embeddable":true,"href":"https:\/\/sindromecharge.es\/index.php\/wp-json\/wp\/v2\/categories?post=7114"},{"taxonomy":"post_tag","embeddable":true,"href":"https:\/\/sindromecharge.es\/index.php\/wp-json\/wp\/v2\/tags?post=7114"}],"curies":[{"name":"wp","href":"https:\/\/api.w.org\/{rel}","templated":true}]}}