{"id":7113,"date":"2021-05-04T09:20:29","date_gmt":"2021-05-04T09:20:29","guid":{"rendered":"https:\/\/sindromecharge.es\/index.php\/2021\/05\/04\/la-junta-financia-con-mas-de-700-000-euros-servicios-de-apoyo-a-personas-con-discapacidad-por-tea-y-a-sus-familias\/"},"modified":"2021-05-04T09:20:29","modified_gmt":"2021-05-04T09:20:29","slug":"la-junta-financia-con-mas-de-700-000-euros-servicios-de-apoyo-a-personas-con-discapacidad-por-tea-y-a-sus-familias","status":"publish","type":"post","link":"https:\/\/sindromecharge.es\/index.php\/2021\/05\/04\/la-junta-financia-con-mas-de-700-000-euros-servicios-de-apoyo-a-personas-con-discapacidad-por-tea-y-a-sus-familias\/","title":{"rendered":"La Junta financia con m\u00e1s de 700.000 euros servicios de apoyo a personas con discapacidad por TEA y a sus familias"},"content":{"rendered":"<p>Leemos en 20minutos la siguiente noticia que os reproducimos de forma \u00edntegra: <\/p>\n<p>La cuant\u00eda que va a aportar la Gerencia de Servicios Sociales forma parte de un primer paquete global de ayudas a entidades del Tercer Sector en el \u00e1mbito de la discapacidad, por un importe conjunto de casi 6,4 millones de euros.<\/p>\n<p>El Ejecutivo auton\u00f3mico, en un comunicado recogido por Europa Press, ha se\u00f1alado que as\u00ed refrenda su compromiso con la protecci\u00f3n, atenci\u00f3n, inclusi\u00f3n y promoci\u00f3n de la igualdad de oportunidades de las personas con discapacidad y lo hace \u00aben coherencia\u00bb con el modelo de fomento de la autonom\u00eda personal y el sistema de atenci\u00f3n centrada en la persona y de la mano del Tercer Sector.<\/p>\n<p>El acuerdo implica consolidar la v\u00eda de cooperaci\u00f3n con la Federaci\u00f3n Autismo Castilla y Le\u00f3n, organizaci\u00f3n integrada por diez asociaciones de familias de personas con TEA que prestan servicios especializados de atenci\u00f3n a este colectivo.<\/p>\n<p>Cerca de del 60 por ciento del apoyo econ\u00f3mico que va a recibir ahora la Federaci\u00f3n se destinar\u00e1 al programa de apoyo a las familias y cuidadores principales, que incluye acciones de informaci\u00f3n, formaci\u00f3n y asesoramiento para ayudarles a mejorar su capacidad de desempe\u00f1ar los roles adecuados en cada momento del ciclo vital, adem\u00e1s de contribuir siempre a promover la autonom\u00eda de la persona con autismo.<\/p>\n<p>En esta l\u00ednea, la organizaci\u00f3n ofrece a este colectivo sus servicios de estimulaci\u00f3n cognitiva para retrasar y minorar, en lo posible, el deterioro cognitivo; de promoci\u00f3n, mantenimiento y recuperaci\u00f3n de la autonom\u00eda funcional, con el fin de conservar las habilidades necesarias en las actividades cotidianas; de habilitaci\u00f3n psicosocial para que puedan permanecer en su entorno familiar y social, y de habilitaci\u00f3n y terapia ocupacional, con el reto de favorecer su integraci\u00f3n en la vida en comunidad en las condiciones m\u00e1s independientes.<\/p>\n<p>Se trata de procurar que las personas con TEA puedan desarrollar y mantener la capacidad de controlar, afrontar y tomar decisiones acerca de c\u00f3mo vivir de acuerdo con sus preferencias y facilitar sus actividades diarias.<\/p>\n<p>OTROS APOYOS<\/p>\n<p>La Consejer\u00eda de Familia e Igualdad de Oportunidades tambi\u00e9n contribuye a financiar el programa de informaci\u00f3n, coordinaci\u00f3n y sensibilizaci\u00f3n social en defensa de los derechos de las personas con autismo, que lleva a cabo la Federaci\u00f3n auton\u00f3mica.<\/p>\n<p>El protocolo de colaboraci\u00f3n firmado se enmarca en un proceso permanente de cooperaci\u00f3n entre la Junta y el Tercer Sector con el objetivo com\u00fan de acelerar la modernizaci\u00f3n de los Servicios Sociales de Castilla y Le\u00f3n, consolidar el sistema de atenci\u00f3n a la Dependencia 5.0 y garantizar la protecci\u00f3n de las personas vulnerables.<\/p>\n<p>Con ese esp\u00edritu, la Consejer\u00eda ha recordado que har\u00e1 part\u00edcipes a las entidades que trabajan en el \u00e1mbito social de la ejecuci\u00f3n de algunos de los 166 proyectos propuestos a la Uni\u00f3n Europea, en el marco del Plan de Recuperaci\u00f3n, Transformaci\u00f3n y Resiliencia de la Comisi\u00f3n para el periodo 2021-2023.<\/p>\n<p>Cabe recordar que el departamento dirigido por Isabel Blanco ha reservado 15,7 millones -de los 150,74 asignados a Castilla y Le\u00f3n con cargo a los nuevos fondos europeos- al desarrollo de iniciativas en colaboraci\u00f3n con el Tercer Sector. Con ello, quiere reconocer la experiencia y la labor de estas entidades en el \u00e1rea social.<\/p>\n<p>La Federaci\u00f3n Autismo Castilla y Le\u00f3n es una de las organizaciones que participar\u00e1 activamente en este proceso a trav\u00e9s del desarrollo de cuatro proyectos.<\/p>\n<p>El primero de ellos, denominado &#8216;Formatea en digital&#8217;, es una iniciativa formativa que persigue impulsar el conocimiento y la capacitaci\u00f3n especializada y continua con el fin de promover una atenci\u00f3n de calidad a las personas con autismo.<\/p>\n<p>Consiste en la generaci\u00f3n de un entorno virtual de aprendizaje, por medio de una plataforma tecnol\u00f3gica, orientado al almacenaje y actualizaci\u00f3n de conocimiento y la impartici\u00f3n de formaci\u00f3n para favorecer la interacci\u00f3n y el trabajo colaborativo entre los agentes del sector.<\/p>\n<p>APP DE APOYO<\/p>\n<p>Otro de los proyectos, llamado &#8216;PacienTEA&#8217;, es el desarrollo e implementaci\u00f3n de una aplicaci\u00f3n m\u00f3vil, accesible y personalizable, cuyo objetivo general ser\u00e1 facilitar la comunicaci\u00f3n y comprensi\u00f3n de los estados de salud de las personas con TEA, de forma que se constituya como una herramienta de apoyo espec\u00edfico al aprendizaje de estos usuarios en el \u00e1rea sociosanitaria.<\/p>\n<p>En tercer lugar, la Federaci\u00f3n Autismo va a impulsar un proyecto piloto de atenci\u00f3n telem\u00e1tica integral a personas con TEA en el medio rural mediante el uso de plataformas digitales. El objetivo es dar respuesta a sus necesidades de atenci\u00f3n cuando por su lugar de residencia, en peque\u00f1os municipios, tienen m\u00e1s dificultades de acceso a los servicios y recursos. Esta iniciativa de implantar\u00e1 de forma experimental en municipios de seis provincias: \u00c1vila, Le\u00f3n, Palencia, Salamanca, Soria y Valladolid.<\/p>\n<p>El cuarto proyecto europeo en el que va a participar la Federaci\u00f3n consiste en la adquisici\u00f3n de dispositivos con sensores biom\u00e9tricos, que aporten datos fisiol\u00f3gicos y conductuales de las personas con TEA. Esta informaci\u00f3n permitir\u00e1 tener un conocimiento m\u00e1s profundo sobre su estado emocional y, as\u00ed, adaptar el entorno y proporcionar las ayudas necesarias para favorecer bienestar.<\/p>\n<p>La Junta ha incidido en que el apoyo econ\u00f3mico a la Federaci\u00f3n Autismo Castilla y Le\u00f3n para la prestaci\u00f3n de recursos y servicios en beneficio de las personas con discapacidad por TEA es continuo. El pasado a\u00f1o super\u00f3 los cuatro millones de euros, una cuant\u00eda que permiti\u00f3 financiar servicios y centros a trav\u00e9s de la prestaci\u00f3n vinculada de dependencia con 444 beneficiarios y los conciertos de 125 plazas (la mitad de las 249 que tiene en sus 14 centros).<\/p>\n<p>La organizaci\u00f3n desarroll\u00f3 tambi\u00e9n, en colaboraci\u00f3n con la Consejer\u00eda, los itinerarios personalizados de empleo -en los que participaron 42 usuarios, de los que ocho fueron contratados- y los programas de apoyo a las familias.<\/p>\n<p>Con cargo a la subvenci\u00f3n procedente del 0,7 por ciento del IRPF, la Federaci\u00f3n sufrag\u00f3 distintos servicios, como el de promoci\u00f3n de vida independiente; asistencia personal, apoyo y descanso para familiares y cuidadores; de envejecimiento activo y prevenci\u00f3n de la dependencia, as\u00ed como la realizaci\u00f3n de mejoras en los centros y equipamientos de Burgos, Le\u00f3n y Valladolid.<\/p>\n<p>Adem\u00e1s, el Ejecutivo auton\u00f3mico ha recordado que financia el 80 por ciento de los 1,3 millones de euros que costar\u00e1 la construcci\u00f3n de un nuevo centro de d\u00eda para la atenci\u00f3n de personas con TEA en Zamora, con la previsi\u00f3n de finalizar las obras antes de terminar este a\u00f1o.<\/p>\n<p>Desde un punto de vista m\u00e1s transversal, la Junta participa en la ejecuci\u00f3n del I Plan de Acci\u00f3n para Personas con TEA, en el marco de la Estrategia Espa\u00f1ola en Trastornos del Espectro del Autismo.<\/p>\n<p>Fuente: 20minutos <a href=\"https:\/\/www.20minutos.es\/noticia\/4684703\/0\/la-junta-financia-con-mas-de-700-000-euros-servicios-de-apoyo-a-personas-con-discapacidad-por-tea-y-a-sus-familias\/\" target=\"_blank\" rel=\"noopener\">La Junta financia con m\u00e1s de 700.000 euros servicios de apoyo a personas con discapacidad por TEA y a sus familias<\/a><\/p>\n","protected":false},"excerpt":{"rendered":"<p>Leemos en 20minutos la siguiente noticia que os reproducimos de forma \u00edntegra: La cuant\u00eda que va a aportar la Gerencia de Servicios Sociales forma parte de un primer paquete global de ayudas a entidades del Tercer Sector en el \u00e1mbito de la discapacidad, por un importe conjunto de casi 6,4 millones de euros. El Ejecutivo [&hellip;]<\/p>\n","protected":false},"author":1,"featured_media":0,"comment_status":"open","ping_status":"closed","sticky":false,"template":"","format":"standard","meta":{"footnotes":""},"categories":[8],"tags":[31],"class_list":["post-7113","post","type-post","status-publish","format-standard","hentry","category-noticias","tag-discapacidad"],"yoast_head":"<!-- This site is optimized with the Yoast SEO plugin v27.5 - https:\/\/yoast.com\/product\/yoast-seo-wordpress\/ -->\n<title>La Junta financia con m\u00e1s de 700.000 euros servicios de apoyo a personas con discapacidad por TEA y a sus familias - Asociaci\u00f3n Espa\u00f1ola S\u00edndrome de Charge<\/title>\n<meta name=\"robots\" content=\"index, follow, max-snippet:-1, max-image-preview:large, max-video-preview:-1\" \/>\n<link rel=\"canonical\" href=\"https:\/\/sindromecharge.es\/index.php\/2021\/05\/04\/la-junta-financia-con-mas-de-700-000-euros-servicios-de-apoyo-a-personas-con-discapacidad-por-tea-y-a-sus-familias\/\" \/>\n<meta property=\"og:locale\" content=\"es_ES\" \/>\n<meta property=\"og:type\" content=\"article\" \/>\n<meta property=\"og:title\" content=\"La Junta financia con m\u00e1s de 700.000 euros servicios de apoyo a personas con discapacidad por TEA y a sus familias - Asociaci\u00f3n Espa\u00f1ola S\u00edndrome de Charge\" \/>\n<meta property=\"og:description\" content=\"Leemos en 20minutos la siguiente noticia que os reproducimos de forma \u00edntegra: La cuant\u00eda que va a aportar la Gerencia de Servicios Sociales forma parte de un primer paquete global de ayudas a entidades del Tercer Sector en el \u00e1mbito de la discapacidad, por un importe conjunto de casi 6,4 millones de euros. El Ejecutivo [&hellip;]\" \/>\n<meta property=\"og:url\" content=\"https:\/\/sindromecharge.es\/index.php\/2021\/05\/04\/la-junta-financia-con-mas-de-700-000-euros-servicios-de-apoyo-a-personas-con-discapacidad-por-tea-y-a-sus-familias\/\" \/>\n<meta property=\"og:site_name\" content=\"Asociaci\u00f3n Espa\u00f1ola S\u00edndrome de Charge\" \/>\n<meta property=\"article:publisher\" content=\"https:\/\/www.facebook.com\/asociacionsindromecharge\" \/>\n<meta property=\"article:published_time\" content=\"2021-05-04T09:20:29+00:00\" \/>\n<meta property=\"og:image\" content=\"https:\/\/sindromecharge.es\/wp-content\/uploads\/2013\/09\/logodecharge300x98.png\" \/>\n\t<meta property=\"og:image:width\" content=\"300\" \/>\n\t<meta property=\"og:image:height\" content=\"98\" \/>\n\t<meta property=\"og:image:type\" content=\"image\/png\" \/>\n<meta name=\"author\" content=\"Charge\" \/>\n<meta name=\"twitter:card\" content=\"summary_large_image\" \/>\n<meta name=\"twitter:creator\" content=\"@sindromecharge\" \/>\n<meta name=\"twitter:site\" content=\"@sindromecharge\" \/>\n<meta name=\"twitter:label1\" content=\"Escrito por\" \/>\n\t<meta name=\"twitter:data1\" content=\"Charge\" \/>\n\t<meta name=\"twitter:label2\" content=\"Tiempo de lectura\" \/>\n\t<meta name=\"twitter:data2\" content=\"6 minutos\" \/>\n<script type=\"application\/ld+json\" class=\"yoast-schema-graph\">{\"@context\":\"https:\\\/\\\/schema.org\",\"@graph\":[{\"@type\":\"Article\",\"@id\":\"https:\\\/\\\/sindromecharge.es\\\/index.php\\\/2021\\\/05\\\/04\\\/la-junta-financia-con-mas-de-700-000-euros-servicios-de-apoyo-a-personas-con-discapacidad-por-tea-y-a-sus-familias\\\/#article\",\"isPartOf\":{\"@id\":\"https:\\\/\\\/sindromecharge.es\\\/index.php\\\/2021\\\/05\\\/04\\\/la-junta-financia-con-mas-de-700-000-euros-servicios-de-apoyo-a-personas-con-discapacidad-por-tea-y-a-sus-familias\\\/\"},\"author\":{\"name\":\"Charge\",\"@id\":\"https:\\\/\\\/sindromecharge.es\\\/#\\\/schema\\\/person\\\/39a60ebe0a2b4d5a11179701e336b039\"},\"headline\":\"La Junta financia con m\u00e1s de 700.000 euros servicios de apoyo a personas con discapacidad por TEA y a sus familias\",\"datePublished\":\"2021-05-04T09:20:29+00:00\",\"mainEntityOfPage\":{\"@id\":\"https:\\\/\\\/sindromecharge.es\\\/index.php\\\/2021\\\/05\\\/04\\\/la-junta-financia-con-mas-de-700-000-euros-servicios-de-apoyo-a-personas-con-discapacidad-por-tea-y-a-sus-familias\\\/\"},\"wordCount\":1227,\"commentCount\":0,\"keywords\":[\"discapacidad\"],\"articleSection\":[\"noticias\"],\"inLanguage\":\"es\",\"potentialAction\":[{\"@type\":\"CommentAction\",\"name\":\"Comment\",\"target\":[\"https:\\\/\\\/sindromecharge.es\\\/index.php\\\/2021\\\/05\\\/04\\\/la-junta-financia-con-mas-de-700-000-euros-servicios-de-apoyo-a-personas-con-discapacidad-por-tea-y-a-sus-familias\\\/#respond\"]}]},{\"@type\":\"WebPage\",\"@id\":\"https:\\\/\\\/sindromecharge.es\\\/index.php\\\/2021\\\/05\\\/04\\\/la-junta-financia-con-mas-de-700-000-euros-servicios-de-apoyo-a-personas-con-discapacidad-por-tea-y-a-sus-familias\\\/\",\"url\":\"https:\\\/\\\/sindromecharge.es\\\/index.php\\\/2021\\\/05\\\/04\\\/la-junta-financia-con-mas-de-700-000-euros-servicios-de-apoyo-a-personas-con-discapacidad-por-tea-y-a-sus-familias\\\/\",\"name\":\"La Junta financia con m\u00e1s de 700.000 euros servicios de apoyo a personas con discapacidad por TEA y a sus familias - Asociaci\u00f3n Espa\u00f1ola S\u00edndrome de Charge\",\"isPartOf\":{\"@id\":\"https:\\\/\\\/sindromecharge.es\\\/#website\"},\"datePublished\":\"2021-05-04T09:20:29+00:00\",\"author\":{\"@id\":\"https:\\\/\\\/sindromecharge.es\\\/#\\\/schema\\\/person\\\/39a60ebe0a2b4d5a11179701e336b039\"},\"breadcrumb\":{\"@id\":\"https:\\\/\\\/sindromecharge.es\\\/index.php\\\/2021\\\/05\\\/04\\\/la-junta-financia-con-mas-de-700-000-euros-servicios-de-apoyo-a-personas-con-discapacidad-por-tea-y-a-sus-familias\\\/#breadcrumb\"},\"inLanguage\":\"es\",\"potentialAction\":[{\"@type\":\"ReadAction\",\"target\":[\"https:\\\/\\\/sindromecharge.es\\\/index.php\\\/2021\\\/05\\\/04\\\/la-junta-financia-con-mas-de-700-000-euros-servicios-de-apoyo-a-personas-con-discapacidad-por-tea-y-a-sus-familias\\\/\"]}]},{\"@type\":\"BreadcrumbList\",\"@id\":\"https:\\\/\\\/sindromecharge.es\\\/index.php\\\/2021\\\/05\\\/04\\\/la-junta-financia-con-mas-de-700-000-euros-servicios-de-apoyo-a-personas-con-discapacidad-por-tea-y-a-sus-familias\\\/#breadcrumb\",\"itemListElement\":[{\"@type\":\"ListItem\",\"position\":1,\"name\":\"Portada\",\"item\":\"https:\\\/\\\/sindromecharge.es\\\/\"},{\"@type\":\"ListItem\",\"position\":2,\"name\":\"La Junta financia con m\u00e1s de 700.000 euros servicios de apoyo a personas con discapacidad por TEA y a sus familias\"}]},{\"@type\":\"WebSite\",\"@id\":\"https:\\\/\\\/sindromecharge.es\\\/#website\",\"url\":\"https:\\\/\\\/sindromecharge.es\\\/\",\"name\":\"Asociaci\u00f3n Espa\u00f1ola S\u00edndrome de Charge\",\"description\":\"\",\"potentialAction\":[{\"@type\":\"SearchAction\",\"target\":{\"@type\":\"EntryPoint\",\"urlTemplate\":\"https:\\\/\\\/sindromecharge.es\\\/?s={search_term_string}\"},\"query-input\":{\"@type\":\"PropertyValueSpecification\",\"valueRequired\":true,\"valueName\":\"search_term_string\"}}],\"inLanguage\":\"es\"},{\"@type\":\"Person\",\"@id\":\"https:\\\/\\\/sindromecharge.es\\\/#\\\/schema\\\/person\\\/39a60ebe0a2b4d5a11179701e336b039\",\"name\":\"Charge\",\"image\":{\"@type\":\"ImageObject\",\"inLanguage\":\"es\",\"@id\":\"https:\\\/\\\/secure.gravatar.com\\\/avatar\\\/c3b46e32a0fc3b093a0873fb767bf3293de856293065e84ef06b7ec7a8acfb98?s=96&d=identicon&r=x\",\"url\":\"https:\\\/\\\/secure.gravatar.com\\\/avatar\\\/c3b46e32a0fc3b093a0873fb767bf3293de856293065e84ef06b7ec7a8acfb98?s=96&d=identicon&r=x\",\"contentUrl\":\"https:\\\/\\\/secure.gravatar.com\\\/avatar\\\/c3b46e32a0fc3b093a0873fb767bf3293de856293065e84ef06b7ec7a8acfb98?s=96&d=identicon&r=x\",\"caption\":\"Charge\"},\"url\":\"https:\\\/\\\/sindromecharge.es\\\/index.php\\\/author\\\/admin\\\/\"}]}<\/script>\n<!-- \/ Yoast SEO plugin. -->","yoast_head_json":{"title":"La Junta financia con m\u00e1s de 700.000 euros servicios de apoyo a personas con discapacidad por TEA y a sus familias - Asociaci\u00f3n Espa\u00f1ola S\u00edndrome de Charge","robots":{"index":"index","follow":"follow","max-snippet":"max-snippet:-1","max-image-preview":"max-image-preview:large","max-video-preview":"max-video-preview:-1"},"canonical":"https:\/\/sindromecharge.es\/index.php\/2021\/05\/04\/la-junta-financia-con-mas-de-700-000-euros-servicios-de-apoyo-a-personas-con-discapacidad-por-tea-y-a-sus-familias\/","og_locale":"es_ES","og_type":"article","og_title":"La Junta financia con m\u00e1s de 700.000 euros servicios de apoyo a personas con discapacidad por TEA y a sus familias - Asociaci\u00f3n Espa\u00f1ola S\u00edndrome de Charge","og_description":"Leemos en 20minutos la siguiente noticia que os reproducimos de forma \u00edntegra: La cuant\u00eda que va a aportar la Gerencia de Servicios Sociales forma parte de un primer paquete global de ayudas a entidades del Tercer Sector en el \u00e1mbito de la discapacidad, por un importe conjunto de casi 6,4 millones de euros. El Ejecutivo [&hellip;]","og_url":"https:\/\/sindromecharge.es\/index.php\/2021\/05\/04\/la-junta-financia-con-mas-de-700-000-euros-servicios-de-apoyo-a-personas-con-discapacidad-por-tea-y-a-sus-familias\/","og_site_name":"Asociaci\u00f3n Espa\u00f1ola S\u00edndrome de Charge","article_publisher":"https:\/\/www.facebook.com\/asociacionsindromecharge","article_published_time":"2021-05-04T09:20:29+00:00","og_image":[{"width":300,"height":98,"url":"https:\/\/sindromecharge.es\/wp-content\/uploads\/2013\/09\/logodecharge300x98.png","type":"image\/png"}],"author":"Charge","twitter_card":"summary_large_image","twitter_creator":"@sindromecharge","twitter_site":"@sindromecharge","twitter_misc":{"Escrito por":"Charge","Tiempo de lectura":"6 minutos"},"schema":{"@context":"https:\/\/schema.org","@graph":[{"@type":"Article","@id":"https:\/\/sindromecharge.es\/index.php\/2021\/05\/04\/la-junta-financia-con-mas-de-700-000-euros-servicios-de-apoyo-a-personas-con-discapacidad-por-tea-y-a-sus-familias\/#article","isPartOf":{"@id":"https:\/\/sindromecharge.es\/index.php\/2021\/05\/04\/la-junta-financia-con-mas-de-700-000-euros-servicios-de-apoyo-a-personas-con-discapacidad-por-tea-y-a-sus-familias\/"},"author":{"name":"Charge","@id":"https:\/\/sindromecharge.es\/#\/schema\/person\/39a60ebe0a2b4d5a11179701e336b039"},"headline":"La Junta financia con m\u00e1s de 700.000 euros servicios de apoyo a personas con discapacidad por TEA y a sus familias","datePublished":"2021-05-04T09:20:29+00:00","mainEntityOfPage":{"@id":"https:\/\/sindromecharge.es\/index.php\/2021\/05\/04\/la-junta-financia-con-mas-de-700-000-euros-servicios-de-apoyo-a-personas-con-discapacidad-por-tea-y-a-sus-familias\/"},"wordCount":1227,"commentCount":0,"keywords":["discapacidad"],"articleSection":["noticias"],"inLanguage":"es","potentialAction":[{"@type":"CommentAction","name":"Comment","target":["https:\/\/sindromecharge.es\/index.php\/2021\/05\/04\/la-junta-financia-con-mas-de-700-000-euros-servicios-de-apoyo-a-personas-con-discapacidad-por-tea-y-a-sus-familias\/#respond"]}]},{"@type":"WebPage","@id":"https:\/\/sindromecharge.es\/index.php\/2021\/05\/04\/la-junta-financia-con-mas-de-700-000-euros-servicios-de-apoyo-a-personas-con-discapacidad-por-tea-y-a-sus-familias\/","url":"https:\/\/sindromecharge.es\/index.php\/2021\/05\/04\/la-junta-financia-con-mas-de-700-000-euros-servicios-de-apoyo-a-personas-con-discapacidad-por-tea-y-a-sus-familias\/","name":"La Junta financia con m\u00e1s de 700.000 euros servicios de apoyo a personas con discapacidad por TEA y a sus familias - Asociaci\u00f3n Espa\u00f1ola S\u00edndrome de Charge","isPartOf":{"@id":"https:\/\/sindromecharge.es\/#website"},"datePublished":"2021-05-04T09:20:29+00:00","author":{"@id":"https:\/\/sindromecharge.es\/#\/schema\/person\/39a60ebe0a2b4d5a11179701e336b039"},"breadcrumb":{"@id":"https:\/\/sindromecharge.es\/index.php\/2021\/05\/04\/la-junta-financia-con-mas-de-700-000-euros-servicios-de-apoyo-a-personas-con-discapacidad-por-tea-y-a-sus-familias\/#breadcrumb"},"inLanguage":"es","potentialAction":[{"@type":"ReadAction","target":["https:\/\/sindromecharge.es\/index.php\/2021\/05\/04\/la-junta-financia-con-mas-de-700-000-euros-servicios-de-apoyo-a-personas-con-discapacidad-por-tea-y-a-sus-familias\/"]}]},{"@type":"BreadcrumbList","@id":"https:\/\/sindromecharge.es\/index.php\/2021\/05\/04\/la-junta-financia-con-mas-de-700-000-euros-servicios-de-apoyo-a-personas-con-discapacidad-por-tea-y-a-sus-familias\/#breadcrumb","itemListElement":[{"@type":"ListItem","position":1,"name":"Portada","item":"https:\/\/sindromecharge.es\/"},{"@type":"ListItem","position":2,"name":"La Junta financia con m\u00e1s de 700.000 euros servicios de apoyo a personas con discapacidad por TEA y a sus familias"}]},{"@type":"WebSite","@id":"https:\/\/sindromecharge.es\/#website","url":"https:\/\/sindromecharge.es\/","name":"Asociaci\u00f3n Espa\u00f1ola S\u00edndrome de Charge","description":"","potentialAction":[{"@type":"SearchAction","target":{"@type":"EntryPoint","urlTemplate":"https:\/\/sindromecharge.es\/?s={search_term_string}"},"query-input":{"@type":"PropertyValueSpecification","valueRequired":true,"valueName":"search_term_string"}}],"inLanguage":"es"},{"@type":"Person","@id":"https:\/\/sindromecharge.es\/#\/schema\/person\/39a60ebe0a2b4d5a11179701e336b039","name":"Charge","image":{"@type":"ImageObject","inLanguage":"es","@id":"https:\/\/secure.gravatar.com\/avatar\/c3b46e32a0fc3b093a0873fb767bf3293de856293065e84ef06b7ec7a8acfb98?s=96&d=identicon&r=x","url":"https:\/\/secure.gravatar.com\/avatar\/c3b46e32a0fc3b093a0873fb767bf3293de856293065e84ef06b7ec7a8acfb98?s=96&d=identicon&r=x","contentUrl":"https:\/\/secure.gravatar.com\/avatar\/c3b46e32a0fc3b093a0873fb767bf3293de856293065e84ef06b7ec7a8acfb98?s=96&d=identicon&r=x","caption":"Charge"},"url":"https:\/\/sindromecharge.es\/index.php\/author\/admin\/"}]}},"_links":{"self":[{"href":"https:\/\/sindromecharge.es\/index.php\/wp-json\/wp\/v2\/posts\/7113","targetHints":{"allow":["GET"]}}],"collection":[{"href":"https:\/\/sindromecharge.es\/index.php\/wp-json\/wp\/v2\/posts"}],"about":[{"href":"https:\/\/sindromecharge.es\/index.php\/wp-json\/wp\/v2\/types\/post"}],"author":[{"embeddable":true,"href":"https:\/\/sindromecharge.es\/index.php\/wp-json\/wp\/v2\/users\/1"}],"replies":[{"embeddable":true,"href":"https:\/\/sindromecharge.es\/index.php\/wp-json\/wp\/v2\/comments?post=7113"}],"version-history":[{"count":0,"href":"https:\/\/sindromecharge.es\/index.php\/wp-json\/wp\/v2\/posts\/7113\/revisions"}],"wp:attachment":[{"href":"https:\/\/sindromecharge.es\/index.php\/wp-json\/wp\/v2\/media?parent=7113"}],"wp:term":[{"taxonomy":"category","embeddable":true,"href":"https:\/\/sindromecharge.es\/index.php\/wp-json\/wp\/v2\/categories?post=7113"},{"taxonomy":"post_tag","embeddable":true,"href":"https:\/\/sindromecharge.es\/index.php\/wp-json\/wp\/v2\/tags?post=7113"}],"curies":[{"name":"wp","href":"https:\/\/api.w.org\/{rel}","templated":true}]}}