{"id":7112,"date":"2021-05-04T06:33:55","date_gmt":"2021-05-04T06:33:55","guid":{"rendered":"https:\/\/sindromecharge.es\/index.php\/2021\/05\/04\/nos-unimos-al-dia-de-la-convencion-de-la-onu-para-las-personas-con-discapacidad\/"},"modified":"2021-05-04T06:33:55","modified_gmt":"2021-05-04T06:33:55","slug":"nos-unimos-al-dia-de-la-convencion-de-la-onu-para-las-personas-con-discapacidad","status":"publish","type":"post","link":"https:\/\/sindromecharge.es\/index.php\/2021\/05\/04\/nos-unimos-al-dia-de-la-convencion-de-la-onu-para-las-personas-con-discapacidad\/","title":{"rendered":"Nos unimos al D\u00eda de la Convenci\u00f3n de la ONU para las personas con discapacidad"},"content":{"rendered":"<p>Leemos en FEDER la siguiente noticia que os reproducimos de forma \u00edntegra: <\/p>\n<p><p>El 3 de mayo se celebr\u00f3 el D\u00eda de la Convenci\u00f3n de la ONU para las personas con discapacidad y desde FEDER nos queremos adherir a esta jornada, representando a un movimiento que est\u00e1 compuesto por 385 organizaciones de pacientes y a m\u00e1s de tres millones de personas que conviven con alguna enfermedad rara en Espa\u00f1a que forman parte del colectivo.<\/p>\n<p>Dentro del movimiento de pacientes con enfermedades poco frecuentes y sin diagn\u00f3stico, m\u00e1s de la mitad de los pacientes cuenta con discapacidad por d\u00e9ficit motor, sensorial o intelectual con reducci\u00f3n de la autonom\u00eda en 1 de cada 3 casos.<\/p>\n<p>Concretamente, seg\u00fan el Estudio ENSERio m\u00e1s de un 80% de las personas posee el certificado de discapacidad. No obstante, el 35% de las personas asegura no estar satisfechas con el grado reconocido, normalmente porque consideran que no se les hizo una valoraci\u00f3n adecuada por escaso conocimiento y evoluci\u00f3n acerca de la enfermedad.<\/p>\n<p><span style=\"font-size: 12pt\">Los baremos de clasificaci\u00f3n de discapacidad, siguiendo los criterios CIF, una prioridad<\/span><\/p>\n<p>Por otro lado, en el marco del D\u00eda Internacional de las Personas con discapacidad, instamos a aprobar los baremos de calificaci\u00f3n de la discapacidad siguiendo los criterios de la Clasificaci\u00f3n Internacional del Funcionamiento, de la Discapacidad y de la Salud (CIF).<\/p>\n<p>\u00abEl principal problema que identificamos en la actualidad es que las valoraciones no se ajustan a la realidad de nuestro colectivo, de forma que no contemplan aspectos y dificultades relacionados con la patolog\u00eda y que han ido surgiendo en los \u00faltimos a\u00f1os, ya que hoy por hoy la valoraci\u00f3n se realiza en base a la antigua Clasificaci\u00f3n Internacional Deficiencias, Discapacidades y Minusval\u00edas de los a\u00f1os 70. Frente a ello, pacientes y profesionales coincidimos en que esta situaci\u00f3n mejorar\u00eda si en Espa\u00f1a se aplicara el baremo basado en la clasificaci\u00f3n CIF, que impulsada hace ya m\u00e1s de una d\u00e9cada, permitir\u00eda valorar de una forma m\u00e1s ajustada la discapacidad de cada persona\u00bb ha explicado Juan Carri\u00f3n, Presidente de FEDER y su Fundaci\u00f3n.<\/p>\n<p>Adem\u00e1s, desde la perspectiva de pacientes, ha a\u00f1adido que \u00ablas personas y sus familias se identifica la necesidad de mejorar la informaci\u00f3n sobre los informes que deben aportar y mejorar la coordinaci\u00f3n entre especialistas y profesionales para garantizar el conocimiento completo sobre la enfermedad a valorar.<\/p>\n<p>Entre las principales dificultades que identifican las familias al proceso de valoraci\u00f3n de la discapacidad, pero tambi\u00e9n de la dependencia, se encuentra en la escasa informaci\u00f3n accesible, la necesidad de especializaci\u00f3n y las dificultades de comunicaci\u00f3n y coordinaci\u00f3n de profesionales, adem\u00e1s del tiempo que conlleva el proceso, que en algunas Comunidades Aut\u00f3nomas llega a alcanzar los 2 a\u00f1os.<\/p>\n<p>Precisamente por todo ello, consideramos tambi\u00e9n trasversal la unificaci\u00f3n de ambos procesos, discapacidad y dependencia, para evitar informes contradictorios, ahorrar repeticiones de tr\u00e1mites y valorar de forma m\u00e1s eficiente la situaci\u00f3n de la persona, entendiendo que la dependencia se manifiesta habitualmente cuando existe un grado importante de discapacidad, y a la inversa.<\/p>\n<p>En este sentido, recordamos tambi\u00e9n su apuesta por crear una historia sociosanitaria o un expediente \u00fanico que compartan tanto la informaci\u00f3n social como la sanitaria a fin de que se puedan agilizar ambos tr\u00e1mites.<\/p>\n<p>\u00daltima actualizaci\u00f3n 04\/05\/2021<\/p>\n<\/p>\n<p>Fuente: FEDER <a href=\"https:\/\/enfermedades-raras.org\/index.php\/actualidad\/noticias-eventos\/2-feder\/15282-nos-unimos-al-d%C3%ADa-de-la-convenci%C3%B3n-de-la-onu-para-las-personas-con-discapacidad\" target=\"_blank\" rel=\"noopener\">Nos unimos al D\u00eda de la Convenci\u00f3n de la ONU para las personas con discapacidad<\/a><\/p>\n","protected":false},"excerpt":{"rendered":"<p>Leemos en FEDER la siguiente noticia que os reproducimos de forma \u00edntegra: El 3 de mayo se celebr\u00f3 el D\u00eda de la Convenci\u00f3n de la ONU para las personas con discapacidad y desde FEDER nos queremos adherir a esta jornada, representando a un movimiento que est\u00e1 compuesto por 385 organizaciones de pacientes y a m\u00e1s [&hellip;]<\/p>\n","protected":false},"author":1,"featured_media":0,"comment_status":"open","ping_status":"closed","sticky":false,"template":"","format":"standard","meta":{"footnotes":""},"categories":[8],"tags":[36],"class_list":["post-7112","post","type-post","status-publish","format-standard","hentry","category-noticias","tag-enfermedades-raras"],"yoast_head":"<!-- This site is optimized with the Yoast SEO plugin v27.5 - https:\/\/yoast.com\/product\/yoast-seo-wordpress\/ -->\n<title>Nos unimos al D\u00eda de la Convenci\u00f3n de la ONU para las personas con discapacidad - Asociaci\u00f3n Espa\u00f1ola S\u00edndrome de Charge<\/title>\n<meta name=\"robots\" content=\"index, follow, max-snippet:-1, max-image-preview:large, max-video-preview:-1\" \/>\n<link rel=\"canonical\" href=\"https:\/\/sindromecharge.es\/index.php\/2021\/05\/04\/nos-unimos-al-dia-de-la-convencion-de-la-onu-para-las-personas-con-discapacidad\/\" \/>\n<meta property=\"og:locale\" content=\"es_ES\" \/>\n<meta property=\"og:type\" content=\"article\" \/>\n<meta property=\"og:title\" content=\"Nos unimos al D\u00eda de la Convenci\u00f3n de la ONU para las personas con discapacidad - Asociaci\u00f3n Espa\u00f1ola S\u00edndrome de Charge\" \/>\n<meta property=\"og:description\" content=\"Leemos en FEDER la siguiente noticia que os reproducimos de forma \u00edntegra: El 3 de mayo se celebr\u00f3 el D\u00eda de la Convenci\u00f3n de la ONU para las personas con discapacidad y desde FEDER nos queremos adherir a esta jornada, representando a un movimiento que est\u00e1 compuesto por 385 organizaciones de pacientes y a m\u00e1s [&hellip;]\" \/>\n<meta property=\"og:url\" content=\"https:\/\/sindromecharge.es\/index.php\/2021\/05\/04\/nos-unimos-al-dia-de-la-convencion-de-la-onu-para-las-personas-con-discapacidad\/\" \/>\n<meta property=\"og:site_name\" content=\"Asociaci\u00f3n Espa\u00f1ola S\u00edndrome de Charge\" \/>\n<meta property=\"article:publisher\" content=\"https:\/\/www.facebook.com\/asociacionsindromecharge\" \/>\n<meta property=\"article:published_time\" content=\"2021-05-04T06:33:55+00:00\" \/>\n<meta property=\"og:image\" content=\"https:\/\/sindromecharge.es\/wp-content\/uploads\/2013\/09\/logodecharge300x98.png\" \/>\n\t<meta property=\"og:image:width\" content=\"300\" \/>\n\t<meta property=\"og:image:height\" content=\"98\" \/>\n\t<meta property=\"og:image:type\" content=\"image\/png\" \/>\n<meta name=\"author\" content=\"Charge\" \/>\n<meta name=\"twitter:card\" content=\"summary_large_image\" \/>\n<meta name=\"twitter:creator\" content=\"@sindromecharge\" \/>\n<meta name=\"twitter:site\" content=\"@sindromecharge\" \/>\n<meta name=\"twitter:label1\" content=\"Escrito por\" \/>\n\t<meta name=\"twitter:data1\" content=\"Charge\" \/>\n\t<meta name=\"twitter:label2\" content=\"Tiempo de lectura\" \/>\n\t<meta name=\"twitter:data2\" content=\"3 minutos\" \/>\n<script type=\"application\/ld+json\" class=\"yoast-schema-graph\">{\"@context\":\"https:\\\/\\\/schema.org\",\"@graph\":[{\"@type\":\"Article\",\"@id\":\"https:\\\/\\\/sindromecharge.es\\\/index.php\\\/2021\\\/05\\\/04\\\/nos-unimos-al-dia-de-la-convencion-de-la-onu-para-las-personas-con-discapacidad\\\/#article\",\"isPartOf\":{\"@id\":\"https:\\\/\\\/sindromecharge.es\\\/index.php\\\/2021\\\/05\\\/04\\\/nos-unimos-al-dia-de-la-convencion-de-la-onu-para-las-personas-con-discapacidad\\\/\"},\"author\":{\"name\":\"Charge\",\"@id\":\"https:\\\/\\\/sindromecharge.es\\\/#\\\/schema\\\/person\\\/39a60ebe0a2b4d5a11179701e336b039\"},\"headline\":\"Nos unimos al D\u00eda de la Convenci\u00f3n de la ONU para las personas con discapacidad\",\"datePublished\":\"2021-05-04T06:33:55+00:00\",\"mainEntityOfPage\":{\"@id\":\"https:\\\/\\\/sindromecharge.es\\\/index.php\\\/2021\\\/05\\\/04\\\/nos-unimos-al-dia-de-la-convencion-de-la-onu-para-las-personas-con-discapacidad\\\/\"},\"wordCount\":612,\"commentCount\":0,\"keywords\":[\"enfermedades raras\"],\"articleSection\":[\"noticias\"],\"inLanguage\":\"es\",\"potentialAction\":[{\"@type\":\"CommentAction\",\"name\":\"Comment\",\"target\":[\"https:\\\/\\\/sindromecharge.es\\\/index.php\\\/2021\\\/05\\\/04\\\/nos-unimos-al-dia-de-la-convencion-de-la-onu-para-las-personas-con-discapacidad\\\/#respond\"]}]},{\"@type\":\"WebPage\",\"@id\":\"https:\\\/\\\/sindromecharge.es\\\/index.php\\\/2021\\\/05\\\/04\\\/nos-unimos-al-dia-de-la-convencion-de-la-onu-para-las-personas-con-discapacidad\\\/\",\"url\":\"https:\\\/\\\/sindromecharge.es\\\/index.php\\\/2021\\\/05\\\/04\\\/nos-unimos-al-dia-de-la-convencion-de-la-onu-para-las-personas-con-discapacidad\\\/\",\"name\":\"Nos unimos al D\u00eda de la Convenci\u00f3n de la ONU para las personas con discapacidad - Asociaci\u00f3n Espa\u00f1ola S\u00edndrome de Charge\",\"isPartOf\":{\"@id\":\"https:\\\/\\\/sindromecharge.es\\\/#website\"},\"datePublished\":\"2021-05-04T06:33:55+00:00\",\"author\":{\"@id\":\"https:\\\/\\\/sindromecharge.es\\\/#\\\/schema\\\/person\\\/39a60ebe0a2b4d5a11179701e336b039\"},\"breadcrumb\":{\"@id\":\"https:\\\/\\\/sindromecharge.es\\\/index.php\\\/2021\\\/05\\\/04\\\/nos-unimos-al-dia-de-la-convencion-de-la-onu-para-las-personas-con-discapacidad\\\/#breadcrumb\"},\"inLanguage\":\"es\",\"potentialAction\":[{\"@type\":\"ReadAction\",\"target\":[\"https:\\\/\\\/sindromecharge.es\\\/index.php\\\/2021\\\/05\\\/04\\\/nos-unimos-al-dia-de-la-convencion-de-la-onu-para-las-personas-con-discapacidad\\\/\"]}]},{\"@type\":\"BreadcrumbList\",\"@id\":\"https:\\\/\\\/sindromecharge.es\\\/index.php\\\/2021\\\/05\\\/04\\\/nos-unimos-al-dia-de-la-convencion-de-la-onu-para-las-personas-con-discapacidad\\\/#breadcrumb\",\"itemListElement\":[{\"@type\":\"ListItem\",\"position\":1,\"name\":\"Portada\",\"item\":\"https:\\\/\\\/sindromecharge.es\\\/\"},{\"@type\":\"ListItem\",\"position\":2,\"name\":\"Nos unimos al D\u00eda de la Convenci\u00f3n de la ONU para las personas con discapacidad\"}]},{\"@type\":\"WebSite\",\"@id\":\"https:\\\/\\\/sindromecharge.es\\\/#website\",\"url\":\"https:\\\/\\\/sindromecharge.es\\\/\",\"name\":\"Asociaci\u00f3n Espa\u00f1ola S\u00edndrome de Charge\",\"description\":\"\",\"potentialAction\":[{\"@type\":\"SearchAction\",\"target\":{\"@type\":\"EntryPoint\",\"urlTemplate\":\"https:\\\/\\\/sindromecharge.es\\\/?s={search_term_string}\"},\"query-input\":{\"@type\":\"PropertyValueSpecification\",\"valueRequired\":true,\"valueName\":\"search_term_string\"}}],\"inLanguage\":\"es\"},{\"@type\":\"Person\",\"@id\":\"https:\\\/\\\/sindromecharge.es\\\/#\\\/schema\\\/person\\\/39a60ebe0a2b4d5a11179701e336b039\",\"name\":\"Charge\",\"image\":{\"@type\":\"ImageObject\",\"inLanguage\":\"es\",\"@id\":\"https:\\\/\\\/secure.gravatar.com\\\/avatar\\\/c3b46e32a0fc3b093a0873fb767bf3293de856293065e84ef06b7ec7a8acfb98?s=96&d=identicon&r=x\",\"url\":\"https:\\\/\\\/secure.gravatar.com\\\/avatar\\\/c3b46e32a0fc3b093a0873fb767bf3293de856293065e84ef06b7ec7a8acfb98?s=96&d=identicon&r=x\",\"contentUrl\":\"https:\\\/\\\/secure.gravatar.com\\\/avatar\\\/c3b46e32a0fc3b093a0873fb767bf3293de856293065e84ef06b7ec7a8acfb98?s=96&d=identicon&r=x\",\"caption\":\"Charge\"},\"url\":\"https:\\\/\\\/sindromecharge.es\\\/index.php\\\/author\\\/admin\\\/\"}]}<\/script>\n<!-- \/ Yoast SEO plugin. -->","yoast_head_json":{"title":"Nos unimos al D\u00eda de la Convenci\u00f3n de la ONU para las personas con discapacidad - Asociaci\u00f3n Espa\u00f1ola S\u00edndrome de Charge","robots":{"index":"index","follow":"follow","max-snippet":"max-snippet:-1","max-image-preview":"max-image-preview:large","max-video-preview":"max-video-preview:-1"},"canonical":"https:\/\/sindromecharge.es\/index.php\/2021\/05\/04\/nos-unimos-al-dia-de-la-convencion-de-la-onu-para-las-personas-con-discapacidad\/","og_locale":"es_ES","og_type":"article","og_title":"Nos unimos al D\u00eda de la Convenci\u00f3n de la ONU para las personas con discapacidad - Asociaci\u00f3n Espa\u00f1ola S\u00edndrome de Charge","og_description":"Leemos en FEDER la siguiente noticia que os reproducimos de forma \u00edntegra: El 3 de mayo se celebr\u00f3 el D\u00eda de la Convenci\u00f3n de la ONU para las personas con discapacidad y desde FEDER nos queremos adherir a esta jornada, representando a un movimiento que est\u00e1 compuesto por 385 organizaciones de pacientes y a m\u00e1s [&hellip;]","og_url":"https:\/\/sindromecharge.es\/index.php\/2021\/05\/04\/nos-unimos-al-dia-de-la-convencion-de-la-onu-para-las-personas-con-discapacidad\/","og_site_name":"Asociaci\u00f3n Espa\u00f1ola S\u00edndrome de Charge","article_publisher":"https:\/\/www.facebook.com\/asociacionsindromecharge","article_published_time":"2021-05-04T06:33:55+00:00","og_image":[{"width":300,"height":98,"url":"https:\/\/sindromecharge.es\/wp-content\/uploads\/2013\/09\/logodecharge300x98.png","type":"image\/png"}],"author":"Charge","twitter_card":"summary_large_image","twitter_creator":"@sindromecharge","twitter_site":"@sindromecharge","twitter_misc":{"Escrito por":"Charge","Tiempo de lectura":"3 minutos"},"schema":{"@context":"https:\/\/schema.org","@graph":[{"@type":"Article","@id":"https:\/\/sindromecharge.es\/index.php\/2021\/05\/04\/nos-unimos-al-dia-de-la-convencion-de-la-onu-para-las-personas-con-discapacidad\/#article","isPartOf":{"@id":"https:\/\/sindromecharge.es\/index.php\/2021\/05\/04\/nos-unimos-al-dia-de-la-convencion-de-la-onu-para-las-personas-con-discapacidad\/"},"author":{"name":"Charge","@id":"https:\/\/sindromecharge.es\/#\/schema\/person\/39a60ebe0a2b4d5a11179701e336b039"},"headline":"Nos unimos al D\u00eda de la Convenci\u00f3n de la ONU para las personas con discapacidad","datePublished":"2021-05-04T06:33:55+00:00","mainEntityOfPage":{"@id":"https:\/\/sindromecharge.es\/index.php\/2021\/05\/04\/nos-unimos-al-dia-de-la-convencion-de-la-onu-para-las-personas-con-discapacidad\/"},"wordCount":612,"commentCount":0,"keywords":["enfermedades raras"],"articleSection":["noticias"],"inLanguage":"es","potentialAction":[{"@type":"CommentAction","name":"Comment","target":["https:\/\/sindromecharge.es\/index.php\/2021\/05\/04\/nos-unimos-al-dia-de-la-convencion-de-la-onu-para-las-personas-con-discapacidad\/#respond"]}]},{"@type":"WebPage","@id":"https:\/\/sindromecharge.es\/index.php\/2021\/05\/04\/nos-unimos-al-dia-de-la-convencion-de-la-onu-para-las-personas-con-discapacidad\/","url":"https:\/\/sindromecharge.es\/index.php\/2021\/05\/04\/nos-unimos-al-dia-de-la-convencion-de-la-onu-para-las-personas-con-discapacidad\/","name":"Nos unimos al D\u00eda de la Convenci\u00f3n de la ONU para las personas con discapacidad - Asociaci\u00f3n Espa\u00f1ola S\u00edndrome de Charge","isPartOf":{"@id":"https:\/\/sindromecharge.es\/#website"},"datePublished":"2021-05-04T06:33:55+00:00","author":{"@id":"https:\/\/sindromecharge.es\/#\/schema\/person\/39a60ebe0a2b4d5a11179701e336b039"},"breadcrumb":{"@id":"https:\/\/sindromecharge.es\/index.php\/2021\/05\/04\/nos-unimos-al-dia-de-la-convencion-de-la-onu-para-las-personas-con-discapacidad\/#breadcrumb"},"inLanguage":"es","potentialAction":[{"@type":"ReadAction","target":["https:\/\/sindromecharge.es\/index.php\/2021\/05\/04\/nos-unimos-al-dia-de-la-convencion-de-la-onu-para-las-personas-con-discapacidad\/"]}]},{"@type":"BreadcrumbList","@id":"https:\/\/sindromecharge.es\/index.php\/2021\/05\/04\/nos-unimos-al-dia-de-la-convencion-de-la-onu-para-las-personas-con-discapacidad\/#breadcrumb","itemListElement":[{"@type":"ListItem","position":1,"name":"Portada","item":"https:\/\/sindromecharge.es\/"},{"@type":"ListItem","position":2,"name":"Nos unimos al D\u00eda de la Convenci\u00f3n de la ONU para las personas con discapacidad"}]},{"@type":"WebSite","@id":"https:\/\/sindromecharge.es\/#website","url":"https:\/\/sindromecharge.es\/","name":"Asociaci\u00f3n Espa\u00f1ola S\u00edndrome de Charge","description":"","potentialAction":[{"@type":"SearchAction","target":{"@type":"EntryPoint","urlTemplate":"https:\/\/sindromecharge.es\/?s={search_term_string}"},"query-input":{"@type":"PropertyValueSpecification","valueRequired":true,"valueName":"search_term_string"}}],"inLanguage":"es"},{"@type":"Person","@id":"https:\/\/sindromecharge.es\/#\/schema\/person\/39a60ebe0a2b4d5a11179701e336b039","name":"Charge","image":{"@type":"ImageObject","inLanguage":"es","@id":"https:\/\/secure.gravatar.com\/avatar\/c3b46e32a0fc3b093a0873fb767bf3293de856293065e84ef06b7ec7a8acfb98?s=96&d=identicon&r=x","url":"https:\/\/secure.gravatar.com\/avatar\/c3b46e32a0fc3b093a0873fb767bf3293de856293065e84ef06b7ec7a8acfb98?s=96&d=identicon&r=x","contentUrl":"https:\/\/secure.gravatar.com\/avatar\/c3b46e32a0fc3b093a0873fb767bf3293de856293065e84ef06b7ec7a8acfb98?s=96&d=identicon&r=x","caption":"Charge"},"url":"https:\/\/sindromecharge.es\/index.php\/author\/admin\/"}]}},"_links":{"self":[{"href":"https:\/\/sindromecharge.es\/index.php\/wp-json\/wp\/v2\/posts\/7112","targetHints":{"allow":["GET"]}}],"collection":[{"href":"https:\/\/sindromecharge.es\/index.php\/wp-json\/wp\/v2\/posts"}],"about":[{"href":"https:\/\/sindromecharge.es\/index.php\/wp-json\/wp\/v2\/types\/post"}],"author":[{"embeddable":true,"href":"https:\/\/sindromecharge.es\/index.php\/wp-json\/wp\/v2\/users\/1"}],"replies":[{"embeddable":true,"href":"https:\/\/sindromecharge.es\/index.php\/wp-json\/wp\/v2\/comments?post=7112"}],"version-history":[{"count":0,"href":"https:\/\/sindromecharge.es\/index.php\/wp-json\/wp\/v2\/posts\/7112\/revisions"}],"wp:attachment":[{"href":"https:\/\/sindromecharge.es\/index.php\/wp-json\/wp\/v2\/media?parent=7112"}],"wp:term":[{"taxonomy":"category","embeddable":true,"href":"https:\/\/sindromecharge.es\/index.php\/wp-json\/wp\/v2\/categories?post=7112"},{"taxonomy":"post_tag","embeddable":true,"href":"https:\/\/sindromecharge.es\/index.php\/wp-json\/wp\/v2\/tags?post=7112"}],"curies":[{"name":"wp","href":"https:\/\/api.w.org\/{rel}","templated":true}]}}