{"id":7111,"date":"2021-05-04T06:15:57","date_gmt":"2021-05-04T06:15:57","guid":{"rendered":"https:\/\/sindromecharge.es\/index.php\/2021\/05\/04\/los-voluntarios-telefonica-recorreran-mas-de-20-000-kilometros-por-las-personas-con-er\/"},"modified":"2021-05-04T06:15:57","modified_gmt":"2021-05-04T06:15:57","slug":"los-voluntarios-telefonica-recorreran-mas-de-20-000-kilometros-por-las-personas-con-er","status":"publish","type":"post","link":"https:\/\/sindromecharge.es\/index.php\/2021\/05\/04\/los-voluntarios-telefonica-recorreran-mas-de-20-000-kilometros-por-las-personas-con-er\/","title":{"rendered":"Los Voluntarios Telef\u00f3nica recorrer\u00e1n m\u00e1s de 20.000 kil\u00f3metros por las personas con ER"},"content":{"rendered":"<p>Leemos en FEDER la siguiente noticia que os reproducimos de forma \u00edntegra: <\/p>\n<p><p>Tras el hist\u00f3rico acuerdo firmado entre la Fundaci\u00f3n Telef\u00f3nica y la Federaci\u00f3n Espa\u00f1ola de Enfermedades raras para impulsar la investigaci\u00f3n en enfermedades poco frecuentes, desde la Fundaci\u00f3n han querido arrancar esta sinergia lanzando el gran reto deportivo solidario \u201cTu ejercicio, por tu salud y la de todos\u201d.<\/p>\n<p>Este reto se desarrollar\u00e1 entre el 3 y el 16 de mayo y ser\u00e1 posible gracias a la solidaridad y el compromiso de los miles de Voluntarios Telef\u00f3nica. El reto, busca sumar el mayor n\u00famero de kil\u00f3metros recorridos entre todos los participantes en favor de la investigaci\u00f3n, sensibilizando a la sociedad sobre su importancia y sirviendo de altavoz para trasladar la realidad de las personas que conviven con una enfermedad poco frecuente.<\/p>\n<p>Adem\u00e1s, Fundaci\u00f3n Telef\u00f3nica ha querido apoyar de manera directa las acciones en favor de la investigaci\u00f3n impulsadas por FEDER y donar\u00e1 un euro por cada uno de los primeros 20.000 km recorridos.<br \/>Desde Fundaci\u00f3n Telef\u00f3nica, se lanzar\u00e1 este reto a trav\u00e9s de su plataforma de deporte virtual solidario, pero la participaci\u00f3n ser\u00e1 abierta para todo el mundo. De esta manera, cualquier persona podr\u00e1 caminar, correr o montar en bicicleta en favor de la investigaci\u00f3n, gracias a la app SportsNet, que registrar\u00e1 la distancia recorrida por cada participante en la plataforma de la Fundaci\u00f3n Telef\u00f3nica.<\/p>\n<p>Para participar, cualquier persona podr\u00e1 registrarse en la web <a href=\"https:\/\/retosvoluntariostelefonica.saludydesafio.com\/\" target=\"_blank\" rel=\"noopener\">www.retosvoluntariostelefonica.saludydesafio.com.<\/a> Una vez registradas, desde la misma plataforma, podr\u00e1n descargar la App SportsNet que recoger\u00e1 la distancia recorrida y que se podr\u00e1 vincular con muchas de las aplicaciones de salud que ya emplean de manera habitual.<\/p>\n<p>Desde FEDER han querido mostrar su agradecimiento por esta iniciativa que tal como ha explicado Juan Carri\u00f3n, presidente de FEDER y su Fundaci\u00f3n \u201cRevertir\u00e1 en la mejora de la calidad de vida de los pacientes al impulsar la investigaci\u00f3n en enfermedades de baja prevalencia, pero tambi\u00e9n al promover la sensibilizaci\u00f3n social mediante la visibilizaci\u00f3n de la realidad de nuestro colectivo\u201d.<\/p>\n<p><span style=\"font-size: 12pt\">15 a\u00f1os trabajando por la investigaci\u00f3n<\/span><\/p>\n<p>Este reto solidario y el acuerdo de colaboraci\u00f3n establecido con la Fundaci\u00f3n Telef\u00f3nica, llegan en un momento muy especial para FEDER y su Fundaci\u00f3n, ya que esta \u00faltima celebra su 15 aniversario trabajando por el impulso de la investigaci\u00f3n en enfermedades raras.<\/p>\n<p>Hist\u00f3ricamente, FEDER y la Fundaci\u00f3n FEDER han insistido en la necesidad de invertir en ciencia como f\u00f3rmula para dar respuesta a las dificultades de diagn\u00f3stico y tratamiento de las enfermedades raras. Y es que, s\u00f3lo el 20% de las miles de enfermedades raras que existen est\u00e1n siendo investigadas.<\/p>\n<p>\u201cCon la COVID-19 se ha demostrado la importancia de los esfuerzos nacionales e internacionales, as\u00ed como la colaboraci\u00f3n p\u00fablica-privada con el objetivo de desarrollar una soluci\u00f3n frente a la crisis\u201d ha afirmado Carri\u00f3n, qui\u00e9n ha querido insistir en la importancia de la investigaci\u00f3n para quienes conviven con estas patolog\u00edas.<\/p>\n<p>La Fundaci\u00f3n FEDER trabaja por impulsar esta \u00e1rea desde una perspectiva integral que a\u00fana el apoyo a los proyectos de investigaci\u00f3n, la promoci\u00f3n de la investigaci\u00f3n y la sensibilizaci\u00f3n social.<br \/>Esta labor desarrollada desde FEDER y su Fundaci\u00f3n, ha recibido recientemente un importante respaldo gracias al acuerdo establecido con Fundaci\u00f3n Telef\u00f3nica.<\/p>\n<p>Este acuerdo, adem\u00e1s del desarrollo de iniciativas como el reto solidario \u201cTu ejercicio, por tu salud y la de todos\u201d supondr\u00e1 para FEDER y las 389 asociaciones de pacientes a las que representa, la posibilidad de contar con un altavoz para trasladar su realidad y aproximarse a sus objetivos en el avance de la investigaci\u00f3n, as\u00ed como capacitar a los pacientes y sus familias a trav\u00e9s de programa \u201cConecta Empleo\u201d, cuyos cursos Fundaci\u00f3n Telef\u00f3nica ha puesto a disposici\u00f3n de las casi 100.000 personas que forman parte de las asociaciones miembro de FEDER.<\/p>\n<p><span style=\"font-size: 12pt\">Fundaci\u00f3n Telef\u00f3nica, el lado social de la era digital<\/span><\/p>\n<p>Fundaci\u00f3n Telef\u00f3nica trabaja desde 1998 para ser catalizador de la inclusi\u00f3n social en la era digital, movilizando a otros agentes sociales, para sumar fuerzas e impulsar la transformaci\u00f3n. Con esta visi\u00f3n busca mejorar las oportunidades de desarrollo de las personas, a trav\u00e9s de proyectos educativos, sociales y culturales. Trabaja en 4 l\u00edneas estrat\u00e9gicas: Educaci\u00f3n, apostando por su calidad como veh\u00edculo de transformaci\u00f3n social, explorando, inspirando y transformando los modelos de ense\u00f1anza para acabar con la brecha educativa; <a href=\"https:\/\/www.fundaciontelefonica.com\/empleabilidad\/\" target=\"_blank\" rel=\"noopener\">Empleabilidad<\/a>, ayudando a las personas a encontrar oportunidades laborales y formarse en los perfiles tecnol\u00f3gicos m\u00e1s demandados; <a href=\"https:\/\/www.fundaciontelefonica.com\/cultura-digital\/\" target=\"_blank\" rel=\"noopener\">Cultura Digital,<\/a> creando y compartiendo el conocimiento cultural y tecnol\u00f3gico a trav\u00e9s de distintas iniciativas relacionadas con la ciencia, la innovaci\u00f3n, el arte y el aprendizaje STEAM; y <a href=\"https:\/\/www.fundaciontelefonica.com\/voluntarios\/\" target=\"_blank\" rel=\"noopener\">Voluntariado Corporativo<\/a>, movilizando a trav\u00e9s de <a href=\"https:\/\/voluntarios.telefonica.com\/es\/inicio?_ga=2.218294873.1163570335.1551720400-1593408309.1548957167\" target=\"_blank\" rel=\"noopener\">Voluntarios Telef\u00f3nica<\/a> a nuestros empleados, presentes en 32 pa\u00edses, para realizar acciones solidarias que respondan a necesidades sociales.<\/p>\n<p>\u00daltima actualizaci\u00f3n 04\/05\/2021<\/p>\n<\/p>\n<p>Fuente: FEDER <a href=\"https:\/\/enfermedades-raras.org\/index.php\/actualidad\/noticias-eventos\/2-feder\/15280-los-voluntarios-telef%C3%B3nica-recorrer%C3%A1n-m%C3%A1s-de-20-000-kil%C3%B3metros-por-las-personas-con-er\" target=\"_blank\" rel=\"noopener\">Los Voluntarios Telef\u00f3nica recorrer\u00e1n m\u00e1s de 20.000 kil\u00f3metros por las personas con ER<\/a><\/p>\n","protected":false},"excerpt":{"rendered":"<p>Leemos en FEDER la siguiente noticia que os reproducimos de forma \u00edntegra: Tras el hist\u00f3rico acuerdo firmado entre la Fundaci\u00f3n Telef\u00f3nica y la Federaci\u00f3n Espa\u00f1ola de Enfermedades raras para impulsar la investigaci\u00f3n en enfermedades poco frecuentes, desde la Fundaci\u00f3n han querido arrancar esta sinergia lanzando el gran reto deportivo solidario \u201cTu ejercicio, por tu salud [&hellip;]<\/p>\n","protected":false},"author":1,"featured_media":0,"comment_status":"open","ping_status":"closed","sticky":false,"template":"","format":"standard","meta":{"footnotes":""},"categories":[8],"tags":[36],"class_list":["post-7111","post","type-post","status-publish","format-standard","hentry","category-noticias","tag-enfermedades-raras"],"yoast_head":"<!-- This site is optimized with the Yoast SEO plugin v27.5 - https:\/\/yoast.com\/product\/yoast-seo-wordpress\/ -->\n<title>Los Voluntarios Telef\u00f3nica recorrer\u00e1n m\u00e1s de 20.000 kil\u00f3metros por las personas con ER - Asociaci\u00f3n Espa\u00f1ola S\u00edndrome de Charge<\/title>\n<meta name=\"robots\" content=\"index, follow, max-snippet:-1, max-image-preview:large, max-video-preview:-1\" \/>\n<link rel=\"canonical\" href=\"https:\/\/sindromecharge.es\/index.php\/2021\/05\/04\/los-voluntarios-telefonica-recorreran-mas-de-20-000-kilometros-por-las-personas-con-er\/\" \/>\n<meta property=\"og:locale\" content=\"es_ES\" \/>\n<meta property=\"og:type\" content=\"article\" \/>\n<meta property=\"og:title\" content=\"Los Voluntarios Telef\u00f3nica recorrer\u00e1n m\u00e1s de 20.000 kil\u00f3metros por las personas con ER - Asociaci\u00f3n Espa\u00f1ola S\u00edndrome de Charge\" \/>\n<meta property=\"og:description\" content=\"Leemos en FEDER la siguiente noticia que os reproducimos de forma \u00edntegra: Tras el hist\u00f3rico acuerdo firmado entre la Fundaci\u00f3n Telef\u00f3nica y la Federaci\u00f3n Espa\u00f1ola de Enfermedades raras para impulsar la investigaci\u00f3n en enfermedades poco frecuentes, desde la Fundaci\u00f3n han querido arrancar esta sinergia lanzando el gran reto deportivo solidario \u201cTu ejercicio, por tu salud [&hellip;]\" \/>\n<meta property=\"og:url\" content=\"https:\/\/sindromecharge.es\/index.php\/2021\/05\/04\/los-voluntarios-telefonica-recorreran-mas-de-20-000-kilometros-por-las-personas-con-er\/\" \/>\n<meta property=\"og:site_name\" content=\"Asociaci\u00f3n Espa\u00f1ola S\u00edndrome de Charge\" \/>\n<meta property=\"article:publisher\" content=\"https:\/\/www.facebook.com\/asociacionsindromecharge\" \/>\n<meta property=\"article:published_time\" content=\"2021-05-04T06:15:57+00:00\" \/>\n<meta property=\"og:image\" content=\"https:\/\/sindromecharge.es\/wp-content\/uploads\/2013\/09\/logodecharge300x98.png\" \/>\n\t<meta property=\"og:image:width\" content=\"300\" \/>\n\t<meta property=\"og:image:height\" content=\"98\" \/>\n\t<meta property=\"og:image:type\" content=\"image\/png\" \/>\n<meta name=\"author\" content=\"Charge\" \/>\n<meta name=\"twitter:card\" content=\"summary_large_image\" \/>\n<meta name=\"twitter:creator\" content=\"@sindromecharge\" \/>\n<meta name=\"twitter:site\" content=\"@sindromecharge\" \/>\n<meta name=\"twitter:label1\" content=\"Escrito por\" \/>\n\t<meta name=\"twitter:data1\" content=\"Charge\" \/>\n\t<meta name=\"twitter:label2\" content=\"Tiempo de lectura\" \/>\n\t<meta name=\"twitter:data2\" content=\"4 minutos\" \/>\n<script type=\"application\/ld+json\" class=\"yoast-schema-graph\">{\"@context\":\"https:\\\/\\\/schema.org\",\"@graph\":[{\"@type\":\"Article\",\"@id\":\"https:\\\/\\\/sindromecharge.es\\\/index.php\\\/2021\\\/05\\\/04\\\/los-voluntarios-telefonica-recorreran-mas-de-20-000-kilometros-por-las-personas-con-er\\\/#article\",\"isPartOf\":{\"@id\":\"https:\\\/\\\/sindromecharge.es\\\/index.php\\\/2021\\\/05\\\/04\\\/los-voluntarios-telefonica-recorreran-mas-de-20-000-kilometros-por-las-personas-con-er\\\/\"},\"author\":{\"name\":\"Charge\",\"@id\":\"https:\\\/\\\/sindromecharge.es\\\/#\\\/schema\\\/person\\\/39a60ebe0a2b4d5a11179701e336b039\"},\"headline\":\"Los Voluntarios Telef\u00f3nica recorrer\u00e1n m\u00e1s de 20.000 kil\u00f3metros por las personas con ER\",\"datePublished\":\"2021-05-04T06:15:57+00:00\",\"mainEntityOfPage\":{\"@id\":\"https:\\\/\\\/sindromecharge.es\\\/index.php\\\/2021\\\/05\\\/04\\\/los-voluntarios-telefonica-recorreran-mas-de-20-000-kilometros-por-las-personas-con-er\\\/\"},\"wordCount\":888,\"commentCount\":0,\"keywords\":[\"enfermedades raras\"],\"articleSection\":[\"noticias\"],\"inLanguage\":\"es\",\"potentialAction\":[{\"@type\":\"CommentAction\",\"name\":\"Comment\",\"target\":[\"https:\\\/\\\/sindromecharge.es\\\/index.php\\\/2021\\\/05\\\/04\\\/los-voluntarios-telefonica-recorreran-mas-de-20-000-kilometros-por-las-personas-con-er\\\/#respond\"]}]},{\"@type\":\"WebPage\",\"@id\":\"https:\\\/\\\/sindromecharge.es\\\/index.php\\\/2021\\\/05\\\/04\\\/los-voluntarios-telefonica-recorreran-mas-de-20-000-kilometros-por-las-personas-con-er\\\/\",\"url\":\"https:\\\/\\\/sindromecharge.es\\\/index.php\\\/2021\\\/05\\\/04\\\/los-voluntarios-telefonica-recorreran-mas-de-20-000-kilometros-por-las-personas-con-er\\\/\",\"name\":\"Los Voluntarios Telef\u00f3nica recorrer\u00e1n m\u00e1s de 20.000 kil\u00f3metros por las personas con ER - Asociaci\u00f3n Espa\u00f1ola S\u00edndrome de Charge\",\"isPartOf\":{\"@id\":\"https:\\\/\\\/sindromecharge.es\\\/#website\"},\"datePublished\":\"2021-05-04T06:15:57+00:00\",\"author\":{\"@id\":\"https:\\\/\\\/sindromecharge.es\\\/#\\\/schema\\\/person\\\/39a60ebe0a2b4d5a11179701e336b039\"},\"breadcrumb\":{\"@id\":\"https:\\\/\\\/sindromecharge.es\\\/index.php\\\/2021\\\/05\\\/04\\\/los-voluntarios-telefonica-recorreran-mas-de-20-000-kilometros-por-las-personas-con-er\\\/#breadcrumb\"},\"inLanguage\":\"es\",\"potentialAction\":[{\"@type\":\"ReadAction\",\"target\":[\"https:\\\/\\\/sindromecharge.es\\\/index.php\\\/2021\\\/05\\\/04\\\/los-voluntarios-telefonica-recorreran-mas-de-20-000-kilometros-por-las-personas-con-er\\\/\"]}]},{\"@type\":\"BreadcrumbList\",\"@id\":\"https:\\\/\\\/sindromecharge.es\\\/index.php\\\/2021\\\/05\\\/04\\\/los-voluntarios-telefonica-recorreran-mas-de-20-000-kilometros-por-las-personas-con-er\\\/#breadcrumb\",\"itemListElement\":[{\"@type\":\"ListItem\",\"position\":1,\"name\":\"Portada\",\"item\":\"https:\\\/\\\/sindromecharge.es\\\/\"},{\"@type\":\"ListItem\",\"position\":2,\"name\":\"Los Voluntarios Telef\u00f3nica recorrer\u00e1n m\u00e1s de 20.000 kil\u00f3metros por las personas con ER\"}]},{\"@type\":\"WebSite\",\"@id\":\"https:\\\/\\\/sindromecharge.es\\\/#website\",\"url\":\"https:\\\/\\\/sindromecharge.es\\\/\",\"name\":\"Asociaci\u00f3n Espa\u00f1ola S\u00edndrome de Charge\",\"description\":\"\",\"potentialAction\":[{\"@type\":\"SearchAction\",\"target\":{\"@type\":\"EntryPoint\",\"urlTemplate\":\"https:\\\/\\\/sindromecharge.es\\\/?s={search_term_string}\"},\"query-input\":{\"@type\":\"PropertyValueSpecification\",\"valueRequired\":true,\"valueName\":\"search_term_string\"}}],\"inLanguage\":\"es\"},{\"@type\":\"Person\",\"@id\":\"https:\\\/\\\/sindromecharge.es\\\/#\\\/schema\\\/person\\\/39a60ebe0a2b4d5a11179701e336b039\",\"name\":\"Charge\",\"image\":{\"@type\":\"ImageObject\",\"inLanguage\":\"es\",\"@id\":\"https:\\\/\\\/secure.gravatar.com\\\/avatar\\\/c3b46e32a0fc3b093a0873fb767bf3293de856293065e84ef06b7ec7a8acfb98?s=96&d=identicon&r=x\",\"url\":\"https:\\\/\\\/secure.gravatar.com\\\/avatar\\\/c3b46e32a0fc3b093a0873fb767bf3293de856293065e84ef06b7ec7a8acfb98?s=96&d=identicon&r=x\",\"contentUrl\":\"https:\\\/\\\/secure.gravatar.com\\\/avatar\\\/c3b46e32a0fc3b093a0873fb767bf3293de856293065e84ef06b7ec7a8acfb98?s=96&d=identicon&r=x\",\"caption\":\"Charge\"},\"url\":\"https:\\\/\\\/sindromecharge.es\\\/index.php\\\/author\\\/admin\\\/\"}]}<\/script>\n<!-- \/ Yoast SEO plugin. -->","yoast_head_json":{"title":"Los Voluntarios Telef\u00f3nica recorrer\u00e1n m\u00e1s de 20.000 kil\u00f3metros por las personas con ER - Asociaci\u00f3n Espa\u00f1ola S\u00edndrome de Charge","robots":{"index":"index","follow":"follow","max-snippet":"max-snippet:-1","max-image-preview":"max-image-preview:large","max-video-preview":"max-video-preview:-1"},"canonical":"https:\/\/sindromecharge.es\/index.php\/2021\/05\/04\/los-voluntarios-telefonica-recorreran-mas-de-20-000-kilometros-por-las-personas-con-er\/","og_locale":"es_ES","og_type":"article","og_title":"Los Voluntarios Telef\u00f3nica recorrer\u00e1n m\u00e1s de 20.000 kil\u00f3metros por las personas con ER - Asociaci\u00f3n Espa\u00f1ola S\u00edndrome de Charge","og_description":"Leemos en FEDER la siguiente noticia que os reproducimos de forma \u00edntegra: Tras el hist\u00f3rico acuerdo firmado entre la Fundaci\u00f3n Telef\u00f3nica y la Federaci\u00f3n Espa\u00f1ola de Enfermedades raras para impulsar la investigaci\u00f3n en enfermedades poco frecuentes, desde la Fundaci\u00f3n han querido arrancar esta sinergia lanzando el gran reto deportivo solidario \u201cTu ejercicio, por tu salud [&hellip;]","og_url":"https:\/\/sindromecharge.es\/index.php\/2021\/05\/04\/los-voluntarios-telefonica-recorreran-mas-de-20-000-kilometros-por-las-personas-con-er\/","og_site_name":"Asociaci\u00f3n Espa\u00f1ola S\u00edndrome de Charge","article_publisher":"https:\/\/www.facebook.com\/asociacionsindromecharge","article_published_time":"2021-05-04T06:15:57+00:00","og_image":[{"width":300,"height":98,"url":"https:\/\/sindromecharge.es\/wp-content\/uploads\/2013\/09\/logodecharge300x98.png","type":"image\/png"}],"author":"Charge","twitter_card":"summary_large_image","twitter_creator":"@sindromecharge","twitter_site":"@sindromecharge","twitter_misc":{"Escrito por":"Charge","Tiempo de lectura":"4 minutos"},"schema":{"@context":"https:\/\/schema.org","@graph":[{"@type":"Article","@id":"https:\/\/sindromecharge.es\/index.php\/2021\/05\/04\/los-voluntarios-telefonica-recorreran-mas-de-20-000-kilometros-por-las-personas-con-er\/#article","isPartOf":{"@id":"https:\/\/sindromecharge.es\/index.php\/2021\/05\/04\/los-voluntarios-telefonica-recorreran-mas-de-20-000-kilometros-por-las-personas-con-er\/"},"author":{"name":"Charge","@id":"https:\/\/sindromecharge.es\/#\/schema\/person\/39a60ebe0a2b4d5a11179701e336b039"},"headline":"Los Voluntarios Telef\u00f3nica recorrer\u00e1n m\u00e1s de 20.000 kil\u00f3metros por las personas con ER","datePublished":"2021-05-04T06:15:57+00:00","mainEntityOfPage":{"@id":"https:\/\/sindromecharge.es\/index.php\/2021\/05\/04\/los-voluntarios-telefonica-recorreran-mas-de-20-000-kilometros-por-las-personas-con-er\/"},"wordCount":888,"commentCount":0,"keywords":["enfermedades raras"],"articleSection":["noticias"],"inLanguage":"es","potentialAction":[{"@type":"CommentAction","name":"Comment","target":["https:\/\/sindromecharge.es\/index.php\/2021\/05\/04\/los-voluntarios-telefonica-recorreran-mas-de-20-000-kilometros-por-las-personas-con-er\/#respond"]}]},{"@type":"WebPage","@id":"https:\/\/sindromecharge.es\/index.php\/2021\/05\/04\/los-voluntarios-telefonica-recorreran-mas-de-20-000-kilometros-por-las-personas-con-er\/","url":"https:\/\/sindromecharge.es\/index.php\/2021\/05\/04\/los-voluntarios-telefonica-recorreran-mas-de-20-000-kilometros-por-las-personas-con-er\/","name":"Los Voluntarios Telef\u00f3nica recorrer\u00e1n m\u00e1s de 20.000 kil\u00f3metros por las personas con ER - Asociaci\u00f3n Espa\u00f1ola S\u00edndrome de Charge","isPartOf":{"@id":"https:\/\/sindromecharge.es\/#website"},"datePublished":"2021-05-04T06:15:57+00:00","author":{"@id":"https:\/\/sindromecharge.es\/#\/schema\/person\/39a60ebe0a2b4d5a11179701e336b039"},"breadcrumb":{"@id":"https:\/\/sindromecharge.es\/index.php\/2021\/05\/04\/los-voluntarios-telefonica-recorreran-mas-de-20-000-kilometros-por-las-personas-con-er\/#breadcrumb"},"inLanguage":"es","potentialAction":[{"@type":"ReadAction","target":["https:\/\/sindromecharge.es\/index.php\/2021\/05\/04\/los-voluntarios-telefonica-recorreran-mas-de-20-000-kilometros-por-las-personas-con-er\/"]}]},{"@type":"BreadcrumbList","@id":"https:\/\/sindromecharge.es\/index.php\/2021\/05\/04\/los-voluntarios-telefonica-recorreran-mas-de-20-000-kilometros-por-las-personas-con-er\/#breadcrumb","itemListElement":[{"@type":"ListItem","position":1,"name":"Portada","item":"https:\/\/sindromecharge.es\/"},{"@type":"ListItem","position":2,"name":"Los Voluntarios Telef\u00f3nica recorrer\u00e1n m\u00e1s de 20.000 kil\u00f3metros por las personas con ER"}]},{"@type":"WebSite","@id":"https:\/\/sindromecharge.es\/#website","url":"https:\/\/sindromecharge.es\/","name":"Asociaci\u00f3n Espa\u00f1ola S\u00edndrome de Charge","description":"","potentialAction":[{"@type":"SearchAction","target":{"@type":"EntryPoint","urlTemplate":"https:\/\/sindromecharge.es\/?s={search_term_string}"},"query-input":{"@type":"PropertyValueSpecification","valueRequired":true,"valueName":"search_term_string"}}],"inLanguage":"es"},{"@type":"Person","@id":"https:\/\/sindromecharge.es\/#\/schema\/person\/39a60ebe0a2b4d5a11179701e336b039","name":"Charge","image":{"@type":"ImageObject","inLanguage":"es","@id":"https:\/\/secure.gravatar.com\/avatar\/c3b46e32a0fc3b093a0873fb767bf3293de856293065e84ef06b7ec7a8acfb98?s=96&d=identicon&r=x","url":"https:\/\/secure.gravatar.com\/avatar\/c3b46e32a0fc3b093a0873fb767bf3293de856293065e84ef06b7ec7a8acfb98?s=96&d=identicon&r=x","contentUrl":"https:\/\/secure.gravatar.com\/avatar\/c3b46e32a0fc3b093a0873fb767bf3293de856293065e84ef06b7ec7a8acfb98?s=96&d=identicon&r=x","caption":"Charge"},"url":"https:\/\/sindromecharge.es\/index.php\/author\/admin\/"}]}},"_links":{"self":[{"href":"https:\/\/sindromecharge.es\/index.php\/wp-json\/wp\/v2\/posts\/7111","targetHints":{"allow":["GET"]}}],"collection":[{"href":"https:\/\/sindromecharge.es\/index.php\/wp-json\/wp\/v2\/posts"}],"about":[{"href":"https:\/\/sindromecharge.es\/index.php\/wp-json\/wp\/v2\/types\/post"}],"author":[{"embeddable":true,"href":"https:\/\/sindromecharge.es\/index.php\/wp-json\/wp\/v2\/users\/1"}],"replies":[{"embeddable":true,"href":"https:\/\/sindromecharge.es\/index.php\/wp-json\/wp\/v2\/comments?post=7111"}],"version-history":[{"count":0,"href":"https:\/\/sindromecharge.es\/index.php\/wp-json\/wp\/v2\/posts\/7111\/revisions"}],"wp:attachment":[{"href":"https:\/\/sindromecharge.es\/index.php\/wp-json\/wp\/v2\/media?parent=7111"}],"wp:term":[{"taxonomy":"category","embeddable":true,"href":"https:\/\/sindromecharge.es\/index.php\/wp-json\/wp\/v2\/categories?post=7111"},{"taxonomy":"post_tag","embeddable":true,"href":"https:\/\/sindromecharge.es\/index.php\/wp-json\/wp\/v2\/tags?post=7111"}],"curies":[{"name":"wp","href":"https:\/\/api.w.org\/{rel}","templated":true}]}}