{"id":7110,"date":"2021-05-03T15:08:11","date_gmt":"2021-05-03T15:08:11","guid":{"rendered":"https:\/\/sindromecharge.es\/index.php\/2021\/05\/03\/cermi-reivindica-el-derecho-de-personas-con-discapacidad-a-una-vivienda-accesible-e-inclusiva-como-elemento-esencial\/"},"modified":"2021-05-03T15:08:11","modified_gmt":"2021-05-03T15:08:11","slug":"cermi-reivindica-el-derecho-de-personas-con-discapacidad-a-una-vivienda-accesible-e-inclusiva-como-elemento-esencial","status":"publish","type":"post","link":"https:\/\/sindromecharge.es\/index.php\/2021\/05\/03\/cermi-reivindica-el-derecho-de-personas-con-discapacidad-a-una-vivienda-accesible-e-inclusiva-como-elemento-esencial\/","title":{"rendered":"CERMI reivindica el derecho de personas con discapacidad a una vivienda &quot;accesible e inclusiva&quot; como elemento &quot;esencial&quot;"},"content":{"rendered":"<p>Leemos en 20minutos la siguiente noticia que os reproducimos de forma \u00edntegra: <\/p>\n<p>Para conmemorar este d\u00eda, que se celebra cada 3 de mayo desde 2019, CERMI CV ha organizado un acto en el Ayuntamiento de Val\u00e8ncia, donde se ha le\u00eddo un manifiesto para reivindicar el derecho humano de las personas con discapacidad a elegir \u00abd\u00f3nde, c\u00f3mo y con qui\u00e9n o qui\u00e9nes desean vivir\u00bb.<\/p>\n<p>El alcalde de Val\u00e8ncia, Joan Rib\u00f3; los vicealcaldes, Sandra G\u00f3mez y Sergi Campillo; la concejala de Bienestar Social, Isabel Lozano; los portavoces del Grupo Municipal Popular y del Grupo Municipal Ciudadanos en el consistorio, Maria Jos\u00e9 Catal\u00e1 y Fernando Giner; el presidente de CERMI CV, Luis Va\u00f1\u00f3, y el secretario general de la entidad, Enrique Llin, han participado en el acto.<\/p>\n<p>El colectivo ha reclamado que la discapacidad sea tenida muy en cuenta en la ordenaci\u00f3n y aseguramiento del derecho a la vivienda y ha defendido que \u00abtoda persona tiene derecho a vivir en su domicilio con el soporte que precisa para su pertenencia y participaci\u00f3n en su comunidad\u00bb.<\/p>\n<p>En este sentido, ha instado a las autoridades a llevar a cabo dos medidas \u00abde calado\u00bb. Por un lado, la aprobaci\u00f3n de una Ley General de Garant\u00eda del Derecho Social a la Vivienda y, por otro, el aumento del parque p\u00fablico de vivienda con una dedicaci\u00f3n de al menos el 2 por ciento del PIB.<\/p>\n<p>\u00abLa accesibilidad universal deber ser la norma que gu\u00ede los principios y actuaciones de las pol\u00edticas p\u00fablicas y normativas vinculadas a la vivienda, ya que, de lo contrario, se excluir\u00e1 a las personas con discapacidad\u00bb, ha advertido, al tiempo que ha exigido que se adapte el parque de vivienda construido para garantizar que \u00abninguna persona quede aislada en su vivienda, recluida por ausencia de condiciones de accesibilidad y dise\u00f1o universales\u00bb.<\/p>\n<p>Asimismo, ha pedido la modificaci\u00f3n de la Ley de Propiedad Horizontal para que las obras y actuaciones de accesibilidad sean obligatorias para las comunidades de propietarios, as\u00ed como la reforma del Registro de la Propiedad, para que recoja datos sobre las condiciones de accesibilidad de los inmuebles, edificios y viviendas.<\/p>\n<p>OFERTA P\u00daBLICA DE VIVIENDAS ACCESIBLES<\/p>\n<p>CERMI CV ha reclamado la adopci\u00f3n de pol\u00edticas \u00aboficiales\u00bb y medidas que \u00abproporcionen y mantengan una oferta p\u00fablica de viviendas accesibles a disposici\u00f3n de las personas con discapacidad\u00bb, ya que las personas con discapacidad presentan una \u00abelevada dependencia\u00bb de instancias ajenas a la propia persona, al entorno familiar o a prestaciones o recursos p\u00fablicos.<\/p>\n<p>Por ello, el comit\u00e9 ha defendido que sean considerados un grupo preferente en las pol\u00edticas p\u00fablicas de vivienda, para proporcionarles \u00absoluciones habitacionales dignas, adecuadas y libremente elegidas\u00bb, y ha abogado por \u00abaunar\u00bb las pol\u00edticas sociales y de vivienda para que se produzca, mediante estrategias p\u00fablicas vigorosas, un \u00abtr\u00e1nsito a formas de vida inclusiva e independiente que permitan la pertenencia y participaci\u00f3n social de las personas con discapacidad\u00bb.<\/p>\n<p>CERMI CV ha reivindicado que la discapacidad organizada y el Tercer Sector de Acci\u00f3n Social deben ser considerados como agentes c\u00edvicos \u00abde referencia\u00bb en la cocreaci\u00f3n y cogobernanza de las pol\u00edticas p\u00fablicas oficiales de vivienda \u00aben todos sus niveles\u00bb.<\/p>\n<p>\u00abLA PANDEMIA NO PUEDE SER UNA EXCUSA\u00bb<\/p>\n<p>Por su parte, el alcalde de Val\u00e8ncia, Joan Rib\u00f3, ha valorado el compromiso del Ayuntamiento por la igualdad, la inclusi\u00f3n y la accesibilidad con todas las personas con diversidad funcional para que puedan desarrollar con autonom\u00eda una vida digna y llena y ha defendido la importancia de las pol\u00edticas de apoyo a las personas de mayor vulnerabilidad.<\/p>\n<p>\u00abLa pandemia no puede ser una excusa para dejar de desarrollar estas pol\u00edticas dirigidas a visibilizar y mejorar la vida de las personas con discapacidad, que son, precisamente, las que tienen m\u00e1s riesgo de sufrir las consecuencias de esta crisis\u00bb, ha defendido.<\/p>\n<p>En este sentido, ha subrayado la vigencia de la Convenci\u00f3n Internacional sobre los Derechos de las Personas con Discapacidad, que insta a tener una visi\u00f3n \u00abtransversal\u00bb en la gesti\u00f3n e incorporar la perspectiva de las personas con diversidad funcional en todas las pol\u00edticas.<\/p>\n<p>El alcalde ha resaltado que el consistorio trabaja en el desarrollo del Marco Estrat\u00e9gico que fue aprobado el pasado jueves 29 de abril por el pleno municipal, con el objetivo de definir el modelo de ciudad para el a\u00f1o 2030.<\/p>\n<p>Por otra parte, Rib\u00f3 ha hecho hincapi\u00e9 en las pol\u00edticas de bienestar social, espacio p\u00fablico y vivienda y ha resaltado la adhesi\u00f3n del Ayuntamiento al manifiesto presentado por CERMI por el derecho de las personas con discapacidad a una vivienda accesible, asequible e inclusiva.<\/p>\n<p>\u00abEs incontestable que una vivienda digna es un derecho fundamental, y por eso, desde el consistorio desarrollamos programas de vivienda asequibles en los que uno de los colectivos prioritarios es el de las personas con discapacidad\u00bb, ha concluido.<\/p>\n<p>Fuente: 20minutos <a href=\"https:\/\/www.20minutos.es\/noticia\/4683990\/0\/cermi-reivindica-el-derecho-de-personas-con-discapacidad-a-una-vivienda-accesible-e-inclusiva-como-elemento-esencial\/\" target=\"_blank\" rel=\"noopener\">CERMI reivindica el derecho de personas con discapacidad a una vivienda &quot;accesible e inclusiva&quot; como elemento &quot;esencial&quot;<\/a><\/p>\n","protected":false},"excerpt":{"rendered":"<p>Leemos en 20minutos la siguiente noticia que os reproducimos de forma \u00edntegra: Para conmemorar este d\u00eda, que se celebra cada 3 de mayo desde 2019, CERMI CV ha organizado un acto en el Ayuntamiento de Val\u00e8ncia, donde se ha le\u00eddo un manifiesto para reivindicar el derecho humano de las personas con discapacidad a elegir \u00abd\u00f3nde, [&hellip;]<\/p>\n","protected":false},"author":1,"featured_media":0,"comment_status":"open","ping_status":"closed","sticky":false,"template":"","format":"standard","meta":{"footnotes":""},"categories":[8],"tags":[31],"class_list":["post-7110","post","type-post","status-publish","format-standard","hentry","category-noticias","tag-discapacidad"],"yoast_head":"<!-- This site is optimized with the Yoast SEO plugin v27.5 - https:\/\/yoast.com\/product\/yoast-seo-wordpress\/ -->\n<title>CERMI reivindica el derecho de personas con discapacidad a una vivienda &quot;accesible e inclusiva&quot; como elemento &quot;esencial&quot; - Asociaci\u00f3n Espa\u00f1ola S\u00edndrome de Charge<\/title>\n<meta name=\"robots\" content=\"index, follow, max-snippet:-1, max-image-preview:large, max-video-preview:-1\" \/>\n<link rel=\"canonical\" href=\"https:\/\/sindromecharge.es\/index.php\/2021\/05\/03\/cermi-reivindica-el-derecho-de-personas-con-discapacidad-a-una-vivienda-accesible-e-inclusiva-como-elemento-esencial\/\" \/>\n<meta property=\"og:locale\" content=\"es_ES\" \/>\n<meta property=\"og:type\" content=\"article\" \/>\n<meta property=\"og:title\" content=\"CERMI reivindica el derecho de personas con discapacidad a una vivienda &quot;accesible e inclusiva&quot; como elemento &quot;esencial&quot; - Asociaci\u00f3n Espa\u00f1ola S\u00edndrome de Charge\" \/>\n<meta property=\"og:description\" content=\"Leemos en 20minutos la siguiente noticia que os reproducimos de forma \u00edntegra: Para conmemorar este d\u00eda, que se celebra cada 3 de mayo desde 2019, CERMI CV ha organizado un acto en el Ayuntamiento de Val\u00e8ncia, donde se ha le\u00eddo un manifiesto para reivindicar el derecho humano de las personas con discapacidad a elegir \u00abd\u00f3nde, [&hellip;]\" \/>\n<meta property=\"og:url\" content=\"https:\/\/sindromecharge.es\/index.php\/2021\/05\/03\/cermi-reivindica-el-derecho-de-personas-con-discapacidad-a-una-vivienda-accesible-e-inclusiva-como-elemento-esencial\/\" \/>\n<meta property=\"og:site_name\" content=\"Asociaci\u00f3n Espa\u00f1ola S\u00edndrome de Charge\" \/>\n<meta property=\"article:publisher\" content=\"https:\/\/www.facebook.com\/asociacionsindromecharge\" \/>\n<meta property=\"article:published_time\" content=\"2021-05-03T15:08:11+00:00\" \/>\n<meta property=\"og:image\" content=\"https:\/\/sindromecharge.es\/wp-content\/uploads\/2013\/09\/logodecharge300x98.png\" \/>\n\t<meta property=\"og:image:width\" content=\"300\" \/>\n\t<meta property=\"og:image:height\" content=\"98\" \/>\n\t<meta property=\"og:image:type\" content=\"image\/png\" \/>\n<meta name=\"author\" content=\"Charge\" \/>\n<meta name=\"twitter:card\" content=\"summary_large_image\" \/>\n<meta name=\"twitter:creator\" content=\"@sindromecharge\" \/>\n<meta name=\"twitter:site\" content=\"@sindromecharge\" \/>\n<meta name=\"twitter:label1\" content=\"Escrito por\" \/>\n\t<meta name=\"twitter:data1\" content=\"Charge\" \/>\n\t<meta name=\"twitter:label2\" content=\"Tiempo de lectura\" \/>\n\t<meta name=\"twitter:data2\" content=\"4 minutos\" \/>\n<script type=\"application\/ld+json\" class=\"yoast-schema-graph\">{\"@context\":\"https:\\\/\\\/schema.org\",\"@graph\":[{\"@type\":\"Article\",\"@id\":\"https:\\\/\\\/sindromecharge.es\\\/index.php\\\/2021\\\/05\\\/03\\\/cermi-reivindica-el-derecho-de-personas-con-discapacidad-a-una-vivienda-accesible-e-inclusiva-como-elemento-esencial\\\/#article\",\"isPartOf\":{\"@id\":\"https:\\\/\\\/sindromecharge.es\\\/index.php\\\/2021\\\/05\\\/03\\\/cermi-reivindica-el-derecho-de-personas-con-discapacidad-a-una-vivienda-accesible-e-inclusiva-como-elemento-esencial\\\/\"},\"author\":{\"name\":\"Charge\",\"@id\":\"https:\\\/\\\/sindromecharge.es\\\/#\\\/schema\\\/person\\\/39a60ebe0a2b4d5a11179701e336b039\"},\"headline\":\"CERMI reivindica el derecho de personas con discapacidad a una vivienda &quot;accesible e inclusiva&quot; como elemento &quot;esencial&quot;\",\"datePublished\":\"2021-05-03T15:08:11+00:00\",\"mainEntityOfPage\":{\"@id\":\"https:\\\/\\\/sindromecharge.es\\\/index.php\\\/2021\\\/05\\\/03\\\/cermi-reivindica-el-derecho-de-personas-con-discapacidad-a-una-vivienda-accesible-e-inclusiva-como-elemento-esencial\\\/\"},\"wordCount\":874,\"commentCount\":0,\"keywords\":[\"discapacidad\"],\"articleSection\":[\"noticias\"],\"inLanguage\":\"es\",\"potentialAction\":[{\"@type\":\"CommentAction\",\"name\":\"Comment\",\"target\":[\"https:\\\/\\\/sindromecharge.es\\\/index.php\\\/2021\\\/05\\\/03\\\/cermi-reivindica-el-derecho-de-personas-con-discapacidad-a-una-vivienda-accesible-e-inclusiva-como-elemento-esencial\\\/#respond\"]}]},{\"@type\":\"WebPage\",\"@id\":\"https:\\\/\\\/sindromecharge.es\\\/index.php\\\/2021\\\/05\\\/03\\\/cermi-reivindica-el-derecho-de-personas-con-discapacidad-a-una-vivienda-accesible-e-inclusiva-como-elemento-esencial\\\/\",\"url\":\"https:\\\/\\\/sindromecharge.es\\\/index.php\\\/2021\\\/05\\\/03\\\/cermi-reivindica-el-derecho-de-personas-con-discapacidad-a-una-vivienda-accesible-e-inclusiva-como-elemento-esencial\\\/\",\"name\":\"CERMI reivindica el derecho de personas con discapacidad a una vivienda &quot;accesible e inclusiva&quot; como elemento &quot;esencial&quot; - Asociaci\u00f3n Espa\u00f1ola S\u00edndrome de Charge\",\"isPartOf\":{\"@id\":\"https:\\\/\\\/sindromecharge.es\\\/#website\"},\"datePublished\":\"2021-05-03T15:08:11+00:00\",\"author\":{\"@id\":\"https:\\\/\\\/sindromecharge.es\\\/#\\\/schema\\\/person\\\/39a60ebe0a2b4d5a11179701e336b039\"},\"breadcrumb\":{\"@id\":\"https:\\\/\\\/sindromecharge.es\\\/index.php\\\/2021\\\/05\\\/03\\\/cermi-reivindica-el-derecho-de-personas-con-discapacidad-a-una-vivienda-accesible-e-inclusiva-como-elemento-esencial\\\/#breadcrumb\"},\"inLanguage\":\"es\",\"potentialAction\":[{\"@type\":\"ReadAction\",\"target\":[\"https:\\\/\\\/sindromecharge.es\\\/index.php\\\/2021\\\/05\\\/03\\\/cermi-reivindica-el-derecho-de-personas-con-discapacidad-a-una-vivienda-accesible-e-inclusiva-como-elemento-esencial\\\/\"]}]},{\"@type\":\"BreadcrumbList\",\"@id\":\"https:\\\/\\\/sindromecharge.es\\\/index.php\\\/2021\\\/05\\\/03\\\/cermi-reivindica-el-derecho-de-personas-con-discapacidad-a-una-vivienda-accesible-e-inclusiva-como-elemento-esencial\\\/#breadcrumb\",\"itemListElement\":[{\"@type\":\"ListItem\",\"position\":1,\"name\":\"Portada\",\"item\":\"https:\\\/\\\/sindromecharge.es\\\/\"},{\"@type\":\"ListItem\",\"position\":2,\"name\":\"CERMI reivindica el derecho de personas con discapacidad a una vivienda &quot;accesible e inclusiva&quot; como elemento &quot;esencial&quot;\"}]},{\"@type\":\"WebSite\",\"@id\":\"https:\\\/\\\/sindromecharge.es\\\/#website\",\"url\":\"https:\\\/\\\/sindromecharge.es\\\/\",\"name\":\"Asociaci\u00f3n Espa\u00f1ola S\u00edndrome de Charge\",\"description\":\"\",\"potentialAction\":[{\"@type\":\"SearchAction\",\"target\":{\"@type\":\"EntryPoint\",\"urlTemplate\":\"https:\\\/\\\/sindromecharge.es\\\/?s={search_term_string}\"},\"query-input\":{\"@type\":\"PropertyValueSpecification\",\"valueRequired\":true,\"valueName\":\"search_term_string\"}}],\"inLanguage\":\"es\"},{\"@type\":\"Person\",\"@id\":\"https:\\\/\\\/sindromecharge.es\\\/#\\\/schema\\\/person\\\/39a60ebe0a2b4d5a11179701e336b039\",\"name\":\"Charge\",\"image\":{\"@type\":\"ImageObject\",\"inLanguage\":\"es\",\"@id\":\"https:\\\/\\\/secure.gravatar.com\\\/avatar\\\/c3b46e32a0fc3b093a0873fb767bf3293de856293065e84ef06b7ec7a8acfb98?s=96&d=identicon&r=x\",\"url\":\"https:\\\/\\\/secure.gravatar.com\\\/avatar\\\/c3b46e32a0fc3b093a0873fb767bf3293de856293065e84ef06b7ec7a8acfb98?s=96&d=identicon&r=x\",\"contentUrl\":\"https:\\\/\\\/secure.gravatar.com\\\/avatar\\\/c3b46e32a0fc3b093a0873fb767bf3293de856293065e84ef06b7ec7a8acfb98?s=96&d=identicon&r=x\",\"caption\":\"Charge\"},\"url\":\"https:\\\/\\\/sindromecharge.es\\\/index.php\\\/author\\\/admin\\\/\"}]}<\/script>\n<!-- \/ Yoast SEO plugin. -->","yoast_head_json":{"title":"CERMI reivindica el derecho de personas con discapacidad a una vivienda &quot;accesible e inclusiva&quot; como elemento &quot;esencial&quot; - Asociaci\u00f3n Espa\u00f1ola S\u00edndrome de Charge","robots":{"index":"index","follow":"follow","max-snippet":"max-snippet:-1","max-image-preview":"max-image-preview:large","max-video-preview":"max-video-preview:-1"},"canonical":"https:\/\/sindromecharge.es\/index.php\/2021\/05\/03\/cermi-reivindica-el-derecho-de-personas-con-discapacidad-a-una-vivienda-accesible-e-inclusiva-como-elemento-esencial\/","og_locale":"es_ES","og_type":"article","og_title":"CERMI reivindica el derecho de personas con discapacidad a una vivienda &quot;accesible e inclusiva&quot; como elemento &quot;esencial&quot; - Asociaci\u00f3n Espa\u00f1ola S\u00edndrome de Charge","og_description":"Leemos en 20minutos la siguiente noticia que os reproducimos de forma \u00edntegra: Para conmemorar este d\u00eda, que se celebra cada 3 de mayo desde 2019, CERMI CV ha organizado un acto en el Ayuntamiento de Val\u00e8ncia, donde se ha le\u00eddo un manifiesto para reivindicar el derecho humano de las personas con discapacidad a elegir \u00abd\u00f3nde, [&hellip;]","og_url":"https:\/\/sindromecharge.es\/index.php\/2021\/05\/03\/cermi-reivindica-el-derecho-de-personas-con-discapacidad-a-una-vivienda-accesible-e-inclusiva-como-elemento-esencial\/","og_site_name":"Asociaci\u00f3n Espa\u00f1ola S\u00edndrome de Charge","article_publisher":"https:\/\/www.facebook.com\/asociacionsindromecharge","article_published_time":"2021-05-03T15:08:11+00:00","og_image":[{"width":300,"height":98,"url":"https:\/\/sindromecharge.es\/wp-content\/uploads\/2013\/09\/logodecharge300x98.png","type":"image\/png"}],"author":"Charge","twitter_card":"summary_large_image","twitter_creator":"@sindromecharge","twitter_site":"@sindromecharge","twitter_misc":{"Escrito por":"Charge","Tiempo de lectura":"4 minutos"},"schema":{"@context":"https:\/\/schema.org","@graph":[{"@type":"Article","@id":"https:\/\/sindromecharge.es\/index.php\/2021\/05\/03\/cermi-reivindica-el-derecho-de-personas-con-discapacidad-a-una-vivienda-accesible-e-inclusiva-como-elemento-esencial\/#article","isPartOf":{"@id":"https:\/\/sindromecharge.es\/index.php\/2021\/05\/03\/cermi-reivindica-el-derecho-de-personas-con-discapacidad-a-una-vivienda-accesible-e-inclusiva-como-elemento-esencial\/"},"author":{"name":"Charge","@id":"https:\/\/sindromecharge.es\/#\/schema\/person\/39a60ebe0a2b4d5a11179701e336b039"},"headline":"CERMI reivindica el derecho de personas con discapacidad a una vivienda &quot;accesible e inclusiva&quot; como elemento &quot;esencial&quot;","datePublished":"2021-05-03T15:08:11+00:00","mainEntityOfPage":{"@id":"https:\/\/sindromecharge.es\/index.php\/2021\/05\/03\/cermi-reivindica-el-derecho-de-personas-con-discapacidad-a-una-vivienda-accesible-e-inclusiva-como-elemento-esencial\/"},"wordCount":874,"commentCount":0,"keywords":["discapacidad"],"articleSection":["noticias"],"inLanguage":"es","potentialAction":[{"@type":"CommentAction","name":"Comment","target":["https:\/\/sindromecharge.es\/index.php\/2021\/05\/03\/cermi-reivindica-el-derecho-de-personas-con-discapacidad-a-una-vivienda-accesible-e-inclusiva-como-elemento-esencial\/#respond"]}]},{"@type":"WebPage","@id":"https:\/\/sindromecharge.es\/index.php\/2021\/05\/03\/cermi-reivindica-el-derecho-de-personas-con-discapacidad-a-una-vivienda-accesible-e-inclusiva-como-elemento-esencial\/","url":"https:\/\/sindromecharge.es\/index.php\/2021\/05\/03\/cermi-reivindica-el-derecho-de-personas-con-discapacidad-a-una-vivienda-accesible-e-inclusiva-como-elemento-esencial\/","name":"CERMI reivindica el derecho de personas con discapacidad a una vivienda &quot;accesible e inclusiva&quot; como elemento &quot;esencial&quot; - Asociaci\u00f3n Espa\u00f1ola S\u00edndrome de Charge","isPartOf":{"@id":"https:\/\/sindromecharge.es\/#website"},"datePublished":"2021-05-03T15:08:11+00:00","author":{"@id":"https:\/\/sindromecharge.es\/#\/schema\/person\/39a60ebe0a2b4d5a11179701e336b039"},"breadcrumb":{"@id":"https:\/\/sindromecharge.es\/index.php\/2021\/05\/03\/cermi-reivindica-el-derecho-de-personas-con-discapacidad-a-una-vivienda-accesible-e-inclusiva-como-elemento-esencial\/#breadcrumb"},"inLanguage":"es","potentialAction":[{"@type":"ReadAction","target":["https:\/\/sindromecharge.es\/index.php\/2021\/05\/03\/cermi-reivindica-el-derecho-de-personas-con-discapacidad-a-una-vivienda-accesible-e-inclusiva-como-elemento-esencial\/"]}]},{"@type":"BreadcrumbList","@id":"https:\/\/sindromecharge.es\/index.php\/2021\/05\/03\/cermi-reivindica-el-derecho-de-personas-con-discapacidad-a-una-vivienda-accesible-e-inclusiva-como-elemento-esencial\/#breadcrumb","itemListElement":[{"@type":"ListItem","position":1,"name":"Portada","item":"https:\/\/sindromecharge.es\/"},{"@type":"ListItem","position":2,"name":"CERMI reivindica el derecho de personas con discapacidad a una vivienda &quot;accesible e inclusiva&quot; como elemento &quot;esencial&quot;"}]},{"@type":"WebSite","@id":"https:\/\/sindromecharge.es\/#website","url":"https:\/\/sindromecharge.es\/","name":"Asociaci\u00f3n Espa\u00f1ola S\u00edndrome de Charge","description":"","potentialAction":[{"@type":"SearchAction","target":{"@type":"EntryPoint","urlTemplate":"https:\/\/sindromecharge.es\/?s={search_term_string}"},"query-input":{"@type":"PropertyValueSpecification","valueRequired":true,"valueName":"search_term_string"}}],"inLanguage":"es"},{"@type":"Person","@id":"https:\/\/sindromecharge.es\/#\/schema\/person\/39a60ebe0a2b4d5a11179701e336b039","name":"Charge","image":{"@type":"ImageObject","inLanguage":"es","@id":"https:\/\/secure.gravatar.com\/avatar\/c3b46e32a0fc3b093a0873fb767bf3293de856293065e84ef06b7ec7a8acfb98?s=96&d=identicon&r=x","url":"https:\/\/secure.gravatar.com\/avatar\/c3b46e32a0fc3b093a0873fb767bf3293de856293065e84ef06b7ec7a8acfb98?s=96&d=identicon&r=x","contentUrl":"https:\/\/secure.gravatar.com\/avatar\/c3b46e32a0fc3b093a0873fb767bf3293de856293065e84ef06b7ec7a8acfb98?s=96&d=identicon&r=x","caption":"Charge"},"url":"https:\/\/sindromecharge.es\/index.php\/author\/admin\/"}]}},"_links":{"self":[{"href":"https:\/\/sindromecharge.es\/index.php\/wp-json\/wp\/v2\/posts\/7110","targetHints":{"allow":["GET"]}}],"collection":[{"href":"https:\/\/sindromecharge.es\/index.php\/wp-json\/wp\/v2\/posts"}],"about":[{"href":"https:\/\/sindromecharge.es\/index.php\/wp-json\/wp\/v2\/types\/post"}],"author":[{"embeddable":true,"href":"https:\/\/sindromecharge.es\/index.php\/wp-json\/wp\/v2\/users\/1"}],"replies":[{"embeddable":true,"href":"https:\/\/sindromecharge.es\/index.php\/wp-json\/wp\/v2\/comments?post=7110"}],"version-history":[{"count":0,"href":"https:\/\/sindromecharge.es\/index.php\/wp-json\/wp\/v2\/posts\/7110\/revisions"}],"wp:attachment":[{"href":"https:\/\/sindromecharge.es\/index.php\/wp-json\/wp\/v2\/media?parent=7110"}],"wp:term":[{"taxonomy":"category","embeddable":true,"href":"https:\/\/sindromecharge.es\/index.php\/wp-json\/wp\/v2\/categories?post=7110"},{"taxonomy":"post_tag","embeddable":true,"href":"https:\/\/sindromecharge.es\/index.php\/wp-json\/wp\/v2\/tags?post=7110"}],"curies":[{"name":"wp","href":"https:\/\/api.w.org\/{rel}","templated":true}]}}