{"id":7109,"date":"2021-05-03T12:37:19","date_gmt":"2021-05-03T12:37:19","guid":{"rendered":"https:\/\/sindromecharge.es\/index.php\/2021\/05\/03\/la-junta-recibe-el-premio-cermi-2019-por-preservar-la-sostenibilidad-economica-del-tercer-sector-de-discapacidad\/"},"modified":"2021-05-03T12:37:19","modified_gmt":"2021-05-03T12:37:19","slug":"la-junta-recibe-el-premio-cermi-2019-por-preservar-la-sostenibilidad-economica-del-tercer-sector-de-discapacidad","status":"publish","type":"post","link":"https:\/\/sindromecharge.es\/index.php\/2021\/05\/03\/la-junta-recibe-el-premio-cermi-2019-por-preservar-la-sostenibilidad-economica-del-tercer-sector-de-discapacidad\/","title":{"rendered":"La Junta recibe el premio Cermi-2019 por preservar la sostenibilidad econ\u00f3mica del tercer sector de discapacidad"},"content":{"rendered":"<p>Leemos en 20minutos la siguiente noticia que os reproducimos de forma \u00edntegra: <\/p>\n<p>La concesi\u00f3n del premio a la Junta de Extremadura se justifica en \u00absu r\u00e1pida decisi\u00f3n pol\u00edtica de preservar la sostenibilidad econ\u00f3mica del tercer sector de la discapacidad en Extremadura, habilitando recursos adicionales para la compensaci\u00f3n y el sobreesfuerzo econ\u00f3mico que ha supuesto el incremento de los costes salariales\u00bb, seg\u00fan se refleja en el acta del jurado.<\/p>\n<p>El premio ha sido entregado por el presidente de Cermi estatal, Luis Cayo P\u00e9rez Bueno, en un acto que ha tenido lugar en la Presidencia de la Junta, en M\u00e9rida, y al que han asistido el vicepresidente segundo y consejero de Servicios Sociales, Jos\u00e9 Mar\u00eda Vergeles, y el presidente de Cermi Extremadura, Jes\u00fas Gumiel.<\/p>\n<p>Fern\u00e1ndez Vara, quien ha recalcado que \u00abno es un premio personal sino un reconocimiento institucional\u00bb, ha se\u00f1alado que cuando la Junta de Extremadura tom\u00f3 esa decisi\u00f3n \u00abno era un momento sencillo\u00bb debido a la exigencia del cumplimiento de los objetivos de estabilidad y, por tanto, resultaba especialmente complejo \u00abcuadrar la cuentas sin descuadrar la vida de las personas\u00bb.<\/p>\n<p>Asimismo, ha asegurado que esa decisi\u00f3n nac\u00eda \u00abde algo tan sagrado como los derechos de los trabajadores y trabajadoras\u00bb y de la necesidad de cumplir con la negociaci\u00f3n colectiva, por lo que, ha a\u00f1adido, no se trataba de hacer un favor a nadie sino de un \u00abcompromiso existencial\u00bb, ya que \u00abno hay trabajo sin dignidad ni empleo sin derechos\u00bb.<\/p>\n<p>A este respecto, ha manifestado que \u00abun pa\u00eds por el que nos podamos sentir orgullosos\u00bb tiene que contar con una clase trabajadora que tenga un salario digno y decente y con una negociaci\u00f3n colectiva en la que se negocien estas cuestiones.<\/p>\n<p>Fern\u00e1ndez Vara ha recordado que el modelo de atenci\u00f3n a la discapacidad que se ha establecido en Espa\u00f1a no naci\u00f3 de la casualidad sino que fue \u00abuna realidad impuesta\u00bb, en el sentido de que el \u00abagujero asistencial que hab\u00eda en el mundo de la discapacidad\u00bb llev\u00f3 al nacimiento del mundo asociativo, muy vinculado a las familias, que tuvo que \u00abecharse hacia adelante\u00bb, se\u00f1ala en nota de prensa la Junta de Extremadura.<\/p>\n<p>Tambi\u00e9n ha rese\u00f1ado que, con la llegada de la democracia, cuando \u00abla caridad se convierte en derechos leg\u00edtimamente defendidos\u00bb, se opt\u00f3 por un modelo que tuvo en cuenta todo ese \u00abpotencial que hab\u00eda nacido en la situaci\u00f3n de partida\u00bb, y ha mencionado expresamente a organizaciones como Aprosuba.<\/p>\n<p>Ese modelo, ha dicho, consist\u00eda en establecer una financiaci\u00f3n procedente de recursos p\u00fablicos mientras la provisi\u00f3n de los servicios se llevaba a cabo mediante conciertos con el mundo asociativo.<\/p>\n<p>Fern\u00e1ndez Vara ha insistido tambi\u00e9n en el camino que a\u00fan queda por recorrer para que \u00abla inclusi\u00f3n\u00bb de las personas con discapacidad \u00absea plena\u00bb en aspectos como \u00abla formaci\u00f3n, la cultura y el empleo\u00bb, en las que estas personas se encuentran con \u00abespeciales dificultades\u00bb.<\/p>\n<p>El otro gran asunto pendiente, seg\u00fan el presidente extreme\u00f1o, es el de la accesibilidad entendida en un sentido amplio, es decir, que permita a las personas con discapacidad \u00absentirse iguales\u00bb, algo que est\u00e1 relacionado con el acceso a los bienes, servicios y productos que la ciudadan\u00eda tiene a su alrededor.<\/p>\n<p>Por \u00faltimo, Fern\u00e1ndez Vara ha destacado el hecho de que en la administraci\u00f3n regional \u00abya no tenemos un departamento que solo sepa de discapacidad\u00bb sino que este \u00e1mbito est\u00e1 presente \u00aben toda la Administraci\u00f3n en su conjunto\u00bb, y ha pedido no olvidar que hay \u00abmucha gente que necesita de la pol\u00edtica porque cree en ella\u00bb, al tiempo que no se debe confundir la pol\u00edtica con lo que \u00abalgunas veces y en algunos lugares, desgraciadamente, nos hacen creer que es\u00bb.<\/p>\n<p>AGRADECIMIENTOS DEL CERMI<\/p>\n<p>Por su parte, el presidente de Cermi Estatal, Luis Cayo P\u00e9rez Bueno, quien ha destacado que este premio es una forma de manifestar la gratitud del sector de la discapacidad a un gobierno auton\u00f3mico, la Junta de Extremadura, que \u00aben momentos cr\u00edticos no se desentendi\u00f3, ni hizo caso omiso, no disimul\u00f3 ni mir\u00f3 para otra parte\u00bb.<\/p>\n<p>Tambi\u00e9n durante el acto de entrega, el presidente de Cermi Extremadura, Jes\u00fas Gumiel, ha manifestado que este premio es una manera de reconocer al gobierno la habilitaci\u00f3n de recursos adicionales para compensar el sobreesfuerzo econ\u00f3mico que ha supuesto el incremento de costes laborales, se\u00f1alando un \u00abcamino certero\u00bb al resto de Comunidades Aut\u00f3nomas, que no han reaccionado \u00aba\u00fan\u00bb ante esta \u00abapremiante demanda\u00bb.<\/p>\n<p>Seguidamente, ha resaltado y alabado la preocupaci\u00f3n que \u00absiempre\u00bb ha tenido el gobierno de la Junta de Extremadura y el vicepresidente segundo y consejero de Sanidad y Servicios Sociales, Jos\u00e9 Mar\u00eda Vergeles, por la sostenibilidad econ\u00f3mica del tejido asociativo de la discapacidad, informa en nota de prensa Cermi.<\/p>\n<p>De la misma manera, ha esgrimido los cinco retos que Cermi Extremadura plantea a la Junta de Extremadura a corto y a largo plazo como son la puesta en marcha de los Conciertos Sociales a finales del presente a\u00f1o, tras la creaci\u00f3n de un grupo de trabajo interno de Cermi Extremadura encargado de remitir un documento inicial de propuestas al  consejero de Sanidad y Servicios Sociales.<\/p>\n<p>Tambi\u00e9n aboga por el incremento de la partida presupuestaria relativa a las subvenciones de normalizaci\u00f3n dentro de la ley de presupuestos econ\u00f3micos de la Junta de Extremadura concernientes al a\u00f1o 2022; as\u00ed como por la agilizaci\u00f3n de las resoluciones en los proyectos de vital importancia para el sector de la discapacidad como por ejemplo el IRPF; y que se solvente el \u00abgrave problema de colapso y retrasos administrativos\u00bb en los Centros de Atenci\u00f3n a la Discapacidad de Extremadura (Cadex).<\/p>\n<p>Asimismo, ha manifestado la necesidad de poner en marcha la creaci\u00f3n de la figura de mediaci\u00f3n entre la mujer con discapacidad y diversos \u00f3rganos administrativos p\u00fablicos y privados. Tal y como ha asegurado, esta necesidad fue constatada en el estudio de investigaci\u00f3n sobre la situaci\u00f3n de las mujeres con discapacidad de Extremadura v\u00edctimas de los distintos tipos de violencias; presentado conjuntamente con la Consejer\u00eda de Igualdad de la Junta de Extremadura.<\/p>\n<p>Tras su intervenci\u00f3n, el presidente del Cermi, Luis Cayo P\u00e9rez Bueno, ha elogiado el \u00abbuen hacer\u00bb de este gobierno y ha recalcado que \u00absupo reaccionar con decisiones acertadas y prontas a las demandas de las estructuras sociales de la discapacidad extreme\u00f1a proporcionando soluciones financieras que permitieron que las personas con discapacidad no se resintieran en los apoyos que precisaban para su inclusi\u00f3n\u00bb. \u00abLa Junta estuvo ah\u00ed, escuch\u00f3, respondi\u00f3 y merece nuestro reconocimiento\u00bb, ha puntualizado.<\/p>\n<p>Fuente: 20minutos <a href=\"https:\/\/www.20minutos.es\/noticia\/4683746\/0\/la-junta-recibe-el-premio-cermi-2019-por-preservar-la-sostenibilidad-economica-del-tercer-sector-de-discapacidad\/\" target=\"_blank\" rel=\"noopener\">La Junta recibe el premio Cermi-2019 por preservar la sostenibilidad econ\u00f3mica del tercer sector de discapacidad<\/a><\/p>\n","protected":false},"excerpt":{"rendered":"<p>Leemos en 20minutos la siguiente noticia que os reproducimos de forma \u00edntegra: La concesi\u00f3n del premio a la Junta de Extremadura se justifica en \u00absu r\u00e1pida decisi\u00f3n pol\u00edtica de preservar la sostenibilidad econ\u00f3mica del tercer sector de la discapacidad en Extremadura, habilitando recursos adicionales para la compensaci\u00f3n y el sobreesfuerzo econ\u00f3mico que ha supuesto el [&hellip;]<\/p>\n","protected":false},"author":1,"featured_media":0,"comment_status":"open","ping_status":"closed","sticky":false,"template":"","format":"standard","meta":{"footnotes":""},"categories":[8],"tags":[31],"class_list":["post-7109","post","type-post","status-publish","format-standard","hentry","category-noticias","tag-discapacidad"],"yoast_head":"<!-- This site is optimized with the Yoast SEO plugin v27.5 - https:\/\/yoast.com\/product\/yoast-seo-wordpress\/ -->\n<title>La Junta recibe el premio Cermi-2019 por preservar la sostenibilidad econ\u00f3mica del tercer sector de discapacidad - Asociaci\u00f3n Espa\u00f1ola S\u00edndrome de Charge<\/title>\n<meta name=\"robots\" content=\"index, follow, max-snippet:-1, max-image-preview:large, max-video-preview:-1\" \/>\n<link rel=\"canonical\" href=\"https:\/\/sindromecharge.es\/index.php\/2021\/05\/03\/la-junta-recibe-el-premio-cermi-2019-por-preservar-la-sostenibilidad-economica-del-tercer-sector-de-discapacidad\/\" \/>\n<meta property=\"og:locale\" content=\"es_ES\" \/>\n<meta property=\"og:type\" content=\"article\" \/>\n<meta property=\"og:title\" content=\"La Junta recibe el premio Cermi-2019 por preservar la sostenibilidad econ\u00f3mica del tercer sector de discapacidad - Asociaci\u00f3n Espa\u00f1ola S\u00edndrome de Charge\" \/>\n<meta property=\"og:description\" content=\"Leemos en 20minutos la siguiente noticia que os reproducimos de forma \u00edntegra: La concesi\u00f3n del premio a la Junta de Extremadura se justifica en \u00absu r\u00e1pida decisi\u00f3n pol\u00edtica de preservar la sostenibilidad econ\u00f3mica del tercer sector de la discapacidad en Extremadura, habilitando recursos adicionales para la compensaci\u00f3n y el sobreesfuerzo econ\u00f3mico que ha supuesto el [&hellip;]\" \/>\n<meta property=\"og:url\" content=\"https:\/\/sindromecharge.es\/index.php\/2021\/05\/03\/la-junta-recibe-el-premio-cermi-2019-por-preservar-la-sostenibilidad-economica-del-tercer-sector-de-discapacidad\/\" \/>\n<meta property=\"og:site_name\" content=\"Asociaci\u00f3n Espa\u00f1ola S\u00edndrome de Charge\" \/>\n<meta property=\"article:publisher\" content=\"https:\/\/www.facebook.com\/asociacionsindromecharge\" \/>\n<meta property=\"article:published_time\" content=\"2021-05-03T12:37:19+00:00\" \/>\n<meta property=\"og:image\" content=\"https:\/\/sindromecharge.es\/wp-content\/uploads\/2013\/09\/logodecharge300x98.png\" \/>\n\t<meta property=\"og:image:width\" content=\"300\" \/>\n\t<meta property=\"og:image:height\" content=\"98\" \/>\n\t<meta property=\"og:image:type\" content=\"image\/png\" \/>\n<meta name=\"author\" content=\"Charge\" \/>\n<meta name=\"twitter:card\" content=\"summary_large_image\" \/>\n<meta name=\"twitter:creator\" content=\"@sindromecharge\" \/>\n<meta name=\"twitter:site\" content=\"@sindromecharge\" \/>\n<meta name=\"twitter:label1\" content=\"Escrito por\" \/>\n\t<meta name=\"twitter:data1\" content=\"Charge\" \/>\n\t<meta name=\"twitter:label2\" content=\"Tiempo de lectura\" \/>\n\t<meta name=\"twitter:data2\" content=\"6 minutos\" \/>\n<script type=\"application\/ld+json\" class=\"yoast-schema-graph\">{\"@context\":\"https:\\\/\\\/schema.org\",\"@graph\":[{\"@type\":\"Article\",\"@id\":\"https:\\\/\\\/sindromecharge.es\\\/index.php\\\/2021\\\/05\\\/03\\\/la-junta-recibe-el-premio-cermi-2019-por-preservar-la-sostenibilidad-economica-del-tercer-sector-de-discapacidad\\\/#article\",\"isPartOf\":{\"@id\":\"https:\\\/\\\/sindromecharge.es\\\/index.php\\\/2021\\\/05\\\/03\\\/la-junta-recibe-el-premio-cermi-2019-por-preservar-la-sostenibilidad-economica-del-tercer-sector-de-discapacidad\\\/\"},\"author\":{\"name\":\"Charge\",\"@id\":\"https:\\\/\\\/sindromecharge.es\\\/#\\\/schema\\\/person\\\/39a60ebe0a2b4d5a11179701e336b039\"},\"headline\":\"La Junta recibe el premio Cermi-2019 por preservar la sostenibilidad econ\u00f3mica del tercer sector de discapacidad\",\"datePublished\":\"2021-05-03T12:37:19+00:00\",\"mainEntityOfPage\":{\"@id\":\"https:\\\/\\\/sindromecharge.es\\\/index.php\\\/2021\\\/05\\\/03\\\/la-junta-recibe-el-premio-cermi-2019-por-preservar-la-sostenibilidad-economica-del-tercer-sector-de-discapacidad\\\/\"},\"wordCount\":1173,\"commentCount\":0,\"keywords\":[\"discapacidad\"],\"articleSection\":[\"noticias\"],\"inLanguage\":\"es\",\"potentialAction\":[{\"@type\":\"CommentAction\",\"name\":\"Comment\",\"target\":[\"https:\\\/\\\/sindromecharge.es\\\/index.php\\\/2021\\\/05\\\/03\\\/la-junta-recibe-el-premio-cermi-2019-por-preservar-la-sostenibilidad-economica-del-tercer-sector-de-discapacidad\\\/#respond\"]}]},{\"@type\":\"WebPage\",\"@id\":\"https:\\\/\\\/sindromecharge.es\\\/index.php\\\/2021\\\/05\\\/03\\\/la-junta-recibe-el-premio-cermi-2019-por-preservar-la-sostenibilidad-economica-del-tercer-sector-de-discapacidad\\\/\",\"url\":\"https:\\\/\\\/sindromecharge.es\\\/index.php\\\/2021\\\/05\\\/03\\\/la-junta-recibe-el-premio-cermi-2019-por-preservar-la-sostenibilidad-economica-del-tercer-sector-de-discapacidad\\\/\",\"name\":\"La Junta recibe el premio Cermi-2019 por preservar la sostenibilidad econ\u00f3mica del tercer sector de discapacidad - Asociaci\u00f3n Espa\u00f1ola S\u00edndrome de Charge\",\"isPartOf\":{\"@id\":\"https:\\\/\\\/sindromecharge.es\\\/#website\"},\"datePublished\":\"2021-05-03T12:37:19+00:00\",\"author\":{\"@id\":\"https:\\\/\\\/sindromecharge.es\\\/#\\\/schema\\\/person\\\/39a60ebe0a2b4d5a11179701e336b039\"},\"breadcrumb\":{\"@id\":\"https:\\\/\\\/sindromecharge.es\\\/index.php\\\/2021\\\/05\\\/03\\\/la-junta-recibe-el-premio-cermi-2019-por-preservar-la-sostenibilidad-economica-del-tercer-sector-de-discapacidad\\\/#breadcrumb\"},\"inLanguage\":\"es\",\"potentialAction\":[{\"@type\":\"ReadAction\",\"target\":[\"https:\\\/\\\/sindromecharge.es\\\/index.php\\\/2021\\\/05\\\/03\\\/la-junta-recibe-el-premio-cermi-2019-por-preservar-la-sostenibilidad-economica-del-tercer-sector-de-discapacidad\\\/\"]}]},{\"@type\":\"BreadcrumbList\",\"@id\":\"https:\\\/\\\/sindromecharge.es\\\/index.php\\\/2021\\\/05\\\/03\\\/la-junta-recibe-el-premio-cermi-2019-por-preservar-la-sostenibilidad-economica-del-tercer-sector-de-discapacidad\\\/#breadcrumb\",\"itemListElement\":[{\"@type\":\"ListItem\",\"position\":1,\"name\":\"Portada\",\"item\":\"https:\\\/\\\/sindromecharge.es\\\/\"},{\"@type\":\"ListItem\",\"position\":2,\"name\":\"La Junta recibe el premio Cermi-2019 por preservar la sostenibilidad econ\u00f3mica del tercer sector de discapacidad\"}]},{\"@type\":\"WebSite\",\"@id\":\"https:\\\/\\\/sindromecharge.es\\\/#website\",\"url\":\"https:\\\/\\\/sindromecharge.es\\\/\",\"name\":\"Asociaci\u00f3n Espa\u00f1ola S\u00edndrome de Charge\",\"description\":\"\",\"potentialAction\":[{\"@type\":\"SearchAction\",\"target\":{\"@type\":\"EntryPoint\",\"urlTemplate\":\"https:\\\/\\\/sindromecharge.es\\\/?s={search_term_string}\"},\"query-input\":{\"@type\":\"PropertyValueSpecification\",\"valueRequired\":true,\"valueName\":\"search_term_string\"}}],\"inLanguage\":\"es\"},{\"@type\":\"Person\",\"@id\":\"https:\\\/\\\/sindromecharge.es\\\/#\\\/schema\\\/person\\\/39a60ebe0a2b4d5a11179701e336b039\",\"name\":\"Charge\",\"image\":{\"@type\":\"ImageObject\",\"inLanguage\":\"es\",\"@id\":\"https:\\\/\\\/secure.gravatar.com\\\/avatar\\\/c3b46e32a0fc3b093a0873fb767bf3293de856293065e84ef06b7ec7a8acfb98?s=96&d=identicon&r=x\",\"url\":\"https:\\\/\\\/secure.gravatar.com\\\/avatar\\\/c3b46e32a0fc3b093a0873fb767bf3293de856293065e84ef06b7ec7a8acfb98?s=96&d=identicon&r=x\",\"contentUrl\":\"https:\\\/\\\/secure.gravatar.com\\\/avatar\\\/c3b46e32a0fc3b093a0873fb767bf3293de856293065e84ef06b7ec7a8acfb98?s=96&d=identicon&r=x\",\"caption\":\"Charge\"},\"url\":\"https:\\\/\\\/sindromecharge.es\\\/index.php\\\/author\\\/admin\\\/\"}]}<\/script>\n<!-- \/ Yoast SEO plugin. -->","yoast_head_json":{"title":"La Junta recibe el premio Cermi-2019 por preservar la sostenibilidad econ\u00f3mica del tercer sector de discapacidad - Asociaci\u00f3n Espa\u00f1ola S\u00edndrome de Charge","robots":{"index":"index","follow":"follow","max-snippet":"max-snippet:-1","max-image-preview":"max-image-preview:large","max-video-preview":"max-video-preview:-1"},"canonical":"https:\/\/sindromecharge.es\/index.php\/2021\/05\/03\/la-junta-recibe-el-premio-cermi-2019-por-preservar-la-sostenibilidad-economica-del-tercer-sector-de-discapacidad\/","og_locale":"es_ES","og_type":"article","og_title":"La Junta recibe el premio Cermi-2019 por preservar la sostenibilidad econ\u00f3mica del tercer sector de discapacidad - Asociaci\u00f3n Espa\u00f1ola S\u00edndrome de Charge","og_description":"Leemos en 20minutos la siguiente noticia que os reproducimos de forma \u00edntegra: La concesi\u00f3n del premio a la Junta de Extremadura se justifica en \u00absu r\u00e1pida decisi\u00f3n pol\u00edtica de preservar la sostenibilidad econ\u00f3mica del tercer sector de la discapacidad en Extremadura, habilitando recursos adicionales para la compensaci\u00f3n y el sobreesfuerzo econ\u00f3mico que ha supuesto el [&hellip;]","og_url":"https:\/\/sindromecharge.es\/index.php\/2021\/05\/03\/la-junta-recibe-el-premio-cermi-2019-por-preservar-la-sostenibilidad-economica-del-tercer-sector-de-discapacidad\/","og_site_name":"Asociaci\u00f3n Espa\u00f1ola S\u00edndrome de Charge","article_publisher":"https:\/\/www.facebook.com\/asociacionsindromecharge","article_published_time":"2021-05-03T12:37:19+00:00","og_image":[{"width":300,"height":98,"url":"https:\/\/sindromecharge.es\/wp-content\/uploads\/2013\/09\/logodecharge300x98.png","type":"image\/png"}],"author":"Charge","twitter_card":"summary_large_image","twitter_creator":"@sindromecharge","twitter_site":"@sindromecharge","twitter_misc":{"Escrito por":"Charge","Tiempo de lectura":"6 minutos"},"schema":{"@context":"https:\/\/schema.org","@graph":[{"@type":"Article","@id":"https:\/\/sindromecharge.es\/index.php\/2021\/05\/03\/la-junta-recibe-el-premio-cermi-2019-por-preservar-la-sostenibilidad-economica-del-tercer-sector-de-discapacidad\/#article","isPartOf":{"@id":"https:\/\/sindromecharge.es\/index.php\/2021\/05\/03\/la-junta-recibe-el-premio-cermi-2019-por-preservar-la-sostenibilidad-economica-del-tercer-sector-de-discapacidad\/"},"author":{"name":"Charge","@id":"https:\/\/sindromecharge.es\/#\/schema\/person\/39a60ebe0a2b4d5a11179701e336b039"},"headline":"La Junta recibe el premio Cermi-2019 por preservar la sostenibilidad econ\u00f3mica del tercer sector de discapacidad","datePublished":"2021-05-03T12:37:19+00:00","mainEntityOfPage":{"@id":"https:\/\/sindromecharge.es\/index.php\/2021\/05\/03\/la-junta-recibe-el-premio-cermi-2019-por-preservar-la-sostenibilidad-economica-del-tercer-sector-de-discapacidad\/"},"wordCount":1173,"commentCount":0,"keywords":["discapacidad"],"articleSection":["noticias"],"inLanguage":"es","potentialAction":[{"@type":"CommentAction","name":"Comment","target":["https:\/\/sindromecharge.es\/index.php\/2021\/05\/03\/la-junta-recibe-el-premio-cermi-2019-por-preservar-la-sostenibilidad-economica-del-tercer-sector-de-discapacidad\/#respond"]}]},{"@type":"WebPage","@id":"https:\/\/sindromecharge.es\/index.php\/2021\/05\/03\/la-junta-recibe-el-premio-cermi-2019-por-preservar-la-sostenibilidad-economica-del-tercer-sector-de-discapacidad\/","url":"https:\/\/sindromecharge.es\/index.php\/2021\/05\/03\/la-junta-recibe-el-premio-cermi-2019-por-preservar-la-sostenibilidad-economica-del-tercer-sector-de-discapacidad\/","name":"La Junta recibe el premio Cermi-2019 por preservar la sostenibilidad econ\u00f3mica del tercer sector de discapacidad - Asociaci\u00f3n Espa\u00f1ola S\u00edndrome de Charge","isPartOf":{"@id":"https:\/\/sindromecharge.es\/#website"},"datePublished":"2021-05-03T12:37:19+00:00","author":{"@id":"https:\/\/sindromecharge.es\/#\/schema\/person\/39a60ebe0a2b4d5a11179701e336b039"},"breadcrumb":{"@id":"https:\/\/sindromecharge.es\/index.php\/2021\/05\/03\/la-junta-recibe-el-premio-cermi-2019-por-preservar-la-sostenibilidad-economica-del-tercer-sector-de-discapacidad\/#breadcrumb"},"inLanguage":"es","potentialAction":[{"@type":"ReadAction","target":["https:\/\/sindromecharge.es\/index.php\/2021\/05\/03\/la-junta-recibe-el-premio-cermi-2019-por-preservar-la-sostenibilidad-economica-del-tercer-sector-de-discapacidad\/"]}]},{"@type":"BreadcrumbList","@id":"https:\/\/sindromecharge.es\/index.php\/2021\/05\/03\/la-junta-recibe-el-premio-cermi-2019-por-preservar-la-sostenibilidad-economica-del-tercer-sector-de-discapacidad\/#breadcrumb","itemListElement":[{"@type":"ListItem","position":1,"name":"Portada","item":"https:\/\/sindromecharge.es\/"},{"@type":"ListItem","position":2,"name":"La Junta recibe el premio Cermi-2019 por preservar la sostenibilidad econ\u00f3mica del tercer sector de discapacidad"}]},{"@type":"WebSite","@id":"https:\/\/sindromecharge.es\/#website","url":"https:\/\/sindromecharge.es\/","name":"Asociaci\u00f3n Espa\u00f1ola S\u00edndrome de Charge","description":"","potentialAction":[{"@type":"SearchAction","target":{"@type":"EntryPoint","urlTemplate":"https:\/\/sindromecharge.es\/?s={search_term_string}"},"query-input":{"@type":"PropertyValueSpecification","valueRequired":true,"valueName":"search_term_string"}}],"inLanguage":"es"},{"@type":"Person","@id":"https:\/\/sindromecharge.es\/#\/schema\/person\/39a60ebe0a2b4d5a11179701e336b039","name":"Charge","image":{"@type":"ImageObject","inLanguage":"es","@id":"https:\/\/secure.gravatar.com\/avatar\/c3b46e32a0fc3b093a0873fb767bf3293de856293065e84ef06b7ec7a8acfb98?s=96&d=identicon&r=x","url":"https:\/\/secure.gravatar.com\/avatar\/c3b46e32a0fc3b093a0873fb767bf3293de856293065e84ef06b7ec7a8acfb98?s=96&d=identicon&r=x","contentUrl":"https:\/\/secure.gravatar.com\/avatar\/c3b46e32a0fc3b093a0873fb767bf3293de856293065e84ef06b7ec7a8acfb98?s=96&d=identicon&r=x","caption":"Charge"},"url":"https:\/\/sindromecharge.es\/index.php\/author\/admin\/"}]}},"_links":{"self":[{"href":"https:\/\/sindromecharge.es\/index.php\/wp-json\/wp\/v2\/posts\/7109","targetHints":{"allow":["GET"]}}],"collection":[{"href":"https:\/\/sindromecharge.es\/index.php\/wp-json\/wp\/v2\/posts"}],"about":[{"href":"https:\/\/sindromecharge.es\/index.php\/wp-json\/wp\/v2\/types\/post"}],"author":[{"embeddable":true,"href":"https:\/\/sindromecharge.es\/index.php\/wp-json\/wp\/v2\/users\/1"}],"replies":[{"embeddable":true,"href":"https:\/\/sindromecharge.es\/index.php\/wp-json\/wp\/v2\/comments?post=7109"}],"version-history":[{"count":0,"href":"https:\/\/sindromecharge.es\/index.php\/wp-json\/wp\/v2\/posts\/7109\/revisions"}],"wp:attachment":[{"href":"https:\/\/sindromecharge.es\/index.php\/wp-json\/wp\/v2\/media?parent=7109"}],"wp:term":[{"taxonomy":"category","embeddable":true,"href":"https:\/\/sindromecharge.es\/index.php\/wp-json\/wp\/v2\/categories?post=7109"},{"taxonomy":"post_tag","embeddable":true,"href":"https:\/\/sindromecharge.es\/index.php\/wp-json\/wp\/v2\/tags?post=7109"}],"curies":[{"name":"wp","href":"https:\/\/api.w.org\/{rel}","templated":true}]}}