{"id":7108,"date":"2021-05-03T11:28:09","date_gmt":"2021-05-03T11:28:09","guid":{"rendered":"https:\/\/sindromecharge.es\/index.php\/2021\/05\/03\/cermi-cyl-pide-avanzar-y-reclama-una-vivienda-accesible-asequible-e-inclusiva-para-personas-con-discapacidad\/"},"modified":"2021-05-03T11:28:09","modified_gmt":"2021-05-03T11:28:09","slug":"cermi-cyl-pide-avanzar-y-reclama-una-vivienda-accesible-asequible-e-inclusiva-para-personas-con-discapacidad","status":"publish","type":"post","link":"https:\/\/sindromecharge.es\/index.php\/2021\/05\/03\/cermi-cyl-pide-avanzar-y-reclama-una-vivienda-accesible-asequible-e-inclusiva-para-personas-con-discapacidad\/","title":{"rendered":"CERMI CyL pide avanzar y reclama una vivienda accesible, asequible e inclusiva para personas con discapacidad"},"content":{"rendered":"<p>Leemos en 20minutos la siguiente noticia que os reproducimos de forma \u00edntegra: <\/p>\n<p>As\u00ed lo ha se\u00f1alado su presidente, Juan P\u00e9rez S\u00e1nchez, en el marco de la conmemoraci\u00f3n de la Convenci\u00f3n Internacional sobre los Derechos de las Personas con Discapacidad, que se celebra cada 3 de mayo, en un acto que se ha desarrollado en las Cortes de Castilla y Le\u00f3n y en el que han participado adem\u00e1s el presidente del Parlamento auton\u00f3mico, Luis Fuentes, y la consejera de Familia e Igualdad de Oportunidades, Isabel Blanco.<\/p>\n<p>P\u00e9rez S\u00e1nchez ha destacado la importancia de esta Convenci\u00f3n, el hecho \u00abm\u00e1s relevante en lo que va de siglo\u00bb para las personas con discapacidad, cuyos derechos a\u00fan son una cuesti\u00f3n no resuelta, y ha reclamado trabajar en la accesibilidad tanto de car\u00e1cter f\u00edsico, en lo que se refiere a la eliminaci\u00f3n de obst\u00e1culos, como desde el punto de vista del acceso a la informaci\u00f3n y la comunicaci\u00f3n.<\/p>\n<p>Sin embargo, una de las principales reivindicaciones que pone de manifiesto CERMI en todo el Estado es el derecho de las personas con discapacidad a una vivienda \u00abaccesible, asequible e inclusiva\u00bb.<\/p>\n<p>A este respecto, P\u00e9rez S\u00e1nchez ha incidido en que 170.000 personas con discapacidad en Espa\u00f1a, lo que supone aproximadamente el 16 por ciento del total, viven institucionalizadas y unas 100.000 personas lo hacen \u00abpresas\u00bb en sus casas por falta de accesibilidad.<\/p>\n<p>Por ello, ha reclamado que se recojan medidas para solucionar este problema tanto en el \u00e1mbito legislativo, con una ley que garantice el acceso a una vivienda o la reforma de la Ley de Propiedad Horizontal para que se obligue a las comunidades a realizar mejoras cuando los soliciten personas con discapacidad o mayores, como en el marco de las pol\u00edticas de vivienda, con la creaci\u00f3n de fondos p\u00fablicos o el est\u00edmulo de la oferta de inmuebles.<\/p>\n<p>En esta l\u00ednea, ha pedido que sea una vivienda asequible, de manera que nadie por razones de discapacidad, que acent\u00faa la falta de recursos, quede excluida de ella, as\u00ed como inclusiva, ante la necesidad de nuevas formas de habilitaci\u00f3n y convivencia para impulsar su vida independiente y de participaci\u00f3n en la comunidad.<\/p>\n<p>Tras su intervenci\u00f3n, en el marco de este acto, tres mujeres con alguna discapacidad han se\u00f1alado la importancia de la derogaci\u00f3n de la esterilizaci\u00f3n forzosa con la reforma del C\u00f3digo Penal, la libre elecci\u00f3n de centro educativo o el apoyo a la toma de decisiones.<\/p>\n<p>COMPROMISO INSTITUCIONAL<\/p>\n<p>Por su parte, la consejera de Familia e Igualdad de Oportunidades ha destacado el trabajo de CERMI y la \u00abfuerza\u00bb que transmite para seguir trabajando y ha asegurado que la Junta est\u00e1 comprometida \u00abal cien por cien\u00bb con sus valores y principios, por lo que ha har\u00e1 \u00ablo posible\u00bb para que las 177.000 personas con discapacidad que viven en la Comunidad, qeu suponen aproximadamente el 7,5 por ciento de la poblaci\u00f3n, puedan tener una vida independiente y en igualdad.<\/p>\n<p>Para ello, ha se\u00f1alado que se apuesta por el empleo como m\u00e1xima expresi\u00f3n de la autonom\u00eda mediante diferentes pol\u00edticas de incentivaci\u00f3n y apoyo, tambi\u00e9n desde el empleo p\u00fablico, se trabaja en la prevenci\u00f3n, con la atenci\u00f3n temprana, as\u00ed como en el refuerzo y la ampliaci\u00f3n de las estructuras y servicios dedicados a estas personas para lograr importantes avances para su protecci\u00f3n y aumentar sus cuotas de bienestar.<\/p>\n<p>Sin embargo, Blanco ha reconocido que \u00abqueda mucho por hacer\u00bb y por ello se est\u00e1 trabajando en propuestas legislativas como el proyecto de ley del Tercer Sector y otros dos textos referentes a la atenci\u00f3n de las personas con discapacidad a lo largo de la vida y la futura ley de atenci\u00f3n residencial.<\/p>\n<p>El acto lo ha clausurado el presidente de las Cortes, quien ha se\u00f1alado que tras la pandemia hay que \u00abredoblar esfuerzos\u00bb y ha afirmado que el papel de las Cortes tiene que seguir siendo \u00abdecisivo\u00bb y reforzar su compromiso con las diferentes organizaciones de personas con discapacidad, que son una \u00abherramienta fundamental\u00bb para trasladar a la sociedad la realidad de estas personas.<\/p>\n<p>En esta l\u00ednea, ha expresado el compromiso del Parlamento auton\u00f3mico de contribuir a mejorar su vida, para lo que ha recordado que se ha constituido la Comisi\u00f3n no legislativa sobre Discapacidad, en la que se abordan cuestiones como la eliminaci\u00f3n de barreras, la lectura f\u00e1cil del Estatuto de Autonom\u00eda, la renovaci\u00f3n de la accesibilidad de la web de las Cortes o la firma de un convenio con Plena Inclusi\u00f3n.<\/p>\n<p>Asimismo, Fuentes ha asegurado que el Parlamento dar\u00e1 un \u00abimpulso\u00bb al objetivo de este a\u00f1o como es la reivindicaci\u00f3n del acceso a una vivienda y ha insistido en que \u00abincitar\u00e1\u00bb a trabajar en esta l\u00ednea para dar una soluci\u00f3n a esta cuesti\u00f3n.<\/p>\n<p>Fuente: 20minutos <a href=\"https:\/\/www.20minutos.es\/noticia\/4683540\/0\/cermi-cyl-pide-avanzar-y-reclama-una-vivienda-accesible-asequible-e-inclusiva-para-personas-con-discapacidad\/\" target=\"_blank\" rel=\"noopener\">CERMI CyL pide avanzar y reclama una vivienda accesible, asequible e inclusiva para personas con discapacidad<\/a><\/p>\n","protected":false},"excerpt":{"rendered":"<p>Leemos en 20minutos la siguiente noticia que os reproducimos de forma \u00edntegra: As\u00ed lo ha se\u00f1alado su presidente, Juan P\u00e9rez S\u00e1nchez, en el marco de la conmemoraci\u00f3n de la Convenci\u00f3n Internacional sobre los Derechos de las Personas con Discapacidad, que se celebra cada 3 de mayo, en un acto que se ha desarrollado en las [&hellip;]<\/p>\n","protected":false},"author":1,"featured_media":0,"comment_status":"open","ping_status":"closed","sticky":false,"template":"","format":"standard","meta":{"footnotes":""},"categories":[8],"tags":[31],"class_list":["post-7108","post","type-post","status-publish","format-standard","hentry","category-noticias","tag-discapacidad"],"yoast_head":"<!-- This site is optimized with the Yoast SEO plugin v27.5 - https:\/\/yoast.com\/product\/yoast-seo-wordpress\/ -->\n<title>CERMI CyL pide avanzar y reclama una vivienda accesible, asequible e inclusiva para personas con discapacidad - Asociaci\u00f3n Espa\u00f1ola S\u00edndrome de Charge<\/title>\n<meta name=\"robots\" content=\"index, follow, max-snippet:-1, max-image-preview:large, max-video-preview:-1\" \/>\n<link rel=\"canonical\" href=\"https:\/\/sindromecharge.es\/index.php\/2021\/05\/03\/cermi-cyl-pide-avanzar-y-reclama-una-vivienda-accesible-asequible-e-inclusiva-para-personas-con-discapacidad\/\" \/>\n<meta property=\"og:locale\" content=\"es_ES\" \/>\n<meta property=\"og:type\" content=\"article\" \/>\n<meta property=\"og:title\" content=\"CERMI CyL pide avanzar y reclama una vivienda accesible, asequible e inclusiva para personas con discapacidad - Asociaci\u00f3n Espa\u00f1ola S\u00edndrome de Charge\" \/>\n<meta property=\"og:description\" content=\"Leemos en 20minutos la siguiente noticia que os reproducimos de forma \u00edntegra: As\u00ed lo ha se\u00f1alado su presidente, Juan P\u00e9rez S\u00e1nchez, en el marco de la conmemoraci\u00f3n de la Convenci\u00f3n Internacional sobre los Derechos de las Personas con Discapacidad, que se celebra cada 3 de mayo, en un acto que se ha desarrollado en las [&hellip;]\" \/>\n<meta property=\"og:url\" content=\"https:\/\/sindromecharge.es\/index.php\/2021\/05\/03\/cermi-cyl-pide-avanzar-y-reclama-una-vivienda-accesible-asequible-e-inclusiva-para-personas-con-discapacidad\/\" \/>\n<meta property=\"og:site_name\" content=\"Asociaci\u00f3n Espa\u00f1ola S\u00edndrome de Charge\" \/>\n<meta property=\"article:publisher\" content=\"https:\/\/www.facebook.com\/asociacionsindromecharge\" \/>\n<meta property=\"article:published_time\" content=\"2021-05-03T11:28:09+00:00\" \/>\n<meta property=\"og:image\" content=\"https:\/\/sindromecharge.es\/wp-content\/uploads\/2013\/09\/logodecharge300x98.png\" \/>\n\t<meta property=\"og:image:width\" content=\"300\" \/>\n\t<meta property=\"og:image:height\" content=\"98\" \/>\n\t<meta property=\"og:image:type\" content=\"image\/png\" \/>\n<meta name=\"author\" content=\"Charge\" \/>\n<meta name=\"twitter:card\" content=\"summary_large_image\" \/>\n<meta name=\"twitter:creator\" content=\"@sindromecharge\" \/>\n<meta name=\"twitter:site\" content=\"@sindromecharge\" \/>\n<meta name=\"twitter:label1\" content=\"Escrito por\" \/>\n\t<meta name=\"twitter:data1\" content=\"Charge\" \/>\n\t<meta name=\"twitter:label2\" content=\"Tiempo de lectura\" \/>\n\t<meta name=\"twitter:data2\" content=\"4 minutos\" \/>\n<script type=\"application\/ld+json\" class=\"yoast-schema-graph\">{\"@context\":\"https:\\\/\\\/schema.org\",\"@graph\":[{\"@type\":\"Article\",\"@id\":\"https:\\\/\\\/sindromecharge.es\\\/index.php\\\/2021\\\/05\\\/03\\\/cermi-cyl-pide-avanzar-y-reclama-una-vivienda-accesible-asequible-e-inclusiva-para-personas-con-discapacidad\\\/#article\",\"isPartOf\":{\"@id\":\"https:\\\/\\\/sindromecharge.es\\\/index.php\\\/2021\\\/05\\\/03\\\/cermi-cyl-pide-avanzar-y-reclama-una-vivienda-accesible-asequible-e-inclusiva-para-personas-con-discapacidad\\\/\"},\"author\":{\"name\":\"Charge\",\"@id\":\"https:\\\/\\\/sindromecharge.es\\\/#\\\/schema\\\/person\\\/39a60ebe0a2b4d5a11179701e336b039\"},\"headline\":\"CERMI CyL pide avanzar y reclama una vivienda accesible, asequible e inclusiva para personas con discapacidad\",\"datePublished\":\"2021-05-03T11:28:09+00:00\",\"mainEntityOfPage\":{\"@id\":\"https:\\\/\\\/sindromecharge.es\\\/index.php\\\/2021\\\/05\\\/03\\\/cermi-cyl-pide-avanzar-y-reclama-una-vivienda-accesible-asequible-e-inclusiva-para-personas-con-discapacidad\\\/\"},\"wordCount\":866,\"commentCount\":0,\"keywords\":[\"discapacidad\"],\"articleSection\":[\"noticias\"],\"inLanguage\":\"es\",\"potentialAction\":[{\"@type\":\"CommentAction\",\"name\":\"Comment\",\"target\":[\"https:\\\/\\\/sindromecharge.es\\\/index.php\\\/2021\\\/05\\\/03\\\/cermi-cyl-pide-avanzar-y-reclama-una-vivienda-accesible-asequible-e-inclusiva-para-personas-con-discapacidad\\\/#respond\"]}]},{\"@type\":\"WebPage\",\"@id\":\"https:\\\/\\\/sindromecharge.es\\\/index.php\\\/2021\\\/05\\\/03\\\/cermi-cyl-pide-avanzar-y-reclama-una-vivienda-accesible-asequible-e-inclusiva-para-personas-con-discapacidad\\\/\",\"url\":\"https:\\\/\\\/sindromecharge.es\\\/index.php\\\/2021\\\/05\\\/03\\\/cermi-cyl-pide-avanzar-y-reclama-una-vivienda-accesible-asequible-e-inclusiva-para-personas-con-discapacidad\\\/\",\"name\":\"CERMI CyL pide avanzar y reclama una vivienda accesible, asequible e inclusiva para personas con discapacidad - Asociaci\u00f3n Espa\u00f1ola S\u00edndrome de Charge\",\"isPartOf\":{\"@id\":\"https:\\\/\\\/sindromecharge.es\\\/#website\"},\"datePublished\":\"2021-05-03T11:28:09+00:00\",\"author\":{\"@id\":\"https:\\\/\\\/sindromecharge.es\\\/#\\\/schema\\\/person\\\/39a60ebe0a2b4d5a11179701e336b039\"},\"breadcrumb\":{\"@id\":\"https:\\\/\\\/sindromecharge.es\\\/index.php\\\/2021\\\/05\\\/03\\\/cermi-cyl-pide-avanzar-y-reclama-una-vivienda-accesible-asequible-e-inclusiva-para-personas-con-discapacidad\\\/#breadcrumb\"},\"inLanguage\":\"es\",\"potentialAction\":[{\"@type\":\"ReadAction\",\"target\":[\"https:\\\/\\\/sindromecharge.es\\\/index.php\\\/2021\\\/05\\\/03\\\/cermi-cyl-pide-avanzar-y-reclama-una-vivienda-accesible-asequible-e-inclusiva-para-personas-con-discapacidad\\\/\"]}]},{\"@type\":\"BreadcrumbList\",\"@id\":\"https:\\\/\\\/sindromecharge.es\\\/index.php\\\/2021\\\/05\\\/03\\\/cermi-cyl-pide-avanzar-y-reclama-una-vivienda-accesible-asequible-e-inclusiva-para-personas-con-discapacidad\\\/#breadcrumb\",\"itemListElement\":[{\"@type\":\"ListItem\",\"position\":1,\"name\":\"Portada\",\"item\":\"https:\\\/\\\/sindromecharge.es\\\/\"},{\"@type\":\"ListItem\",\"position\":2,\"name\":\"CERMI CyL pide avanzar y reclama una vivienda accesible, asequible e inclusiva para personas con discapacidad\"}]},{\"@type\":\"WebSite\",\"@id\":\"https:\\\/\\\/sindromecharge.es\\\/#website\",\"url\":\"https:\\\/\\\/sindromecharge.es\\\/\",\"name\":\"Asociaci\u00f3n Espa\u00f1ola S\u00edndrome de Charge\",\"description\":\"\",\"potentialAction\":[{\"@type\":\"SearchAction\",\"target\":{\"@type\":\"EntryPoint\",\"urlTemplate\":\"https:\\\/\\\/sindromecharge.es\\\/?s={search_term_string}\"},\"query-input\":{\"@type\":\"PropertyValueSpecification\",\"valueRequired\":true,\"valueName\":\"search_term_string\"}}],\"inLanguage\":\"es\"},{\"@type\":\"Person\",\"@id\":\"https:\\\/\\\/sindromecharge.es\\\/#\\\/schema\\\/person\\\/39a60ebe0a2b4d5a11179701e336b039\",\"name\":\"Charge\",\"image\":{\"@type\":\"ImageObject\",\"inLanguage\":\"es\",\"@id\":\"https:\\\/\\\/secure.gravatar.com\\\/avatar\\\/c3b46e32a0fc3b093a0873fb767bf3293de856293065e84ef06b7ec7a8acfb98?s=96&d=identicon&r=x\",\"url\":\"https:\\\/\\\/secure.gravatar.com\\\/avatar\\\/c3b46e32a0fc3b093a0873fb767bf3293de856293065e84ef06b7ec7a8acfb98?s=96&d=identicon&r=x\",\"contentUrl\":\"https:\\\/\\\/secure.gravatar.com\\\/avatar\\\/c3b46e32a0fc3b093a0873fb767bf3293de856293065e84ef06b7ec7a8acfb98?s=96&d=identicon&r=x\",\"caption\":\"Charge\"},\"url\":\"https:\\\/\\\/sindromecharge.es\\\/index.php\\\/author\\\/admin\\\/\"}]}<\/script>\n<!-- \/ Yoast SEO plugin. -->","yoast_head_json":{"title":"CERMI CyL pide avanzar y reclama una vivienda accesible, asequible e inclusiva para personas con discapacidad - Asociaci\u00f3n Espa\u00f1ola S\u00edndrome de Charge","robots":{"index":"index","follow":"follow","max-snippet":"max-snippet:-1","max-image-preview":"max-image-preview:large","max-video-preview":"max-video-preview:-1"},"canonical":"https:\/\/sindromecharge.es\/index.php\/2021\/05\/03\/cermi-cyl-pide-avanzar-y-reclama-una-vivienda-accesible-asequible-e-inclusiva-para-personas-con-discapacidad\/","og_locale":"es_ES","og_type":"article","og_title":"CERMI CyL pide avanzar y reclama una vivienda accesible, asequible e inclusiva para personas con discapacidad - Asociaci\u00f3n Espa\u00f1ola S\u00edndrome de Charge","og_description":"Leemos en 20minutos la siguiente noticia que os reproducimos de forma \u00edntegra: As\u00ed lo ha se\u00f1alado su presidente, Juan P\u00e9rez S\u00e1nchez, en el marco de la conmemoraci\u00f3n de la Convenci\u00f3n Internacional sobre los Derechos de las Personas con Discapacidad, que se celebra cada 3 de mayo, en un acto que se ha desarrollado en las [&hellip;]","og_url":"https:\/\/sindromecharge.es\/index.php\/2021\/05\/03\/cermi-cyl-pide-avanzar-y-reclama-una-vivienda-accesible-asequible-e-inclusiva-para-personas-con-discapacidad\/","og_site_name":"Asociaci\u00f3n Espa\u00f1ola S\u00edndrome de Charge","article_publisher":"https:\/\/www.facebook.com\/asociacionsindromecharge","article_published_time":"2021-05-03T11:28:09+00:00","og_image":[{"width":300,"height":98,"url":"https:\/\/sindromecharge.es\/wp-content\/uploads\/2013\/09\/logodecharge300x98.png","type":"image\/png"}],"author":"Charge","twitter_card":"summary_large_image","twitter_creator":"@sindromecharge","twitter_site":"@sindromecharge","twitter_misc":{"Escrito por":"Charge","Tiempo de lectura":"4 minutos"},"schema":{"@context":"https:\/\/schema.org","@graph":[{"@type":"Article","@id":"https:\/\/sindromecharge.es\/index.php\/2021\/05\/03\/cermi-cyl-pide-avanzar-y-reclama-una-vivienda-accesible-asequible-e-inclusiva-para-personas-con-discapacidad\/#article","isPartOf":{"@id":"https:\/\/sindromecharge.es\/index.php\/2021\/05\/03\/cermi-cyl-pide-avanzar-y-reclama-una-vivienda-accesible-asequible-e-inclusiva-para-personas-con-discapacidad\/"},"author":{"name":"Charge","@id":"https:\/\/sindromecharge.es\/#\/schema\/person\/39a60ebe0a2b4d5a11179701e336b039"},"headline":"CERMI CyL pide avanzar y reclama una vivienda accesible, asequible e inclusiva para personas con discapacidad","datePublished":"2021-05-03T11:28:09+00:00","mainEntityOfPage":{"@id":"https:\/\/sindromecharge.es\/index.php\/2021\/05\/03\/cermi-cyl-pide-avanzar-y-reclama-una-vivienda-accesible-asequible-e-inclusiva-para-personas-con-discapacidad\/"},"wordCount":866,"commentCount":0,"keywords":["discapacidad"],"articleSection":["noticias"],"inLanguage":"es","potentialAction":[{"@type":"CommentAction","name":"Comment","target":["https:\/\/sindromecharge.es\/index.php\/2021\/05\/03\/cermi-cyl-pide-avanzar-y-reclama-una-vivienda-accesible-asequible-e-inclusiva-para-personas-con-discapacidad\/#respond"]}]},{"@type":"WebPage","@id":"https:\/\/sindromecharge.es\/index.php\/2021\/05\/03\/cermi-cyl-pide-avanzar-y-reclama-una-vivienda-accesible-asequible-e-inclusiva-para-personas-con-discapacidad\/","url":"https:\/\/sindromecharge.es\/index.php\/2021\/05\/03\/cermi-cyl-pide-avanzar-y-reclama-una-vivienda-accesible-asequible-e-inclusiva-para-personas-con-discapacidad\/","name":"CERMI CyL pide avanzar y reclama una vivienda accesible, asequible e inclusiva para personas con discapacidad - Asociaci\u00f3n Espa\u00f1ola S\u00edndrome de Charge","isPartOf":{"@id":"https:\/\/sindromecharge.es\/#website"},"datePublished":"2021-05-03T11:28:09+00:00","author":{"@id":"https:\/\/sindromecharge.es\/#\/schema\/person\/39a60ebe0a2b4d5a11179701e336b039"},"breadcrumb":{"@id":"https:\/\/sindromecharge.es\/index.php\/2021\/05\/03\/cermi-cyl-pide-avanzar-y-reclama-una-vivienda-accesible-asequible-e-inclusiva-para-personas-con-discapacidad\/#breadcrumb"},"inLanguage":"es","potentialAction":[{"@type":"ReadAction","target":["https:\/\/sindromecharge.es\/index.php\/2021\/05\/03\/cermi-cyl-pide-avanzar-y-reclama-una-vivienda-accesible-asequible-e-inclusiva-para-personas-con-discapacidad\/"]}]},{"@type":"BreadcrumbList","@id":"https:\/\/sindromecharge.es\/index.php\/2021\/05\/03\/cermi-cyl-pide-avanzar-y-reclama-una-vivienda-accesible-asequible-e-inclusiva-para-personas-con-discapacidad\/#breadcrumb","itemListElement":[{"@type":"ListItem","position":1,"name":"Portada","item":"https:\/\/sindromecharge.es\/"},{"@type":"ListItem","position":2,"name":"CERMI CyL pide avanzar y reclama una vivienda accesible, asequible e inclusiva para personas con discapacidad"}]},{"@type":"WebSite","@id":"https:\/\/sindromecharge.es\/#website","url":"https:\/\/sindromecharge.es\/","name":"Asociaci\u00f3n Espa\u00f1ola S\u00edndrome de Charge","description":"","potentialAction":[{"@type":"SearchAction","target":{"@type":"EntryPoint","urlTemplate":"https:\/\/sindromecharge.es\/?s={search_term_string}"},"query-input":{"@type":"PropertyValueSpecification","valueRequired":true,"valueName":"search_term_string"}}],"inLanguage":"es"},{"@type":"Person","@id":"https:\/\/sindromecharge.es\/#\/schema\/person\/39a60ebe0a2b4d5a11179701e336b039","name":"Charge","image":{"@type":"ImageObject","inLanguage":"es","@id":"https:\/\/secure.gravatar.com\/avatar\/c3b46e32a0fc3b093a0873fb767bf3293de856293065e84ef06b7ec7a8acfb98?s=96&d=identicon&r=x","url":"https:\/\/secure.gravatar.com\/avatar\/c3b46e32a0fc3b093a0873fb767bf3293de856293065e84ef06b7ec7a8acfb98?s=96&d=identicon&r=x","contentUrl":"https:\/\/secure.gravatar.com\/avatar\/c3b46e32a0fc3b093a0873fb767bf3293de856293065e84ef06b7ec7a8acfb98?s=96&d=identicon&r=x","caption":"Charge"},"url":"https:\/\/sindromecharge.es\/index.php\/author\/admin\/"}]}},"_links":{"self":[{"href":"https:\/\/sindromecharge.es\/index.php\/wp-json\/wp\/v2\/posts\/7108","targetHints":{"allow":["GET"]}}],"collection":[{"href":"https:\/\/sindromecharge.es\/index.php\/wp-json\/wp\/v2\/posts"}],"about":[{"href":"https:\/\/sindromecharge.es\/index.php\/wp-json\/wp\/v2\/types\/post"}],"author":[{"embeddable":true,"href":"https:\/\/sindromecharge.es\/index.php\/wp-json\/wp\/v2\/users\/1"}],"replies":[{"embeddable":true,"href":"https:\/\/sindromecharge.es\/index.php\/wp-json\/wp\/v2\/comments?post=7108"}],"version-history":[{"count":0,"href":"https:\/\/sindromecharge.es\/index.php\/wp-json\/wp\/v2\/posts\/7108\/revisions"}],"wp:attachment":[{"href":"https:\/\/sindromecharge.es\/index.php\/wp-json\/wp\/v2\/media?parent=7108"}],"wp:term":[{"taxonomy":"category","embeddable":true,"href":"https:\/\/sindromecharge.es\/index.php\/wp-json\/wp\/v2\/categories?post=7108"},{"taxonomy":"post_tag","embeddable":true,"href":"https:\/\/sindromecharge.es\/index.php\/wp-json\/wp\/v2\/tags?post=7108"}],"curies":[{"name":"wp","href":"https:\/\/api.w.org\/{rel}","templated":true}]}}