{"id":7106,"date":"2021-05-03T09:20:07","date_gmt":"2021-05-03T09:20:07","guid":{"rendered":"https:\/\/sindromecharge.es\/index.php\/2021\/05\/03\/cermi-la-rioja-exige-el-derecho-de-las-personas-con-discapacidad-a-una-vivienda-accesible-asequible-e-inclusiva\/"},"modified":"2021-05-03T09:20:07","modified_gmt":"2021-05-03T09:20:07","slug":"cermi-la-rioja-exige-el-derecho-de-las-personas-con-discapacidad-a-una-vivienda-accesible-asequible-e-inclusiva","status":"publish","type":"post","link":"https:\/\/sindromecharge.es\/index.php\/2021\/05\/03\/cermi-la-rioja-exige-el-derecho-de-las-personas-con-discapacidad-a-una-vivienda-accesible-asequible-e-inclusiva\/","title":{"rendered":"CERMI-La Rioja exige el derecho de las personas con discapacidad a una vivienda accesible, asequible e inclusiva"},"content":{"rendered":"<p>Leemos en 20minutos la siguiente noticia que os reproducimos de forma \u00edntegra: <\/p>\n<p>Esta es la principal reivindicaci\u00f3n que la plataforma de la discapacidad resalta en su manifiesto con motivo de la celebraci\u00f3n del D\u00eda Nacional de la Convenci\u00f3n Internacional sobre los Derechos de las Personas con Discapacidad, que se ha celebrado hoy, 3 de mayo, con la lectura del Manifiesto en la Sala de Juntas del Edificio de Rectorado de la Universidad de La Rioja (UR).<\/p>\n<p>El Manifiesto de este a\u00f1o 2021 ha sido le\u00eddo por el estudiante \u00c1lex Dom\u00ednguez, que est\u00e1 cursando estudios de Derecho en la propia Universidad y por Esther Fern\u00e1ndez, en braille. El acto ha sido presidido por la vicerrectora de Estudiantes y Extensi\u00f3n Universitaria, M.\u00aa Mart\u00ednez Calvo, acompa\u00f1ado de Iv\u00e1n Santolalla Arnedo, delegado del Rector para la Unidad de Igualdad e Inclusi\u00f3n quienes han definido a esta Universidad \u00abcomo lugar de referencia, para el desarrollo de pol\u00edticas de igualdad e inclusi\u00f3n\u00bb, y Javier Mu\u00f1oz, secretario de CERMI-La Rioja.<\/p>\n<p>En esta jornada, que fue establecida oficialmente por el Consejo de Ministros en 2019 a propuesta del propio CERMI, se ha reclamado que la discapacidad ha de ser tenida \u00abmuy en cuenta\u00bb en la ordenaci\u00f3n y aseguramiento del derecho a la vivienda, que debe abordarse como parte de la legislaci\u00f3n y las pol\u00edticas p\u00fablicas generales de vivienda. Y es que, tal y como se recalca en el manifiesto \u00abtoda persona tiene derecho a vivir en su domicilio con el soporte que precisa y perteneciendo y participando de su comunidad\u00bb.<\/p>\n<p>De esta manera, el movimiento CERMI-La Rioja considera necesario llevar a cabo dos medidas \u00abde calado\u00bb. Por un lado, la aprobaci\u00f3n de una Ley General de Garant\u00eda del Derecho Social a la Vivienda, as\u00ed como el aumento del parque p\u00fablico de vivienda, dedicando al menos el 2 % del Producto Interior Bruto (PIB) para asegurar esta finalidad.<\/p>\n<p>ACCESIBILIDAD UNIVERSAL<\/p>\n<p>Adem\u00e1s, el Manifiesto hace especial hincapi\u00e9 en la accesibilidad universal, que \u00abdebe ser la norma que gu\u00ede los principios y actuaciones de las pol\u00edticas p\u00fablicas y normativas vinculadas a la vivienda, ya que, de lo contrario, se excluir\u00e1 a las personas con discapacidad\u00bb. En este sentido, exige que se adapte el parque construido para garantizar que \u00abninguna persona quede aislada en su vivienda, recluida por ausencia de condiciones de accesibilidad y dise\u00f1o universales\u00bb.<\/p>\n<p>En relaci\u00f3n a esto, CERMI-La Rioja pide que se resuelvan \u00abcon urgencia\u00bb algunas demandas, entre las que se encuentra la reforma de la Ley de Propiedad Horizontal para que las obras y actuaciones de accesibilidad sean obligatorias para la comunidad de propietarios cuando vengan solicitadas por vecinos con discapacidad o mayores de 70 a\u00f1os, con independencia de su coste.<\/p>\n<p>Tambi\u00e9n exigen que se impulsen reformas para que el Registro de la Propiedad recoja datos sobre las condiciones de accesibilidad de los inmuebles, edificios y viviendas, con el objetivo de que los potenciales adquirentes y usuarios con discapacidad o en cuya unidad familiar haya una persona con discapacidad, puedan conocer de antemano esta informaci\u00f3n tan relevante y facilitar su decisi\u00f3n de compra o arrendamiento.<\/p>\n<p>De la misma manera, abogan por la creaci\u00f3n de un Fondo Estatal de Promoci\u00f3n de la Accesibilidad Universal y por desplegar pol\u00edticas oficiales y adoptar medidas que proporcionen y mantengan una oferta p\u00fablica de viviendas accesibles a disposici\u00f3n de las personas con discapacidad.<\/p>\n<p>VIVIENDA ASEQUIBLE E INCLUSIVA<\/p>\n<p>Desde el movimiento CERMI-La Rioja aseguran que las personas con discapacidad, en general, presentan una elevada dependencia de instancias ajenas a la propia persona, al entorno familiar o a prestaciones o recursos p\u00fablicos o de la sociedad civil. Por ello, defienden que sean considerados como un grupo preferente en las pol\u00edticas p\u00fablicas de vivienda, para proporcionarles soluciones habitacionales dignas, adecuadas y libremente elegidas.<\/p>\n<p>Igualmente, exigen que se haga efectivo el derecho de las personas con discapacidad a elegir d\u00f3nde, c\u00f3mo y con qui\u00e9n vivir, garantizando los apoyos que lo hagan posible. En este sentido, abogan porque las pol\u00edticas sociales y las de vivienda se a\u00fanen para que se produzca, mediante estrategias p\u00fablicas vigorosas, un tr\u00e1nsito a formas de vida inclusiva e independiente, que permita la vida en la comunidad de pertenencia y la participaci\u00f3n social de las personas con discapacidad, como, por ejemplo, la vivienda colaborativa.<\/p>\n<p>Por todo ello, CERMI-La Rioja considera que la discapacidad organizada y el Tercer Sector de Acci\u00f3n Social han de ser considerados como \u00abagentes c\u00edvicos de referencia en la cocreaci\u00f3n y cogobernanza de las pol\u00edticas p\u00fablicas oficiales de vivienda, en todos sus niveles\u00bb.<\/p>\n<p>Fuente: 20minutos <a href=\"https:\/\/www.20minutos.es\/noticia\/4683318\/0\/cermi-la-rioja-exige-el-derecho-de-las-personas-con-discapacidad-a-una-vivienda-accesible-asequible-e-inclusiva\/\" target=\"_blank\" rel=\"noopener\">CERMI-La Rioja exige el derecho de las personas con discapacidad a una vivienda accesible, asequible e inclusiva<\/a><\/p>\n","protected":false},"excerpt":{"rendered":"<p>Leemos en 20minutos la siguiente noticia que os reproducimos de forma \u00edntegra: Esta es la principal reivindicaci\u00f3n que la plataforma de la discapacidad resalta en su manifiesto con motivo de la celebraci\u00f3n del D\u00eda Nacional de la Convenci\u00f3n Internacional sobre los Derechos de las Personas con Discapacidad, que se ha celebrado hoy, 3 de mayo, [&hellip;]<\/p>\n","protected":false},"author":1,"featured_media":0,"comment_status":"open","ping_status":"closed","sticky":false,"template":"","format":"standard","meta":{"footnotes":""},"categories":[8],"tags":[31],"class_list":["post-7106","post","type-post","status-publish","format-standard","hentry","category-noticias","tag-discapacidad"],"yoast_head":"<!-- This site is optimized with the Yoast SEO plugin v27.5 - https:\/\/yoast.com\/product\/yoast-seo-wordpress\/ -->\n<title>CERMI-La Rioja exige el derecho de las personas con discapacidad a una vivienda accesible, asequible e inclusiva - Asociaci\u00f3n Espa\u00f1ola S\u00edndrome de Charge<\/title>\n<meta name=\"robots\" content=\"index, follow, max-snippet:-1, max-image-preview:large, max-video-preview:-1\" \/>\n<link rel=\"canonical\" href=\"https:\/\/sindromecharge.es\/index.php\/2021\/05\/03\/cermi-la-rioja-exige-el-derecho-de-las-personas-con-discapacidad-a-una-vivienda-accesible-asequible-e-inclusiva\/\" \/>\n<meta property=\"og:locale\" content=\"es_ES\" \/>\n<meta property=\"og:type\" content=\"article\" \/>\n<meta property=\"og:title\" content=\"CERMI-La Rioja exige el derecho de las personas con discapacidad a una vivienda accesible, asequible e inclusiva - Asociaci\u00f3n Espa\u00f1ola S\u00edndrome de Charge\" \/>\n<meta property=\"og:description\" content=\"Leemos en 20minutos la siguiente noticia que os reproducimos de forma \u00edntegra: Esta es la principal reivindicaci\u00f3n que la plataforma de la discapacidad resalta en su manifiesto con motivo de la celebraci\u00f3n del D\u00eda Nacional de la Convenci\u00f3n Internacional sobre los Derechos de las Personas con Discapacidad, que se ha celebrado hoy, 3 de mayo, [&hellip;]\" \/>\n<meta property=\"og:url\" content=\"https:\/\/sindromecharge.es\/index.php\/2021\/05\/03\/cermi-la-rioja-exige-el-derecho-de-las-personas-con-discapacidad-a-una-vivienda-accesible-asequible-e-inclusiva\/\" \/>\n<meta property=\"og:site_name\" content=\"Asociaci\u00f3n Espa\u00f1ola S\u00edndrome de Charge\" \/>\n<meta property=\"article:publisher\" content=\"https:\/\/www.facebook.com\/asociacionsindromecharge\" \/>\n<meta property=\"article:published_time\" content=\"2021-05-03T09:20:07+00:00\" \/>\n<meta property=\"og:image\" content=\"https:\/\/sindromecharge.es\/wp-content\/uploads\/2013\/09\/logodecharge300x98.png\" \/>\n\t<meta property=\"og:image:width\" content=\"300\" \/>\n\t<meta property=\"og:image:height\" content=\"98\" \/>\n\t<meta property=\"og:image:type\" content=\"image\/png\" \/>\n<meta name=\"author\" content=\"Charge\" \/>\n<meta name=\"twitter:card\" content=\"summary_large_image\" \/>\n<meta name=\"twitter:creator\" content=\"@sindromecharge\" \/>\n<meta name=\"twitter:site\" content=\"@sindromecharge\" \/>\n<meta name=\"twitter:label1\" content=\"Escrito por\" \/>\n\t<meta name=\"twitter:data1\" content=\"Charge\" \/>\n\t<meta name=\"twitter:label2\" content=\"Tiempo de lectura\" \/>\n\t<meta name=\"twitter:data2\" content=\"4 minutos\" \/>\n<script type=\"application\/ld+json\" class=\"yoast-schema-graph\">{\"@context\":\"https:\\\/\\\/schema.org\",\"@graph\":[{\"@type\":\"Article\",\"@id\":\"https:\\\/\\\/sindromecharge.es\\\/index.php\\\/2021\\\/05\\\/03\\\/cermi-la-rioja-exige-el-derecho-de-las-personas-con-discapacidad-a-una-vivienda-accesible-asequible-e-inclusiva\\\/#article\",\"isPartOf\":{\"@id\":\"https:\\\/\\\/sindromecharge.es\\\/index.php\\\/2021\\\/05\\\/03\\\/cermi-la-rioja-exige-el-derecho-de-las-personas-con-discapacidad-a-una-vivienda-accesible-asequible-e-inclusiva\\\/\"},\"author\":{\"name\":\"Charge\",\"@id\":\"https:\\\/\\\/sindromecharge.es\\\/#\\\/schema\\\/person\\\/39a60ebe0a2b4d5a11179701e336b039\"},\"headline\":\"CERMI-La Rioja exige el derecho de las personas con discapacidad a una vivienda accesible, asequible e inclusiva\",\"datePublished\":\"2021-05-03T09:20:07+00:00\",\"mainEntityOfPage\":{\"@id\":\"https:\\\/\\\/sindromecharge.es\\\/index.php\\\/2021\\\/05\\\/03\\\/cermi-la-rioja-exige-el-derecho-de-las-personas-con-discapacidad-a-una-vivienda-accesible-asequible-e-inclusiva\\\/\"},\"wordCount\":826,\"commentCount\":0,\"keywords\":[\"discapacidad\"],\"articleSection\":[\"noticias\"],\"inLanguage\":\"es\",\"potentialAction\":[{\"@type\":\"CommentAction\",\"name\":\"Comment\",\"target\":[\"https:\\\/\\\/sindromecharge.es\\\/index.php\\\/2021\\\/05\\\/03\\\/cermi-la-rioja-exige-el-derecho-de-las-personas-con-discapacidad-a-una-vivienda-accesible-asequible-e-inclusiva\\\/#respond\"]}]},{\"@type\":\"WebPage\",\"@id\":\"https:\\\/\\\/sindromecharge.es\\\/index.php\\\/2021\\\/05\\\/03\\\/cermi-la-rioja-exige-el-derecho-de-las-personas-con-discapacidad-a-una-vivienda-accesible-asequible-e-inclusiva\\\/\",\"url\":\"https:\\\/\\\/sindromecharge.es\\\/index.php\\\/2021\\\/05\\\/03\\\/cermi-la-rioja-exige-el-derecho-de-las-personas-con-discapacidad-a-una-vivienda-accesible-asequible-e-inclusiva\\\/\",\"name\":\"CERMI-La Rioja exige el derecho de las personas con discapacidad a una vivienda accesible, asequible e inclusiva - Asociaci\u00f3n Espa\u00f1ola S\u00edndrome de Charge\",\"isPartOf\":{\"@id\":\"https:\\\/\\\/sindromecharge.es\\\/#website\"},\"datePublished\":\"2021-05-03T09:20:07+00:00\",\"author\":{\"@id\":\"https:\\\/\\\/sindromecharge.es\\\/#\\\/schema\\\/person\\\/39a60ebe0a2b4d5a11179701e336b039\"},\"breadcrumb\":{\"@id\":\"https:\\\/\\\/sindromecharge.es\\\/index.php\\\/2021\\\/05\\\/03\\\/cermi-la-rioja-exige-el-derecho-de-las-personas-con-discapacidad-a-una-vivienda-accesible-asequible-e-inclusiva\\\/#breadcrumb\"},\"inLanguage\":\"es\",\"potentialAction\":[{\"@type\":\"ReadAction\",\"target\":[\"https:\\\/\\\/sindromecharge.es\\\/index.php\\\/2021\\\/05\\\/03\\\/cermi-la-rioja-exige-el-derecho-de-las-personas-con-discapacidad-a-una-vivienda-accesible-asequible-e-inclusiva\\\/\"]}]},{\"@type\":\"BreadcrumbList\",\"@id\":\"https:\\\/\\\/sindromecharge.es\\\/index.php\\\/2021\\\/05\\\/03\\\/cermi-la-rioja-exige-el-derecho-de-las-personas-con-discapacidad-a-una-vivienda-accesible-asequible-e-inclusiva\\\/#breadcrumb\",\"itemListElement\":[{\"@type\":\"ListItem\",\"position\":1,\"name\":\"Portada\",\"item\":\"https:\\\/\\\/sindromecharge.es\\\/\"},{\"@type\":\"ListItem\",\"position\":2,\"name\":\"CERMI-La Rioja exige el derecho de las personas con discapacidad a una vivienda accesible, asequible e inclusiva\"}]},{\"@type\":\"WebSite\",\"@id\":\"https:\\\/\\\/sindromecharge.es\\\/#website\",\"url\":\"https:\\\/\\\/sindromecharge.es\\\/\",\"name\":\"Asociaci\u00f3n Espa\u00f1ola S\u00edndrome de Charge\",\"description\":\"\",\"potentialAction\":[{\"@type\":\"SearchAction\",\"target\":{\"@type\":\"EntryPoint\",\"urlTemplate\":\"https:\\\/\\\/sindromecharge.es\\\/?s={search_term_string}\"},\"query-input\":{\"@type\":\"PropertyValueSpecification\",\"valueRequired\":true,\"valueName\":\"search_term_string\"}}],\"inLanguage\":\"es\"},{\"@type\":\"Person\",\"@id\":\"https:\\\/\\\/sindromecharge.es\\\/#\\\/schema\\\/person\\\/39a60ebe0a2b4d5a11179701e336b039\",\"name\":\"Charge\",\"image\":{\"@type\":\"ImageObject\",\"inLanguage\":\"es\",\"@id\":\"https:\\\/\\\/secure.gravatar.com\\\/avatar\\\/c3b46e32a0fc3b093a0873fb767bf3293de856293065e84ef06b7ec7a8acfb98?s=96&d=identicon&r=x\",\"url\":\"https:\\\/\\\/secure.gravatar.com\\\/avatar\\\/c3b46e32a0fc3b093a0873fb767bf3293de856293065e84ef06b7ec7a8acfb98?s=96&d=identicon&r=x\",\"contentUrl\":\"https:\\\/\\\/secure.gravatar.com\\\/avatar\\\/c3b46e32a0fc3b093a0873fb767bf3293de856293065e84ef06b7ec7a8acfb98?s=96&d=identicon&r=x\",\"caption\":\"Charge\"},\"url\":\"https:\\\/\\\/sindromecharge.es\\\/index.php\\\/author\\\/admin\\\/\"}]}<\/script>\n<!-- \/ Yoast SEO plugin. -->","yoast_head_json":{"title":"CERMI-La Rioja exige el derecho de las personas con discapacidad a una vivienda accesible, asequible e inclusiva - Asociaci\u00f3n Espa\u00f1ola S\u00edndrome de Charge","robots":{"index":"index","follow":"follow","max-snippet":"max-snippet:-1","max-image-preview":"max-image-preview:large","max-video-preview":"max-video-preview:-1"},"canonical":"https:\/\/sindromecharge.es\/index.php\/2021\/05\/03\/cermi-la-rioja-exige-el-derecho-de-las-personas-con-discapacidad-a-una-vivienda-accesible-asequible-e-inclusiva\/","og_locale":"es_ES","og_type":"article","og_title":"CERMI-La Rioja exige el derecho de las personas con discapacidad a una vivienda accesible, asequible e inclusiva - Asociaci\u00f3n Espa\u00f1ola S\u00edndrome de Charge","og_description":"Leemos en 20minutos la siguiente noticia que os reproducimos de forma \u00edntegra: Esta es la principal reivindicaci\u00f3n que la plataforma de la discapacidad resalta en su manifiesto con motivo de la celebraci\u00f3n del D\u00eda Nacional de la Convenci\u00f3n Internacional sobre los Derechos de las Personas con Discapacidad, que se ha celebrado hoy, 3 de mayo, [&hellip;]","og_url":"https:\/\/sindromecharge.es\/index.php\/2021\/05\/03\/cermi-la-rioja-exige-el-derecho-de-las-personas-con-discapacidad-a-una-vivienda-accesible-asequible-e-inclusiva\/","og_site_name":"Asociaci\u00f3n Espa\u00f1ola S\u00edndrome de Charge","article_publisher":"https:\/\/www.facebook.com\/asociacionsindromecharge","article_published_time":"2021-05-03T09:20:07+00:00","og_image":[{"width":300,"height":98,"url":"https:\/\/sindromecharge.es\/wp-content\/uploads\/2013\/09\/logodecharge300x98.png","type":"image\/png"}],"author":"Charge","twitter_card":"summary_large_image","twitter_creator":"@sindromecharge","twitter_site":"@sindromecharge","twitter_misc":{"Escrito por":"Charge","Tiempo de lectura":"4 minutos"},"schema":{"@context":"https:\/\/schema.org","@graph":[{"@type":"Article","@id":"https:\/\/sindromecharge.es\/index.php\/2021\/05\/03\/cermi-la-rioja-exige-el-derecho-de-las-personas-con-discapacidad-a-una-vivienda-accesible-asequible-e-inclusiva\/#article","isPartOf":{"@id":"https:\/\/sindromecharge.es\/index.php\/2021\/05\/03\/cermi-la-rioja-exige-el-derecho-de-las-personas-con-discapacidad-a-una-vivienda-accesible-asequible-e-inclusiva\/"},"author":{"name":"Charge","@id":"https:\/\/sindromecharge.es\/#\/schema\/person\/39a60ebe0a2b4d5a11179701e336b039"},"headline":"CERMI-La Rioja exige el derecho de las personas con discapacidad a una vivienda accesible, asequible e inclusiva","datePublished":"2021-05-03T09:20:07+00:00","mainEntityOfPage":{"@id":"https:\/\/sindromecharge.es\/index.php\/2021\/05\/03\/cermi-la-rioja-exige-el-derecho-de-las-personas-con-discapacidad-a-una-vivienda-accesible-asequible-e-inclusiva\/"},"wordCount":826,"commentCount":0,"keywords":["discapacidad"],"articleSection":["noticias"],"inLanguage":"es","potentialAction":[{"@type":"CommentAction","name":"Comment","target":["https:\/\/sindromecharge.es\/index.php\/2021\/05\/03\/cermi-la-rioja-exige-el-derecho-de-las-personas-con-discapacidad-a-una-vivienda-accesible-asequible-e-inclusiva\/#respond"]}]},{"@type":"WebPage","@id":"https:\/\/sindromecharge.es\/index.php\/2021\/05\/03\/cermi-la-rioja-exige-el-derecho-de-las-personas-con-discapacidad-a-una-vivienda-accesible-asequible-e-inclusiva\/","url":"https:\/\/sindromecharge.es\/index.php\/2021\/05\/03\/cermi-la-rioja-exige-el-derecho-de-las-personas-con-discapacidad-a-una-vivienda-accesible-asequible-e-inclusiva\/","name":"CERMI-La Rioja exige el derecho de las personas con discapacidad a una vivienda accesible, asequible e inclusiva - Asociaci\u00f3n Espa\u00f1ola S\u00edndrome de Charge","isPartOf":{"@id":"https:\/\/sindromecharge.es\/#website"},"datePublished":"2021-05-03T09:20:07+00:00","author":{"@id":"https:\/\/sindromecharge.es\/#\/schema\/person\/39a60ebe0a2b4d5a11179701e336b039"},"breadcrumb":{"@id":"https:\/\/sindromecharge.es\/index.php\/2021\/05\/03\/cermi-la-rioja-exige-el-derecho-de-las-personas-con-discapacidad-a-una-vivienda-accesible-asequible-e-inclusiva\/#breadcrumb"},"inLanguage":"es","potentialAction":[{"@type":"ReadAction","target":["https:\/\/sindromecharge.es\/index.php\/2021\/05\/03\/cermi-la-rioja-exige-el-derecho-de-las-personas-con-discapacidad-a-una-vivienda-accesible-asequible-e-inclusiva\/"]}]},{"@type":"BreadcrumbList","@id":"https:\/\/sindromecharge.es\/index.php\/2021\/05\/03\/cermi-la-rioja-exige-el-derecho-de-las-personas-con-discapacidad-a-una-vivienda-accesible-asequible-e-inclusiva\/#breadcrumb","itemListElement":[{"@type":"ListItem","position":1,"name":"Portada","item":"https:\/\/sindromecharge.es\/"},{"@type":"ListItem","position":2,"name":"CERMI-La Rioja exige el derecho de las personas con discapacidad a una vivienda accesible, asequible e inclusiva"}]},{"@type":"WebSite","@id":"https:\/\/sindromecharge.es\/#website","url":"https:\/\/sindromecharge.es\/","name":"Asociaci\u00f3n Espa\u00f1ola S\u00edndrome de Charge","description":"","potentialAction":[{"@type":"SearchAction","target":{"@type":"EntryPoint","urlTemplate":"https:\/\/sindromecharge.es\/?s={search_term_string}"},"query-input":{"@type":"PropertyValueSpecification","valueRequired":true,"valueName":"search_term_string"}}],"inLanguage":"es"},{"@type":"Person","@id":"https:\/\/sindromecharge.es\/#\/schema\/person\/39a60ebe0a2b4d5a11179701e336b039","name":"Charge","image":{"@type":"ImageObject","inLanguage":"es","@id":"https:\/\/secure.gravatar.com\/avatar\/c3b46e32a0fc3b093a0873fb767bf3293de856293065e84ef06b7ec7a8acfb98?s=96&d=identicon&r=x","url":"https:\/\/secure.gravatar.com\/avatar\/c3b46e32a0fc3b093a0873fb767bf3293de856293065e84ef06b7ec7a8acfb98?s=96&d=identicon&r=x","contentUrl":"https:\/\/secure.gravatar.com\/avatar\/c3b46e32a0fc3b093a0873fb767bf3293de856293065e84ef06b7ec7a8acfb98?s=96&d=identicon&r=x","caption":"Charge"},"url":"https:\/\/sindromecharge.es\/index.php\/author\/admin\/"}]}},"_links":{"self":[{"href":"https:\/\/sindromecharge.es\/index.php\/wp-json\/wp\/v2\/posts\/7106","targetHints":{"allow":["GET"]}}],"collection":[{"href":"https:\/\/sindromecharge.es\/index.php\/wp-json\/wp\/v2\/posts"}],"about":[{"href":"https:\/\/sindromecharge.es\/index.php\/wp-json\/wp\/v2\/types\/post"}],"author":[{"embeddable":true,"href":"https:\/\/sindromecharge.es\/index.php\/wp-json\/wp\/v2\/users\/1"}],"replies":[{"embeddable":true,"href":"https:\/\/sindromecharge.es\/index.php\/wp-json\/wp\/v2\/comments?post=7106"}],"version-history":[{"count":0,"href":"https:\/\/sindromecharge.es\/index.php\/wp-json\/wp\/v2\/posts\/7106\/revisions"}],"wp:attachment":[{"href":"https:\/\/sindromecharge.es\/index.php\/wp-json\/wp\/v2\/media?parent=7106"}],"wp:term":[{"taxonomy":"category","embeddable":true,"href":"https:\/\/sindromecharge.es\/index.php\/wp-json\/wp\/v2\/categories?post=7106"},{"taxonomy":"post_tag","embeddable":true,"href":"https:\/\/sindromecharge.es\/index.php\/wp-json\/wp\/v2\/tags?post=7106"}],"curies":[{"name":"wp","href":"https:\/\/api.w.org\/{rel}","templated":true}]}}