{"id":7105,"date":"2021-05-02T15:35:05","date_gmt":"2021-05-02T15:35:05","guid":{"rendered":"https:\/\/sindromecharge.es\/index.php\/2021\/05\/02\/supercuidadores-de-unir-crea-mas-de-20-itinerarios-formativos-para-cuidadores-y-profesionales\/"},"modified":"2021-05-02T15:35:05","modified_gmt":"2021-05-02T15:35:05","slug":"supercuidadores-de-unir-crea-mas-de-20-itinerarios-formativos-para-cuidadores-y-profesionales","status":"publish","type":"post","link":"https:\/\/sindromecharge.es\/index.php\/2021\/05\/02\/supercuidadores-de-unir-crea-mas-de-20-itinerarios-formativos-para-cuidadores-y-profesionales\/","title":{"rendered":"SUPERCUIDADORES de UNIR crea m\u00e1s de 20 itinerarios formativos para cuidadores y profesionales"},"content":{"rendered":"<p>Leemos en 20minutos la siguiente noticia que os reproducimos de forma \u00edntegra: <\/p>\n<p>La oferta formativa de SUPERCUIDADORES est\u00e1 compuesta por m\u00e1s de 350 tem\u00e1ticas enfocadas en el cuidado y la atenci\u00f3n de las personas mayores o dependientes, siendo accesible de manera online, desde cualquier lugar y dispositivo electr\u00f3nico que tenga conexi\u00f3n a internet.<\/p>\n<p>Dicha oferta se compone de videotutoriales, masterclass, cursos, programas, certificados de profesionalidad y formaci\u00f3n en streaming, a trav\u00e9s de la 1\u00aa App de formaci\u00f3n para cuidadores familiares y profesionales, que ofrece SUPERCUIDADORES.<\/p>\n<p>Con el objetivo de lograr una mayor especializaci\u00f3n para atender las diferentes necesidades de los cuidadores y de las personas a cuidar, SUPERCUIDADORES  ha desarrollado m\u00e1s de 20 itinerarios formativos, distribuidos en las siguientes cinco categor\u00edas.<\/p>\n<p>Son, en concreto, los cuidadores y profesionales sociosanitarios (auxiliares de SAD, gerocultores, teleasistencia, trabajadores sociales&#8230;); la edad de la persona a cuidar (desde ni\u00f1os a personas mayores); las patolog\u00edas o enfermedades (alzh\u00e9imer, p\u00e1rkinson, c\u00e1ncer, ELA&#8230;); el objetivo de los cuidados (higiene, movilizaciones, alimentaci\u00f3n, medicaci\u00f3n&#8230;); y las habilidades para cuidar (comunicaci\u00f3n, empat\u00eda, escucha activa, sociales&#8230;)<\/p>\n<p>Por medio de los itinerarios formativos se logra una mayor especializaci\u00f3n, tanto de conocimientos como de habilidades, sobre \u00e1reas de contenido espec\u00edfico del sector de los cuidados.<\/p>\n<p>Dichos itinerarios est\u00e1n compuestos, fundamentalmente, por un conjunto de masterclass y videotutoriales impartidos por los mejores profesionales, muy f\u00e1ciles de asimilar. La realizaci\u00f3n de los programas expertos mejorar\u00e1 tanto la formaci\u00f3n como la empleabilidad de la persona que los realice.<\/p>\n<p>Seg\u00fan Aurelio L\u00f3pez-Barajas, CEO de SUPERCUIDADORES, \u00abel objetivo es ayudar a todos los cuidadores familiares y profesionales a lograr una mayor especializaci\u00f3n que contribuya a la mejora de la atenci\u00f3n y servicio que demandan las personas mayores y dependientes\u00bb.<\/p>\n<p>El sector sociosanitario y de los cuidados es un sector que genera empleo, creciendo en Espa\u00f1a entre el 5% y el 10% de manera recurrente en los \u00faltimos 15 a\u00f1os. La profesionalizaci\u00f3n y cualificaci\u00f3n de los cuidadores es una garant\u00eda de empleo actual y de futuro, consecuencia principal del envejecimiento de la poblaci\u00f3n, la soledad de los mayores y la mayor dependencia existente.<\/p>\n<p>SUPERCUIDADORES, entidad impulsada por la Universidad Internacional de la Rioja (UNIR) tiene entre sus objetivos principales la prestaci\u00f3n de servicios dirigidos a los colectivos de la familia, cuidadores familiares y profesionales, personas que sufran alg\u00fan tipo de enfermedad, personas mayores, o que se encuentren en situaci\u00f3n de Discapacidad y\/o Dependencia.<\/p>\n<p>SUPERCUIDADORES es la empresa de l\u00edder en formaci\u00f3n sociosanitaria online, acreditada por todas las Comunidades Aut\u00f3nomas de Espa\u00f1a, con m\u00e1s de 350 cursos disponibles en su cat\u00e1logo formativo.<\/p>\n<p>Adem\u00e1s, ofrece informaci\u00f3n especializada, un consultorio o servicio de asistencia online, la prestaci\u00f3n de un recomendador de productos, servicios y aplicaciones m\u00f3viles de inter\u00e9s para los colectivos a los que se dirige, as\u00ed como la gesti\u00f3n de una bolsa de empleo para facilitar a las familias, empresas e instituciones cuidadores profesionales debidamente formados.<\/p>\n<p>SUPERCUIDADORES ofrece tambi\u00e9n servicios personalizados a empresas, asociaciones, entidades, administraciones y todo tipo de colectivos. En 2021, SUPERCUIDADORES ha lanzado la 1\u00aa App de formaci\u00f3n para cuidadores familiares y profesionales.<\/p>\n<p>Fuente: 20minutos <a href=\"https:\/\/www.20minutos.es\/noticia\/4682715\/0\/supercuidadores-de-unir-crea-mas-de-20-itinerarios-formativos-para-cuidadores-y-profesionales\/\" target=\"_blank\" rel=\"noopener\">SUPERCUIDADORES de UNIR crea m\u00e1s de 20 itinerarios formativos para cuidadores y profesionales<\/a><\/p>\n","protected":false},"excerpt":{"rendered":"<p>Leemos en 20minutos la siguiente noticia que os reproducimos de forma \u00edntegra: La oferta formativa de SUPERCUIDADORES est\u00e1 compuesta por m\u00e1s de 350 tem\u00e1ticas enfocadas en el cuidado y la atenci\u00f3n de las personas mayores o dependientes, siendo accesible de manera online, desde cualquier lugar y dispositivo electr\u00f3nico que tenga conexi\u00f3n a internet. Dicha oferta [&hellip;]<\/p>\n","protected":false},"author":1,"featured_media":0,"comment_status":"open","ping_status":"closed","sticky":false,"template":"","format":"standard","meta":{"footnotes":""},"categories":[8],"tags":[31],"class_list":["post-7105","post","type-post","status-publish","format-standard","hentry","category-noticias","tag-discapacidad"],"yoast_head":"<!-- This site is optimized with the Yoast SEO plugin v27.5 - https:\/\/yoast.com\/product\/yoast-seo-wordpress\/ -->\n<title>SUPERCUIDADORES de UNIR crea m\u00e1s de 20 itinerarios formativos para cuidadores y profesionales - Asociaci\u00f3n Espa\u00f1ola S\u00edndrome de Charge<\/title>\n<meta name=\"robots\" content=\"index, follow, max-snippet:-1, max-image-preview:large, max-video-preview:-1\" \/>\n<link rel=\"canonical\" href=\"https:\/\/sindromecharge.es\/index.php\/2021\/05\/02\/supercuidadores-de-unir-crea-mas-de-20-itinerarios-formativos-para-cuidadores-y-profesionales\/\" \/>\n<meta property=\"og:locale\" content=\"es_ES\" \/>\n<meta property=\"og:type\" content=\"article\" \/>\n<meta property=\"og:title\" content=\"SUPERCUIDADORES de UNIR crea m\u00e1s de 20 itinerarios formativos para cuidadores y profesionales - Asociaci\u00f3n Espa\u00f1ola S\u00edndrome de Charge\" \/>\n<meta property=\"og:description\" content=\"Leemos en 20minutos la siguiente noticia que os reproducimos de forma \u00edntegra: La oferta formativa de SUPERCUIDADORES est\u00e1 compuesta por m\u00e1s de 350 tem\u00e1ticas enfocadas en el cuidado y la atenci\u00f3n de las personas mayores o dependientes, siendo accesible de manera online, desde cualquier lugar y dispositivo electr\u00f3nico que tenga conexi\u00f3n a internet. Dicha oferta [&hellip;]\" \/>\n<meta property=\"og:url\" content=\"https:\/\/sindromecharge.es\/index.php\/2021\/05\/02\/supercuidadores-de-unir-crea-mas-de-20-itinerarios-formativos-para-cuidadores-y-profesionales\/\" \/>\n<meta property=\"og:site_name\" content=\"Asociaci\u00f3n Espa\u00f1ola S\u00edndrome de Charge\" \/>\n<meta property=\"article:publisher\" content=\"https:\/\/www.facebook.com\/asociacionsindromecharge\" \/>\n<meta property=\"article:published_time\" content=\"2021-05-02T15:35:05+00:00\" \/>\n<meta property=\"og:image\" content=\"https:\/\/sindromecharge.es\/wp-content\/uploads\/2013\/09\/logodecharge300x98.png\" \/>\n\t<meta property=\"og:image:width\" content=\"300\" \/>\n\t<meta property=\"og:image:height\" content=\"98\" \/>\n\t<meta property=\"og:image:type\" content=\"image\/png\" \/>\n<meta name=\"author\" content=\"Charge\" \/>\n<meta name=\"twitter:card\" content=\"summary_large_image\" \/>\n<meta name=\"twitter:creator\" content=\"@sindromecharge\" \/>\n<meta name=\"twitter:site\" content=\"@sindromecharge\" \/>\n<meta name=\"twitter:label1\" content=\"Escrito por\" \/>\n\t<meta name=\"twitter:data1\" content=\"Charge\" \/>\n\t<meta name=\"twitter:label2\" content=\"Tiempo de lectura\" \/>\n\t<meta name=\"twitter:data2\" content=\"3 minutos\" \/>\n<script type=\"application\/ld+json\" class=\"yoast-schema-graph\">{\"@context\":\"https:\\\/\\\/schema.org\",\"@graph\":[{\"@type\":\"Article\",\"@id\":\"https:\\\/\\\/sindromecharge.es\\\/index.php\\\/2021\\\/05\\\/02\\\/supercuidadores-de-unir-crea-mas-de-20-itinerarios-formativos-para-cuidadores-y-profesionales\\\/#article\",\"isPartOf\":{\"@id\":\"https:\\\/\\\/sindromecharge.es\\\/index.php\\\/2021\\\/05\\\/02\\\/supercuidadores-de-unir-crea-mas-de-20-itinerarios-formativos-para-cuidadores-y-profesionales\\\/\"},\"author\":{\"name\":\"Charge\",\"@id\":\"https:\\\/\\\/sindromecharge.es\\\/#\\\/schema\\\/person\\\/39a60ebe0a2b4d5a11179701e336b039\"},\"headline\":\"SUPERCUIDADORES de UNIR crea m\u00e1s de 20 itinerarios formativos para cuidadores y profesionales\",\"datePublished\":\"2021-05-02T15:35:05+00:00\",\"mainEntityOfPage\":{\"@id\":\"https:\\\/\\\/sindromecharge.es\\\/index.php\\\/2021\\\/05\\\/02\\\/supercuidadores-de-unir-crea-mas-de-20-itinerarios-formativos-para-cuidadores-y-profesionales\\\/\"},\"wordCount\":578,\"commentCount\":0,\"keywords\":[\"discapacidad\"],\"articleSection\":[\"noticias\"],\"inLanguage\":\"es\",\"potentialAction\":[{\"@type\":\"CommentAction\",\"name\":\"Comment\",\"target\":[\"https:\\\/\\\/sindromecharge.es\\\/index.php\\\/2021\\\/05\\\/02\\\/supercuidadores-de-unir-crea-mas-de-20-itinerarios-formativos-para-cuidadores-y-profesionales\\\/#respond\"]}]},{\"@type\":\"WebPage\",\"@id\":\"https:\\\/\\\/sindromecharge.es\\\/index.php\\\/2021\\\/05\\\/02\\\/supercuidadores-de-unir-crea-mas-de-20-itinerarios-formativos-para-cuidadores-y-profesionales\\\/\",\"url\":\"https:\\\/\\\/sindromecharge.es\\\/index.php\\\/2021\\\/05\\\/02\\\/supercuidadores-de-unir-crea-mas-de-20-itinerarios-formativos-para-cuidadores-y-profesionales\\\/\",\"name\":\"SUPERCUIDADORES de UNIR crea m\u00e1s de 20 itinerarios formativos para cuidadores y profesionales - Asociaci\u00f3n Espa\u00f1ola S\u00edndrome de Charge\",\"isPartOf\":{\"@id\":\"https:\\\/\\\/sindromecharge.es\\\/#website\"},\"datePublished\":\"2021-05-02T15:35:05+00:00\",\"author\":{\"@id\":\"https:\\\/\\\/sindromecharge.es\\\/#\\\/schema\\\/person\\\/39a60ebe0a2b4d5a11179701e336b039\"},\"breadcrumb\":{\"@id\":\"https:\\\/\\\/sindromecharge.es\\\/index.php\\\/2021\\\/05\\\/02\\\/supercuidadores-de-unir-crea-mas-de-20-itinerarios-formativos-para-cuidadores-y-profesionales\\\/#breadcrumb\"},\"inLanguage\":\"es\",\"potentialAction\":[{\"@type\":\"ReadAction\",\"target\":[\"https:\\\/\\\/sindromecharge.es\\\/index.php\\\/2021\\\/05\\\/02\\\/supercuidadores-de-unir-crea-mas-de-20-itinerarios-formativos-para-cuidadores-y-profesionales\\\/\"]}]},{\"@type\":\"BreadcrumbList\",\"@id\":\"https:\\\/\\\/sindromecharge.es\\\/index.php\\\/2021\\\/05\\\/02\\\/supercuidadores-de-unir-crea-mas-de-20-itinerarios-formativos-para-cuidadores-y-profesionales\\\/#breadcrumb\",\"itemListElement\":[{\"@type\":\"ListItem\",\"position\":1,\"name\":\"Portada\",\"item\":\"https:\\\/\\\/sindromecharge.es\\\/\"},{\"@type\":\"ListItem\",\"position\":2,\"name\":\"SUPERCUIDADORES de UNIR crea m\u00e1s de 20 itinerarios formativos para cuidadores y profesionales\"}]},{\"@type\":\"WebSite\",\"@id\":\"https:\\\/\\\/sindromecharge.es\\\/#website\",\"url\":\"https:\\\/\\\/sindromecharge.es\\\/\",\"name\":\"Asociaci\u00f3n Espa\u00f1ola S\u00edndrome de Charge\",\"description\":\"\",\"potentialAction\":[{\"@type\":\"SearchAction\",\"target\":{\"@type\":\"EntryPoint\",\"urlTemplate\":\"https:\\\/\\\/sindromecharge.es\\\/?s={search_term_string}\"},\"query-input\":{\"@type\":\"PropertyValueSpecification\",\"valueRequired\":true,\"valueName\":\"search_term_string\"}}],\"inLanguage\":\"es\"},{\"@type\":\"Person\",\"@id\":\"https:\\\/\\\/sindromecharge.es\\\/#\\\/schema\\\/person\\\/39a60ebe0a2b4d5a11179701e336b039\",\"name\":\"Charge\",\"image\":{\"@type\":\"ImageObject\",\"inLanguage\":\"es\",\"@id\":\"https:\\\/\\\/secure.gravatar.com\\\/avatar\\\/c3b46e32a0fc3b093a0873fb767bf3293de856293065e84ef06b7ec7a8acfb98?s=96&d=identicon&r=x\",\"url\":\"https:\\\/\\\/secure.gravatar.com\\\/avatar\\\/c3b46e32a0fc3b093a0873fb767bf3293de856293065e84ef06b7ec7a8acfb98?s=96&d=identicon&r=x\",\"contentUrl\":\"https:\\\/\\\/secure.gravatar.com\\\/avatar\\\/c3b46e32a0fc3b093a0873fb767bf3293de856293065e84ef06b7ec7a8acfb98?s=96&d=identicon&r=x\",\"caption\":\"Charge\"},\"url\":\"https:\\\/\\\/sindromecharge.es\\\/index.php\\\/author\\\/admin\\\/\"}]}<\/script>\n<!-- \/ Yoast SEO plugin. -->","yoast_head_json":{"title":"SUPERCUIDADORES de UNIR crea m\u00e1s de 20 itinerarios formativos para cuidadores y profesionales - Asociaci\u00f3n Espa\u00f1ola S\u00edndrome de Charge","robots":{"index":"index","follow":"follow","max-snippet":"max-snippet:-1","max-image-preview":"max-image-preview:large","max-video-preview":"max-video-preview:-1"},"canonical":"https:\/\/sindromecharge.es\/index.php\/2021\/05\/02\/supercuidadores-de-unir-crea-mas-de-20-itinerarios-formativos-para-cuidadores-y-profesionales\/","og_locale":"es_ES","og_type":"article","og_title":"SUPERCUIDADORES de UNIR crea m\u00e1s de 20 itinerarios formativos para cuidadores y profesionales - Asociaci\u00f3n Espa\u00f1ola S\u00edndrome de Charge","og_description":"Leemos en 20minutos la siguiente noticia que os reproducimos de forma \u00edntegra: La oferta formativa de SUPERCUIDADORES est\u00e1 compuesta por m\u00e1s de 350 tem\u00e1ticas enfocadas en el cuidado y la atenci\u00f3n de las personas mayores o dependientes, siendo accesible de manera online, desde cualquier lugar y dispositivo electr\u00f3nico que tenga conexi\u00f3n a internet. Dicha oferta [&hellip;]","og_url":"https:\/\/sindromecharge.es\/index.php\/2021\/05\/02\/supercuidadores-de-unir-crea-mas-de-20-itinerarios-formativos-para-cuidadores-y-profesionales\/","og_site_name":"Asociaci\u00f3n Espa\u00f1ola S\u00edndrome de Charge","article_publisher":"https:\/\/www.facebook.com\/asociacionsindromecharge","article_published_time":"2021-05-02T15:35:05+00:00","og_image":[{"width":300,"height":98,"url":"https:\/\/sindromecharge.es\/wp-content\/uploads\/2013\/09\/logodecharge300x98.png","type":"image\/png"}],"author":"Charge","twitter_card":"summary_large_image","twitter_creator":"@sindromecharge","twitter_site":"@sindromecharge","twitter_misc":{"Escrito por":"Charge","Tiempo de lectura":"3 minutos"},"schema":{"@context":"https:\/\/schema.org","@graph":[{"@type":"Article","@id":"https:\/\/sindromecharge.es\/index.php\/2021\/05\/02\/supercuidadores-de-unir-crea-mas-de-20-itinerarios-formativos-para-cuidadores-y-profesionales\/#article","isPartOf":{"@id":"https:\/\/sindromecharge.es\/index.php\/2021\/05\/02\/supercuidadores-de-unir-crea-mas-de-20-itinerarios-formativos-para-cuidadores-y-profesionales\/"},"author":{"name":"Charge","@id":"https:\/\/sindromecharge.es\/#\/schema\/person\/39a60ebe0a2b4d5a11179701e336b039"},"headline":"SUPERCUIDADORES de UNIR crea m\u00e1s de 20 itinerarios formativos para cuidadores y profesionales","datePublished":"2021-05-02T15:35:05+00:00","mainEntityOfPage":{"@id":"https:\/\/sindromecharge.es\/index.php\/2021\/05\/02\/supercuidadores-de-unir-crea-mas-de-20-itinerarios-formativos-para-cuidadores-y-profesionales\/"},"wordCount":578,"commentCount":0,"keywords":["discapacidad"],"articleSection":["noticias"],"inLanguage":"es","potentialAction":[{"@type":"CommentAction","name":"Comment","target":["https:\/\/sindromecharge.es\/index.php\/2021\/05\/02\/supercuidadores-de-unir-crea-mas-de-20-itinerarios-formativos-para-cuidadores-y-profesionales\/#respond"]}]},{"@type":"WebPage","@id":"https:\/\/sindromecharge.es\/index.php\/2021\/05\/02\/supercuidadores-de-unir-crea-mas-de-20-itinerarios-formativos-para-cuidadores-y-profesionales\/","url":"https:\/\/sindromecharge.es\/index.php\/2021\/05\/02\/supercuidadores-de-unir-crea-mas-de-20-itinerarios-formativos-para-cuidadores-y-profesionales\/","name":"SUPERCUIDADORES de UNIR crea m\u00e1s de 20 itinerarios formativos para cuidadores y profesionales - Asociaci\u00f3n Espa\u00f1ola S\u00edndrome de Charge","isPartOf":{"@id":"https:\/\/sindromecharge.es\/#website"},"datePublished":"2021-05-02T15:35:05+00:00","author":{"@id":"https:\/\/sindromecharge.es\/#\/schema\/person\/39a60ebe0a2b4d5a11179701e336b039"},"breadcrumb":{"@id":"https:\/\/sindromecharge.es\/index.php\/2021\/05\/02\/supercuidadores-de-unir-crea-mas-de-20-itinerarios-formativos-para-cuidadores-y-profesionales\/#breadcrumb"},"inLanguage":"es","potentialAction":[{"@type":"ReadAction","target":["https:\/\/sindromecharge.es\/index.php\/2021\/05\/02\/supercuidadores-de-unir-crea-mas-de-20-itinerarios-formativos-para-cuidadores-y-profesionales\/"]}]},{"@type":"BreadcrumbList","@id":"https:\/\/sindromecharge.es\/index.php\/2021\/05\/02\/supercuidadores-de-unir-crea-mas-de-20-itinerarios-formativos-para-cuidadores-y-profesionales\/#breadcrumb","itemListElement":[{"@type":"ListItem","position":1,"name":"Portada","item":"https:\/\/sindromecharge.es\/"},{"@type":"ListItem","position":2,"name":"SUPERCUIDADORES de UNIR crea m\u00e1s de 20 itinerarios formativos para cuidadores y profesionales"}]},{"@type":"WebSite","@id":"https:\/\/sindromecharge.es\/#website","url":"https:\/\/sindromecharge.es\/","name":"Asociaci\u00f3n Espa\u00f1ola S\u00edndrome de Charge","description":"","potentialAction":[{"@type":"SearchAction","target":{"@type":"EntryPoint","urlTemplate":"https:\/\/sindromecharge.es\/?s={search_term_string}"},"query-input":{"@type":"PropertyValueSpecification","valueRequired":true,"valueName":"search_term_string"}}],"inLanguage":"es"},{"@type":"Person","@id":"https:\/\/sindromecharge.es\/#\/schema\/person\/39a60ebe0a2b4d5a11179701e336b039","name":"Charge","image":{"@type":"ImageObject","inLanguage":"es","@id":"https:\/\/secure.gravatar.com\/avatar\/c3b46e32a0fc3b093a0873fb767bf3293de856293065e84ef06b7ec7a8acfb98?s=96&d=identicon&r=x","url":"https:\/\/secure.gravatar.com\/avatar\/c3b46e32a0fc3b093a0873fb767bf3293de856293065e84ef06b7ec7a8acfb98?s=96&d=identicon&r=x","contentUrl":"https:\/\/secure.gravatar.com\/avatar\/c3b46e32a0fc3b093a0873fb767bf3293de856293065e84ef06b7ec7a8acfb98?s=96&d=identicon&r=x","caption":"Charge"},"url":"https:\/\/sindromecharge.es\/index.php\/author\/admin\/"}]}},"_links":{"self":[{"href":"https:\/\/sindromecharge.es\/index.php\/wp-json\/wp\/v2\/posts\/7105","targetHints":{"allow":["GET"]}}],"collection":[{"href":"https:\/\/sindromecharge.es\/index.php\/wp-json\/wp\/v2\/posts"}],"about":[{"href":"https:\/\/sindromecharge.es\/index.php\/wp-json\/wp\/v2\/types\/post"}],"author":[{"embeddable":true,"href":"https:\/\/sindromecharge.es\/index.php\/wp-json\/wp\/v2\/users\/1"}],"replies":[{"embeddable":true,"href":"https:\/\/sindromecharge.es\/index.php\/wp-json\/wp\/v2\/comments?post=7105"}],"version-history":[{"count":0,"href":"https:\/\/sindromecharge.es\/index.php\/wp-json\/wp\/v2\/posts\/7105\/revisions"}],"wp:attachment":[{"href":"https:\/\/sindromecharge.es\/index.php\/wp-json\/wp\/v2\/media?parent=7105"}],"wp:term":[{"taxonomy":"category","embeddable":true,"href":"https:\/\/sindromecharge.es\/index.php\/wp-json\/wp\/v2\/categories?post=7105"},{"taxonomy":"post_tag","embeddable":true,"href":"https:\/\/sindromecharge.es\/index.php\/wp-json\/wp\/v2\/tags?post=7105"}],"curies":[{"name":"wp","href":"https:\/\/api.w.org\/{rel}","templated":true}]}}