{"id":7104,"date":"2021-04-30T14:54:13","date_gmt":"2021-04-30T14:54:13","guid":{"rendered":"https:\/\/sindromecharge.es\/index.php\/2021\/04\/30\/estaras-celebra-que-el-despertar-de-los-sentidos-sirva-para-que-personas-con-discapacidad-conozcan-productos-de-espana\/"},"modified":"2021-04-30T14:54:13","modified_gmt":"2021-04-30T14:54:13","slug":"estaras-celebra-que-el-despertar-de-los-sentidos-sirva-para-que-personas-con-discapacidad-conozcan-productos-de-espana","status":"publish","type":"post","link":"https:\/\/sindromecharge.es\/index.php\/2021\/04\/30\/estaras-celebra-que-el-despertar-de-los-sentidos-sirva-para-que-personas-con-discapacidad-conozcan-productos-de-espana\/","title":{"rendered":"Estar\u00e0s celebra que &#039;El Despertar de los Sentidos&#039; sirva para que personas con discapacidad conozcan productos de Espa\u00f1a"},"content":{"rendered":"<p>Leemos en 20minutos la siguiente noticia que os reproducimos de forma \u00edntegra: <\/p>\n<p>Seg\u00fan ha informado el Grupo Parlamentario Europeo este viernes en una nota de prensa, la eurodiputada balear del PP, Rosa Estar\u00e0s, ha impulsado esta jornada en Madrid, junto a la eurodiputada de Cs Maite Pagazaurtundua, la campa\u00f1a &#8216;El Despertar de los Sentidos&#8217;, que consiste en una cata sensorial dirigida a personas con discapacidad, especialmente a los j\u00f3venes, y a sus familias.<\/p>\n<p>En la presentaci\u00f3n del proyecto han participado tambi\u00e9n los actores de la pel\u00edcula espa\u00f1ola &#8216;Campeones&#8217; y los impulsores de la iniciativa, Gloria Ramos y Jos\u00e9 de Luna, as\u00ed como los actores Antonio Resines y Paz Padilla.<\/p>\n<p>Estar\u00e0s ha celebrado, durante el acto de impulso a la campa\u00f1a &#8216;El Despertar los sentidos&#8217; que este \u00absea un proyecto para que las personas con discapacidad conozcan, prueben y sientan la grandeza de los productos de Espa\u00f1a\u00bb.<\/p>\n<p>COMBINACI\u00d3N DE GASTRONOM\u00cdA, TURISMO, EDUCACI\u00d3N E INCLUSI\u00d3N<\/p>\n<p>La eurodiputada Rosa Estar\u00e0s, quien es tambi\u00e9n vicepresidenta del Intergrupo de Discapacidad del Parlamento Europeo, ha manifestado asimismo su deseo de que surjan m\u00e1s proyectos como \u00e9ste de la nueva Estrategia Europea de Discapacidad 2021-2030 de la Uni\u00f3n Europea. Ha alabado que la iniciativa haya sido capaz de combinar gastronom\u00eda, turismo, educaci\u00f3n e inclusi\u00f3n.<\/p>\n<p>Por su parte, Maite Pagazaurtundua, ha se\u00f1alado que \u00abel maridaje entre productos de Espa\u00f1a y una actividad destinada a personas con discapacidad es simplemente genial\u00bb. \u00abMe parece adem\u00e1s que en el resto de Europa nos van a imitar\u00bb, ha hecho hincapi\u00e9 la eurodiputada de Cs.<\/p>\n<p>\u00abConocer, probar, oler, sentir, disfrutar, re\u00edr, hacer amigos&#8230;la mejor manera de aprender todos a ser personas, a entender la dignidad de cada ser humano y a tomarnos el tiempo para despertar el sentido de la inclusi\u00f3n. Ese sentido, el de la inclusi\u00f3n, es el m\u00e1s importante de todos los que podemos desarrollar los sereshumanos\u00bb, ha asegurado.<\/p>\n<p>Fuente: 20minutos <a href=\"https:\/\/www.20minutos.es\/noticia\/4680842\/0\/estaras-celebra-que-el-despertar-de-los-sentidos-sirva-para-que-personas-con-discapacidad-conozcan-productos-de-espana\/\" target=\"_blank\" rel=\"noopener\">Estar\u00e0s celebra que &#039;El Despertar de los Sentidos&#039; sirva para que personas con discapacidad conozcan productos de Espa\u00f1a<\/a><\/p>\n","protected":false},"excerpt":{"rendered":"<p>Leemos en 20minutos la siguiente noticia que os reproducimos de forma \u00edntegra: Seg\u00fan ha informado el Grupo Parlamentario Europeo este viernes en una nota de prensa, la eurodiputada balear del PP, Rosa Estar\u00e0s, ha impulsado esta jornada en Madrid, junto a la eurodiputada de Cs Maite Pagazaurtundua, la campa\u00f1a &#8216;El Despertar de los Sentidos&#8217;, que [&hellip;]<\/p>\n","protected":false},"author":1,"featured_media":0,"comment_status":"open","ping_status":"closed","sticky":false,"template":"","format":"standard","meta":{"footnotes":""},"categories":[8],"tags":[31],"class_list":["post-7104","post","type-post","status-publish","format-standard","hentry","category-noticias","tag-discapacidad"],"yoast_head":"<!-- This site is optimized with the Yoast SEO plugin v27.5 - https:\/\/yoast.com\/product\/yoast-seo-wordpress\/ -->\n<title>Estar\u00e0s celebra que &#039;El Despertar de los Sentidos&#039; sirva para que personas con discapacidad conozcan productos de Espa\u00f1a - Asociaci\u00f3n Espa\u00f1ola S\u00edndrome de Charge<\/title>\n<meta name=\"robots\" content=\"index, follow, max-snippet:-1, max-image-preview:large, max-video-preview:-1\" \/>\n<link rel=\"canonical\" href=\"https:\/\/sindromecharge.es\/index.php\/2021\/04\/30\/estaras-celebra-que-el-despertar-de-los-sentidos-sirva-para-que-personas-con-discapacidad-conozcan-productos-de-espana\/\" \/>\n<meta property=\"og:locale\" content=\"es_ES\" \/>\n<meta property=\"og:type\" content=\"article\" \/>\n<meta property=\"og:title\" content=\"Estar\u00e0s celebra que &#039;El Despertar de los Sentidos&#039; sirva para que personas con discapacidad conozcan productos de Espa\u00f1a - Asociaci\u00f3n Espa\u00f1ola S\u00edndrome de Charge\" \/>\n<meta property=\"og:description\" content=\"Leemos en 20minutos la siguiente noticia que os reproducimos de forma \u00edntegra: Seg\u00fan ha informado el Grupo Parlamentario Europeo este viernes en una nota de prensa, la eurodiputada balear del PP, Rosa Estar\u00e0s, ha impulsado esta jornada en Madrid, junto a la eurodiputada de Cs Maite Pagazaurtundua, la campa\u00f1a &#8216;El Despertar de los Sentidos&#8217;, que [&hellip;]\" \/>\n<meta property=\"og:url\" content=\"https:\/\/sindromecharge.es\/index.php\/2021\/04\/30\/estaras-celebra-que-el-despertar-de-los-sentidos-sirva-para-que-personas-con-discapacidad-conozcan-productos-de-espana\/\" \/>\n<meta property=\"og:site_name\" content=\"Asociaci\u00f3n Espa\u00f1ola S\u00edndrome de Charge\" \/>\n<meta property=\"article:publisher\" content=\"https:\/\/www.facebook.com\/asociacionsindromecharge\" \/>\n<meta property=\"article:published_time\" content=\"2021-04-30T14:54:13+00:00\" \/>\n<meta property=\"og:image\" content=\"https:\/\/sindromecharge.es\/wp-content\/uploads\/2013\/09\/logodecharge300x98.png\" \/>\n\t<meta property=\"og:image:width\" content=\"300\" \/>\n\t<meta property=\"og:image:height\" content=\"98\" \/>\n\t<meta property=\"og:image:type\" content=\"image\/png\" \/>\n<meta name=\"author\" content=\"Charge\" \/>\n<meta name=\"twitter:card\" content=\"summary_large_image\" \/>\n<meta name=\"twitter:creator\" content=\"@sindromecharge\" \/>\n<meta name=\"twitter:site\" content=\"@sindromecharge\" \/>\n<meta name=\"twitter:label1\" content=\"Escrito por\" \/>\n\t<meta name=\"twitter:data1\" content=\"Charge\" \/>\n\t<meta name=\"twitter:label2\" content=\"Tiempo de lectura\" \/>\n\t<meta name=\"twitter:data2\" content=\"2 minutos\" \/>\n<script type=\"application\/ld+json\" class=\"yoast-schema-graph\">{\"@context\":\"https:\\\/\\\/schema.org\",\"@graph\":[{\"@type\":\"Article\",\"@id\":\"https:\\\/\\\/sindromecharge.es\\\/index.php\\\/2021\\\/04\\\/30\\\/estaras-celebra-que-el-despertar-de-los-sentidos-sirva-para-que-personas-con-discapacidad-conozcan-productos-de-espana\\\/#article\",\"isPartOf\":{\"@id\":\"https:\\\/\\\/sindromecharge.es\\\/index.php\\\/2021\\\/04\\\/30\\\/estaras-celebra-que-el-despertar-de-los-sentidos-sirva-para-que-personas-con-discapacidad-conozcan-productos-de-espana\\\/\"},\"author\":{\"name\":\"Charge\",\"@id\":\"https:\\\/\\\/sindromecharge.es\\\/#\\\/schema\\\/person\\\/39a60ebe0a2b4d5a11179701e336b039\"},\"headline\":\"Estar\u00e0s celebra que &#039;El Despertar de los Sentidos&#039; sirva para que personas con discapacidad conozcan productos de Espa\u00f1a\",\"datePublished\":\"2021-04-30T14:54:13+00:00\",\"mainEntityOfPage\":{\"@id\":\"https:\\\/\\\/sindromecharge.es\\\/index.php\\\/2021\\\/04\\\/30\\\/estaras-celebra-que-el-despertar-de-los-sentidos-sirva-para-que-personas-con-discapacidad-conozcan-productos-de-espana\\\/\"},\"wordCount\":380,\"commentCount\":0,\"keywords\":[\"discapacidad\"],\"articleSection\":[\"noticias\"],\"inLanguage\":\"es\",\"potentialAction\":[{\"@type\":\"CommentAction\",\"name\":\"Comment\",\"target\":[\"https:\\\/\\\/sindromecharge.es\\\/index.php\\\/2021\\\/04\\\/30\\\/estaras-celebra-que-el-despertar-de-los-sentidos-sirva-para-que-personas-con-discapacidad-conozcan-productos-de-espana\\\/#respond\"]}]},{\"@type\":\"WebPage\",\"@id\":\"https:\\\/\\\/sindromecharge.es\\\/index.php\\\/2021\\\/04\\\/30\\\/estaras-celebra-que-el-despertar-de-los-sentidos-sirva-para-que-personas-con-discapacidad-conozcan-productos-de-espana\\\/\",\"url\":\"https:\\\/\\\/sindromecharge.es\\\/index.php\\\/2021\\\/04\\\/30\\\/estaras-celebra-que-el-despertar-de-los-sentidos-sirva-para-que-personas-con-discapacidad-conozcan-productos-de-espana\\\/\",\"name\":\"Estar\u00e0s celebra que &#039;El Despertar de los Sentidos&#039; sirva para que personas con discapacidad conozcan productos de Espa\u00f1a - Asociaci\u00f3n Espa\u00f1ola S\u00edndrome de Charge\",\"isPartOf\":{\"@id\":\"https:\\\/\\\/sindromecharge.es\\\/#website\"},\"datePublished\":\"2021-04-30T14:54:13+00:00\",\"author\":{\"@id\":\"https:\\\/\\\/sindromecharge.es\\\/#\\\/schema\\\/person\\\/39a60ebe0a2b4d5a11179701e336b039\"},\"breadcrumb\":{\"@id\":\"https:\\\/\\\/sindromecharge.es\\\/index.php\\\/2021\\\/04\\\/30\\\/estaras-celebra-que-el-despertar-de-los-sentidos-sirva-para-que-personas-con-discapacidad-conozcan-productos-de-espana\\\/#breadcrumb\"},\"inLanguage\":\"es\",\"potentialAction\":[{\"@type\":\"ReadAction\",\"target\":[\"https:\\\/\\\/sindromecharge.es\\\/index.php\\\/2021\\\/04\\\/30\\\/estaras-celebra-que-el-despertar-de-los-sentidos-sirva-para-que-personas-con-discapacidad-conozcan-productos-de-espana\\\/\"]}]},{\"@type\":\"BreadcrumbList\",\"@id\":\"https:\\\/\\\/sindromecharge.es\\\/index.php\\\/2021\\\/04\\\/30\\\/estaras-celebra-que-el-despertar-de-los-sentidos-sirva-para-que-personas-con-discapacidad-conozcan-productos-de-espana\\\/#breadcrumb\",\"itemListElement\":[{\"@type\":\"ListItem\",\"position\":1,\"name\":\"Portada\",\"item\":\"https:\\\/\\\/sindromecharge.es\\\/\"},{\"@type\":\"ListItem\",\"position\":2,\"name\":\"Estar\u00e0s celebra que &#039;El Despertar de los Sentidos&#039; sirva para que personas con discapacidad conozcan productos de Espa\u00f1a\"}]},{\"@type\":\"WebSite\",\"@id\":\"https:\\\/\\\/sindromecharge.es\\\/#website\",\"url\":\"https:\\\/\\\/sindromecharge.es\\\/\",\"name\":\"Asociaci\u00f3n Espa\u00f1ola S\u00edndrome de Charge\",\"description\":\"\",\"potentialAction\":[{\"@type\":\"SearchAction\",\"target\":{\"@type\":\"EntryPoint\",\"urlTemplate\":\"https:\\\/\\\/sindromecharge.es\\\/?s={search_term_string}\"},\"query-input\":{\"@type\":\"PropertyValueSpecification\",\"valueRequired\":true,\"valueName\":\"search_term_string\"}}],\"inLanguage\":\"es\"},{\"@type\":\"Person\",\"@id\":\"https:\\\/\\\/sindromecharge.es\\\/#\\\/schema\\\/person\\\/39a60ebe0a2b4d5a11179701e336b039\",\"name\":\"Charge\",\"image\":{\"@type\":\"ImageObject\",\"inLanguage\":\"es\",\"@id\":\"https:\\\/\\\/secure.gravatar.com\\\/avatar\\\/c3b46e32a0fc3b093a0873fb767bf3293de856293065e84ef06b7ec7a8acfb98?s=96&d=identicon&r=x\",\"url\":\"https:\\\/\\\/secure.gravatar.com\\\/avatar\\\/c3b46e32a0fc3b093a0873fb767bf3293de856293065e84ef06b7ec7a8acfb98?s=96&d=identicon&r=x\",\"contentUrl\":\"https:\\\/\\\/secure.gravatar.com\\\/avatar\\\/c3b46e32a0fc3b093a0873fb767bf3293de856293065e84ef06b7ec7a8acfb98?s=96&d=identicon&r=x\",\"caption\":\"Charge\"},\"url\":\"https:\\\/\\\/sindromecharge.es\\\/index.php\\\/author\\\/admin\\\/\"}]}<\/script>\n<!-- \/ Yoast SEO plugin. -->","yoast_head_json":{"title":"Estar\u00e0s celebra que &#039;El Despertar de los Sentidos&#039; sirva para que personas con discapacidad conozcan productos de Espa\u00f1a - Asociaci\u00f3n Espa\u00f1ola S\u00edndrome de Charge","robots":{"index":"index","follow":"follow","max-snippet":"max-snippet:-1","max-image-preview":"max-image-preview:large","max-video-preview":"max-video-preview:-1"},"canonical":"https:\/\/sindromecharge.es\/index.php\/2021\/04\/30\/estaras-celebra-que-el-despertar-de-los-sentidos-sirva-para-que-personas-con-discapacidad-conozcan-productos-de-espana\/","og_locale":"es_ES","og_type":"article","og_title":"Estar\u00e0s celebra que &#039;El Despertar de los Sentidos&#039; sirva para que personas con discapacidad conozcan productos de Espa\u00f1a - Asociaci\u00f3n Espa\u00f1ola S\u00edndrome de Charge","og_description":"Leemos en 20minutos la siguiente noticia que os reproducimos de forma \u00edntegra: Seg\u00fan ha informado el Grupo Parlamentario Europeo este viernes en una nota de prensa, la eurodiputada balear del PP, Rosa Estar\u00e0s, ha impulsado esta jornada en Madrid, junto a la eurodiputada de Cs Maite Pagazaurtundua, la campa\u00f1a &#8216;El Despertar de los Sentidos&#8217;, que [&hellip;]","og_url":"https:\/\/sindromecharge.es\/index.php\/2021\/04\/30\/estaras-celebra-que-el-despertar-de-los-sentidos-sirva-para-que-personas-con-discapacidad-conozcan-productos-de-espana\/","og_site_name":"Asociaci\u00f3n Espa\u00f1ola S\u00edndrome de Charge","article_publisher":"https:\/\/www.facebook.com\/asociacionsindromecharge","article_published_time":"2021-04-30T14:54:13+00:00","og_image":[{"width":300,"height":98,"url":"https:\/\/sindromecharge.es\/wp-content\/uploads\/2013\/09\/logodecharge300x98.png","type":"image\/png"}],"author":"Charge","twitter_card":"summary_large_image","twitter_creator":"@sindromecharge","twitter_site":"@sindromecharge","twitter_misc":{"Escrito por":"Charge","Tiempo de lectura":"2 minutos"},"schema":{"@context":"https:\/\/schema.org","@graph":[{"@type":"Article","@id":"https:\/\/sindromecharge.es\/index.php\/2021\/04\/30\/estaras-celebra-que-el-despertar-de-los-sentidos-sirva-para-que-personas-con-discapacidad-conozcan-productos-de-espana\/#article","isPartOf":{"@id":"https:\/\/sindromecharge.es\/index.php\/2021\/04\/30\/estaras-celebra-que-el-despertar-de-los-sentidos-sirva-para-que-personas-con-discapacidad-conozcan-productos-de-espana\/"},"author":{"name":"Charge","@id":"https:\/\/sindromecharge.es\/#\/schema\/person\/39a60ebe0a2b4d5a11179701e336b039"},"headline":"Estar\u00e0s celebra que &#039;El Despertar de los Sentidos&#039; sirva para que personas con discapacidad conozcan productos de Espa\u00f1a","datePublished":"2021-04-30T14:54:13+00:00","mainEntityOfPage":{"@id":"https:\/\/sindromecharge.es\/index.php\/2021\/04\/30\/estaras-celebra-que-el-despertar-de-los-sentidos-sirva-para-que-personas-con-discapacidad-conozcan-productos-de-espana\/"},"wordCount":380,"commentCount":0,"keywords":["discapacidad"],"articleSection":["noticias"],"inLanguage":"es","potentialAction":[{"@type":"CommentAction","name":"Comment","target":["https:\/\/sindromecharge.es\/index.php\/2021\/04\/30\/estaras-celebra-que-el-despertar-de-los-sentidos-sirva-para-que-personas-con-discapacidad-conozcan-productos-de-espana\/#respond"]}]},{"@type":"WebPage","@id":"https:\/\/sindromecharge.es\/index.php\/2021\/04\/30\/estaras-celebra-que-el-despertar-de-los-sentidos-sirva-para-que-personas-con-discapacidad-conozcan-productos-de-espana\/","url":"https:\/\/sindromecharge.es\/index.php\/2021\/04\/30\/estaras-celebra-que-el-despertar-de-los-sentidos-sirva-para-que-personas-con-discapacidad-conozcan-productos-de-espana\/","name":"Estar\u00e0s celebra que &#039;El Despertar de los Sentidos&#039; sirva para que personas con discapacidad conozcan productos de Espa\u00f1a - Asociaci\u00f3n Espa\u00f1ola S\u00edndrome de Charge","isPartOf":{"@id":"https:\/\/sindromecharge.es\/#website"},"datePublished":"2021-04-30T14:54:13+00:00","author":{"@id":"https:\/\/sindromecharge.es\/#\/schema\/person\/39a60ebe0a2b4d5a11179701e336b039"},"breadcrumb":{"@id":"https:\/\/sindromecharge.es\/index.php\/2021\/04\/30\/estaras-celebra-que-el-despertar-de-los-sentidos-sirva-para-que-personas-con-discapacidad-conozcan-productos-de-espana\/#breadcrumb"},"inLanguage":"es","potentialAction":[{"@type":"ReadAction","target":["https:\/\/sindromecharge.es\/index.php\/2021\/04\/30\/estaras-celebra-que-el-despertar-de-los-sentidos-sirva-para-que-personas-con-discapacidad-conozcan-productos-de-espana\/"]}]},{"@type":"BreadcrumbList","@id":"https:\/\/sindromecharge.es\/index.php\/2021\/04\/30\/estaras-celebra-que-el-despertar-de-los-sentidos-sirva-para-que-personas-con-discapacidad-conozcan-productos-de-espana\/#breadcrumb","itemListElement":[{"@type":"ListItem","position":1,"name":"Portada","item":"https:\/\/sindromecharge.es\/"},{"@type":"ListItem","position":2,"name":"Estar\u00e0s celebra que &#039;El Despertar de los Sentidos&#039; sirva para que personas con discapacidad conozcan productos de Espa\u00f1a"}]},{"@type":"WebSite","@id":"https:\/\/sindromecharge.es\/#website","url":"https:\/\/sindromecharge.es\/","name":"Asociaci\u00f3n Espa\u00f1ola S\u00edndrome de Charge","description":"","potentialAction":[{"@type":"SearchAction","target":{"@type":"EntryPoint","urlTemplate":"https:\/\/sindromecharge.es\/?s={search_term_string}"},"query-input":{"@type":"PropertyValueSpecification","valueRequired":true,"valueName":"search_term_string"}}],"inLanguage":"es"},{"@type":"Person","@id":"https:\/\/sindromecharge.es\/#\/schema\/person\/39a60ebe0a2b4d5a11179701e336b039","name":"Charge","image":{"@type":"ImageObject","inLanguage":"es","@id":"https:\/\/secure.gravatar.com\/avatar\/c3b46e32a0fc3b093a0873fb767bf3293de856293065e84ef06b7ec7a8acfb98?s=96&d=identicon&r=x","url":"https:\/\/secure.gravatar.com\/avatar\/c3b46e32a0fc3b093a0873fb767bf3293de856293065e84ef06b7ec7a8acfb98?s=96&d=identicon&r=x","contentUrl":"https:\/\/secure.gravatar.com\/avatar\/c3b46e32a0fc3b093a0873fb767bf3293de856293065e84ef06b7ec7a8acfb98?s=96&d=identicon&r=x","caption":"Charge"},"url":"https:\/\/sindromecharge.es\/index.php\/author\/admin\/"}]}},"_links":{"self":[{"href":"https:\/\/sindromecharge.es\/index.php\/wp-json\/wp\/v2\/posts\/7104","targetHints":{"allow":["GET"]}}],"collection":[{"href":"https:\/\/sindromecharge.es\/index.php\/wp-json\/wp\/v2\/posts"}],"about":[{"href":"https:\/\/sindromecharge.es\/index.php\/wp-json\/wp\/v2\/types\/post"}],"author":[{"embeddable":true,"href":"https:\/\/sindromecharge.es\/index.php\/wp-json\/wp\/v2\/users\/1"}],"replies":[{"embeddable":true,"href":"https:\/\/sindromecharge.es\/index.php\/wp-json\/wp\/v2\/comments?post=7104"}],"version-history":[{"count":0,"href":"https:\/\/sindromecharge.es\/index.php\/wp-json\/wp\/v2\/posts\/7104\/revisions"}],"wp:attachment":[{"href":"https:\/\/sindromecharge.es\/index.php\/wp-json\/wp\/v2\/media?parent=7104"}],"wp:term":[{"taxonomy":"category","embeddable":true,"href":"https:\/\/sindromecharge.es\/index.php\/wp-json\/wp\/v2\/categories?post=7104"},{"taxonomy":"post_tag","embeddable":true,"href":"https:\/\/sindromecharge.es\/index.php\/wp-json\/wp\/v2\/tags?post=7104"}],"curies":[{"name":"wp","href":"https:\/\/api.w.org\/{rel}","templated":true}]}}