{"id":7103,"date":"2021-04-30T13:17:31","date_gmt":"2021-04-30T13:17:31","guid":{"rendered":"https:\/\/sindromecharge.es\/index.php\/2021\/04\/30\/la-futura-ley-de-atencion-residencial-de-cyl-elimina-sujeciones-establece-evaluaciones-y-profesional-de-referencia\/"},"modified":"2021-04-30T13:17:31","modified_gmt":"2021-04-30T13:17:31","slug":"la-futura-ley-de-atencion-residencial-de-cyl-elimina-sujeciones-establece-evaluaciones-y-profesional-de-referencia","status":"publish","type":"post","link":"https:\/\/sindromecharge.es\/index.php\/2021\/04\/30\/la-futura-ley-de-atencion-residencial-de-cyl-elimina-sujeciones-establece-evaluaciones-y-profesional-de-referencia\/","title":{"rendered":"La futura ley de atenci\u00f3n residencial de CyL elimina sujeciones, establece evaluaciones y profesional de referencia"},"content":{"rendered":"<p>Leemos en 20minutos la siguiente noticia que os reproducimos de forma \u00edntegra: <\/p>\n<p>As\u00ed lo ha se\u00f1alado la consejera de Familia e Igualdad de Oportunidades, Isabel Blanco, quien ha presentado el texto de la futura ley, que se somete a informaci\u00f3n p\u00fablica desde este viernes durante el doble de plazo que el resto de textos en el Gobierno Abierto de la Junta, durante 20 d\u00edas.<\/p>\n<p>La consejera ha se\u00f1alado que la ley se sustenta en tres ejes principales como son el de car\u00e1cter \u00e9tico por la protecci\u00f3n de los m\u00e1s vulnerables que viven en estos centros (m\u00e1s de 41.500 personas) y el respeto a su propia proyecto de vida; la modernizaci\u00f3n e innovaci\u00f3n con la adaptaci\u00f3n a las nuevas tecnolog\u00edas; y el hecho de que mire al futuro, ya que pretende ser novedosa y pionera, al ser la primera de de Espa\u00f1a, por lo que se ha hablado con el Gobierno central para que sirva de referencia.<\/p>\n<p>El texto se basa en cuatro pilares principales que se concretan en el reconocimiento a la dignidad de la persona, la arquitectura y la organizaci\u00f3n de los centros, la calidad y la innovaci\u00f3n y los profesionales.<\/p>\n<p>El primer pilar, ha explicado la consejera, se centra en la persona, en que sea ella la que elija qu\u00e9 quiere hacer de manera aut\u00f3noma y con qu\u00e9 apoyos quiere contar mediante su proyecto de vida. Para ello, en la elaboraci\u00f3n del borrador, adem\u00e1s de contar con grupos de trabajo y los diferentes interlocutores relacionados con el sector, se ha tenido en cuenta la experiencia del programa &#8216;En mi casa&#8217;, adem\u00e1s de la experiencia en otros pa\u00edses como los n\u00f3rdicos.<\/p>\n<p>En este pilar se atiende tambi\u00e9n a la perspectiva \u00e9tica, con la eliminaci\u00f3n de sujeciones salvo en casos de extrema necesidad en que haya peligro para la integridad de la propia persona.<\/p>\n<p>ORGANIZACI\u00d3N<\/p>\n<p>El segundo de los aspectos en los que se basa el texto es la arquitectura y la organizaci\u00f3n de los centros, que deber\u00e1n distribuir sus estancias en tres \u00e1reas. La primera, de unidades de convivencia, contar\u00e1 con habitaciones -siempre individuales, salvo que por expreso deseo del usuario se les asigne uso doble- y zonas comunes -para cocina, comedor y sala de estar-. Estos &#8216;minihogares&#8217; no podr\u00e1n superar una ocupaci\u00f3n m\u00e1xima de 12 plazas, lo que permitir\u00e1 gestionar posibles contingencias como la ocurrida con la COVID-19 pero tambi\u00e9n con cualquier otra que pudiera surgir.<\/p>\n<p>A este respecto, la consejera ha incidido en que en Castilla y Le\u00f3n ya est\u00e1n implantadas 200 unidades de convivencia (168 totalmente y 32 que lo har\u00e1n pr\u00f3ximamente), de las que una cuarta parte est\u00e1n en centros propios de la Gerencia de Servicios Sociales.<\/p>\n<p>La segunda \u00e1rea ser\u00e1n los espacios comunes, reservados para equipamientos generales, y ah\u00ed se ubicar\u00e1n la sala de actividades y las dependencias de direcci\u00f3n y administraci\u00f3n. La tercera se habilitar\u00e1 para servicios generales, como la recepci\u00f3n y el control, o los de car\u00e1cter hotelero, comunes a todo el centro.<\/p>\n<p>Adem\u00e1s, en el \u00e1mbito de la organizaci\u00f3n, se establece c\u00f3mo deben ser su estructura y los programas de intervenci\u00f3n, la atenci\u00f3n sanitaria a trav\u00e9s del sistema p\u00fablico de Castilla y Le\u00f3n sin perjuicio de que pueda existir un m\u00e9dico en funci\u00f3n de las ratio que se marquen en el seno del Consejo Territorial de Servicios Sociales, que trabajar\u00e1 en esta materia y tambi\u00e9n definir\u00e1 los tipos de profesionales y su cualificaci\u00f3n, ha explicado Blanco.<\/p>\n<p>NUEVAS FIGURAS<\/p>\n<p>Un tercer pilar se refiere al \u00e1mbito del personal y los profesionales con los que deber\u00e1n contar las residencias y crea dos nuevas figuras como son el profesional de referencia de atenci\u00f3n residencial y el gestor de caso.<\/p>\n<p>El primero de ellos es el encargado de garantizar la ejecuci\u00f3n del proyecto de vida, de manera los residentes tengan siempre la misma persona de referencia, ha explicado la consejera, quien ha enmarcado esta figura en las unidades de referencia, en las que se pretende evitar la rotaci\u00f3n actual de profesionales.<\/p>\n<p>Por su parte, el gestor de caso tendr\u00e1 como funci\u00f3n principal optimizar la coordinaci\u00f3n entre residentes, familia, el profesional de referencia y el resto de compa\u00f1eros y estructuras del centro, as\u00ed como la de promocionar las actividades en la comunidad.<\/p>\n<p>Otro de los pilares es el de la calidad y la innovaci\u00f3n, ha explicado Blanco Llamas, quien ha concretado que se implantar\u00e1 un sistema de obligado cumplimiento que permitir\u00e1 hacer una evaluaci\u00f3n permanente en la que se tendr\u00e1n en cuenta diferentes par\u00e1metros como las ratio o la percepci\u00f3n de los usuarios.<\/p>\n<p>Adem\u00e1s, ha a\u00f1adido que se har\u00e1 un informe anual sobre la situaci\u00f3n de todos los centros y se clasificar\u00e1n con una baremaci\u00f3n y se podr\u00e1 conocer cu\u00e1l es el m\u00e1s valorado, lo que ser\u00e1 un \u00abfactor determinante\u00bb para elegir centro a la hora de acceder al mismo por parte de los usuarios pero tambi\u00e9n a la hora de concertar plazas.<\/p>\n<p>Esto, ha aclarado la consejera, ser\u00e1 un \u00abcomplemento\u00bb a la inspecci\u00f3n, que continuar\u00e1 con sus funciones habituales pero en el que tambi\u00e9n se avanzar\u00e1 mediante la innovaci\u00f3n, ya que se apoyar\u00e1 en un sistema de informaci\u00f3n que recoger\u00e1 datos en tiempo real y a distancia de los requisitos de obligado cumplimiento en materia de ratios de personal y cualificaciones, organizaci\u00f3n de los servicios o documentaci\u00f3n obligatoria, entre otros aspectos.<\/p>\n<p>A este tipo de innovaciones se sumar\u00e1n otras iniciativas como el proyecto piloto para implantar robots en los centros residenciales para ayudar a los cuidados o un sistema de telemonitorizaci\u00f3n para conocer el estado de salud de los residentes en tiempo real.<\/p>\n<p>La consejera ha se\u00f1alado que tras la presentaci\u00f3n de posibles alegaciones a trav\u00e9s del Gobierno Abierto, las mismas se estudiar\u00e1n y se incorporar\u00e1n las que se consideren para despu\u00e9s continuar los tr\u00e1mites con los informes perceptivos, tras lo que se baraja que la ley pueda aprobarse en el Consejo de Gobierno de la Junta a finales de a\u00f1o o principios de 2022 y despu\u00e9s ir a las Cortes.<\/p>\n<p>La ley, que llevar\u00e1 acompa\u00f1ada una memoria econ\u00f3mica, establecer\u00e1 plazos para la adaptaci\u00f3n de las residencias, ya que muchas de ellas tendr\u00e1n que hacerlo tanto desde el punto de vista arquitect\u00f3nico como organizativo.<\/p>\n<p>Fuente: 20minutos <a href=\"https:\/\/www.20minutos.es\/noticia\/4680649\/0\/la-futura-ley-de-atencion-residencial-de-cyl-elimina-sujeciones-establece-evaluaciones-y-profesional-de-referencia\/\" target=\"_blank\" rel=\"noopener\">La futura ley de atenci\u00f3n residencial de CyL elimina sujeciones, establece evaluaciones y profesional de referencia<\/a><\/p>\n","protected":false},"excerpt":{"rendered":"<p>Leemos en 20minutos la siguiente noticia que os reproducimos de forma \u00edntegra: As\u00ed lo ha se\u00f1alado la consejera de Familia e Igualdad de Oportunidades, Isabel Blanco, quien ha presentado el texto de la futura ley, que se somete a informaci\u00f3n p\u00fablica desde este viernes durante el doble de plazo que el resto de textos en [&hellip;]<\/p>\n","protected":false},"author":1,"featured_media":0,"comment_status":"open","ping_status":"closed","sticky":false,"template":"","format":"standard","meta":{"footnotes":""},"categories":[8],"tags":[31],"class_list":["post-7103","post","type-post","status-publish","format-standard","hentry","category-noticias","tag-discapacidad"],"yoast_head":"<!-- This site is optimized with the Yoast SEO plugin v27.5 - https:\/\/yoast.com\/product\/yoast-seo-wordpress\/ -->\n<title>La futura ley de atenci\u00f3n residencial de CyL elimina sujeciones, establece evaluaciones y profesional de referencia - Asociaci\u00f3n Espa\u00f1ola S\u00edndrome de Charge<\/title>\n<meta name=\"robots\" content=\"index, follow, max-snippet:-1, max-image-preview:large, max-video-preview:-1\" \/>\n<link rel=\"canonical\" href=\"https:\/\/sindromecharge.es\/index.php\/2021\/04\/30\/la-futura-ley-de-atencion-residencial-de-cyl-elimina-sujeciones-establece-evaluaciones-y-profesional-de-referencia\/\" \/>\n<meta property=\"og:locale\" content=\"es_ES\" \/>\n<meta property=\"og:type\" content=\"article\" \/>\n<meta property=\"og:title\" content=\"La futura ley de atenci\u00f3n residencial de CyL elimina sujeciones, establece evaluaciones y profesional de referencia - Asociaci\u00f3n Espa\u00f1ola S\u00edndrome de Charge\" \/>\n<meta property=\"og:description\" content=\"Leemos en 20minutos la siguiente noticia que os reproducimos de forma \u00edntegra: As\u00ed lo ha se\u00f1alado la consejera de Familia e Igualdad de Oportunidades, Isabel Blanco, quien ha presentado el texto de la futura ley, que se somete a informaci\u00f3n p\u00fablica desde este viernes durante el doble de plazo que el resto de textos en [&hellip;]\" \/>\n<meta property=\"og:url\" content=\"https:\/\/sindromecharge.es\/index.php\/2021\/04\/30\/la-futura-ley-de-atencion-residencial-de-cyl-elimina-sujeciones-establece-evaluaciones-y-profesional-de-referencia\/\" \/>\n<meta property=\"og:site_name\" content=\"Asociaci\u00f3n Espa\u00f1ola S\u00edndrome de Charge\" \/>\n<meta property=\"article:publisher\" content=\"https:\/\/www.facebook.com\/asociacionsindromecharge\" \/>\n<meta property=\"article:published_time\" content=\"2021-04-30T13:17:31+00:00\" \/>\n<meta property=\"og:image\" content=\"https:\/\/sindromecharge.es\/wp-content\/uploads\/2013\/09\/logodecharge300x98.png\" \/>\n\t<meta property=\"og:image:width\" content=\"300\" \/>\n\t<meta property=\"og:image:height\" content=\"98\" \/>\n\t<meta property=\"og:image:type\" content=\"image\/png\" \/>\n<meta name=\"author\" content=\"Charge\" \/>\n<meta name=\"twitter:card\" content=\"summary_large_image\" \/>\n<meta name=\"twitter:creator\" content=\"@sindromecharge\" \/>\n<meta name=\"twitter:site\" content=\"@sindromecharge\" \/>\n<meta name=\"twitter:label1\" content=\"Escrito por\" \/>\n\t<meta name=\"twitter:data1\" content=\"Charge\" \/>\n\t<meta name=\"twitter:label2\" content=\"Tiempo de lectura\" \/>\n\t<meta name=\"twitter:data2\" content=\"6 minutos\" \/>\n<script type=\"application\/ld+json\" class=\"yoast-schema-graph\">{\"@context\":\"https:\\\/\\\/schema.org\",\"@graph\":[{\"@type\":\"Article\",\"@id\":\"https:\\\/\\\/sindromecharge.es\\\/index.php\\\/2021\\\/04\\\/30\\\/la-futura-ley-de-atencion-residencial-de-cyl-elimina-sujeciones-establece-evaluaciones-y-profesional-de-referencia\\\/#article\",\"isPartOf\":{\"@id\":\"https:\\\/\\\/sindromecharge.es\\\/index.php\\\/2021\\\/04\\\/30\\\/la-futura-ley-de-atencion-residencial-de-cyl-elimina-sujeciones-establece-evaluaciones-y-profesional-de-referencia\\\/\"},\"author\":{\"name\":\"Charge\",\"@id\":\"https:\\\/\\\/sindromecharge.es\\\/#\\\/schema\\\/person\\\/39a60ebe0a2b4d5a11179701e336b039\"},\"headline\":\"La futura ley de atenci\u00f3n residencial de CyL elimina sujeciones, establece evaluaciones y profesional de referencia\",\"datePublished\":\"2021-04-30T13:17:31+00:00\",\"mainEntityOfPage\":{\"@id\":\"https:\\\/\\\/sindromecharge.es\\\/index.php\\\/2021\\\/04\\\/30\\\/la-futura-ley-de-atencion-residencial-de-cyl-elimina-sujeciones-establece-evaluaciones-y-profesional-de-referencia\\\/\"},\"wordCount\":1144,\"commentCount\":0,\"keywords\":[\"discapacidad\"],\"articleSection\":[\"noticias\"],\"inLanguage\":\"es\",\"potentialAction\":[{\"@type\":\"CommentAction\",\"name\":\"Comment\",\"target\":[\"https:\\\/\\\/sindromecharge.es\\\/index.php\\\/2021\\\/04\\\/30\\\/la-futura-ley-de-atencion-residencial-de-cyl-elimina-sujeciones-establece-evaluaciones-y-profesional-de-referencia\\\/#respond\"]}]},{\"@type\":\"WebPage\",\"@id\":\"https:\\\/\\\/sindromecharge.es\\\/index.php\\\/2021\\\/04\\\/30\\\/la-futura-ley-de-atencion-residencial-de-cyl-elimina-sujeciones-establece-evaluaciones-y-profesional-de-referencia\\\/\",\"url\":\"https:\\\/\\\/sindromecharge.es\\\/index.php\\\/2021\\\/04\\\/30\\\/la-futura-ley-de-atencion-residencial-de-cyl-elimina-sujeciones-establece-evaluaciones-y-profesional-de-referencia\\\/\",\"name\":\"La futura ley de atenci\u00f3n residencial de CyL elimina sujeciones, establece evaluaciones y profesional de referencia - Asociaci\u00f3n Espa\u00f1ola S\u00edndrome de Charge\",\"isPartOf\":{\"@id\":\"https:\\\/\\\/sindromecharge.es\\\/#website\"},\"datePublished\":\"2021-04-30T13:17:31+00:00\",\"author\":{\"@id\":\"https:\\\/\\\/sindromecharge.es\\\/#\\\/schema\\\/person\\\/39a60ebe0a2b4d5a11179701e336b039\"},\"breadcrumb\":{\"@id\":\"https:\\\/\\\/sindromecharge.es\\\/index.php\\\/2021\\\/04\\\/30\\\/la-futura-ley-de-atencion-residencial-de-cyl-elimina-sujeciones-establece-evaluaciones-y-profesional-de-referencia\\\/#breadcrumb\"},\"inLanguage\":\"es\",\"potentialAction\":[{\"@type\":\"ReadAction\",\"target\":[\"https:\\\/\\\/sindromecharge.es\\\/index.php\\\/2021\\\/04\\\/30\\\/la-futura-ley-de-atencion-residencial-de-cyl-elimina-sujeciones-establece-evaluaciones-y-profesional-de-referencia\\\/\"]}]},{\"@type\":\"BreadcrumbList\",\"@id\":\"https:\\\/\\\/sindromecharge.es\\\/index.php\\\/2021\\\/04\\\/30\\\/la-futura-ley-de-atencion-residencial-de-cyl-elimina-sujeciones-establece-evaluaciones-y-profesional-de-referencia\\\/#breadcrumb\",\"itemListElement\":[{\"@type\":\"ListItem\",\"position\":1,\"name\":\"Portada\",\"item\":\"https:\\\/\\\/sindromecharge.es\\\/\"},{\"@type\":\"ListItem\",\"position\":2,\"name\":\"La futura ley de atenci\u00f3n residencial de CyL elimina sujeciones, establece evaluaciones y profesional de referencia\"}]},{\"@type\":\"WebSite\",\"@id\":\"https:\\\/\\\/sindromecharge.es\\\/#website\",\"url\":\"https:\\\/\\\/sindromecharge.es\\\/\",\"name\":\"Asociaci\u00f3n Espa\u00f1ola S\u00edndrome de Charge\",\"description\":\"\",\"potentialAction\":[{\"@type\":\"SearchAction\",\"target\":{\"@type\":\"EntryPoint\",\"urlTemplate\":\"https:\\\/\\\/sindromecharge.es\\\/?s={search_term_string}\"},\"query-input\":{\"@type\":\"PropertyValueSpecification\",\"valueRequired\":true,\"valueName\":\"search_term_string\"}}],\"inLanguage\":\"es\"},{\"@type\":\"Person\",\"@id\":\"https:\\\/\\\/sindromecharge.es\\\/#\\\/schema\\\/person\\\/39a60ebe0a2b4d5a11179701e336b039\",\"name\":\"Charge\",\"image\":{\"@type\":\"ImageObject\",\"inLanguage\":\"es\",\"@id\":\"https:\\\/\\\/secure.gravatar.com\\\/avatar\\\/c3b46e32a0fc3b093a0873fb767bf3293de856293065e84ef06b7ec7a8acfb98?s=96&d=identicon&r=x\",\"url\":\"https:\\\/\\\/secure.gravatar.com\\\/avatar\\\/c3b46e32a0fc3b093a0873fb767bf3293de856293065e84ef06b7ec7a8acfb98?s=96&d=identicon&r=x\",\"contentUrl\":\"https:\\\/\\\/secure.gravatar.com\\\/avatar\\\/c3b46e32a0fc3b093a0873fb767bf3293de856293065e84ef06b7ec7a8acfb98?s=96&d=identicon&r=x\",\"caption\":\"Charge\"},\"url\":\"https:\\\/\\\/sindromecharge.es\\\/index.php\\\/author\\\/admin\\\/\"}]}<\/script>\n<!-- \/ Yoast SEO plugin. -->","yoast_head_json":{"title":"La futura ley de atenci\u00f3n residencial de CyL elimina sujeciones, establece evaluaciones y profesional de referencia - Asociaci\u00f3n Espa\u00f1ola S\u00edndrome de Charge","robots":{"index":"index","follow":"follow","max-snippet":"max-snippet:-1","max-image-preview":"max-image-preview:large","max-video-preview":"max-video-preview:-1"},"canonical":"https:\/\/sindromecharge.es\/index.php\/2021\/04\/30\/la-futura-ley-de-atencion-residencial-de-cyl-elimina-sujeciones-establece-evaluaciones-y-profesional-de-referencia\/","og_locale":"es_ES","og_type":"article","og_title":"La futura ley de atenci\u00f3n residencial de CyL elimina sujeciones, establece evaluaciones y profesional de referencia - Asociaci\u00f3n Espa\u00f1ola S\u00edndrome de Charge","og_description":"Leemos en 20minutos la siguiente noticia que os reproducimos de forma \u00edntegra: As\u00ed lo ha se\u00f1alado la consejera de Familia e Igualdad de Oportunidades, Isabel Blanco, quien ha presentado el texto de la futura ley, que se somete a informaci\u00f3n p\u00fablica desde este viernes durante el doble de plazo que el resto de textos en [&hellip;]","og_url":"https:\/\/sindromecharge.es\/index.php\/2021\/04\/30\/la-futura-ley-de-atencion-residencial-de-cyl-elimina-sujeciones-establece-evaluaciones-y-profesional-de-referencia\/","og_site_name":"Asociaci\u00f3n Espa\u00f1ola S\u00edndrome de Charge","article_publisher":"https:\/\/www.facebook.com\/asociacionsindromecharge","article_published_time":"2021-04-30T13:17:31+00:00","og_image":[{"width":300,"height":98,"url":"https:\/\/sindromecharge.es\/wp-content\/uploads\/2013\/09\/logodecharge300x98.png","type":"image\/png"}],"author":"Charge","twitter_card":"summary_large_image","twitter_creator":"@sindromecharge","twitter_site":"@sindromecharge","twitter_misc":{"Escrito por":"Charge","Tiempo de lectura":"6 minutos"},"schema":{"@context":"https:\/\/schema.org","@graph":[{"@type":"Article","@id":"https:\/\/sindromecharge.es\/index.php\/2021\/04\/30\/la-futura-ley-de-atencion-residencial-de-cyl-elimina-sujeciones-establece-evaluaciones-y-profesional-de-referencia\/#article","isPartOf":{"@id":"https:\/\/sindromecharge.es\/index.php\/2021\/04\/30\/la-futura-ley-de-atencion-residencial-de-cyl-elimina-sujeciones-establece-evaluaciones-y-profesional-de-referencia\/"},"author":{"name":"Charge","@id":"https:\/\/sindromecharge.es\/#\/schema\/person\/39a60ebe0a2b4d5a11179701e336b039"},"headline":"La futura ley de atenci\u00f3n residencial de CyL elimina sujeciones, establece evaluaciones y profesional de referencia","datePublished":"2021-04-30T13:17:31+00:00","mainEntityOfPage":{"@id":"https:\/\/sindromecharge.es\/index.php\/2021\/04\/30\/la-futura-ley-de-atencion-residencial-de-cyl-elimina-sujeciones-establece-evaluaciones-y-profesional-de-referencia\/"},"wordCount":1144,"commentCount":0,"keywords":["discapacidad"],"articleSection":["noticias"],"inLanguage":"es","potentialAction":[{"@type":"CommentAction","name":"Comment","target":["https:\/\/sindromecharge.es\/index.php\/2021\/04\/30\/la-futura-ley-de-atencion-residencial-de-cyl-elimina-sujeciones-establece-evaluaciones-y-profesional-de-referencia\/#respond"]}]},{"@type":"WebPage","@id":"https:\/\/sindromecharge.es\/index.php\/2021\/04\/30\/la-futura-ley-de-atencion-residencial-de-cyl-elimina-sujeciones-establece-evaluaciones-y-profesional-de-referencia\/","url":"https:\/\/sindromecharge.es\/index.php\/2021\/04\/30\/la-futura-ley-de-atencion-residencial-de-cyl-elimina-sujeciones-establece-evaluaciones-y-profesional-de-referencia\/","name":"La futura ley de atenci\u00f3n residencial de CyL elimina sujeciones, establece evaluaciones y profesional de referencia - Asociaci\u00f3n Espa\u00f1ola S\u00edndrome de Charge","isPartOf":{"@id":"https:\/\/sindromecharge.es\/#website"},"datePublished":"2021-04-30T13:17:31+00:00","author":{"@id":"https:\/\/sindromecharge.es\/#\/schema\/person\/39a60ebe0a2b4d5a11179701e336b039"},"breadcrumb":{"@id":"https:\/\/sindromecharge.es\/index.php\/2021\/04\/30\/la-futura-ley-de-atencion-residencial-de-cyl-elimina-sujeciones-establece-evaluaciones-y-profesional-de-referencia\/#breadcrumb"},"inLanguage":"es","potentialAction":[{"@type":"ReadAction","target":["https:\/\/sindromecharge.es\/index.php\/2021\/04\/30\/la-futura-ley-de-atencion-residencial-de-cyl-elimina-sujeciones-establece-evaluaciones-y-profesional-de-referencia\/"]}]},{"@type":"BreadcrumbList","@id":"https:\/\/sindromecharge.es\/index.php\/2021\/04\/30\/la-futura-ley-de-atencion-residencial-de-cyl-elimina-sujeciones-establece-evaluaciones-y-profesional-de-referencia\/#breadcrumb","itemListElement":[{"@type":"ListItem","position":1,"name":"Portada","item":"https:\/\/sindromecharge.es\/"},{"@type":"ListItem","position":2,"name":"La futura ley de atenci\u00f3n residencial de CyL elimina sujeciones, establece evaluaciones y profesional de referencia"}]},{"@type":"WebSite","@id":"https:\/\/sindromecharge.es\/#website","url":"https:\/\/sindromecharge.es\/","name":"Asociaci\u00f3n Espa\u00f1ola S\u00edndrome de Charge","description":"","potentialAction":[{"@type":"SearchAction","target":{"@type":"EntryPoint","urlTemplate":"https:\/\/sindromecharge.es\/?s={search_term_string}"},"query-input":{"@type":"PropertyValueSpecification","valueRequired":true,"valueName":"search_term_string"}}],"inLanguage":"es"},{"@type":"Person","@id":"https:\/\/sindromecharge.es\/#\/schema\/person\/39a60ebe0a2b4d5a11179701e336b039","name":"Charge","image":{"@type":"ImageObject","inLanguage":"es","@id":"https:\/\/secure.gravatar.com\/avatar\/c3b46e32a0fc3b093a0873fb767bf3293de856293065e84ef06b7ec7a8acfb98?s=96&d=identicon&r=x","url":"https:\/\/secure.gravatar.com\/avatar\/c3b46e32a0fc3b093a0873fb767bf3293de856293065e84ef06b7ec7a8acfb98?s=96&d=identicon&r=x","contentUrl":"https:\/\/secure.gravatar.com\/avatar\/c3b46e32a0fc3b093a0873fb767bf3293de856293065e84ef06b7ec7a8acfb98?s=96&d=identicon&r=x","caption":"Charge"},"url":"https:\/\/sindromecharge.es\/index.php\/author\/admin\/"}]}},"_links":{"self":[{"href":"https:\/\/sindromecharge.es\/index.php\/wp-json\/wp\/v2\/posts\/7103","targetHints":{"allow":["GET"]}}],"collection":[{"href":"https:\/\/sindromecharge.es\/index.php\/wp-json\/wp\/v2\/posts"}],"about":[{"href":"https:\/\/sindromecharge.es\/index.php\/wp-json\/wp\/v2\/types\/post"}],"author":[{"embeddable":true,"href":"https:\/\/sindromecharge.es\/index.php\/wp-json\/wp\/v2\/users\/1"}],"replies":[{"embeddable":true,"href":"https:\/\/sindromecharge.es\/index.php\/wp-json\/wp\/v2\/comments?post=7103"}],"version-history":[{"count":0,"href":"https:\/\/sindromecharge.es\/index.php\/wp-json\/wp\/v2\/posts\/7103\/revisions"}],"wp:attachment":[{"href":"https:\/\/sindromecharge.es\/index.php\/wp-json\/wp\/v2\/media?parent=7103"}],"wp:term":[{"taxonomy":"category","embeddable":true,"href":"https:\/\/sindromecharge.es\/index.php\/wp-json\/wp\/v2\/categories?post=7103"},{"taxonomy":"post_tag","embeddable":true,"href":"https:\/\/sindromecharge.es\/index.php\/wp-json\/wp\/v2\/tags?post=7103"}],"curies":[{"name":"wp","href":"https:\/\/api.w.org\/{rel}","templated":true}]}}