{"id":7101,"date":"2021-04-30T08:54:25","date_gmt":"2021-04-30T08:54:25","guid":{"rendered":"https:\/\/sindromecharge.es\/index.php\/2021\/04\/30\/geroa-bai-reclama-que-las-politicas-publicas-pongan-el-acento-en-el-ambito-del-empleo-con-motivo-del-1-de-mayo\/"},"modified":"2021-04-30T08:54:25","modified_gmt":"2021-04-30T08:54:25","slug":"geroa-bai-reclama-que-las-politicas-publicas-pongan-el-acento-en-el-ambito-del-empleo-con-motivo-del-1-de-mayo","status":"publish","type":"post","link":"https:\/\/sindromecharge.es\/index.php\/2021\/04\/30\/geroa-bai-reclama-que-las-politicas-publicas-pongan-el-acento-en-el-ambito-del-empleo-con-motivo-del-1-de-mayo\/","title":{"rendered":"Geroa Bai reclama que las pol\u00edticas p\u00fablicas pongan el acento en el \u00e1mbito del empleo con motivo del 1 de mayo"},"content":{"rendered":"<p>Leemos en 20minutos la siguiente noticia que os reproducimos de forma \u00edntegra: <\/p>\n<p>Geroa Bai ha reitera en un comunicado la importancia de \u00abhacer cambios que no sean puramente cosm\u00e9ticos sino cambios de profundidad que aborden las brechas actualmente existentes e impulsen la cohesi\u00f3n social\u00bb.<\/p>\n<p>Para ello, la coalici\u00f3n insiste en la necesidad de \u00abderogar la reforma laboral, cuyos \u00fanicos logros han sido el aumento de trabajos precarios, que en muchos casos ni siquiera salvan de la pobreza a quienes los desempe\u00f1an, y la p\u00e9rdida de derechos de trabajadores y trabajadoras\u00bb.<\/p>\n<p>En este mismo sentido, Geroa Bai considera fundamental \u00abpotenciar las pol\u00edticas activas de empleo, haci\u00e9ndolas llegar a quienes m\u00e1s alejados est\u00e1n del mercado de trabajo para ofrecerles herramientas que de manera efectiva contribuyan a aumentar su empleabilidad\u00bb.<\/p>\n<p>Adem\u00e1s, la coalici\u00f3n aboga especialmente por \u00abimpulsar un cambio de modelo productivo, que anteponga a otros intereses la sostenibilidad econ\u00f3mica, medioambiental y social, y la sostenibilidad social ha de medirse esencialmente por la creaci\u00f3n de empleo y de un empleo de calidad que acabe con la dualidad existente hoy\u00bb.<\/p>\n<p>Geroa Bai ha realizado estas reivindicaciones desde el convencimiento de que \u00abel empleo es un derecho b\u00e1sico\u00bb y con el objetivo de \u00abdevolverle su valor como elemento de participaci\u00f3n social\u00bb.<\/p>\n<p>Fuente: 20minutos <a href=\"https:\/\/www.20minutos.es\/noticia\/4679870\/0\/geroa-bai-reclama-que-las-politicas-publicas-pongan-el-acento-en-el-ambito-del-empleo-con-motivo-del-1-de-mayo\/\" target=\"_blank\" rel=\"noopener\">Geroa Bai reclama que las pol\u00edticas p\u00fablicas pongan el acento en el \u00e1mbito del empleo con motivo del 1 de mayo<\/a><\/p>\n","protected":false},"excerpt":{"rendered":"<p>Leemos en 20minutos la siguiente noticia que os reproducimos de forma \u00edntegra: Geroa Bai ha reitera en un comunicado la importancia de \u00abhacer cambios que no sean puramente cosm\u00e9ticos sino cambios de profundidad que aborden las brechas actualmente existentes e impulsen la cohesi\u00f3n social\u00bb. Para ello, la coalici\u00f3n insiste en la necesidad de \u00abderogar la [&hellip;]<\/p>\n","protected":false},"author":1,"featured_media":0,"comment_status":"open","ping_status":"closed","sticky":false,"template":"","format":"standard","meta":{"footnotes":""},"categories":[8],"tags":[31],"class_list":["post-7101","post","type-post","status-publish","format-standard","hentry","category-noticias","tag-discapacidad"],"yoast_head":"<!-- This site is optimized with the Yoast SEO plugin v27.5 - https:\/\/yoast.com\/product\/yoast-seo-wordpress\/ -->\n<title>Geroa Bai reclama que las pol\u00edticas p\u00fablicas pongan el acento en el \u00e1mbito del empleo con motivo del 1 de mayo - Asociaci\u00f3n Espa\u00f1ola S\u00edndrome de Charge<\/title>\n<meta name=\"robots\" content=\"index, follow, max-snippet:-1, max-image-preview:large, max-video-preview:-1\" \/>\n<link rel=\"canonical\" href=\"https:\/\/sindromecharge.es\/index.php\/2021\/04\/30\/geroa-bai-reclama-que-las-politicas-publicas-pongan-el-acento-en-el-ambito-del-empleo-con-motivo-del-1-de-mayo\/\" \/>\n<meta property=\"og:locale\" content=\"es_ES\" \/>\n<meta property=\"og:type\" content=\"article\" \/>\n<meta property=\"og:title\" content=\"Geroa Bai reclama que las pol\u00edticas p\u00fablicas pongan el acento en el \u00e1mbito del empleo con motivo del 1 de mayo - Asociaci\u00f3n Espa\u00f1ola S\u00edndrome de Charge\" \/>\n<meta property=\"og:description\" content=\"Leemos en 20minutos la siguiente noticia que os reproducimos de forma \u00edntegra: Geroa Bai ha reitera en un comunicado la importancia de \u00abhacer cambios que no sean puramente cosm\u00e9ticos sino cambios de profundidad que aborden las brechas actualmente existentes e impulsen la cohesi\u00f3n social\u00bb. Para ello, la coalici\u00f3n insiste en la necesidad de \u00abderogar la [&hellip;]\" \/>\n<meta property=\"og:url\" content=\"https:\/\/sindromecharge.es\/index.php\/2021\/04\/30\/geroa-bai-reclama-que-las-politicas-publicas-pongan-el-acento-en-el-ambito-del-empleo-con-motivo-del-1-de-mayo\/\" \/>\n<meta property=\"og:site_name\" content=\"Asociaci\u00f3n Espa\u00f1ola S\u00edndrome de Charge\" \/>\n<meta property=\"article:publisher\" content=\"https:\/\/www.facebook.com\/asociacionsindromecharge\" \/>\n<meta property=\"article:published_time\" content=\"2021-04-30T08:54:25+00:00\" \/>\n<meta property=\"og:image\" content=\"https:\/\/sindromecharge.es\/wp-content\/uploads\/2013\/09\/logodecharge300x98.png\" \/>\n\t<meta property=\"og:image:width\" content=\"300\" \/>\n\t<meta property=\"og:image:height\" content=\"98\" \/>\n\t<meta property=\"og:image:type\" content=\"image\/png\" \/>\n<meta name=\"author\" content=\"Charge\" \/>\n<meta name=\"twitter:card\" content=\"summary_large_image\" \/>\n<meta name=\"twitter:creator\" content=\"@sindromecharge\" \/>\n<meta name=\"twitter:site\" content=\"@sindromecharge\" \/>\n<meta name=\"twitter:label1\" content=\"Escrito por\" \/>\n\t<meta name=\"twitter:data1\" content=\"Charge\" \/>\n\t<meta name=\"twitter:label2\" content=\"Tiempo de lectura\" \/>\n\t<meta name=\"twitter:data2\" content=\"1 minuto\" \/>\n<script type=\"application\/ld+json\" class=\"yoast-schema-graph\">{\"@context\":\"https:\\\/\\\/schema.org\",\"@graph\":[{\"@type\":\"Article\",\"@id\":\"https:\\\/\\\/sindromecharge.es\\\/index.php\\\/2021\\\/04\\\/30\\\/geroa-bai-reclama-que-las-politicas-publicas-pongan-el-acento-en-el-ambito-del-empleo-con-motivo-del-1-de-mayo\\\/#article\",\"isPartOf\":{\"@id\":\"https:\\\/\\\/sindromecharge.es\\\/index.php\\\/2021\\\/04\\\/30\\\/geroa-bai-reclama-que-las-politicas-publicas-pongan-el-acento-en-el-ambito-del-empleo-con-motivo-del-1-de-mayo\\\/\"},\"author\":{\"name\":\"Charge\",\"@id\":\"https:\\\/\\\/sindromecharge.es\\\/#\\\/schema\\\/person\\\/39a60ebe0a2b4d5a11179701e336b039\"},\"headline\":\"Geroa Bai reclama que las pol\u00edticas p\u00fablicas pongan el acento en el \u00e1mbito del empleo con motivo del 1 de mayo\",\"datePublished\":\"2021-04-30T08:54:25+00:00\",\"mainEntityOfPage\":{\"@id\":\"https:\\\/\\\/sindromecharge.es\\\/index.php\\\/2021\\\/04\\\/30\\\/geroa-bai-reclama-que-las-politicas-publicas-pongan-el-acento-en-el-ambito-del-empleo-con-motivo-del-1-de-mayo\\\/\"},\"wordCount\":267,\"commentCount\":0,\"keywords\":[\"discapacidad\"],\"articleSection\":[\"noticias\"],\"inLanguage\":\"es\",\"potentialAction\":[{\"@type\":\"CommentAction\",\"name\":\"Comment\",\"target\":[\"https:\\\/\\\/sindromecharge.es\\\/index.php\\\/2021\\\/04\\\/30\\\/geroa-bai-reclama-que-las-politicas-publicas-pongan-el-acento-en-el-ambito-del-empleo-con-motivo-del-1-de-mayo\\\/#respond\"]}]},{\"@type\":\"WebPage\",\"@id\":\"https:\\\/\\\/sindromecharge.es\\\/index.php\\\/2021\\\/04\\\/30\\\/geroa-bai-reclama-que-las-politicas-publicas-pongan-el-acento-en-el-ambito-del-empleo-con-motivo-del-1-de-mayo\\\/\",\"url\":\"https:\\\/\\\/sindromecharge.es\\\/index.php\\\/2021\\\/04\\\/30\\\/geroa-bai-reclama-que-las-politicas-publicas-pongan-el-acento-en-el-ambito-del-empleo-con-motivo-del-1-de-mayo\\\/\",\"name\":\"Geroa Bai reclama que las pol\u00edticas p\u00fablicas pongan el acento en el \u00e1mbito del empleo con motivo del 1 de mayo - Asociaci\u00f3n Espa\u00f1ola S\u00edndrome de Charge\",\"isPartOf\":{\"@id\":\"https:\\\/\\\/sindromecharge.es\\\/#website\"},\"datePublished\":\"2021-04-30T08:54:25+00:00\",\"author\":{\"@id\":\"https:\\\/\\\/sindromecharge.es\\\/#\\\/schema\\\/person\\\/39a60ebe0a2b4d5a11179701e336b039\"},\"breadcrumb\":{\"@id\":\"https:\\\/\\\/sindromecharge.es\\\/index.php\\\/2021\\\/04\\\/30\\\/geroa-bai-reclama-que-las-politicas-publicas-pongan-el-acento-en-el-ambito-del-empleo-con-motivo-del-1-de-mayo\\\/#breadcrumb\"},\"inLanguage\":\"es\",\"potentialAction\":[{\"@type\":\"ReadAction\",\"target\":[\"https:\\\/\\\/sindromecharge.es\\\/index.php\\\/2021\\\/04\\\/30\\\/geroa-bai-reclama-que-las-politicas-publicas-pongan-el-acento-en-el-ambito-del-empleo-con-motivo-del-1-de-mayo\\\/\"]}]},{\"@type\":\"BreadcrumbList\",\"@id\":\"https:\\\/\\\/sindromecharge.es\\\/index.php\\\/2021\\\/04\\\/30\\\/geroa-bai-reclama-que-las-politicas-publicas-pongan-el-acento-en-el-ambito-del-empleo-con-motivo-del-1-de-mayo\\\/#breadcrumb\",\"itemListElement\":[{\"@type\":\"ListItem\",\"position\":1,\"name\":\"Portada\",\"item\":\"https:\\\/\\\/sindromecharge.es\\\/\"},{\"@type\":\"ListItem\",\"position\":2,\"name\":\"Geroa Bai reclama que las pol\u00edticas p\u00fablicas pongan el acento en el \u00e1mbito del empleo con motivo del 1 de mayo\"}]},{\"@type\":\"WebSite\",\"@id\":\"https:\\\/\\\/sindromecharge.es\\\/#website\",\"url\":\"https:\\\/\\\/sindromecharge.es\\\/\",\"name\":\"Asociaci\u00f3n Espa\u00f1ola S\u00edndrome de Charge\",\"description\":\"\",\"potentialAction\":[{\"@type\":\"SearchAction\",\"target\":{\"@type\":\"EntryPoint\",\"urlTemplate\":\"https:\\\/\\\/sindromecharge.es\\\/?s={search_term_string}\"},\"query-input\":{\"@type\":\"PropertyValueSpecification\",\"valueRequired\":true,\"valueName\":\"search_term_string\"}}],\"inLanguage\":\"es\"},{\"@type\":\"Person\",\"@id\":\"https:\\\/\\\/sindromecharge.es\\\/#\\\/schema\\\/person\\\/39a60ebe0a2b4d5a11179701e336b039\",\"name\":\"Charge\",\"image\":{\"@type\":\"ImageObject\",\"inLanguage\":\"es\",\"@id\":\"https:\\\/\\\/secure.gravatar.com\\\/avatar\\\/c3b46e32a0fc3b093a0873fb767bf3293de856293065e84ef06b7ec7a8acfb98?s=96&d=identicon&r=x\",\"url\":\"https:\\\/\\\/secure.gravatar.com\\\/avatar\\\/c3b46e32a0fc3b093a0873fb767bf3293de856293065e84ef06b7ec7a8acfb98?s=96&d=identicon&r=x\",\"contentUrl\":\"https:\\\/\\\/secure.gravatar.com\\\/avatar\\\/c3b46e32a0fc3b093a0873fb767bf3293de856293065e84ef06b7ec7a8acfb98?s=96&d=identicon&r=x\",\"caption\":\"Charge\"},\"url\":\"https:\\\/\\\/sindromecharge.es\\\/index.php\\\/author\\\/admin\\\/\"}]}<\/script>\n<!-- \/ Yoast SEO plugin. -->","yoast_head_json":{"title":"Geroa Bai reclama que las pol\u00edticas p\u00fablicas pongan el acento en el \u00e1mbito del empleo con motivo del 1 de mayo - Asociaci\u00f3n Espa\u00f1ola S\u00edndrome de Charge","robots":{"index":"index","follow":"follow","max-snippet":"max-snippet:-1","max-image-preview":"max-image-preview:large","max-video-preview":"max-video-preview:-1"},"canonical":"https:\/\/sindromecharge.es\/index.php\/2021\/04\/30\/geroa-bai-reclama-que-las-politicas-publicas-pongan-el-acento-en-el-ambito-del-empleo-con-motivo-del-1-de-mayo\/","og_locale":"es_ES","og_type":"article","og_title":"Geroa Bai reclama que las pol\u00edticas p\u00fablicas pongan el acento en el \u00e1mbito del empleo con motivo del 1 de mayo - Asociaci\u00f3n Espa\u00f1ola S\u00edndrome de Charge","og_description":"Leemos en 20minutos la siguiente noticia que os reproducimos de forma \u00edntegra: Geroa Bai ha reitera en un comunicado la importancia de \u00abhacer cambios que no sean puramente cosm\u00e9ticos sino cambios de profundidad que aborden las brechas actualmente existentes e impulsen la cohesi\u00f3n social\u00bb. Para ello, la coalici\u00f3n insiste en la necesidad de \u00abderogar la [&hellip;]","og_url":"https:\/\/sindromecharge.es\/index.php\/2021\/04\/30\/geroa-bai-reclama-que-las-politicas-publicas-pongan-el-acento-en-el-ambito-del-empleo-con-motivo-del-1-de-mayo\/","og_site_name":"Asociaci\u00f3n Espa\u00f1ola S\u00edndrome de Charge","article_publisher":"https:\/\/www.facebook.com\/asociacionsindromecharge","article_published_time":"2021-04-30T08:54:25+00:00","og_image":[{"width":300,"height":98,"url":"https:\/\/sindromecharge.es\/wp-content\/uploads\/2013\/09\/logodecharge300x98.png","type":"image\/png"}],"author":"Charge","twitter_card":"summary_large_image","twitter_creator":"@sindromecharge","twitter_site":"@sindromecharge","twitter_misc":{"Escrito por":"Charge","Tiempo de lectura":"1 minuto"},"schema":{"@context":"https:\/\/schema.org","@graph":[{"@type":"Article","@id":"https:\/\/sindromecharge.es\/index.php\/2021\/04\/30\/geroa-bai-reclama-que-las-politicas-publicas-pongan-el-acento-en-el-ambito-del-empleo-con-motivo-del-1-de-mayo\/#article","isPartOf":{"@id":"https:\/\/sindromecharge.es\/index.php\/2021\/04\/30\/geroa-bai-reclama-que-las-politicas-publicas-pongan-el-acento-en-el-ambito-del-empleo-con-motivo-del-1-de-mayo\/"},"author":{"name":"Charge","@id":"https:\/\/sindromecharge.es\/#\/schema\/person\/39a60ebe0a2b4d5a11179701e336b039"},"headline":"Geroa Bai reclama que las pol\u00edticas p\u00fablicas pongan el acento en el \u00e1mbito del empleo con motivo del 1 de mayo","datePublished":"2021-04-30T08:54:25+00:00","mainEntityOfPage":{"@id":"https:\/\/sindromecharge.es\/index.php\/2021\/04\/30\/geroa-bai-reclama-que-las-politicas-publicas-pongan-el-acento-en-el-ambito-del-empleo-con-motivo-del-1-de-mayo\/"},"wordCount":267,"commentCount":0,"keywords":["discapacidad"],"articleSection":["noticias"],"inLanguage":"es","potentialAction":[{"@type":"CommentAction","name":"Comment","target":["https:\/\/sindromecharge.es\/index.php\/2021\/04\/30\/geroa-bai-reclama-que-las-politicas-publicas-pongan-el-acento-en-el-ambito-del-empleo-con-motivo-del-1-de-mayo\/#respond"]}]},{"@type":"WebPage","@id":"https:\/\/sindromecharge.es\/index.php\/2021\/04\/30\/geroa-bai-reclama-que-las-politicas-publicas-pongan-el-acento-en-el-ambito-del-empleo-con-motivo-del-1-de-mayo\/","url":"https:\/\/sindromecharge.es\/index.php\/2021\/04\/30\/geroa-bai-reclama-que-las-politicas-publicas-pongan-el-acento-en-el-ambito-del-empleo-con-motivo-del-1-de-mayo\/","name":"Geroa Bai reclama que las pol\u00edticas p\u00fablicas pongan el acento en el \u00e1mbito del empleo con motivo del 1 de mayo - Asociaci\u00f3n Espa\u00f1ola S\u00edndrome de Charge","isPartOf":{"@id":"https:\/\/sindromecharge.es\/#website"},"datePublished":"2021-04-30T08:54:25+00:00","author":{"@id":"https:\/\/sindromecharge.es\/#\/schema\/person\/39a60ebe0a2b4d5a11179701e336b039"},"breadcrumb":{"@id":"https:\/\/sindromecharge.es\/index.php\/2021\/04\/30\/geroa-bai-reclama-que-las-politicas-publicas-pongan-el-acento-en-el-ambito-del-empleo-con-motivo-del-1-de-mayo\/#breadcrumb"},"inLanguage":"es","potentialAction":[{"@type":"ReadAction","target":["https:\/\/sindromecharge.es\/index.php\/2021\/04\/30\/geroa-bai-reclama-que-las-politicas-publicas-pongan-el-acento-en-el-ambito-del-empleo-con-motivo-del-1-de-mayo\/"]}]},{"@type":"BreadcrumbList","@id":"https:\/\/sindromecharge.es\/index.php\/2021\/04\/30\/geroa-bai-reclama-que-las-politicas-publicas-pongan-el-acento-en-el-ambito-del-empleo-con-motivo-del-1-de-mayo\/#breadcrumb","itemListElement":[{"@type":"ListItem","position":1,"name":"Portada","item":"https:\/\/sindromecharge.es\/"},{"@type":"ListItem","position":2,"name":"Geroa Bai reclama que las pol\u00edticas p\u00fablicas pongan el acento en el \u00e1mbito del empleo con motivo del 1 de mayo"}]},{"@type":"WebSite","@id":"https:\/\/sindromecharge.es\/#website","url":"https:\/\/sindromecharge.es\/","name":"Asociaci\u00f3n Espa\u00f1ola S\u00edndrome de Charge","description":"","potentialAction":[{"@type":"SearchAction","target":{"@type":"EntryPoint","urlTemplate":"https:\/\/sindromecharge.es\/?s={search_term_string}"},"query-input":{"@type":"PropertyValueSpecification","valueRequired":true,"valueName":"search_term_string"}}],"inLanguage":"es"},{"@type":"Person","@id":"https:\/\/sindromecharge.es\/#\/schema\/person\/39a60ebe0a2b4d5a11179701e336b039","name":"Charge","image":{"@type":"ImageObject","inLanguage":"es","@id":"https:\/\/secure.gravatar.com\/avatar\/c3b46e32a0fc3b093a0873fb767bf3293de856293065e84ef06b7ec7a8acfb98?s=96&d=identicon&r=x","url":"https:\/\/secure.gravatar.com\/avatar\/c3b46e32a0fc3b093a0873fb767bf3293de856293065e84ef06b7ec7a8acfb98?s=96&d=identicon&r=x","contentUrl":"https:\/\/secure.gravatar.com\/avatar\/c3b46e32a0fc3b093a0873fb767bf3293de856293065e84ef06b7ec7a8acfb98?s=96&d=identicon&r=x","caption":"Charge"},"url":"https:\/\/sindromecharge.es\/index.php\/author\/admin\/"}]}},"_links":{"self":[{"href":"https:\/\/sindromecharge.es\/index.php\/wp-json\/wp\/v2\/posts\/7101","targetHints":{"allow":["GET"]}}],"collection":[{"href":"https:\/\/sindromecharge.es\/index.php\/wp-json\/wp\/v2\/posts"}],"about":[{"href":"https:\/\/sindromecharge.es\/index.php\/wp-json\/wp\/v2\/types\/post"}],"author":[{"embeddable":true,"href":"https:\/\/sindromecharge.es\/index.php\/wp-json\/wp\/v2\/users\/1"}],"replies":[{"embeddable":true,"href":"https:\/\/sindromecharge.es\/index.php\/wp-json\/wp\/v2\/comments?post=7101"}],"version-history":[{"count":0,"href":"https:\/\/sindromecharge.es\/index.php\/wp-json\/wp\/v2\/posts\/7101\/revisions"}],"wp:attachment":[{"href":"https:\/\/sindromecharge.es\/index.php\/wp-json\/wp\/v2\/media?parent=7101"}],"wp:term":[{"taxonomy":"category","embeddable":true,"href":"https:\/\/sindromecharge.es\/index.php\/wp-json\/wp\/v2\/categories?post=7101"},{"taxonomy":"post_tag","embeddable":true,"href":"https:\/\/sindromecharge.es\/index.php\/wp-json\/wp\/v2\/tags?post=7101"}],"curies":[{"name":"wp","href":"https:\/\/api.w.org\/{rel}","templated":true}]}}