{"id":7100,"date":"2021-04-29T17:06:17","date_gmt":"2021-04-29T17:06:17","guid":{"rendered":"https:\/\/sindromecharge.es\/index.php\/2021\/04\/29\/el-ayuntamiento-impulsara-un-plan-de-formacion-en-favor-de-un-trato-adecuado-para-las-personas-discapacitadas\/"},"modified":"2021-04-29T17:06:17","modified_gmt":"2021-04-29T17:06:17","slug":"el-ayuntamiento-impulsara-un-plan-de-formacion-en-favor-de-un-trato-adecuado-para-las-personas-discapacitadas","status":"publish","type":"post","link":"https:\/\/sindromecharge.es\/index.php\/2021\/04\/29\/el-ayuntamiento-impulsara-un-plan-de-formacion-en-favor-de-un-trato-adecuado-para-las-personas-discapacitadas\/","title":{"rendered":"El Ayuntamiento impulsar\u00e1 un plan de formaci\u00f3n en favor de un trato adecuado para las personas discapacitadas"},"content":{"rendered":"<p>Leemos en 20minutos la siguiente noticia que os reproducimos de forma \u00edntegra: <\/p>\n<p>Esta decisi\u00f3n se ha adoptado tras salir adelante la moci\u00f3n inicialmente planteada por el grupo municipal de Cs en este sentido, un escrito presentado por su portavoz, Fernando Giner, y el edil Javier Copov\u00ed. Esta iniciativa lleva tambi\u00e9n a intensificar \u00ablas campa\u00f1as municipales para visibilizar la discapacidad, as\u00ed como para fomentar la inclusi\u00f3n, la no discriminaci\u00f3n y la diversidad social\u00bb.<\/p>\n<p>Copov\u00ed, que ha defendido la moci\u00f3n en el pleno, ha considerado \u00abesencial que las administraciones se comprometan con la accesibilidad de las personas con discapacidad, la visibilizaci\u00f3n de la diversidad, la inclusi\u00f3n y la formaci\u00f3n\u00bb.<\/p>\n<p>La propuesta planteaba el plan de formaci\u00f3n en el Trato Adecuado a las Personas con Discapacidad, con enfoque de g\u00e9nero desarrollado por el CERMI Comunidad Valenciana (cuyo presidente, Luis Va\u00f1\u00f3 ha intervenido en la sesi\u00f3n plenaria en este punto del orden del d\u00eda), en coordinaci\u00f3n con la OMAD y el Consell Municipal de personas con discapacidad.<\/p>\n<p>\u00abLa interrelaci\u00f3n con personas con discapacidad, sobre todo en el caso de que la diversidad funcional sea poco visible como la discapacidad intelectual o cognitiva, el Trastorno de Espectro Autista, problemas de salud mental o disfunciones sensoriales y de comunicaci\u00f3n, es mucho m\u00e1s dif\u00edcil si no se tiene un m\u00ednimo de formaci\u00f3n en el conocimiento de las conductas de estas personas y sus caracter\u00edsticas diferenciales\u00bb, ha expuesto Copov\u00ed, que ha insistido en la necesidad de la formaci\u00f3n.<\/p>\n<p>La iniciativa tambi\u00e9n busca que desde el Ayuntamiento y desde sus empresas municipales y organismos aut\u00f3nomos \u00abse contin\u00fae trabajando, con m\u00e1s intensidad, en campa\u00f1as de visibilizaci\u00f3n, concienciaci\u00f3n y aceptaci\u00f3n de la diversidad, derechos, la no discriminaci\u00f3n y la plena inclusi\u00f3n de todas las personas\u00bb.<\/p>\n<p>La concejala de Bienestar y Derechos Sociales, Isabel Lozano, ha mostrado la conformidad del equipo de gobierno (Comprom\u00eds y PSPV) con la propuesta y ha avanzado que se trabaja \u00abya en una campa\u00f1a informativa sobre el uso de las plazas de aparcamiento para las personas con discapacidad\u00bb.<\/p>\n<p>\u00abPRINCIPIO RECTOR\u00bb<\/p>\n<p>Por parte del PP, la edil Marta Torrado ha considerado que \u00abel respeto y el conocimiento de las diferentes discapacidades es un principio rector de la funci\u00f3n p\u00fablica\u00bb. Desde Vox, su portavoz, Pepe Gos\u00e1lbez, ha dicho que \u00abtodas las personas son iguales y tienen la misma dignidad\u00bb.<\/p>\n<p>El presidente del Comit\u00e9 de Representantes de las personas con discapacidad de la Comunidad Valenciana (CERMI CV) ha afirmado que \u00abla administraci\u00f3n p\u00fablica debe tener un comportamiento plenamente inclusivo, que suprima barreras y estereotipos y facilite la integraci\u00f3n\u00bb.<\/p>\n<p>Fuente: 20minutos <a href=\"https:\/\/www.20minutos.es\/noticia\/4679413\/0\/el-ayuntamiento-impulsara-un-plan-de-formacion-en-favor-de-un-trato-adecuado-para-las-personas-discapacitadas\/\" target=\"_blank\" rel=\"noopener\">El Ayuntamiento impulsar\u00e1 un plan de formaci\u00f3n en favor de un trato adecuado para las personas discapacitadas<\/a><\/p>\n","protected":false},"excerpt":{"rendered":"<p>Leemos en 20minutos la siguiente noticia que os reproducimos de forma \u00edntegra: Esta decisi\u00f3n se ha adoptado tras salir adelante la moci\u00f3n inicialmente planteada por el grupo municipal de Cs en este sentido, un escrito presentado por su portavoz, Fernando Giner, y el edil Javier Copov\u00ed. Esta iniciativa lleva tambi\u00e9n a intensificar \u00ablas campa\u00f1as municipales [&hellip;]<\/p>\n","protected":false},"author":1,"featured_media":0,"comment_status":"open","ping_status":"closed","sticky":false,"template":"","format":"standard","meta":{"footnotes":""},"categories":[8],"tags":[31],"class_list":["post-7100","post","type-post","status-publish","format-standard","hentry","category-noticias","tag-discapacidad"],"yoast_head":"<!-- This site is optimized with the Yoast SEO plugin v27.5 - https:\/\/yoast.com\/product\/yoast-seo-wordpress\/ -->\n<title>El Ayuntamiento impulsar\u00e1 un plan de formaci\u00f3n en favor de un trato adecuado para las personas discapacitadas - Asociaci\u00f3n Espa\u00f1ola S\u00edndrome de Charge<\/title>\n<meta name=\"robots\" content=\"index, follow, max-snippet:-1, max-image-preview:large, max-video-preview:-1\" \/>\n<link rel=\"canonical\" href=\"https:\/\/sindromecharge.es\/index.php\/2021\/04\/29\/el-ayuntamiento-impulsara-un-plan-de-formacion-en-favor-de-un-trato-adecuado-para-las-personas-discapacitadas\/\" \/>\n<meta property=\"og:locale\" content=\"es_ES\" \/>\n<meta property=\"og:type\" content=\"article\" \/>\n<meta property=\"og:title\" content=\"El Ayuntamiento impulsar\u00e1 un plan de formaci\u00f3n en favor de un trato adecuado para las personas discapacitadas - Asociaci\u00f3n Espa\u00f1ola S\u00edndrome de Charge\" \/>\n<meta property=\"og:description\" content=\"Leemos en 20minutos la siguiente noticia que os reproducimos de forma \u00edntegra: Esta decisi\u00f3n se ha adoptado tras salir adelante la moci\u00f3n inicialmente planteada por el grupo municipal de Cs en este sentido, un escrito presentado por su portavoz, Fernando Giner, y el edil Javier Copov\u00ed. Esta iniciativa lleva tambi\u00e9n a intensificar \u00ablas campa\u00f1as municipales [&hellip;]\" \/>\n<meta property=\"og:url\" content=\"https:\/\/sindromecharge.es\/index.php\/2021\/04\/29\/el-ayuntamiento-impulsara-un-plan-de-formacion-en-favor-de-un-trato-adecuado-para-las-personas-discapacitadas\/\" \/>\n<meta property=\"og:site_name\" content=\"Asociaci\u00f3n Espa\u00f1ola S\u00edndrome de Charge\" \/>\n<meta property=\"article:publisher\" content=\"https:\/\/www.facebook.com\/asociacionsindromecharge\" \/>\n<meta property=\"article:published_time\" content=\"2021-04-29T17:06:17+00:00\" \/>\n<meta property=\"og:image\" content=\"https:\/\/sindromecharge.es\/wp-content\/uploads\/2013\/09\/logodecharge300x98.png\" \/>\n\t<meta property=\"og:image:width\" content=\"300\" \/>\n\t<meta property=\"og:image:height\" content=\"98\" \/>\n\t<meta property=\"og:image:type\" content=\"image\/png\" \/>\n<meta name=\"author\" content=\"Charge\" \/>\n<meta name=\"twitter:card\" content=\"summary_large_image\" \/>\n<meta name=\"twitter:creator\" content=\"@sindromecharge\" \/>\n<meta name=\"twitter:site\" content=\"@sindromecharge\" \/>\n<meta name=\"twitter:label1\" content=\"Escrito por\" \/>\n\t<meta name=\"twitter:data1\" content=\"Charge\" \/>\n\t<meta name=\"twitter:label2\" content=\"Tiempo de lectura\" \/>\n\t<meta name=\"twitter:data2\" content=\"2 minutos\" \/>\n<script type=\"application\/ld+json\" class=\"yoast-schema-graph\">{\"@context\":\"https:\\\/\\\/schema.org\",\"@graph\":[{\"@type\":\"Article\",\"@id\":\"https:\\\/\\\/sindromecharge.es\\\/index.php\\\/2021\\\/04\\\/29\\\/el-ayuntamiento-impulsara-un-plan-de-formacion-en-favor-de-un-trato-adecuado-para-las-personas-discapacitadas\\\/#article\",\"isPartOf\":{\"@id\":\"https:\\\/\\\/sindromecharge.es\\\/index.php\\\/2021\\\/04\\\/29\\\/el-ayuntamiento-impulsara-un-plan-de-formacion-en-favor-de-un-trato-adecuado-para-las-personas-discapacitadas\\\/\"},\"author\":{\"name\":\"Charge\",\"@id\":\"https:\\\/\\\/sindromecharge.es\\\/#\\\/schema\\\/person\\\/39a60ebe0a2b4d5a11179701e336b039\"},\"headline\":\"El Ayuntamiento impulsar\u00e1 un plan de formaci\u00f3n en favor de un trato adecuado para las personas discapacitadas\",\"datePublished\":\"2021-04-29T17:06:17+00:00\",\"mainEntityOfPage\":{\"@id\":\"https:\\\/\\\/sindromecharge.es\\\/index.php\\\/2021\\\/04\\\/29\\\/el-ayuntamiento-impulsara-un-plan-de-formacion-en-favor-de-un-trato-adecuado-para-las-personas-discapacitadas\\\/\"},\"wordCount\":497,\"commentCount\":0,\"keywords\":[\"discapacidad\"],\"articleSection\":[\"noticias\"],\"inLanguage\":\"es\",\"potentialAction\":[{\"@type\":\"CommentAction\",\"name\":\"Comment\",\"target\":[\"https:\\\/\\\/sindromecharge.es\\\/index.php\\\/2021\\\/04\\\/29\\\/el-ayuntamiento-impulsara-un-plan-de-formacion-en-favor-de-un-trato-adecuado-para-las-personas-discapacitadas\\\/#respond\"]}]},{\"@type\":\"WebPage\",\"@id\":\"https:\\\/\\\/sindromecharge.es\\\/index.php\\\/2021\\\/04\\\/29\\\/el-ayuntamiento-impulsara-un-plan-de-formacion-en-favor-de-un-trato-adecuado-para-las-personas-discapacitadas\\\/\",\"url\":\"https:\\\/\\\/sindromecharge.es\\\/index.php\\\/2021\\\/04\\\/29\\\/el-ayuntamiento-impulsara-un-plan-de-formacion-en-favor-de-un-trato-adecuado-para-las-personas-discapacitadas\\\/\",\"name\":\"El Ayuntamiento impulsar\u00e1 un plan de formaci\u00f3n en favor de un trato adecuado para las personas discapacitadas - Asociaci\u00f3n Espa\u00f1ola S\u00edndrome de Charge\",\"isPartOf\":{\"@id\":\"https:\\\/\\\/sindromecharge.es\\\/#website\"},\"datePublished\":\"2021-04-29T17:06:17+00:00\",\"author\":{\"@id\":\"https:\\\/\\\/sindromecharge.es\\\/#\\\/schema\\\/person\\\/39a60ebe0a2b4d5a11179701e336b039\"},\"breadcrumb\":{\"@id\":\"https:\\\/\\\/sindromecharge.es\\\/index.php\\\/2021\\\/04\\\/29\\\/el-ayuntamiento-impulsara-un-plan-de-formacion-en-favor-de-un-trato-adecuado-para-las-personas-discapacitadas\\\/#breadcrumb\"},\"inLanguage\":\"es\",\"potentialAction\":[{\"@type\":\"ReadAction\",\"target\":[\"https:\\\/\\\/sindromecharge.es\\\/index.php\\\/2021\\\/04\\\/29\\\/el-ayuntamiento-impulsara-un-plan-de-formacion-en-favor-de-un-trato-adecuado-para-las-personas-discapacitadas\\\/\"]}]},{\"@type\":\"BreadcrumbList\",\"@id\":\"https:\\\/\\\/sindromecharge.es\\\/index.php\\\/2021\\\/04\\\/29\\\/el-ayuntamiento-impulsara-un-plan-de-formacion-en-favor-de-un-trato-adecuado-para-las-personas-discapacitadas\\\/#breadcrumb\",\"itemListElement\":[{\"@type\":\"ListItem\",\"position\":1,\"name\":\"Portada\",\"item\":\"https:\\\/\\\/sindromecharge.es\\\/\"},{\"@type\":\"ListItem\",\"position\":2,\"name\":\"El Ayuntamiento impulsar\u00e1 un plan de formaci\u00f3n en favor de un trato adecuado para las personas discapacitadas\"}]},{\"@type\":\"WebSite\",\"@id\":\"https:\\\/\\\/sindromecharge.es\\\/#website\",\"url\":\"https:\\\/\\\/sindromecharge.es\\\/\",\"name\":\"Asociaci\u00f3n Espa\u00f1ola S\u00edndrome de Charge\",\"description\":\"\",\"potentialAction\":[{\"@type\":\"SearchAction\",\"target\":{\"@type\":\"EntryPoint\",\"urlTemplate\":\"https:\\\/\\\/sindromecharge.es\\\/?s={search_term_string}\"},\"query-input\":{\"@type\":\"PropertyValueSpecification\",\"valueRequired\":true,\"valueName\":\"search_term_string\"}}],\"inLanguage\":\"es\"},{\"@type\":\"Person\",\"@id\":\"https:\\\/\\\/sindromecharge.es\\\/#\\\/schema\\\/person\\\/39a60ebe0a2b4d5a11179701e336b039\",\"name\":\"Charge\",\"image\":{\"@type\":\"ImageObject\",\"inLanguage\":\"es\",\"@id\":\"https:\\\/\\\/secure.gravatar.com\\\/avatar\\\/c3b46e32a0fc3b093a0873fb767bf3293de856293065e84ef06b7ec7a8acfb98?s=96&d=identicon&r=x\",\"url\":\"https:\\\/\\\/secure.gravatar.com\\\/avatar\\\/c3b46e32a0fc3b093a0873fb767bf3293de856293065e84ef06b7ec7a8acfb98?s=96&d=identicon&r=x\",\"contentUrl\":\"https:\\\/\\\/secure.gravatar.com\\\/avatar\\\/c3b46e32a0fc3b093a0873fb767bf3293de856293065e84ef06b7ec7a8acfb98?s=96&d=identicon&r=x\",\"caption\":\"Charge\"},\"url\":\"https:\\\/\\\/sindromecharge.es\\\/index.php\\\/author\\\/admin\\\/\"}]}<\/script>\n<!-- \/ Yoast SEO plugin. -->","yoast_head_json":{"title":"El Ayuntamiento impulsar\u00e1 un plan de formaci\u00f3n en favor de un trato adecuado para las personas discapacitadas - Asociaci\u00f3n Espa\u00f1ola S\u00edndrome de Charge","robots":{"index":"index","follow":"follow","max-snippet":"max-snippet:-1","max-image-preview":"max-image-preview:large","max-video-preview":"max-video-preview:-1"},"canonical":"https:\/\/sindromecharge.es\/index.php\/2021\/04\/29\/el-ayuntamiento-impulsara-un-plan-de-formacion-en-favor-de-un-trato-adecuado-para-las-personas-discapacitadas\/","og_locale":"es_ES","og_type":"article","og_title":"El Ayuntamiento impulsar\u00e1 un plan de formaci\u00f3n en favor de un trato adecuado para las personas discapacitadas - Asociaci\u00f3n Espa\u00f1ola S\u00edndrome de Charge","og_description":"Leemos en 20minutos la siguiente noticia que os reproducimos de forma \u00edntegra: Esta decisi\u00f3n se ha adoptado tras salir adelante la moci\u00f3n inicialmente planteada por el grupo municipal de Cs en este sentido, un escrito presentado por su portavoz, Fernando Giner, y el edil Javier Copov\u00ed. Esta iniciativa lleva tambi\u00e9n a intensificar \u00ablas campa\u00f1as municipales [&hellip;]","og_url":"https:\/\/sindromecharge.es\/index.php\/2021\/04\/29\/el-ayuntamiento-impulsara-un-plan-de-formacion-en-favor-de-un-trato-adecuado-para-las-personas-discapacitadas\/","og_site_name":"Asociaci\u00f3n Espa\u00f1ola S\u00edndrome de Charge","article_publisher":"https:\/\/www.facebook.com\/asociacionsindromecharge","article_published_time":"2021-04-29T17:06:17+00:00","og_image":[{"width":300,"height":98,"url":"https:\/\/sindromecharge.es\/wp-content\/uploads\/2013\/09\/logodecharge300x98.png","type":"image\/png"}],"author":"Charge","twitter_card":"summary_large_image","twitter_creator":"@sindromecharge","twitter_site":"@sindromecharge","twitter_misc":{"Escrito por":"Charge","Tiempo de lectura":"2 minutos"},"schema":{"@context":"https:\/\/schema.org","@graph":[{"@type":"Article","@id":"https:\/\/sindromecharge.es\/index.php\/2021\/04\/29\/el-ayuntamiento-impulsara-un-plan-de-formacion-en-favor-de-un-trato-adecuado-para-las-personas-discapacitadas\/#article","isPartOf":{"@id":"https:\/\/sindromecharge.es\/index.php\/2021\/04\/29\/el-ayuntamiento-impulsara-un-plan-de-formacion-en-favor-de-un-trato-adecuado-para-las-personas-discapacitadas\/"},"author":{"name":"Charge","@id":"https:\/\/sindromecharge.es\/#\/schema\/person\/39a60ebe0a2b4d5a11179701e336b039"},"headline":"El Ayuntamiento impulsar\u00e1 un plan de formaci\u00f3n en favor de un trato adecuado para las personas discapacitadas","datePublished":"2021-04-29T17:06:17+00:00","mainEntityOfPage":{"@id":"https:\/\/sindromecharge.es\/index.php\/2021\/04\/29\/el-ayuntamiento-impulsara-un-plan-de-formacion-en-favor-de-un-trato-adecuado-para-las-personas-discapacitadas\/"},"wordCount":497,"commentCount":0,"keywords":["discapacidad"],"articleSection":["noticias"],"inLanguage":"es","potentialAction":[{"@type":"CommentAction","name":"Comment","target":["https:\/\/sindromecharge.es\/index.php\/2021\/04\/29\/el-ayuntamiento-impulsara-un-plan-de-formacion-en-favor-de-un-trato-adecuado-para-las-personas-discapacitadas\/#respond"]}]},{"@type":"WebPage","@id":"https:\/\/sindromecharge.es\/index.php\/2021\/04\/29\/el-ayuntamiento-impulsara-un-plan-de-formacion-en-favor-de-un-trato-adecuado-para-las-personas-discapacitadas\/","url":"https:\/\/sindromecharge.es\/index.php\/2021\/04\/29\/el-ayuntamiento-impulsara-un-plan-de-formacion-en-favor-de-un-trato-adecuado-para-las-personas-discapacitadas\/","name":"El Ayuntamiento impulsar\u00e1 un plan de formaci\u00f3n en favor de un trato adecuado para las personas discapacitadas - Asociaci\u00f3n Espa\u00f1ola S\u00edndrome de Charge","isPartOf":{"@id":"https:\/\/sindromecharge.es\/#website"},"datePublished":"2021-04-29T17:06:17+00:00","author":{"@id":"https:\/\/sindromecharge.es\/#\/schema\/person\/39a60ebe0a2b4d5a11179701e336b039"},"breadcrumb":{"@id":"https:\/\/sindromecharge.es\/index.php\/2021\/04\/29\/el-ayuntamiento-impulsara-un-plan-de-formacion-en-favor-de-un-trato-adecuado-para-las-personas-discapacitadas\/#breadcrumb"},"inLanguage":"es","potentialAction":[{"@type":"ReadAction","target":["https:\/\/sindromecharge.es\/index.php\/2021\/04\/29\/el-ayuntamiento-impulsara-un-plan-de-formacion-en-favor-de-un-trato-adecuado-para-las-personas-discapacitadas\/"]}]},{"@type":"BreadcrumbList","@id":"https:\/\/sindromecharge.es\/index.php\/2021\/04\/29\/el-ayuntamiento-impulsara-un-plan-de-formacion-en-favor-de-un-trato-adecuado-para-las-personas-discapacitadas\/#breadcrumb","itemListElement":[{"@type":"ListItem","position":1,"name":"Portada","item":"https:\/\/sindromecharge.es\/"},{"@type":"ListItem","position":2,"name":"El Ayuntamiento impulsar\u00e1 un plan de formaci\u00f3n en favor de un trato adecuado para las personas discapacitadas"}]},{"@type":"WebSite","@id":"https:\/\/sindromecharge.es\/#website","url":"https:\/\/sindromecharge.es\/","name":"Asociaci\u00f3n Espa\u00f1ola S\u00edndrome de Charge","description":"","potentialAction":[{"@type":"SearchAction","target":{"@type":"EntryPoint","urlTemplate":"https:\/\/sindromecharge.es\/?s={search_term_string}"},"query-input":{"@type":"PropertyValueSpecification","valueRequired":true,"valueName":"search_term_string"}}],"inLanguage":"es"},{"@type":"Person","@id":"https:\/\/sindromecharge.es\/#\/schema\/person\/39a60ebe0a2b4d5a11179701e336b039","name":"Charge","image":{"@type":"ImageObject","inLanguage":"es","@id":"https:\/\/secure.gravatar.com\/avatar\/c3b46e32a0fc3b093a0873fb767bf3293de856293065e84ef06b7ec7a8acfb98?s=96&d=identicon&r=x","url":"https:\/\/secure.gravatar.com\/avatar\/c3b46e32a0fc3b093a0873fb767bf3293de856293065e84ef06b7ec7a8acfb98?s=96&d=identicon&r=x","contentUrl":"https:\/\/secure.gravatar.com\/avatar\/c3b46e32a0fc3b093a0873fb767bf3293de856293065e84ef06b7ec7a8acfb98?s=96&d=identicon&r=x","caption":"Charge"},"url":"https:\/\/sindromecharge.es\/index.php\/author\/admin\/"}]}},"_links":{"self":[{"href":"https:\/\/sindromecharge.es\/index.php\/wp-json\/wp\/v2\/posts\/7100","targetHints":{"allow":["GET"]}}],"collection":[{"href":"https:\/\/sindromecharge.es\/index.php\/wp-json\/wp\/v2\/posts"}],"about":[{"href":"https:\/\/sindromecharge.es\/index.php\/wp-json\/wp\/v2\/types\/post"}],"author":[{"embeddable":true,"href":"https:\/\/sindromecharge.es\/index.php\/wp-json\/wp\/v2\/users\/1"}],"replies":[{"embeddable":true,"href":"https:\/\/sindromecharge.es\/index.php\/wp-json\/wp\/v2\/comments?post=7100"}],"version-history":[{"count":0,"href":"https:\/\/sindromecharge.es\/index.php\/wp-json\/wp\/v2\/posts\/7100\/revisions"}],"wp:attachment":[{"href":"https:\/\/sindromecharge.es\/index.php\/wp-json\/wp\/v2\/media?parent=7100"}],"wp:term":[{"taxonomy":"category","embeddable":true,"href":"https:\/\/sindromecharge.es\/index.php\/wp-json\/wp\/v2\/categories?post=7100"},{"taxonomy":"post_tag","embeddable":true,"href":"https:\/\/sindromecharge.es\/index.php\/wp-json\/wp\/v2\/tags?post=7100"}],"curies":[{"name":"wp","href":"https:\/\/api.w.org\/{rel}","templated":true}]}}