{"id":7099,"date":"2021-04-29T15:40:21","date_gmt":"2021-04-29T15:40:21","guid":{"rendered":"https:\/\/sindromecharge.es\/index.php\/2021\/04\/29\/diputacion-diputacion-y-verdiblanca-impulsan-un-taller-sobre-festivales-audiovisuales-accesibles-e-inclusivos\/"},"modified":"2021-04-29T15:40:21","modified_gmt":"2021-04-29T15:40:21","slug":"diputacion-diputacion-y-verdiblanca-impulsan-un-taller-sobre-festivales-audiovisuales-accesibles-e-inclusivos","status":"publish","type":"post","link":"https:\/\/sindromecharge.es\/index.php\/2021\/04\/29\/diputacion-diputacion-y-verdiblanca-impulsan-un-taller-sobre-festivales-audiovisuales-accesibles-e-inclusivos\/","title":{"rendered":"Diputaci\u00f3n.-Diputaci\u00f3n y Verdiblanca impulsan un taller sobre festivales audiovisuales accesibles e inclusivos"},"content":{"rendered":"<p>Leemos en 20minutos la siguiente noticia que os reproducimos de forma \u00edntegra: <\/p>\n<p>En la presentaci\u00f3n han participado tambi\u00e9n el presidente de esta asociaci\u00f3n, Antonio S\u00e1nchez de Amo, as\u00ed como el director de la acci\u00f3n formativa, Daniel Parra.<\/p>\n<p>Guzm\u00e1n, que ha estado acompa\u00f1ado por Antonio S\u00e1nchez de Amo, presidente de Verdiblanca y Daniel Parra, coordinador del taller, ha explicado que esta acci\u00f3n formativa \u00absurge ante la propuesta que se formul\u00f3 en la segunda reuni\u00f3n de festivales de cine y audiovisuales de la provincia de Almer\u00eda\u00bb.<\/p>\n<p>\u00abSe trata de un encuentro que pilota &#8216;Filming Almer\u00eda&#8217; en el marco de las actividades previas a Fical 2020 y que se celebr\u00f3 v\u00eda telem\u00e1tica el pasado 11 de noviembre. Fue un compromiso que adquirimos all\u00ed, y es algo que tenemos que cumplir, y que Almer\u00eda sea ejemplo para otras provincias\u00bb, ha trasladado.<\/p>\n<p>Por su parte, Antonio S\u00e1nchez de Amo ha agradecido la apuesta de la Diputaci\u00f3n por este taller y ha elogiado el grupo de docentes que van a participar en esta iniciativa.<\/p>\n<p>\u00abVamos a contar con unos docentes que creo que son lo mejor que hay actualmente en Espa\u00f1a para poder ense\u00f1ar c\u00f3mo hacer una actividad cultural de esta \u00edndole de una manera inclusiva\u00bb, ha indicado.<\/p>\n<p>Daniel Parra ha subrayado que en t\u00e9rminos generales \u00abhablaremos en qu\u00e9 consiste hacer un festival de cine accesible y en qu\u00e9 consiste hacer un festival de cine inclusivo, son dos t\u00e9rminos que no son iguales pero que creemos que es necesario que se den ambos en cada uno de los festivales\u00bb.<\/p>\n<p>Con este taller, se pretende conocer y establecer medios para que un colectivo con dificultades sociales como es el de la discapacidad se integre y participe en festivales audiovisuales.<\/p>\n<p>Los ponentes ser\u00e1n Daniel Parra, coordinador del Festival Inclusivo de Cortometrajes Gallo Pedro; Loles Pe\u00f1a, Presidenta de la Asociaci\u00f3n de Festivales Audiovisuales de Andaluc\u00eda-Asfaam); Merc\u00e8 Luz Arqu\u00e9, jefa del Departamento de Cultura y Ocio de la Fundaci\u00f3n ONCE); Gonzalo Mart\u00edn, del \u00c1rea de Comunicaci\u00f3n y Cultura de CESyA-Centro Espa\u00f1ol del Subtitulado y la Audiodescripci\u00f3n y responsable de accesibilidad en el Festival de Cine de San Sebasti\u00e1n; as\u00ed como Antonio S\u00e1nchez de Amo, presidente de la Asociaci\u00f3n de Personas con Discapacidad Verdiblanca y director del Festival Inclusivo de Cortometrajes Gallo Pedro e Isabel Guirao de la Oficina de Lectura F\u00e1cil y Accesibilidad de la Asociaci\u00f3n de Ocio Inclusivo &#8216;A toda vela&#8217;.<\/p>\n<p>Entre los contenidos que se impartir\u00e1n v\u00eda telem\u00e1tica, est\u00e1 dar respuesta a la pregunta \u00bfQu\u00e9 es un festival de cine accesible e inclusivo?. Adem\u00e1s se ver\u00e1 cual es la necesidad de hacer que un festival sea accesible e inclusivo, los costes y financiaci\u00f3n, claves para la accesibilidad y la inclusi\u00f3n, La audiodescripci\u00f3n en los festivales de cine, El subtitulado accesible y Festivales accesibles.<\/p>\n<p>El taller va dirigido a profesionales del \u00e1mbito del sector audiovisual y al personal t\u00e9cnico y pol\u00edtico encargado de dirigir o gestionar festivales, semanas, cert\u00e1menes o eventos audiovisuales.<\/p>\n<p>La matr\u00edcula tendr\u00e1 car\u00e1cter gratuito. Se realizar\u00e1 online cumplimentando la ficha de inscripci\u00f3n disponible en la p\u00e1gina<\/p>\n<p>Fuente: 20minutos <a href=\"https:\/\/www.20minutos.es\/noticia\/4679189\/0\/diputacion-diputacion-y-verdiblanca-impulsan-un-taller-sobre-festivales-audiovisuales-accesibles-e-inclusivos\/\" target=\"_blank\" rel=\"noopener\">Diputaci\u00f3n.-Diputaci\u00f3n y Verdiblanca impulsan un taller sobre festivales audiovisuales accesibles e inclusivos<\/a><\/p>\n","protected":false},"excerpt":{"rendered":"<p>Leemos en 20minutos la siguiente noticia que os reproducimos de forma \u00edntegra: En la presentaci\u00f3n han participado tambi\u00e9n el presidente de esta asociaci\u00f3n, Antonio S\u00e1nchez de Amo, as\u00ed como el director de la acci\u00f3n formativa, Daniel Parra. Guzm\u00e1n, que ha estado acompa\u00f1ado por Antonio S\u00e1nchez de Amo, presidente de Verdiblanca y Daniel Parra, coordinador del [&hellip;]<\/p>\n","protected":false},"author":1,"featured_media":0,"comment_status":"open","ping_status":"closed","sticky":false,"template":"","format":"standard","meta":{"footnotes":""},"categories":[8],"tags":[31],"class_list":["post-7099","post","type-post","status-publish","format-standard","hentry","category-noticias","tag-discapacidad"],"yoast_head":"<!-- This site is optimized with the Yoast SEO plugin v27.5 - https:\/\/yoast.com\/product\/yoast-seo-wordpress\/ -->\n<title>Diputaci\u00f3n.-Diputaci\u00f3n y Verdiblanca impulsan un taller sobre festivales audiovisuales accesibles e inclusivos - Asociaci\u00f3n Espa\u00f1ola S\u00edndrome de Charge<\/title>\n<meta name=\"robots\" content=\"index, follow, max-snippet:-1, max-image-preview:large, max-video-preview:-1\" \/>\n<link rel=\"canonical\" href=\"https:\/\/sindromecharge.es\/index.php\/2021\/04\/29\/diputacion-diputacion-y-verdiblanca-impulsan-un-taller-sobre-festivales-audiovisuales-accesibles-e-inclusivos\/\" \/>\n<meta property=\"og:locale\" content=\"es_ES\" \/>\n<meta property=\"og:type\" content=\"article\" \/>\n<meta property=\"og:title\" content=\"Diputaci\u00f3n.-Diputaci\u00f3n y Verdiblanca impulsan un taller sobre festivales audiovisuales accesibles e inclusivos - Asociaci\u00f3n Espa\u00f1ola S\u00edndrome de Charge\" \/>\n<meta property=\"og:description\" content=\"Leemos en 20minutos la siguiente noticia que os reproducimos de forma \u00edntegra: En la presentaci\u00f3n han participado tambi\u00e9n el presidente de esta asociaci\u00f3n, Antonio S\u00e1nchez de Amo, as\u00ed como el director de la acci\u00f3n formativa, Daniel Parra. Guzm\u00e1n, que ha estado acompa\u00f1ado por Antonio S\u00e1nchez de Amo, presidente de Verdiblanca y Daniel Parra, coordinador del [&hellip;]\" \/>\n<meta property=\"og:url\" content=\"https:\/\/sindromecharge.es\/index.php\/2021\/04\/29\/diputacion-diputacion-y-verdiblanca-impulsan-un-taller-sobre-festivales-audiovisuales-accesibles-e-inclusivos\/\" \/>\n<meta property=\"og:site_name\" content=\"Asociaci\u00f3n Espa\u00f1ola S\u00edndrome de Charge\" \/>\n<meta property=\"article:publisher\" content=\"https:\/\/www.facebook.com\/asociacionsindromecharge\" \/>\n<meta property=\"article:published_time\" content=\"2021-04-29T15:40:21+00:00\" \/>\n<meta property=\"og:image\" content=\"https:\/\/sindromecharge.es\/wp-content\/uploads\/2013\/09\/logodecharge300x98.png\" \/>\n\t<meta property=\"og:image:width\" content=\"300\" \/>\n\t<meta property=\"og:image:height\" content=\"98\" \/>\n\t<meta property=\"og:image:type\" content=\"image\/png\" \/>\n<meta name=\"author\" content=\"Charge\" \/>\n<meta name=\"twitter:card\" content=\"summary_large_image\" \/>\n<meta name=\"twitter:creator\" content=\"@sindromecharge\" \/>\n<meta name=\"twitter:site\" content=\"@sindromecharge\" \/>\n<meta name=\"twitter:label1\" content=\"Escrito por\" \/>\n\t<meta name=\"twitter:data1\" content=\"Charge\" \/>\n\t<meta name=\"twitter:label2\" content=\"Tiempo de lectura\" \/>\n\t<meta name=\"twitter:data2\" content=\"3 minutos\" \/>\n<script type=\"application\/ld+json\" class=\"yoast-schema-graph\">{\"@context\":\"https:\\\/\\\/schema.org\",\"@graph\":[{\"@type\":\"Article\",\"@id\":\"https:\\\/\\\/sindromecharge.es\\\/index.php\\\/2021\\\/04\\\/29\\\/diputacion-diputacion-y-verdiblanca-impulsan-un-taller-sobre-festivales-audiovisuales-accesibles-e-inclusivos\\\/#article\",\"isPartOf\":{\"@id\":\"https:\\\/\\\/sindromecharge.es\\\/index.php\\\/2021\\\/04\\\/29\\\/diputacion-diputacion-y-verdiblanca-impulsan-un-taller-sobre-festivales-audiovisuales-accesibles-e-inclusivos\\\/\"},\"author\":{\"name\":\"Charge\",\"@id\":\"https:\\\/\\\/sindromecharge.es\\\/#\\\/schema\\\/person\\\/39a60ebe0a2b4d5a11179701e336b039\"},\"headline\":\"Diputaci\u00f3n.-Diputaci\u00f3n y Verdiblanca impulsan un taller sobre festivales audiovisuales accesibles e inclusivos\",\"datePublished\":\"2021-04-29T15:40:21+00:00\",\"mainEntityOfPage\":{\"@id\":\"https:\\\/\\\/sindromecharge.es\\\/index.php\\\/2021\\\/04\\\/29\\\/diputacion-diputacion-y-verdiblanca-impulsan-un-taller-sobre-festivales-audiovisuales-accesibles-e-inclusivos\\\/\"},\"wordCount\":580,\"commentCount\":0,\"keywords\":[\"discapacidad\"],\"articleSection\":[\"noticias\"],\"inLanguage\":\"es\",\"potentialAction\":[{\"@type\":\"CommentAction\",\"name\":\"Comment\",\"target\":[\"https:\\\/\\\/sindromecharge.es\\\/index.php\\\/2021\\\/04\\\/29\\\/diputacion-diputacion-y-verdiblanca-impulsan-un-taller-sobre-festivales-audiovisuales-accesibles-e-inclusivos\\\/#respond\"]}]},{\"@type\":\"WebPage\",\"@id\":\"https:\\\/\\\/sindromecharge.es\\\/index.php\\\/2021\\\/04\\\/29\\\/diputacion-diputacion-y-verdiblanca-impulsan-un-taller-sobre-festivales-audiovisuales-accesibles-e-inclusivos\\\/\",\"url\":\"https:\\\/\\\/sindromecharge.es\\\/index.php\\\/2021\\\/04\\\/29\\\/diputacion-diputacion-y-verdiblanca-impulsan-un-taller-sobre-festivales-audiovisuales-accesibles-e-inclusivos\\\/\",\"name\":\"Diputaci\u00f3n.-Diputaci\u00f3n y Verdiblanca impulsan un taller sobre festivales audiovisuales accesibles e inclusivos - Asociaci\u00f3n Espa\u00f1ola S\u00edndrome de Charge\",\"isPartOf\":{\"@id\":\"https:\\\/\\\/sindromecharge.es\\\/#website\"},\"datePublished\":\"2021-04-29T15:40:21+00:00\",\"author\":{\"@id\":\"https:\\\/\\\/sindromecharge.es\\\/#\\\/schema\\\/person\\\/39a60ebe0a2b4d5a11179701e336b039\"},\"breadcrumb\":{\"@id\":\"https:\\\/\\\/sindromecharge.es\\\/index.php\\\/2021\\\/04\\\/29\\\/diputacion-diputacion-y-verdiblanca-impulsan-un-taller-sobre-festivales-audiovisuales-accesibles-e-inclusivos\\\/#breadcrumb\"},\"inLanguage\":\"es\",\"potentialAction\":[{\"@type\":\"ReadAction\",\"target\":[\"https:\\\/\\\/sindromecharge.es\\\/index.php\\\/2021\\\/04\\\/29\\\/diputacion-diputacion-y-verdiblanca-impulsan-un-taller-sobre-festivales-audiovisuales-accesibles-e-inclusivos\\\/\"]}]},{\"@type\":\"BreadcrumbList\",\"@id\":\"https:\\\/\\\/sindromecharge.es\\\/index.php\\\/2021\\\/04\\\/29\\\/diputacion-diputacion-y-verdiblanca-impulsan-un-taller-sobre-festivales-audiovisuales-accesibles-e-inclusivos\\\/#breadcrumb\",\"itemListElement\":[{\"@type\":\"ListItem\",\"position\":1,\"name\":\"Portada\",\"item\":\"https:\\\/\\\/sindromecharge.es\\\/\"},{\"@type\":\"ListItem\",\"position\":2,\"name\":\"Diputaci\u00f3n.-Diputaci\u00f3n y Verdiblanca impulsan un taller sobre festivales audiovisuales accesibles e inclusivos\"}]},{\"@type\":\"WebSite\",\"@id\":\"https:\\\/\\\/sindromecharge.es\\\/#website\",\"url\":\"https:\\\/\\\/sindromecharge.es\\\/\",\"name\":\"Asociaci\u00f3n Espa\u00f1ola S\u00edndrome de Charge\",\"description\":\"\",\"potentialAction\":[{\"@type\":\"SearchAction\",\"target\":{\"@type\":\"EntryPoint\",\"urlTemplate\":\"https:\\\/\\\/sindromecharge.es\\\/?s={search_term_string}\"},\"query-input\":{\"@type\":\"PropertyValueSpecification\",\"valueRequired\":true,\"valueName\":\"search_term_string\"}}],\"inLanguage\":\"es\"},{\"@type\":\"Person\",\"@id\":\"https:\\\/\\\/sindromecharge.es\\\/#\\\/schema\\\/person\\\/39a60ebe0a2b4d5a11179701e336b039\",\"name\":\"Charge\",\"image\":{\"@type\":\"ImageObject\",\"inLanguage\":\"es\",\"@id\":\"https:\\\/\\\/secure.gravatar.com\\\/avatar\\\/c3b46e32a0fc3b093a0873fb767bf3293de856293065e84ef06b7ec7a8acfb98?s=96&d=identicon&r=x\",\"url\":\"https:\\\/\\\/secure.gravatar.com\\\/avatar\\\/c3b46e32a0fc3b093a0873fb767bf3293de856293065e84ef06b7ec7a8acfb98?s=96&d=identicon&r=x\",\"contentUrl\":\"https:\\\/\\\/secure.gravatar.com\\\/avatar\\\/c3b46e32a0fc3b093a0873fb767bf3293de856293065e84ef06b7ec7a8acfb98?s=96&d=identicon&r=x\",\"caption\":\"Charge\"},\"url\":\"https:\\\/\\\/sindromecharge.es\\\/index.php\\\/author\\\/admin\\\/\"}]}<\/script>\n<!-- \/ Yoast SEO plugin. -->","yoast_head_json":{"title":"Diputaci\u00f3n.-Diputaci\u00f3n y Verdiblanca impulsan un taller sobre festivales audiovisuales accesibles e inclusivos - Asociaci\u00f3n Espa\u00f1ola S\u00edndrome de Charge","robots":{"index":"index","follow":"follow","max-snippet":"max-snippet:-1","max-image-preview":"max-image-preview:large","max-video-preview":"max-video-preview:-1"},"canonical":"https:\/\/sindromecharge.es\/index.php\/2021\/04\/29\/diputacion-diputacion-y-verdiblanca-impulsan-un-taller-sobre-festivales-audiovisuales-accesibles-e-inclusivos\/","og_locale":"es_ES","og_type":"article","og_title":"Diputaci\u00f3n.-Diputaci\u00f3n y Verdiblanca impulsan un taller sobre festivales audiovisuales accesibles e inclusivos - Asociaci\u00f3n Espa\u00f1ola S\u00edndrome de Charge","og_description":"Leemos en 20minutos la siguiente noticia que os reproducimos de forma \u00edntegra: En la presentaci\u00f3n han participado tambi\u00e9n el presidente de esta asociaci\u00f3n, Antonio S\u00e1nchez de Amo, as\u00ed como el director de la acci\u00f3n formativa, Daniel Parra. Guzm\u00e1n, que ha estado acompa\u00f1ado por Antonio S\u00e1nchez de Amo, presidente de Verdiblanca y Daniel Parra, coordinador del [&hellip;]","og_url":"https:\/\/sindromecharge.es\/index.php\/2021\/04\/29\/diputacion-diputacion-y-verdiblanca-impulsan-un-taller-sobre-festivales-audiovisuales-accesibles-e-inclusivos\/","og_site_name":"Asociaci\u00f3n Espa\u00f1ola S\u00edndrome de Charge","article_publisher":"https:\/\/www.facebook.com\/asociacionsindromecharge","article_published_time":"2021-04-29T15:40:21+00:00","og_image":[{"width":300,"height":98,"url":"https:\/\/sindromecharge.es\/wp-content\/uploads\/2013\/09\/logodecharge300x98.png","type":"image\/png"}],"author":"Charge","twitter_card":"summary_large_image","twitter_creator":"@sindromecharge","twitter_site":"@sindromecharge","twitter_misc":{"Escrito por":"Charge","Tiempo de lectura":"3 minutos"},"schema":{"@context":"https:\/\/schema.org","@graph":[{"@type":"Article","@id":"https:\/\/sindromecharge.es\/index.php\/2021\/04\/29\/diputacion-diputacion-y-verdiblanca-impulsan-un-taller-sobre-festivales-audiovisuales-accesibles-e-inclusivos\/#article","isPartOf":{"@id":"https:\/\/sindromecharge.es\/index.php\/2021\/04\/29\/diputacion-diputacion-y-verdiblanca-impulsan-un-taller-sobre-festivales-audiovisuales-accesibles-e-inclusivos\/"},"author":{"name":"Charge","@id":"https:\/\/sindromecharge.es\/#\/schema\/person\/39a60ebe0a2b4d5a11179701e336b039"},"headline":"Diputaci\u00f3n.-Diputaci\u00f3n y Verdiblanca impulsan un taller sobre festivales audiovisuales accesibles e inclusivos","datePublished":"2021-04-29T15:40:21+00:00","mainEntityOfPage":{"@id":"https:\/\/sindromecharge.es\/index.php\/2021\/04\/29\/diputacion-diputacion-y-verdiblanca-impulsan-un-taller-sobre-festivales-audiovisuales-accesibles-e-inclusivos\/"},"wordCount":580,"commentCount":0,"keywords":["discapacidad"],"articleSection":["noticias"],"inLanguage":"es","potentialAction":[{"@type":"CommentAction","name":"Comment","target":["https:\/\/sindromecharge.es\/index.php\/2021\/04\/29\/diputacion-diputacion-y-verdiblanca-impulsan-un-taller-sobre-festivales-audiovisuales-accesibles-e-inclusivos\/#respond"]}]},{"@type":"WebPage","@id":"https:\/\/sindromecharge.es\/index.php\/2021\/04\/29\/diputacion-diputacion-y-verdiblanca-impulsan-un-taller-sobre-festivales-audiovisuales-accesibles-e-inclusivos\/","url":"https:\/\/sindromecharge.es\/index.php\/2021\/04\/29\/diputacion-diputacion-y-verdiblanca-impulsan-un-taller-sobre-festivales-audiovisuales-accesibles-e-inclusivos\/","name":"Diputaci\u00f3n.-Diputaci\u00f3n y Verdiblanca impulsan un taller sobre festivales audiovisuales accesibles e inclusivos - Asociaci\u00f3n Espa\u00f1ola S\u00edndrome de Charge","isPartOf":{"@id":"https:\/\/sindromecharge.es\/#website"},"datePublished":"2021-04-29T15:40:21+00:00","author":{"@id":"https:\/\/sindromecharge.es\/#\/schema\/person\/39a60ebe0a2b4d5a11179701e336b039"},"breadcrumb":{"@id":"https:\/\/sindromecharge.es\/index.php\/2021\/04\/29\/diputacion-diputacion-y-verdiblanca-impulsan-un-taller-sobre-festivales-audiovisuales-accesibles-e-inclusivos\/#breadcrumb"},"inLanguage":"es","potentialAction":[{"@type":"ReadAction","target":["https:\/\/sindromecharge.es\/index.php\/2021\/04\/29\/diputacion-diputacion-y-verdiblanca-impulsan-un-taller-sobre-festivales-audiovisuales-accesibles-e-inclusivos\/"]}]},{"@type":"BreadcrumbList","@id":"https:\/\/sindromecharge.es\/index.php\/2021\/04\/29\/diputacion-diputacion-y-verdiblanca-impulsan-un-taller-sobre-festivales-audiovisuales-accesibles-e-inclusivos\/#breadcrumb","itemListElement":[{"@type":"ListItem","position":1,"name":"Portada","item":"https:\/\/sindromecharge.es\/"},{"@type":"ListItem","position":2,"name":"Diputaci\u00f3n.-Diputaci\u00f3n y Verdiblanca impulsan un taller sobre festivales audiovisuales accesibles e inclusivos"}]},{"@type":"WebSite","@id":"https:\/\/sindromecharge.es\/#website","url":"https:\/\/sindromecharge.es\/","name":"Asociaci\u00f3n Espa\u00f1ola S\u00edndrome de Charge","description":"","potentialAction":[{"@type":"SearchAction","target":{"@type":"EntryPoint","urlTemplate":"https:\/\/sindromecharge.es\/?s={search_term_string}"},"query-input":{"@type":"PropertyValueSpecification","valueRequired":true,"valueName":"search_term_string"}}],"inLanguage":"es"},{"@type":"Person","@id":"https:\/\/sindromecharge.es\/#\/schema\/person\/39a60ebe0a2b4d5a11179701e336b039","name":"Charge","image":{"@type":"ImageObject","inLanguage":"es","@id":"https:\/\/secure.gravatar.com\/avatar\/c3b46e32a0fc3b093a0873fb767bf3293de856293065e84ef06b7ec7a8acfb98?s=96&d=identicon&r=x","url":"https:\/\/secure.gravatar.com\/avatar\/c3b46e32a0fc3b093a0873fb767bf3293de856293065e84ef06b7ec7a8acfb98?s=96&d=identicon&r=x","contentUrl":"https:\/\/secure.gravatar.com\/avatar\/c3b46e32a0fc3b093a0873fb767bf3293de856293065e84ef06b7ec7a8acfb98?s=96&d=identicon&r=x","caption":"Charge"},"url":"https:\/\/sindromecharge.es\/index.php\/author\/admin\/"}]}},"_links":{"self":[{"href":"https:\/\/sindromecharge.es\/index.php\/wp-json\/wp\/v2\/posts\/7099","targetHints":{"allow":["GET"]}}],"collection":[{"href":"https:\/\/sindromecharge.es\/index.php\/wp-json\/wp\/v2\/posts"}],"about":[{"href":"https:\/\/sindromecharge.es\/index.php\/wp-json\/wp\/v2\/types\/post"}],"author":[{"embeddable":true,"href":"https:\/\/sindromecharge.es\/index.php\/wp-json\/wp\/v2\/users\/1"}],"replies":[{"embeddable":true,"href":"https:\/\/sindromecharge.es\/index.php\/wp-json\/wp\/v2\/comments?post=7099"}],"version-history":[{"count":0,"href":"https:\/\/sindromecharge.es\/index.php\/wp-json\/wp\/v2\/posts\/7099\/revisions"}],"wp:attachment":[{"href":"https:\/\/sindromecharge.es\/index.php\/wp-json\/wp\/v2\/media?parent=7099"}],"wp:term":[{"taxonomy":"category","embeddable":true,"href":"https:\/\/sindromecharge.es\/index.php\/wp-json\/wp\/v2\/categories?post=7099"},{"taxonomy":"post_tag","embeddable":true,"href":"https:\/\/sindromecharge.es\/index.php\/wp-json\/wp\/v2\/tags?post=7099"}],"curies":[{"name":"wp","href":"https:\/\/api.w.org\/{rel}","templated":true}]}}