{"id":7098,"date":"2021-04-29T11:46:31","date_gmt":"2021-04-29T11:46:31","guid":{"rendered":"https:\/\/sindromecharge.es\/index.php\/2021\/04\/29\/salud-subvencionara-tratamientos-a-menores-de-18-anos-con-danos-neurologicos\/"},"modified":"2021-04-29T11:46:31","modified_gmt":"2021-04-29T11:46:31","slug":"salud-subvencionara-tratamientos-a-menores-de-18-anos-con-danos-neurologicos","status":"publish","type":"post","link":"https:\/\/sindromecharge.es\/index.php\/2021\/04\/29\/salud-subvencionara-tratamientos-a-menores-de-18-anos-con-danos-neurologicos\/","title":{"rendered":"Salud subvencionar\u00e1 tratamientos a menores de 18 a\u00f1os con da\u00f1os neurol\u00f3gicos"},"content":{"rendered":"<p>Leemos en 20minutos la siguiente noticia que os reproducimos de forma \u00edntegra: <\/p>\n<p>La presentaci\u00f3n de solicitudes comenzar\u00e1 el d\u00eda 1 de junio de 2021 y finalizar\u00e1 el 30 de junio, y se har\u00e1 preferentemente a trav\u00e9s del bot\u00f3n tramitar de la ficha del Cat\u00e1logo de Servicios del Gobierno de Navarra.<\/p>\n<p>La subvenci\u00f3n, por importe total de 50.000 euros, se dirige a financiar total o parcialmente el gasto efectuado entre julio de 2020 y junio de 2021 en centros autorizados para los tratamientos y por profesionales con t\u00edtulo adecuado para ello.<\/p>\n<p>Las tarifas m\u00e1ximas establecidas para las ayudas son de 40 euros por hora individual de fisioterapia, terapia ocupacional o rehabilitaci\u00f3n de la degluci\u00f3n, y 16 euros por hora grupal. Se subvencionar\u00e1n un m\u00e1ximo de 8 horas mensuales, tanto para terapia individual como grupal, ha detallado en un comunicado el Gobierno de Navarra.<\/p>\n<p>La cuant\u00eda m\u00e1xima de subvenci\u00f3n por persona en productos de apoyo ser\u00e1 de un 10% del total de la l\u00ednea presupuestaria y cada persona podr\u00e1 presentar gastos correspondientes a una o varias modalidades distintas de intervenci\u00f3n y\/o productos de apoyo. En caso de que la suma de las cantidades solicitadas fuera superior a la disposici\u00f3n presupuestaria existente, se prorratear\u00e1 entre todas las personas solicitantes, de tal forma que cada una de ellas reciba el mismo porcentaje sobre el gasto realizado.<\/p>\n<p>Las personas beneficiarias de las ayudas deber\u00e1n reunir los siguientes requisitos: ser menor de 18 a\u00f1os en el momento de recibir la intervenci\u00f3n diagn\u00f3stica o terap\u00e9utica o la compra de los productos de apoyo; tener un diagn\u00f3stico de da\u00f1o cerebral adquirido o patolog\u00eda neurol\u00f3gica af\u00edn realizado por un profesional neuropediatra (en el caso de patolog\u00eda neurol\u00f3gica af\u00edn, deber\u00e1 constar expresamente en el c\u00f3digo diagn\u00f3stico lesi\u00f3n medular adquirida o da\u00f1o cerebral estructural, objetivado por prueba de neuroimagen); residir de forma estable en Navarra; y que la conveniencia del o los tratamientos haya sido indicada por un o una profesional adecuadamente acreditada e implicada en la atenci\u00f3n de la persona beneficiaria.<\/p>\n<p>Podr\u00e1n solicitar la subvenci\u00f3n establecida en esta convocatoria el padre, madre, tutor, tutora o representante legal en nombre de la persona beneficiaria, por ser esta menor de edad. La solicitud debe ir siempre a nombre del beneficiario o beneficiaria y quien presente la solicitud figurar\u00e1 como representante.<\/p>\n<p>Fuente: 20minutos <a href=\"https:\/\/www.20minutos.es\/noticia\/4678557\/0\/salud-subvencionara-tratamientos-a-menores-de-18-anos-con-danos-neurologicos\/\" target=\"_blank\" rel=\"noopener\">Salud subvencionar\u00e1 tratamientos a menores de 18 a\u00f1os con da\u00f1os neurol\u00f3gicos<\/a><\/p>\n","protected":false},"excerpt":{"rendered":"<p>Leemos en 20minutos la siguiente noticia que os reproducimos de forma \u00edntegra: La presentaci\u00f3n de solicitudes comenzar\u00e1 el d\u00eda 1 de junio de 2021 y finalizar\u00e1 el 30 de junio, y se har\u00e1 preferentemente a trav\u00e9s del bot\u00f3n tramitar de la ficha del Cat\u00e1logo de Servicios del Gobierno de Navarra. La subvenci\u00f3n, por importe total [&hellip;]<\/p>\n","protected":false},"author":1,"featured_media":0,"comment_status":"open","ping_status":"closed","sticky":false,"template":"","format":"standard","meta":{"footnotes":""},"categories":[8],"tags":[31],"class_list":["post-7098","post","type-post","status-publish","format-standard","hentry","category-noticias","tag-discapacidad"],"yoast_head":"<!-- This site is optimized with the Yoast SEO plugin v27.5 - https:\/\/yoast.com\/product\/yoast-seo-wordpress\/ -->\n<title>Salud subvencionar\u00e1 tratamientos a menores de 18 a\u00f1os con da\u00f1os neurol\u00f3gicos - Asociaci\u00f3n Espa\u00f1ola S\u00edndrome de Charge<\/title>\n<meta name=\"robots\" content=\"index, follow, max-snippet:-1, max-image-preview:large, max-video-preview:-1\" \/>\n<link rel=\"canonical\" href=\"https:\/\/sindromecharge.es\/index.php\/2021\/04\/29\/salud-subvencionara-tratamientos-a-menores-de-18-anos-con-danos-neurologicos\/\" \/>\n<meta property=\"og:locale\" content=\"es_ES\" \/>\n<meta property=\"og:type\" content=\"article\" \/>\n<meta property=\"og:title\" content=\"Salud subvencionar\u00e1 tratamientos a menores de 18 a\u00f1os con da\u00f1os neurol\u00f3gicos - Asociaci\u00f3n Espa\u00f1ola S\u00edndrome de Charge\" \/>\n<meta property=\"og:description\" content=\"Leemos en 20minutos la siguiente noticia que os reproducimos de forma \u00edntegra: La presentaci\u00f3n de solicitudes comenzar\u00e1 el d\u00eda 1 de junio de 2021 y finalizar\u00e1 el 30 de junio, y se har\u00e1 preferentemente a trav\u00e9s del bot\u00f3n tramitar de la ficha del Cat\u00e1logo de Servicios del Gobierno de Navarra. La subvenci\u00f3n, por importe total [&hellip;]\" \/>\n<meta property=\"og:url\" content=\"https:\/\/sindromecharge.es\/index.php\/2021\/04\/29\/salud-subvencionara-tratamientos-a-menores-de-18-anos-con-danos-neurologicos\/\" \/>\n<meta property=\"og:site_name\" content=\"Asociaci\u00f3n Espa\u00f1ola S\u00edndrome de Charge\" \/>\n<meta property=\"article:publisher\" content=\"https:\/\/www.facebook.com\/asociacionsindromecharge\" \/>\n<meta property=\"article:published_time\" content=\"2021-04-29T11:46:31+00:00\" \/>\n<meta property=\"og:image\" content=\"https:\/\/sindromecharge.es\/wp-content\/uploads\/2013\/09\/logodecharge300x98.png\" \/>\n\t<meta property=\"og:image:width\" content=\"300\" \/>\n\t<meta property=\"og:image:height\" content=\"98\" \/>\n\t<meta property=\"og:image:type\" content=\"image\/png\" \/>\n<meta name=\"author\" content=\"Charge\" \/>\n<meta name=\"twitter:card\" content=\"summary_large_image\" \/>\n<meta name=\"twitter:creator\" content=\"@sindromecharge\" \/>\n<meta name=\"twitter:site\" content=\"@sindromecharge\" \/>\n<meta name=\"twitter:label1\" content=\"Escrito por\" \/>\n\t<meta name=\"twitter:data1\" content=\"Charge\" \/>\n\t<meta name=\"twitter:label2\" content=\"Tiempo de lectura\" \/>\n\t<meta name=\"twitter:data2\" content=\"2 minutos\" \/>\n<script type=\"application\/ld+json\" class=\"yoast-schema-graph\">{\"@context\":\"https:\\\/\\\/schema.org\",\"@graph\":[{\"@type\":\"Article\",\"@id\":\"https:\\\/\\\/sindromecharge.es\\\/index.php\\\/2021\\\/04\\\/29\\\/salud-subvencionara-tratamientos-a-menores-de-18-anos-con-danos-neurologicos\\\/#article\",\"isPartOf\":{\"@id\":\"https:\\\/\\\/sindromecharge.es\\\/index.php\\\/2021\\\/04\\\/29\\\/salud-subvencionara-tratamientos-a-menores-de-18-anos-con-danos-neurologicos\\\/\"},\"author\":{\"name\":\"Charge\",\"@id\":\"https:\\\/\\\/sindromecharge.es\\\/#\\\/schema\\\/person\\\/39a60ebe0a2b4d5a11179701e336b039\"},\"headline\":\"Salud subvencionar\u00e1 tratamientos a menores de 18 a\u00f1os con da\u00f1os neurol\u00f3gicos\",\"datePublished\":\"2021-04-29T11:46:31+00:00\",\"mainEntityOfPage\":{\"@id\":\"https:\\\/\\\/sindromecharge.es\\\/index.php\\\/2021\\\/04\\\/29\\\/salud-subvencionara-tratamientos-a-menores-de-18-anos-con-danos-neurologicos\\\/\"},\"wordCount\":434,\"commentCount\":0,\"keywords\":[\"discapacidad\"],\"articleSection\":[\"noticias\"],\"inLanguage\":\"es\",\"potentialAction\":[{\"@type\":\"CommentAction\",\"name\":\"Comment\",\"target\":[\"https:\\\/\\\/sindromecharge.es\\\/index.php\\\/2021\\\/04\\\/29\\\/salud-subvencionara-tratamientos-a-menores-de-18-anos-con-danos-neurologicos\\\/#respond\"]}]},{\"@type\":\"WebPage\",\"@id\":\"https:\\\/\\\/sindromecharge.es\\\/index.php\\\/2021\\\/04\\\/29\\\/salud-subvencionara-tratamientos-a-menores-de-18-anos-con-danos-neurologicos\\\/\",\"url\":\"https:\\\/\\\/sindromecharge.es\\\/index.php\\\/2021\\\/04\\\/29\\\/salud-subvencionara-tratamientos-a-menores-de-18-anos-con-danos-neurologicos\\\/\",\"name\":\"Salud subvencionar\u00e1 tratamientos a menores de 18 a\u00f1os con da\u00f1os neurol\u00f3gicos - Asociaci\u00f3n Espa\u00f1ola S\u00edndrome de Charge\",\"isPartOf\":{\"@id\":\"https:\\\/\\\/sindromecharge.es\\\/#website\"},\"datePublished\":\"2021-04-29T11:46:31+00:00\",\"author\":{\"@id\":\"https:\\\/\\\/sindromecharge.es\\\/#\\\/schema\\\/person\\\/39a60ebe0a2b4d5a11179701e336b039\"},\"breadcrumb\":{\"@id\":\"https:\\\/\\\/sindromecharge.es\\\/index.php\\\/2021\\\/04\\\/29\\\/salud-subvencionara-tratamientos-a-menores-de-18-anos-con-danos-neurologicos\\\/#breadcrumb\"},\"inLanguage\":\"es\",\"potentialAction\":[{\"@type\":\"ReadAction\",\"target\":[\"https:\\\/\\\/sindromecharge.es\\\/index.php\\\/2021\\\/04\\\/29\\\/salud-subvencionara-tratamientos-a-menores-de-18-anos-con-danos-neurologicos\\\/\"]}]},{\"@type\":\"BreadcrumbList\",\"@id\":\"https:\\\/\\\/sindromecharge.es\\\/index.php\\\/2021\\\/04\\\/29\\\/salud-subvencionara-tratamientos-a-menores-de-18-anos-con-danos-neurologicos\\\/#breadcrumb\",\"itemListElement\":[{\"@type\":\"ListItem\",\"position\":1,\"name\":\"Portada\",\"item\":\"https:\\\/\\\/sindromecharge.es\\\/\"},{\"@type\":\"ListItem\",\"position\":2,\"name\":\"Salud subvencionar\u00e1 tratamientos a menores de 18 a\u00f1os con da\u00f1os neurol\u00f3gicos\"}]},{\"@type\":\"WebSite\",\"@id\":\"https:\\\/\\\/sindromecharge.es\\\/#website\",\"url\":\"https:\\\/\\\/sindromecharge.es\\\/\",\"name\":\"Asociaci\u00f3n Espa\u00f1ola S\u00edndrome de Charge\",\"description\":\"\",\"potentialAction\":[{\"@type\":\"SearchAction\",\"target\":{\"@type\":\"EntryPoint\",\"urlTemplate\":\"https:\\\/\\\/sindromecharge.es\\\/?s={search_term_string}\"},\"query-input\":{\"@type\":\"PropertyValueSpecification\",\"valueRequired\":true,\"valueName\":\"search_term_string\"}}],\"inLanguage\":\"es\"},{\"@type\":\"Person\",\"@id\":\"https:\\\/\\\/sindromecharge.es\\\/#\\\/schema\\\/person\\\/39a60ebe0a2b4d5a11179701e336b039\",\"name\":\"Charge\",\"image\":{\"@type\":\"ImageObject\",\"inLanguage\":\"es\",\"@id\":\"https:\\\/\\\/secure.gravatar.com\\\/avatar\\\/c3b46e32a0fc3b093a0873fb767bf3293de856293065e84ef06b7ec7a8acfb98?s=96&d=identicon&r=x\",\"url\":\"https:\\\/\\\/secure.gravatar.com\\\/avatar\\\/c3b46e32a0fc3b093a0873fb767bf3293de856293065e84ef06b7ec7a8acfb98?s=96&d=identicon&r=x\",\"contentUrl\":\"https:\\\/\\\/secure.gravatar.com\\\/avatar\\\/c3b46e32a0fc3b093a0873fb767bf3293de856293065e84ef06b7ec7a8acfb98?s=96&d=identicon&r=x\",\"caption\":\"Charge\"},\"url\":\"https:\\\/\\\/sindromecharge.es\\\/index.php\\\/author\\\/admin\\\/\"}]}<\/script>\n<!-- \/ Yoast SEO plugin. -->","yoast_head_json":{"title":"Salud subvencionar\u00e1 tratamientos a menores de 18 a\u00f1os con da\u00f1os neurol\u00f3gicos - Asociaci\u00f3n Espa\u00f1ola S\u00edndrome de Charge","robots":{"index":"index","follow":"follow","max-snippet":"max-snippet:-1","max-image-preview":"max-image-preview:large","max-video-preview":"max-video-preview:-1"},"canonical":"https:\/\/sindromecharge.es\/index.php\/2021\/04\/29\/salud-subvencionara-tratamientos-a-menores-de-18-anos-con-danos-neurologicos\/","og_locale":"es_ES","og_type":"article","og_title":"Salud subvencionar\u00e1 tratamientos a menores de 18 a\u00f1os con da\u00f1os neurol\u00f3gicos - Asociaci\u00f3n Espa\u00f1ola S\u00edndrome de Charge","og_description":"Leemos en 20minutos la siguiente noticia que os reproducimos de forma \u00edntegra: La presentaci\u00f3n de solicitudes comenzar\u00e1 el d\u00eda 1 de junio de 2021 y finalizar\u00e1 el 30 de junio, y se har\u00e1 preferentemente a trav\u00e9s del bot\u00f3n tramitar de la ficha del Cat\u00e1logo de Servicios del Gobierno de Navarra. La subvenci\u00f3n, por importe total [&hellip;]","og_url":"https:\/\/sindromecharge.es\/index.php\/2021\/04\/29\/salud-subvencionara-tratamientos-a-menores-de-18-anos-con-danos-neurologicos\/","og_site_name":"Asociaci\u00f3n Espa\u00f1ola S\u00edndrome de Charge","article_publisher":"https:\/\/www.facebook.com\/asociacionsindromecharge","article_published_time":"2021-04-29T11:46:31+00:00","og_image":[{"width":300,"height":98,"url":"https:\/\/sindromecharge.es\/wp-content\/uploads\/2013\/09\/logodecharge300x98.png","type":"image\/png"}],"author":"Charge","twitter_card":"summary_large_image","twitter_creator":"@sindromecharge","twitter_site":"@sindromecharge","twitter_misc":{"Escrito por":"Charge","Tiempo de lectura":"2 minutos"},"schema":{"@context":"https:\/\/schema.org","@graph":[{"@type":"Article","@id":"https:\/\/sindromecharge.es\/index.php\/2021\/04\/29\/salud-subvencionara-tratamientos-a-menores-de-18-anos-con-danos-neurologicos\/#article","isPartOf":{"@id":"https:\/\/sindromecharge.es\/index.php\/2021\/04\/29\/salud-subvencionara-tratamientos-a-menores-de-18-anos-con-danos-neurologicos\/"},"author":{"name":"Charge","@id":"https:\/\/sindromecharge.es\/#\/schema\/person\/39a60ebe0a2b4d5a11179701e336b039"},"headline":"Salud subvencionar\u00e1 tratamientos a menores de 18 a\u00f1os con da\u00f1os neurol\u00f3gicos","datePublished":"2021-04-29T11:46:31+00:00","mainEntityOfPage":{"@id":"https:\/\/sindromecharge.es\/index.php\/2021\/04\/29\/salud-subvencionara-tratamientos-a-menores-de-18-anos-con-danos-neurologicos\/"},"wordCount":434,"commentCount":0,"keywords":["discapacidad"],"articleSection":["noticias"],"inLanguage":"es","potentialAction":[{"@type":"CommentAction","name":"Comment","target":["https:\/\/sindromecharge.es\/index.php\/2021\/04\/29\/salud-subvencionara-tratamientos-a-menores-de-18-anos-con-danos-neurologicos\/#respond"]}]},{"@type":"WebPage","@id":"https:\/\/sindromecharge.es\/index.php\/2021\/04\/29\/salud-subvencionara-tratamientos-a-menores-de-18-anos-con-danos-neurologicos\/","url":"https:\/\/sindromecharge.es\/index.php\/2021\/04\/29\/salud-subvencionara-tratamientos-a-menores-de-18-anos-con-danos-neurologicos\/","name":"Salud subvencionar\u00e1 tratamientos a menores de 18 a\u00f1os con da\u00f1os neurol\u00f3gicos - Asociaci\u00f3n Espa\u00f1ola S\u00edndrome de Charge","isPartOf":{"@id":"https:\/\/sindromecharge.es\/#website"},"datePublished":"2021-04-29T11:46:31+00:00","author":{"@id":"https:\/\/sindromecharge.es\/#\/schema\/person\/39a60ebe0a2b4d5a11179701e336b039"},"breadcrumb":{"@id":"https:\/\/sindromecharge.es\/index.php\/2021\/04\/29\/salud-subvencionara-tratamientos-a-menores-de-18-anos-con-danos-neurologicos\/#breadcrumb"},"inLanguage":"es","potentialAction":[{"@type":"ReadAction","target":["https:\/\/sindromecharge.es\/index.php\/2021\/04\/29\/salud-subvencionara-tratamientos-a-menores-de-18-anos-con-danos-neurologicos\/"]}]},{"@type":"BreadcrumbList","@id":"https:\/\/sindromecharge.es\/index.php\/2021\/04\/29\/salud-subvencionara-tratamientos-a-menores-de-18-anos-con-danos-neurologicos\/#breadcrumb","itemListElement":[{"@type":"ListItem","position":1,"name":"Portada","item":"https:\/\/sindromecharge.es\/"},{"@type":"ListItem","position":2,"name":"Salud subvencionar\u00e1 tratamientos a menores de 18 a\u00f1os con da\u00f1os neurol\u00f3gicos"}]},{"@type":"WebSite","@id":"https:\/\/sindromecharge.es\/#website","url":"https:\/\/sindromecharge.es\/","name":"Asociaci\u00f3n Espa\u00f1ola S\u00edndrome de Charge","description":"","potentialAction":[{"@type":"SearchAction","target":{"@type":"EntryPoint","urlTemplate":"https:\/\/sindromecharge.es\/?s={search_term_string}"},"query-input":{"@type":"PropertyValueSpecification","valueRequired":true,"valueName":"search_term_string"}}],"inLanguage":"es"},{"@type":"Person","@id":"https:\/\/sindromecharge.es\/#\/schema\/person\/39a60ebe0a2b4d5a11179701e336b039","name":"Charge","image":{"@type":"ImageObject","inLanguage":"es","@id":"https:\/\/secure.gravatar.com\/avatar\/c3b46e32a0fc3b093a0873fb767bf3293de856293065e84ef06b7ec7a8acfb98?s=96&d=identicon&r=x","url":"https:\/\/secure.gravatar.com\/avatar\/c3b46e32a0fc3b093a0873fb767bf3293de856293065e84ef06b7ec7a8acfb98?s=96&d=identicon&r=x","contentUrl":"https:\/\/secure.gravatar.com\/avatar\/c3b46e32a0fc3b093a0873fb767bf3293de856293065e84ef06b7ec7a8acfb98?s=96&d=identicon&r=x","caption":"Charge"},"url":"https:\/\/sindromecharge.es\/index.php\/author\/admin\/"}]}},"_links":{"self":[{"href":"https:\/\/sindromecharge.es\/index.php\/wp-json\/wp\/v2\/posts\/7098","targetHints":{"allow":["GET"]}}],"collection":[{"href":"https:\/\/sindromecharge.es\/index.php\/wp-json\/wp\/v2\/posts"}],"about":[{"href":"https:\/\/sindromecharge.es\/index.php\/wp-json\/wp\/v2\/types\/post"}],"author":[{"embeddable":true,"href":"https:\/\/sindromecharge.es\/index.php\/wp-json\/wp\/v2\/users\/1"}],"replies":[{"embeddable":true,"href":"https:\/\/sindromecharge.es\/index.php\/wp-json\/wp\/v2\/comments?post=7098"}],"version-history":[{"count":0,"href":"https:\/\/sindromecharge.es\/index.php\/wp-json\/wp\/v2\/posts\/7098\/revisions"}],"wp:attachment":[{"href":"https:\/\/sindromecharge.es\/index.php\/wp-json\/wp\/v2\/media?parent=7098"}],"wp:term":[{"taxonomy":"category","embeddable":true,"href":"https:\/\/sindromecharge.es\/index.php\/wp-json\/wp\/v2\/categories?post=7098"},{"taxonomy":"post_tag","embeddable":true,"href":"https:\/\/sindromecharge.es\/index.php\/wp-json\/wp\/v2\/tags?post=7098"}],"curies":[{"name":"wp","href":"https:\/\/api.w.org\/{rel}","templated":true}]}}