{"id":7097,"date":"2021-04-29T09:59:54","date_gmt":"2021-04-29T09:59:54","guid":{"rendered":"https:\/\/sindromecharge.es\/index.php\/2021\/04\/29\/conoce-mas-sobre-la-estrategia-de-vacunacion-contra-la-covid-19-en-cataluna\/"},"modified":"2021-04-29T09:59:54","modified_gmt":"2021-04-29T09:59:54","slug":"conoce-mas-sobre-la-estrategia-de-vacunacion-contra-la-covid-19-en-cataluna","status":"publish","type":"post","link":"https:\/\/sindromecharge.es\/index.php\/2021\/04\/29\/conoce-mas-sobre-la-estrategia-de-vacunacion-contra-la-covid-19-en-cataluna\/","title":{"rendered":"\u00a1Conoce m\u00e1s sobre la Estrategia de Vacunaci\u00f3n contra la COVID-19 en Catalu\u00f1a!"},"content":{"rendered":"<p>Leemos en FEDER la siguiente noticia que os reproducimos de forma \u00edntegra: <\/p>\n<p>&nbsp;<\/p>\n<p>El pr\u00f3ximo 6 de mayo, la Salud y Agencia de Salud P\u00fablica de Catalu\u00f1a organizan un webinar sobre la Estrategia de Vacunaci\u00f3n contra la COVID-19, informaci\u00f3n para el colectivo de personas que conviven con enfermedades poco frecuentes y sus familias.<\/p>\n<p>En esta ocasi\u00f3n, la Dra Susan Webb, presidenta de la Comisi\u00f3n Asesora de Enfermedades Raras dar\u00e1 la bienvenida y la Dra. Carmen Cabezas, subdirectora general de Promoci\u00f3n de la Salud, Agencia de Salud P\u00fablica de Catalu\u00f1a hablar\u00e1 sobre este asunto.<\/p>\n<p>Por \u00faltimo, se abrir\u00e1 un turno de preguntas para aquellas personas que quieran trasladar sus dudas.<\/p>\n<p>El registro es necesario y lo podr\u00e1s realizar a trav\u00e9s del link que te adjuntamos en la parte superior de la noticia.<\/p>\n<p>\u00daltima actualizaci\u00f3n 29\/04\/2021<\/p>\n<p>&nbsp;<\/p>\n<p>Fuente: FEDER <a href=\"https:\/\/enfermedades-raras.org\/index.php\/actualidad\/noticias-eventos\/2-feder\/15270-%C2%A1conoce-m%C3%A1s-sobre-la-estrategia-de-vacunaci%C3%B3n-contra-la-covid-19-en-catalu%C3%B1a\" target=\"_blank\" rel=\"noopener\">\u00a1Conoce m\u00e1s sobre la Estrategia de Vacunaci\u00f3n contra la COVID-19 en Catalu\u00f1a!<\/a><\/p>\n","protected":false},"excerpt":{"rendered":"<p>Leemos en FEDER la siguiente noticia que os reproducimos de forma \u00edntegra: &nbsp; El pr\u00f3ximo 6 de mayo, la Salud y Agencia de Salud P\u00fablica de Catalu\u00f1a organizan un webinar sobre la Estrategia de Vacunaci\u00f3n contra la COVID-19, informaci\u00f3n para el colectivo de personas que conviven con enfermedades poco frecuentes y sus familias. En esta [&hellip;]<\/p>\n","protected":false},"author":1,"featured_media":0,"comment_status":"open","ping_status":"closed","sticky":false,"template":"","format":"standard","meta":{"footnotes":""},"categories":[8],"tags":[36],"class_list":["post-7097","post","type-post","status-publish","format-standard","hentry","category-noticias","tag-enfermedades-raras"],"yoast_head":"<!-- This site is optimized with the Yoast SEO plugin v27.5 - https:\/\/yoast.com\/product\/yoast-seo-wordpress\/ -->\n<title>\u00a1Conoce m\u00e1s sobre la Estrategia de Vacunaci\u00f3n contra la COVID-19 en Catalu\u00f1a! - Asociaci\u00f3n Espa\u00f1ola S\u00edndrome de Charge<\/title>\n<meta name=\"robots\" content=\"index, follow, max-snippet:-1, max-image-preview:large, max-video-preview:-1\" \/>\n<link rel=\"canonical\" href=\"https:\/\/sindromecharge.es\/index.php\/2021\/04\/29\/conoce-mas-sobre-la-estrategia-de-vacunacion-contra-la-covid-19-en-cataluna\/\" \/>\n<meta property=\"og:locale\" content=\"es_ES\" \/>\n<meta property=\"og:type\" content=\"article\" \/>\n<meta property=\"og:title\" content=\"\u00a1Conoce m\u00e1s sobre la Estrategia de Vacunaci\u00f3n contra la COVID-19 en Catalu\u00f1a! - Asociaci\u00f3n Espa\u00f1ola S\u00edndrome de Charge\" \/>\n<meta property=\"og:description\" content=\"Leemos en FEDER la siguiente noticia que os reproducimos de forma \u00edntegra: &nbsp; El pr\u00f3ximo 6 de mayo, la Salud y Agencia de Salud P\u00fablica de Catalu\u00f1a organizan un webinar sobre la Estrategia de Vacunaci\u00f3n contra la COVID-19, informaci\u00f3n para el colectivo de personas que conviven con enfermedades poco frecuentes y sus familias. En esta [&hellip;]\" \/>\n<meta property=\"og:url\" content=\"https:\/\/sindromecharge.es\/index.php\/2021\/04\/29\/conoce-mas-sobre-la-estrategia-de-vacunacion-contra-la-covid-19-en-cataluna\/\" \/>\n<meta property=\"og:site_name\" content=\"Asociaci\u00f3n Espa\u00f1ola S\u00edndrome de Charge\" \/>\n<meta property=\"article:publisher\" content=\"https:\/\/www.facebook.com\/asociacionsindromecharge\" \/>\n<meta property=\"article:published_time\" content=\"2021-04-29T09:59:54+00:00\" \/>\n<meta property=\"og:image\" content=\"https:\/\/sindromecharge.es\/wp-content\/uploads\/2013\/09\/logodecharge300x98.png\" \/>\n\t<meta property=\"og:image:width\" content=\"300\" \/>\n\t<meta property=\"og:image:height\" content=\"98\" \/>\n\t<meta property=\"og:image:type\" content=\"image\/png\" \/>\n<meta name=\"author\" content=\"Charge\" \/>\n<meta name=\"twitter:card\" content=\"summary_large_image\" \/>\n<meta name=\"twitter:creator\" content=\"@sindromecharge\" \/>\n<meta name=\"twitter:site\" content=\"@sindromecharge\" \/>\n<meta name=\"twitter:label1\" content=\"Escrito por\" \/>\n\t<meta name=\"twitter:data1\" content=\"Charge\" \/>\n\t<meta name=\"twitter:label2\" content=\"Tiempo de lectura\" \/>\n\t<meta name=\"twitter:data2\" content=\"1 minuto\" \/>\n<script type=\"application\/ld+json\" class=\"yoast-schema-graph\">{\"@context\":\"https:\\\/\\\/schema.org\",\"@graph\":[{\"@type\":\"Article\",\"@id\":\"https:\\\/\\\/sindromecharge.es\\\/index.php\\\/2021\\\/04\\\/29\\\/conoce-mas-sobre-la-estrategia-de-vacunacion-contra-la-covid-19-en-cataluna\\\/#article\",\"isPartOf\":{\"@id\":\"https:\\\/\\\/sindromecharge.es\\\/index.php\\\/2021\\\/04\\\/29\\\/conoce-mas-sobre-la-estrategia-de-vacunacion-contra-la-covid-19-en-cataluna\\\/\"},\"author\":{\"name\":\"Charge\",\"@id\":\"https:\\\/\\\/sindromecharge.es\\\/#\\\/schema\\\/person\\\/39a60ebe0a2b4d5a11179701e336b039\"},\"headline\":\"\u00a1Conoce m\u00e1s sobre la Estrategia de Vacunaci\u00f3n contra la COVID-19 en Catalu\u00f1a!\",\"datePublished\":\"2021-04-29T09:59:54+00:00\",\"mainEntityOfPage\":{\"@id\":\"https:\\\/\\\/sindromecharge.es\\\/index.php\\\/2021\\\/04\\\/29\\\/conoce-mas-sobre-la-estrategia-de-vacunacion-contra-la-covid-19-en-cataluna\\\/\"},\"wordCount\":178,\"commentCount\":0,\"keywords\":[\"enfermedades raras\"],\"articleSection\":[\"noticias\"],\"inLanguage\":\"es\",\"potentialAction\":[{\"@type\":\"CommentAction\",\"name\":\"Comment\",\"target\":[\"https:\\\/\\\/sindromecharge.es\\\/index.php\\\/2021\\\/04\\\/29\\\/conoce-mas-sobre-la-estrategia-de-vacunacion-contra-la-covid-19-en-cataluna\\\/#respond\"]}]},{\"@type\":\"WebPage\",\"@id\":\"https:\\\/\\\/sindromecharge.es\\\/index.php\\\/2021\\\/04\\\/29\\\/conoce-mas-sobre-la-estrategia-de-vacunacion-contra-la-covid-19-en-cataluna\\\/\",\"url\":\"https:\\\/\\\/sindromecharge.es\\\/index.php\\\/2021\\\/04\\\/29\\\/conoce-mas-sobre-la-estrategia-de-vacunacion-contra-la-covid-19-en-cataluna\\\/\",\"name\":\"\u00a1Conoce m\u00e1s sobre la Estrategia de Vacunaci\u00f3n contra la COVID-19 en Catalu\u00f1a! - Asociaci\u00f3n Espa\u00f1ola S\u00edndrome de Charge\",\"isPartOf\":{\"@id\":\"https:\\\/\\\/sindromecharge.es\\\/#website\"},\"datePublished\":\"2021-04-29T09:59:54+00:00\",\"author\":{\"@id\":\"https:\\\/\\\/sindromecharge.es\\\/#\\\/schema\\\/person\\\/39a60ebe0a2b4d5a11179701e336b039\"},\"breadcrumb\":{\"@id\":\"https:\\\/\\\/sindromecharge.es\\\/index.php\\\/2021\\\/04\\\/29\\\/conoce-mas-sobre-la-estrategia-de-vacunacion-contra-la-covid-19-en-cataluna\\\/#breadcrumb\"},\"inLanguage\":\"es\",\"potentialAction\":[{\"@type\":\"ReadAction\",\"target\":[\"https:\\\/\\\/sindromecharge.es\\\/index.php\\\/2021\\\/04\\\/29\\\/conoce-mas-sobre-la-estrategia-de-vacunacion-contra-la-covid-19-en-cataluna\\\/\"]}]},{\"@type\":\"BreadcrumbList\",\"@id\":\"https:\\\/\\\/sindromecharge.es\\\/index.php\\\/2021\\\/04\\\/29\\\/conoce-mas-sobre-la-estrategia-de-vacunacion-contra-la-covid-19-en-cataluna\\\/#breadcrumb\",\"itemListElement\":[{\"@type\":\"ListItem\",\"position\":1,\"name\":\"Portada\",\"item\":\"https:\\\/\\\/sindromecharge.es\\\/\"},{\"@type\":\"ListItem\",\"position\":2,\"name\":\"\u00a1Conoce m\u00e1s sobre la Estrategia de Vacunaci\u00f3n contra la COVID-19 en Catalu\u00f1a!\"}]},{\"@type\":\"WebSite\",\"@id\":\"https:\\\/\\\/sindromecharge.es\\\/#website\",\"url\":\"https:\\\/\\\/sindromecharge.es\\\/\",\"name\":\"Asociaci\u00f3n Espa\u00f1ola S\u00edndrome de Charge\",\"description\":\"\",\"potentialAction\":[{\"@type\":\"SearchAction\",\"target\":{\"@type\":\"EntryPoint\",\"urlTemplate\":\"https:\\\/\\\/sindromecharge.es\\\/?s={search_term_string}\"},\"query-input\":{\"@type\":\"PropertyValueSpecification\",\"valueRequired\":true,\"valueName\":\"search_term_string\"}}],\"inLanguage\":\"es\"},{\"@type\":\"Person\",\"@id\":\"https:\\\/\\\/sindromecharge.es\\\/#\\\/schema\\\/person\\\/39a60ebe0a2b4d5a11179701e336b039\",\"name\":\"Charge\",\"image\":{\"@type\":\"ImageObject\",\"inLanguage\":\"es\",\"@id\":\"https:\\\/\\\/secure.gravatar.com\\\/avatar\\\/c3b46e32a0fc3b093a0873fb767bf3293de856293065e84ef06b7ec7a8acfb98?s=96&d=identicon&r=x\",\"url\":\"https:\\\/\\\/secure.gravatar.com\\\/avatar\\\/c3b46e32a0fc3b093a0873fb767bf3293de856293065e84ef06b7ec7a8acfb98?s=96&d=identicon&r=x\",\"contentUrl\":\"https:\\\/\\\/secure.gravatar.com\\\/avatar\\\/c3b46e32a0fc3b093a0873fb767bf3293de856293065e84ef06b7ec7a8acfb98?s=96&d=identicon&r=x\",\"caption\":\"Charge\"},\"url\":\"https:\\\/\\\/sindromecharge.es\\\/index.php\\\/author\\\/admin\\\/\"}]}<\/script>\n<!-- \/ Yoast SEO plugin. -->","yoast_head_json":{"title":"\u00a1Conoce m\u00e1s sobre la Estrategia de Vacunaci\u00f3n contra la COVID-19 en Catalu\u00f1a! - Asociaci\u00f3n Espa\u00f1ola S\u00edndrome de Charge","robots":{"index":"index","follow":"follow","max-snippet":"max-snippet:-1","max-image-preview":"max-image-preview:large","max-video-preview":"max-video-preview:-1"},"canonical":"https:\/\/sindromecharge.es\/index.php\/2021\/04\/29\/conoce-mas-sobre-la-estrategia-de-vacunacion-contra-la-covid-19-en-cataluna\/","og_locale":"es_ES","og_type":"article","og_title":"\u00a1Conoce m\u00e1s sobre la Estrategia de Vacunaci\u00f3n contra la COVID-19 en Catalu\u00f1a! - Asociaci\u00f3n Espa\u00f1ola S\u00edndrome de Charge","og_description":"Leemos en FEDER la siguiente noticia que os reproducimos de forma \u00edntegra: &nbsp; El pr\u00f3ximo 6 de mayo, la Salud y Agencia de Salud P\u00fablica de Catalu\u00f1a organizan un webinar sobre la Estrategia de Vacunaci\u00f3n contra la COVID-19, informaci\u00f3n para el colectivo de personas que conviven con enfermedades poco frecuentes y sus familias. En esta [&hellip;]","og_url":"https:\/\/sindromecharge.es\/index.php\/2021\/04\/29\/conoce-mas-sobre-la-estrategia-de-vacunacion-contra-la-covid-19-en-cataluna\/","og_site_name":"Asociaci\u00f3n Espa\u00f1ola S\u00edndrome de Charge","article_publisher":"https:\/\/www.facebook.com\/asociacionsindromecharge","article_published_time":"2021-04-29T09:59:54+00:00","og_image":[{"width":300,"height":98,"url":"https:\/\/sindromecharge.es\/wp-content\/uploads\/2013\/09\/logodecharge300x98.png","type":"image\/png"}],"author":"Charge","twitter_card":"summary_large_image","twitter_creator":"@sindromecharge","twitter_site":"@sindromecharge","twitter_misc":{"Escrito por":"Charge","Tiempo de lectura":"1 minuto"},"schema":{"@context":"https:\/\/schema.org","@graph":[{"@type":"Article","@id":"https:\/\/sindromecharge.es\/index.php\/2021\/04\/29\/conoce-mas-sobre-la-estrategia-de-vacunacion-contra-la-covid-19-en-cataluna\/#article","isPartOf":{"@id":"https:\/\/sindromecharge.es\/index.php\/2021\/04\/29\/conoce-mas-sobre-la-estrategia-de-vacunacion-contra-la-covid-19-en-cataluna\/"},"author":{"name":"Charge","@id":"https:\/\/sindromecharge.es\/#\/schema\/person\/39a60ebe0a2b4d5a11179701e336b039"},"headline":"\u00a1Conoce m\u00e1s sobre la Estrategia de Vacunaci\u00f3n contra la COVID-19 en Catalu\u00f1a!","datePublished":"2021-04-29T09:59:54+00:00","mainEntityOfPage":{"@id":"https:\/\/sindromecharge.es\/index.php\/2021\/04\/29\/conoce-mas-sobre-la-estrategia-de-vacunacion-contra-la-covid-19-en-cataluna\/"},"wordCount":178,"commentCount":0,"keywords":["enfermedades raras"],"articleSection":["noticias"],"inLanguage":"es","potentialAction":[{"@type":"CommentAction","name":"Comment","target":["https:\/\/sindromecharge.es\/index.php\/2021\/04\/29\/conoce-mas-sobre-la-estrategia-de-vacunacion-contra-la-covid-19-en-cataluna\/#respond"]}]},{"@type":"WebPage","@id":"https:\/\/sindromecharge.es\/index.php\/2021\/04\/29\/conoce-mas-sobre-la-estrategia-de-vacunacion-contra-la-covid-19-en-cataluna\/","url":"https:\/\/sindromecharge.es\/index.php\/2021\/04\/29\/conoce-mas-sobre-la-estrategia-de-vacunacion-contra-la-covid-19-en-cataluna\/","name":"\u00a1Conoce m\u00e1s sobre la Estrategia de Vacunaci\u00f3n contra la COVID-19 en Catalu\u00f1a! - Asociaci\u00f3n Espa\u00f1ola S\u00edndrome de Charge","isPartOf":{"@id":"https:\/\/sindromecharge.es\/#website"},"datePublished":"2021-04-29T09:59:54+00:00","author":{"@id":"https:\/\/sindromecharge.es\/#\/schema\/person\/39a60ebe0a2b4d5a11179701e336b039"},"breadcrumb":{"@id":"https:\/\/sindromecharge.es\/index.php\/2021\/04\/29\/conoce-mas-sobre-la-estrategia-de-vacunacion-contra-la-covid-19-en-cataluna\/#breadcrumb"},"inLanguage":"es","potentialAction":[{"@type":"ReadAction","target":["https:\/\/sindromecharge.es\/index.php\/2021\/04\/29\/conoce-mas-sobre-la-estrategia-de-vacunacion-contra-la-covid-19-en-cataluna\/"]}]},{"@type":"BreadcrumbList","@id":"https:\/\/sindromecharge.es\/index.php\/2021\/04\/29\/conoce-mas-sobre-la-estrategia-de-vacunacion-contra-la-covid-19-en-cataluna\/#breadcrumb","itemListElement":[{"@type":"ListItem","position":1,"name":"Portada","item":"https:\/\/sindromecharge.es\/"},{"@type":"ListItem","position":2,"name":"\u00a1Conoce m\u00e1s sobre la Estrategia de Vacunaci\u00f3n contra la COVID-19 en Catalu\u00f1a!"}]},{"@type":"WebSite","@id":"https:\/\/sindromecharge.es\/#website","url":"https:\/\/sindromecharge.es\/","name":"Asociaci\u00f3n Espa\u00f1ola S\u00edndrome de Charge","description":"","potentialAction":[{"@type":"SearchAction","target":{"@type":"EntryPoint","urlTemplate":"https:\/\/sindromecharge.es\/?s={search_term_string}"},"query-input":{"@type":"PropertyValueSpecification","valueRequired":true,"valueName":"search_term_string"}}],"inLanguage":"es"},{"@type":"Person","@id":"https:\/\/sindromecharge.es\/#\/schema\/person\/39a60ebe0a2b4d5a11179701e336b039","name":"Charge","image":{"@type":"ImageObject","inLanguage":"es","@id":"https:\/\/secure.gravatar.com\/avatar\/c3b46e32a0fc3b093a0873fb767bf3293de856293065e84ef06b7ec7a8acfb98?s=96&d=identicon&r=x","url":"https:\/\/secure.gravatar.com\/avatar\/c3b46e32a0fc3b093a0873fb767bf3293de856293065e84ef06b7ec7a8acfb98?s=96&d=identicon&r=x","contentUrl":"https:\/\/secure.gravatar.com\/avatar\/c3b46e32a0fc3b093a0873fb767bf3293de856293065e84ef06b7ec7a8acfb98?s=96&d=identicon&r=x","caption":"Charge"},"url":"https:\/\/sindromecharge.es\/index.php\/author\/admin\/"}]}},"_links":{"self":[{"href":"https:\/\/sindromecharge.es\/index.php\/wp-json\/wp\/v2\/posts\/7097","targetHints":{"allow":["GET"]}}],"collection":[{"href":"https:\/\/sindromecharge.es\/index.php\/wp-json\/wp\/v2\/posts"}],"about":[{"href":"https:\/\/sindromecharge.es\/index.php\/wp-json\/wp\/v2\/types\/post"}],"author":[{"embeddable":true,"href":"https:\/\/sindromecharge.es\/index.php\/wp-json\/wp\/v2\/users\/1"}],"replies":[{"embeddable":true,"href":"https:\/\/sindromecharge.es\/index.php\/wp-json\/wp\/v2\/comments?post=7097"}],"version-history":[{"count":0,"href":"https:\/\/sindromecharge.es\/index.php\/wp-json\/wp\/v2\/posts\/7097\/revisions"}],"wp:attachment":[{"href":"https:\/\/sindromecharge.es\/index.php\/wp-json\/wp\/v2\/media?parent=7097"}],"wp:term":[{"taxonomy":"category","embeddable":true,"href":"https:\/\/sindromecharge.es\/index.php\/wp-json\/wp\/v2\/categories?post=7097"},{"taxonomy":"post_tag","embeddable":true,"href":"https:\/\/sindromecharge.es\/index.php\/wp-json\/wp\/v2\/tags?post=7097"}],"curies":[{"name":"wp","href":"https:\/\/api.w.org\/{rel}","templated":true}]}}