{"id":7096,"date":"2021-04-29T04:30:41","date_gmt":"2021-04-29T04:30:41","guid":{"rendered":"https:\/\/sindromecharge.es\/index.php\/2021\/04\/29\/trasladamos-la-importancia-del-papel-de-los-pacientes-en-una-formacion-que-organiza-la-universidad-de-deusto\/"},"modified":"2021-04-29T04:30:41","modified_gmt":"2021-04-29T04:30:41","slug":"trasladamos-la-importancia-del-papel-de-los-pacientes-en-una-formacion-que-organiza-la-universidad-de-deusto","status":"publish","type":"post","link":"https:\/\/sindromecharge.es\/index.php\/2021\/04\/29\/trasladamos-la-importancia-del-papel-de-los-pacientes-en-una-formacion-que-organiza-la-universidad-de-deusto\/","title":{"rendered":"Trasladamos la importancia del papel de los pacientes en una formaci\u00f3n que organiza la Universidad de Deusto"},"content":{"rendered":"<p>Leemos en FEDER la siguiente noticia que os reproducimos de forma \u00edntegra: <\/p>\n<p>&nbsp;<\/p>\n<p>La Universidad de Deusto, con el patrocinio de Boehringer Ingelheim organiza la formaci\u00f3n &#8216;La transformaci\u00f3n hacia un sistema basado en valor&#8217; que se organiza desde marzo hasta julio. Desde FEDER estaremos representados a trav\u00e9s de la participaci\u00f3n de Juana Mar\u00eda S\u00e1enz, miembro de la Junta Directiva de FEDER, quien trasladar\u00e1 el papel de los pacientes en la mejora de procesos.<\/p>\n<p>A trav\u00e9s de esta serie de webinars se pretende conocer diferentes casos de pacientes con enfermedades raras, presentar las oportunidades que nos aportan las nuevas tecnolog\u00edas para la evaluaci\u00f3n y la gesti\u00f3n integral de estas patolog\u00edas, sensibilizar sobre la importancia de la escucha, desarrollar habilidades trasversales de comunicaci\u00f3n, empat\u00eda y liderazgo y crear un espacio de aprendizaje colaborativo.<\/p>\n<p>A trav\u00e9s de este programa que se realizar\u00e1 por medio de un campus virtual, cada participante tendr\u00e1 acceso a un foro de debate, calendario de actividades, materiales de actualidad y lecturas, grabaciones de webinars y \u00e1rea de trabajo en red con otros participantes y la direcci\u00f3n del programa.<\/p>\n<p>Adem\u00e1s, se abordar\u00e1n temas como la incorporaci\u00f3n de la innovaci\u00f3n, la reorientaci\u00f3n de las organizaciones al logro de resultados en salud, las pr\u00e1cticas colaborativas y trabajos en equipos multidisciplinares, la digitalizaci\u00f3n, las oportunidades del Big Data para la generaci\u00f3n de conocimiento en la enfermedades raras, estrategias de redes sociales e identidad digital en salud, estrategias efectivas en comunicaci\u00f3n en salud, relaciones instituciones y gesti\u00f3n de la influencia y liderazgo transformacional.<\/p>\n<p>Con esta oportunidad, trasladaremos la importancia del papel de las personas con enfermedades raras y sus familias en los procesos de diagn\u00f3stico, tratamiento y consultas, ya que, los pacientes se convierten en expertos de su patolog\u00eda.<\/p>\n<p>\u00daltima actualizaci\u00f3n 29\/04\/2021<\/p>\n<p>&nbsp;<\/p>\n<p>Fuente: FEDER <a href=\"https:\/\/enfermedades-raras.org\/index.php\/actualidad\/noticias-eventos\/2-feder\/15267-trasladamos-la-importancia-del-papel-de-los-pacientes-en-una-formaci%C3%B3n-que-organiza-la-universidad-de-deusto\" target=\"_blank\" rel=\"noopener\">Trasladamos la importancia del papel de los pacientes en una formaci\u00f3n que organiza la Universidad de Deusto<\/a><\/p>\n","protected":false},"excerpt":{"rendered":"<p>Leemos en FEDER la siguiente noticia que os reproducimos de forma \u00edntegra: &nbsp; La Universidad de Deusto, con el patrocinio de Boehringer Ingelheim organiza la formaci\u00f3n &#8216;La transformaci\u00f3n hacia un sistema basado en valor&#8217; que se organiza desde marzo hasta julio. Desde FEDER estaremos representados a trav\u00e9s de la participaci\u00f3n de Juana Mar\u00eda S\u00e1enz, miembro [&hellip;]<\/p>\n","protected":false},"author":1,"featured_media":0,"comment_status":"open","ping_status":"closed","sticky":false,"template":"","format":"standard","meta":{"footnotes":""},"categories":[8],"tags":[36],"class_list":["post-7096","post","type-post","status-publish","format-standard","hentry","category-noticias","tag-enfermedades-raras"],"yoast_head":"<!-- This site is optimized with the Yoast SEO plugin v27.5 - https:\/\/yoast.com\/product\/yoast-seo-wordpress\/ -->\n<title>Trasladamos la importancia del papel de los pacientes en una formaci\u00f3n que organiza la Universidad de Deusto - Asociaci\u00f3n Espa\u00f1ola S\u00edndrome de Charge<\/title>\n<meta name=\"robots\" content=\"index, follow, max-snippet:-1, max-image-preview:large, max-video-preview:-1\" \/>\n<link rel=\"canonical\" href=\"https:\/\/sindromecharge.es\/index.php\/2021\/04\/29\/trasladamos-la-importancia-del-papel-de-los-pacientes-en-una-formacion-que-organiza-la-universidad-de-deusto\/\" \/>\n<meta property=\"og:locale\" content=\"es_ES\" \/>\n<meta property=\"og:type\" content=\"article\" \/>\n<meta property=\"og:title\" content=\"Trasladamos la importancia del papel de los pacientes en una formaci\u00f3n que organiza la Universidad de Deusto - Asociaci\u00f3n Espa\u00f1ola S\u00edndrome de Charge\" \/>\n<meta property=\"og:description\" content=\"Leemos en FEDER la siguiente noticia que os reproducimos de forma \u00edntegra: &nbsp; La Universidad de Deusto, con el patrocinio de Boehringer Ingelheim organiza la formaci\u00f3n &#8216;La transformaci\u00f3n hacia un sistema basado en valor&#8217; que se organiza desde marzo hasta julio. Desde FEDER estaremos representados a trav\u00e9s de la participaci\u00f3n de Juana Mar\u00eda S\u00e1enz, miembro [&hellip;]\" \/>\n<meta property=\"og:url\" content=\"https:\/\/sindromecharge.es\/index.php\/2021\/04\/29\/trasladamos-la-importancia-del-papel-de-los-pacientes-en-una-formacion-que-organiza-la-universidad-de-deusto\/\" \/>\n<meta property=\"og:site_name\" content=\"Asociaci\u00f3n Espa\u00f1ola S\u00edndrome de Charge\" \/>\n<meta property=\"article:publisher\" content=\"https:\/\/www.facebook.com\/asociacionsindromecharge\" \/>\n<meta property=\"article:published_time\" content=\"2021-04-29T04:30:41+00:00\" \/>\n<meta property=\"og:image\" content=\"https:\/\/sindromecharge.es\/wp-content\/uploads\/2013\/09\/logodecharge300x98.png\" \/>\n\t<meta property=\"og:image:width\" content=\"300\" \/>\n\t<meta property=\"og:image:height\" content=\"98\" \/>\n\t<meta property=\"og:image:type\" content=\"image\/png\" \/>\n<meta name=\"author\" content=\"Charge\" \/>\n<meta name=\"twitter:card\" content=\"summary_large_image\" \/>\n<meta name=\"twitter:creator\" content=\"@sindromecharge\" \/>\n<meta name=\"twitter:site\" content=\"@sindromecharge\" \/>\n<meta name=\"twitter:label1\" content=\"Escrito por\" \/>\n\t<meta name=\"twitter:data1\" content=\"Charge\" \/>\n\t<meta name=\"twitter:label2\" content=\"Tiempo de lectura\" \/>\n\t<meta name=\"twitter:data2\" content=\"2 minutos\" \/>\n<script type=\"application\/ld+json\" class=\"yoast-schema-graph\">{\"@context\":\"https:\\\/\\\/schema.org\",\"@graph\":[{\"@type\":\"Article\",\"@id\":\"https:\\\/\\\/sindromecharge.es\\\/index.php\\\/2021\\\/04\\\/29\\\/trasladamos-la-importancia-del-papel-de-los-pacientes-en-una-formacion-que-organiza-la-universidad-de-deusto\\\/#article\",\"isPartOf\":{\"@id\":\"https:\\\/\\\/sindromecharge.es\\\/index.php\\\/2021\\\/04\\\/29\\\/trasladamos-la-importancia-del-papel-de-los-pacientes-en-una-formacion-que-organiza-la-universidad-de-deusto\\\/\"},\"author\":{\"name\":\"Charge\",\"@id\":\"https:\\\/\\\/sindromecharge.es\\\/#\\\/schema\\\/person\\\/39a60ebe0a2b4d5a11179701e336b039\"},\"headline\":\"Trasladamos la importancia del papel de los pacientes en una formaci\u00f3n que organiza la Universidad de Deusto\",\"datePublished\":\"2021-04-29T04:30:41+00:00\",\"mainEntityOfPage\":{\"@id\":\"https:\\\/\\\/sindromecharge.es\\\/index.php\\\/2021\\\/04\\\/29\\\/trasladamos-la-importancia-del-papel-de-los-pacientes-en-una-formacion-que-organiza-la-universidad-de-deusto\\\/\"},\"wordCount\":354,\"commentCount\":0,\"keywords\":[\"enfermedades raras\"],\"articleSection\":[\"noticias\"],\"inLanguage\":\"es\",\"potentialAction\":[{\"@type\":\"CommentAction\",\"name\":\"Comment\",\"target\":[\"https:\\\/\\\/sindromecharge.es\\\/index.php\\\/2021\\\/04\\\/29\\\/trasladamos-la-importancia-del-papel-de-los-pacientes-en-una-formacion-que-organiza-la-universidad-de-deusto\\\/#respond\"]}]},{\"@type\":\"WebPage\",\"@id\":\"https:\\\/\\\/sindromecharge.es\\\/index.php\\\/2021\\\/04\\\/29\\\/trasladamos-la-importancia-del-papel-de-los-pacientes-en-una-formacion-que-organiza-la-universidad-de-deusto\\\/\",\"url\":\"https:\\\/\\\/sindromecharge.es\\\/index.php\\\/2021\\\/04\\\/29\\\/trasladamos-la-importancia-del-papel-de-los-pacientes-en-una-formacion-que-organiza-la-universidad-de-deusto\\\/\",\"name\":\"Trasladamos la importancia del papel de los pacientes en una formaci\u00f3n que organiza la Universidad de Deusto - Asociaci\u00f3n Espa\u00f1ola S\u00edndrome de Charge\",\"isPartOf\":{\"@id\":\"https:\\\/\\\/sindromecharge.es\\\/#website\"},\"datePublished\":\"2021-04-29T04:30:41+00:00\",\"author\":{\"@id\":\"https:\\\/\\\/sindromecharge.es\\\/#\\\/schema\\\/person\\\/39a60ebe0a2b4d5a11179701e336b039\"},\"breadcrumb\":{\"@id\":\"https:\\\/\\\/sindromecharge.es\\\/index.php\\\/2021\\\/04\\\/29\\\/trasladamos-la-importancia-del-papel-de-los-pacientes-en-una-formacion-que-organiza-la-universidad-de-deusto\\\/#breadcrumb\"},\"inLanguage\":\"es\",\"potentialAction\":[{\"@type\":\"ReadAction\",\"target\":[\"https:\\\/\\\/sindromecharge.es\\\/index.php\\\/2021\\\/04\\\/29\\\/trasladamos-la-importancia-del-papel-de-los-pacientes-en-una-formacion-que-organiza-la-universidad-de-deusto\\\/\"]}]},{\"@type\":\"BreadcrumbList\",\"@id\":\"https:\\\/\\\/sindromecharge.es\\\/index.php\\\/2021\\\/04\\\/29\\\/trasladamos-la-importancia-del-papel-de-los-pacientes-en-una-formacion-que-organiza-la-universidad-de-deusto\\\/#breadcrumb\",\"itemListElement\":[{\"@type\":\"ListItem\",\"position\":1,\"name\":\"Portada\",\"item\":\"https:\\\/\\\/sindromecharge.es\\\/\"},{\"@type\":\"ListItem\",\"position\":2,\"name\":\"Trasladamos la importancia del papel de los pacientes en una formaci\u00f3n que organiza la Universidad de Deusto\"}]},{\"@type\":\"WebSite\",\"@id\":\"https:\\\/\\\/sindromecharge.es\\\/#website\",\"url\":\"https:\\\/\\\/sindromecharge.es\\\/\",\"name\":\"Asociaci\u00f3n Espa\u00f1ola S\u00edndrome de Charge\",\"description\":\"\",\"potentialAction\":[{\"@type\":\"SearchAction\",\"target\":{\"@type\":\"EntryPoint\",\"urlTemplate\":\"https:\\\/\\\/sindromecharge.es\\\/?s={search_term_string}\"},\"query-input\":{\"@type\":\"PropertyValueSpecification\",\"valueRequired\":true,\"valueName\":\"search_term_string\"}}],\"inLanguage\":\"es\"},{\"@type\":\"Person\",\"@id\":\"https:\\\/\\\/sindromecharge.es\\\/#\\\/schema\\\/person\\\/39a60ebe0a2b4d5a11179701e336b039\",\"name\":\"Charge\",\"image\":{\"@type\":\"ImageObject\",\"inLanguage\":\"es\",\"@id\":\"https:\\\/\\\/secure.gravatar.com\\\/avatar\\\/c3b46e32a0fc3b093a0873fb767bf3293de856293065e84ef06b7ec7a8acfb98?s=96&d=identicon&r=x\",\"url\":\"https:\\\/\\\/secure.gravatar.com\\\/avatar\\\/c3b46e32a0fc3b093a0873fb767bf3293de856293065e84ef06b7ec7a8acfb98?s=96&d=identicon&r=x\",\"contentUrl\":\"https:\\\/\\\/secure.gravatar.com\\\/avatar\\\/c3b46e32a0fc3b093a0873fb767bf3293de856293065e84ef06b7ec7a8acfb98?s=96&d=identicon&r=x\",\"caption\":\"Charge\"},\"url\":\"https:\\\/\\\/sindromecharge.es\\\/index.php\\\/author\\\/admin\\\/\"}]}<\/script>\n<!-- \/ Yoast SEO plugin. -->","yoast_head_json":{"title":"Trasladamos la importancia del papel de los pacientes en una formaci\u00f3n que organiza la Universidad de Deusto - Asociaci\u00f3n Espa\u00f1ola S\u00edndrome de Charge","robots":{"index":"index","follow":"follow","max-snippet":"max-snippet:-1","max-image-preview":"max-image-preview:large","max-video-preview":"max-video-preview:-1"},"canonical":"https:\/\/sindromecharge.es\/index.php\/2021\/04\/29\/trasladamos-la-importancia-del-papel-de-los-pacientes-en-una-formacion-que-organiza-la-universidad-de-deusto\/","og_locale":"es_ES","og_type":"article","og_title":"Trasladamos la importancia del papel de los pacientes en una formaci\u00f3n que organiza la Universidad de Deusto - Asociaci\u00f3n Espa\u00f1ola S\u00edndrome de Charge","og_description":"Leemos en FEDER la siguiente noticia que os reproducimos de forma \u00edntegra: &nbsp; La Universidad de Deusto, con el patrocinio de Boehringer Ingelheim organiza la formaci\u00f3n &#8216;La transformaci\u00f3n hacia un sistema basado en valor&#8217; que se organiza desde marzo hasta julio. Desde FEDER estaremos representados a trav\u00e9s de la participaci\u00f3n de Juana Mar\u00eda S\u00e1enz, miembro [&hellip;]","og_url":"https:\/\/sindromecharge.es\/index.php\/2021\/04\/29\/trasladamos-la-importancia-del-papel-de-los-pacientes-en-una-formacion-que-organiza-la-universidad-de-deusto\/","og_site_name":"Asociaci\u00f3n Espa\u00f1ola S\u00edndrome de Charge","article_publisher":"https:\/\/www.facebook.com\/asociacionsindromecharge","article_published_time":"2021-04-29T04:30:41+00:00","og_image":[{"width":300,"height":98,"url":"https:\/\/sindromecharge.es\/wp-content\/uploads\/2013\/09\/logodecharge300x98.png","type":"image\/png"}],"author":"Charge","twitter_card":"summary_large_image","twitter_creator":"@sindromecharge","twitter_site":"@sindromecharge","twitter_misc":{"Escrito por":"Charge","Tiempo de lectura":"2 minutos"},"schema":{"@context":"https:\/\/schema.org","@graph":[{"@type":"Article","@id":"https:\/\/sindromecharge.es\/index.php\/2021\/04\/29\/trasladamos-la-importancia-del-papel-de-los-pacientes-en-una-formacion-que-organiza-la-universidad-de-deusto\/#article","isPartOf":{"@id":"https:\/\/sindromecharge.es\/index.php\/2021\/04\/29\/trasladamos-la-importancia-del-papel-de-los-pacientes-en-una-formacion-que-organiza-la-universidad-de-deusto\/"},"author":{"name":"Charge","@id":"https:\/\/sindromecharge.es\/#\/schema\/person\/39a60ebe0a2b4d5a11179701e336b039"},"headline":"Trasladamos la importancia del papel de los pacientes en una formaci\u00f3n que organiza la Universidad de Deusto","datePublished":"2021-04-29T04:30:41+00:00","mainEntityOfPage":{"@id":"https:\/\/sindromecharge.es\/index.php\/2021\/04\/29\/trasladamos-la-importancia-del-papel-de-los-pacientes-en-una-formacion-que-organiza-la-universidad-de-deusto\/"},"wordCount":354,"commentCount":0,"keywords":["enfermedades raras"],"articleSection":["noticias"],"inLanguage":"es","potentialAction":[{"@type":"CommentAction","name":"Comment","target":["https:\/\/sindromecharge.es\/index.php\/2021\/04\/29\/trasladamos-la-importancia-del-papel-de-los-pacientes-en-una-formacion-que-organiza-la-universidad-de-deusto\/#respond"]}]},{"@type":"WebPage","@id":"https:\/\/sindromecharge.es\/index.php\/2021\/04\/29\/trasladamos-la-importancia-del-papel-de-los-pacientes-en-una-formacion-que-organiza-la-universidad-de-deusto\/","url":"https:\/\/sindromecharge.es\/index.php\/2021\/04\/29\/trasladamos-la-importancia-del-papel-de-los-pacientes-en-una-formacion-que-organiza-la-universidad-de-deusto\/","name":"Trasladamos la importancia del papel de los pacientes en una formaci\u00f3n que organiza la Universidad de Deusto - Asociaci\u00f3n Espa\u00f1ola S\u00edndrome de Charge","isPartOf":{"@id":"https:\/\/sindromecharge.es\/#website"},"datePublished":"2021-04-29T04:30:41+00:00","author":{"@id":"https:\/\/sindromecharge.es\/#\/schema\/person\/39a60ebe0a2b4d5a11179701e336b039"},"breadcrumb":{"@id":"https:\/\/sindromecharge.es\/index.php\/2021\/04\/29\/trasladamos-la-importancia-del-papel-de-los-pacientes-en-una-formacion-que-organiza-la-universidad-de-deusto\/#breadcrumb"},"inLanguage":"es","potentialAction":[{"@type":"ReadAction","target":["https:\/\/sindromecharge.es\/index.php\/2021\/04\/29\/trasladamos-la-importancia-del-papel-de-los-pacientes-en-una-formacion-que-organiza-la-universidad-de-deusto\/"]}]},{"@type":"BreadcrumbList","@id":"https:\/\/sindromecharge.es\/index.php\/2021\/04\/29\/trasladamos-la-importancia-del-papel-de-los-pacientes-en-una-formacion-que-organiza-la-universidad-de-deusto\/#breadcrumb","itemListElement":[{"@type":"ListItem","position":1,"name":"Portada","item":"https:\/\/sindromecharge.es\/"},{"@type":"ListItem","position":2,"name":"Trasladamos la importancia del papel de los pacientes en una formaci\u00f3n que organiza la Universidad de Deusto"}]},{"@type":"WebSite","@id":"https:\/\/sindromecharge.es\/#website","url":"https:\/\/sindromecharge.es\/","name":"Asociaci\u00f3n Espa\u00f1ola S\u00edndrome de Charge","description":"","potentialAction":[{"@type":"SearchAction","target":{"@type":"EntryPoint","urlTemplate":"https:\/\/sindromecharge.es\/?s={search_term_string}"},"query-input":{"@type":"PropertyValueSpecification","valueRequired":true,"valueName":"search_term_string"}}],"inLanguage":"es"},{"@type":"Person","@id":"https:\/\/sindromecharge.es\/#\/schema\/person\/39a60ebe0a2b4d5a11179701e336b039","name":"Charge","image":{"@type":"ImageObject","inLanguage":"es","@id":"https:\/\/secure.gravatar.com\/avatar\/c3b46e32a0fc3b093a0873fb767bf3293de856293065e84ef06b7ec7a8acfb98?s=96&d=identicon&r=x","url":"https:\/\/secure.gravatar.com\/avatar\/c3b46e32a0fc3b093a0873fb767bf3293de856293065e84ef06b7ec7a8acfb98?s=96&d=identicon&r=x","contentUrl":"https:\/\/secure.gravatar.com\/avatar\/c3b46e32a0fc3b093a0873fb767bf3293de856293065e84ef06b7ec7a8acfb98?s=96&d=identicon&r=x","caption":"Charge"},"url":"https:\/\/sindromecharge.es\/index.php\/author\/admin\/"}]}},"_links":{"self":[{"href":"https:\/\/sindromecharge.es\/index.php\/wp-json\/wp\/v2\/posts\/7096","targetHints":{"allow":["GET"]}}],"collection":[{"href":"https:\/\/sindromecharge.es\/index.php\/wp-json\/wp\/v2\/posts"}],"about":[{"href":"https:\/\/sindromecharge.es\/index.php\/wp-json\/wp\/v2\/types\/post"}],"author":[{"embeddable":true,"href":"https:\/\/sindromecharge.es\/index.php\/wp-json\/wp\/v2\/users\/1"}],"replies":[{"embeddable":true,"href":"https:\/\/sindromecharge.es\/index.php\/wp-json\/wp\/v2\/comments?post=7096"}],"version-history":[{"count":0,"href":"https:\/\/sindromecharge.es\/index.php\/wp-json\/wp\/v2\/posts\/7096\/revisions"}],"wp:attachment":[{"href":"https:\/\/sindromecharge.es\/index.php\/wp-json\/wp\/v2\/media?parent=7096"}],"wp:term":[{"taxonomy":"category","embeddable":true,"href":"https:\/\/sindromecharge.es\/index.php\/wp-json\/wp\/v2\/categories?post=7096"},{"taxonomy":"post_tag","embeddable":true,"href":"https:\/\/sindromecharge.es\/index.php\/wp-json\/wp\/v2\/tags?post=7096"}],"curies":[{"name":"wp","href":"https:\/\/api.w.org\/{rel}","templated":true}]}}