{"id":7094,"date":"2021-04-28T09:22:19","date_gmt":"2021-04-28T09:22:19","guid":{"rendered":"https:\/\/sindromecharge.es\/index.php\/2021\/04\/28\/una-inversion-de-20-millones-en-centros-especiales-de-c-lm-permitira-blindar-3-800-empleos-de-personas-con-discapacidad\/"},"modified":"2021-04-28T09:22:19","modified_gmt":"2021-04-28T09:22:19","slug":"una-inversion-de-20-millones-en-centros-especiales-de-c-lm-permitira-blindar-3-800-empleos-de-personas-con-discapacidad","status":"publish","type":"post","link":"https:\/\/sindromecharge.es\/index.php\/2021\/04\/28\/una-inversion-de-20-millones-en-centros-especiales-de-c-lm-permitira-blindar-3-800-empleos-de-personas-con-discapacidad\/","title":{"rendered":"Una inversi\u00f3n de 20 millones en centros especiales de C-LM permitir\u00e1 blindar 3.800 empleos de personas con discapacidad"},"content":{"rendered":"<p>Leemos en 20minutos la siguiente noticia que os reproducimos de forma \u00edntegra: <\/p>\n<p>Seg\u00fan ha explicado la portavoz del Gobierno regional, Blanca Fern\u00e1ndez, en rueda de prensa, esta cantidad servir\u00e1 para apuntalar el empleo de 3.800 personas y supone \u00abun enorme esfuerzo presupuestario si se tiene en cuenta que se ha duplicado tanto la cuant\u00eda como el n\u00famero de personas que trabajan en 92 centros de empleo\u00bb.<\/p>\n<p>Tambi\u00e9n en el \u00e1mbito del Bienestar Social se han aprobado en este Consejo de Gobierno otros 5,4 millones de euros adicionales para la gesti\u00f3n de dos centros de atenci\u00f3n a personas mayores o con discapacidad.<\/p>\n<p>De este montante, 3,8 millones son para la licitaci\u00f3n del contrato de servicios sociales destinados a la gesti\u00f3n de la residencia para personas mayores con servicio de estancias diurnas &#8216;El Jard\u00edn&#8217; de Higueruela (Albacete).<\/p>\n<p>En esta residencia hay un total de 56 plazas residenciales y diez m\u00e1s de estancias diurnas, tal y como ha detallado Fern\u00e1ndez.<\/p>\n<p>Otra licitaci\u00f3n m\u00e1s detallada por Fern\u00e1ndez en esta materia pasa por 1,6 millones de euros para los servicios de funcionamiento del centro de atenci\u00f3n a personas con discapacidad grave Santa Mar\u00eda de Benquerencia de Toledo, para medio centenar de plazas y otra decena de estancia diurna.<\/p>\n<p>Una decisi\u00f3n que \u00abbeneficiar\u00e1 a personas con discapacidad grave y tambi\u00e9n a sus familiares\u00bb, ya que son medidas que suponen \u00abun apoyo imprescindible\u00bb dentro de un servicio \u00abp\u00fablico y moderno de atenci\u00f3n\u00bb a las personas m\u00e1s necesitadas.<\/p>\n<p>Fuente: 20minutos <a href=\"https:\/\/www.20minutos.es\/noticia\/4676479\/0\/una-inversion-de-20-millones-en-centros-especiales-de-c-lm-permitira-blindar-3-800-empleos-de-personas-con-discapacidad\/\" target=\"_blank\" rel=\"noopener\">Una inversi\u00f3n de 20 millones en centros especiales de C-LM permitir\u00e1 blindar 3.800 empleos de personas con discapacidad<\/a><\/p>\n","protected":false},"excerpt":{"rendered":"<p>Leemos en 20minutos la siguiente noticia que os reproducimos de forma \u00edntegra: Seg\u00fan ha explicado la portavoz del Gobierno regional, Blanca Fern\u00e1ndez, en rueda de prensa, esta cantidad servir\u00e1 para apuntalar el empleo de 3.800 personas y supone \u00abun enorme esfuerzo presupuestario si se tiene en cuenta que se ha duplicado tanto la cuant\u00eda como [&hellip;]<\/p>\n","protected":false},"author":1,"featured_media":0,"comment_status":"open","ping_status":"closed","sticky":false,"template":"","format":"standard","meta":{"footnotes":""},"categories":[8],"tags":[31],"class_list":["post-7094","post","type-post","status-publish","format-standard","hentry","category-noticias","tag-discapacidad"],"yoast_head":"<!-- This site is optimized with the Yoast SEO plugin v27.5 - https:\/\/yoast.com\/product\/yoast-seo-wordpress\/ -->\n<title>Una inversi\u00f3n de 20 millones en centros especiales de C-LM permitir\u00e1 blindar 3.800 empleos de personas con discapacidad - Asociaci\u00f3n Espa\u00f1ola S\u00edndrome de Charge<\/title>\n<meta name=\"robots\" content=\"index, follow, max-snippet:-1, max-image-preview:large, max-video-preview:-1\" \/>\n<link rel=\"canonical\" href=\"https:\/\/sindromecharge.es\/index.php\/2021\/04\/28\/una-inversion-de-20-millones-en-centros-especiales-de-c-lm-permitira-blindar-3-800-empleos-de-personas-con-discapacidad\/\" \/>\n<meta property=\"og:locale\" content=\"es_ES\" \/>\n<meta property=\"og:type\" content=\"article\" \/>\n<meta property=\"og:title\" content=\"Una inversi\u00f3n de 20 millones en centros especiales de C-LM permitir\u00e1 blindar 3.800 empleos de personas con discapacidad - Asociaci\u00f3n Espa\u00f1ola S\u00edndrome de Charge\" \/>\n<meta property=\"og:description\" content=\"Leemos en 20minutos la siguiente noticia que os reproducimos de forma \u00edntegra: Seg\u00fan ha explicado la portavoz del Gobierno regional, Blanca Fern\u00e1ndez, en rueda de prensa, esta cantidad servir\u00e1 para apuntalar el empleo de 3.800 personas y supone \u00abun enorme esfuerzo presupuestario si se tiene en cuenta que se ha duplicado tanto la cuant\u00eda como [&hellip;]\" \/>\n<meta property=\"og:url\" content=\"https:\/\/sindromecharge.es\/index.php\/2021\/04\/28\/una-inversion-de-20-millones-en-centros-especiales-de-c-lm-permitira-blindar-3-800-empleos-de-personas-con-discapacidad\/\" \/>\n<meta property=\"og:site_name\" content=\"Asociaci\u00f3n Espa\u00f1ola S\u00edndrome de Charge\" \/>\n<meta property=\"article:publisher\" content=\"https:\/\/www.facebook.com\/asociacionsindromecharge\" \/>\n<meta property=\"article:published_time\" content=\"2021-04-28T09:22:19+00:00\" \/>\n<meta property=\"og:image\" content=\"https:\/\/sindromecharge.es\/wp-content\/uploads\/2013\/09\/logodecharge300x98.png\" \/>\n\t<meta property=\"og:image:width\" content=\"300\" \/>\n\t<meta property=\"og:image:height\" content=\"98\" \/>\n\t<meta property=\"og:image:type\" content=\"image\/png\" \/>\n<meta name=\"author\" content=\"Charge\" \/>\n<meta name=\"twitter:card\" content=\"summary_large_image\" \/>\n<meta name=\"twitter:creator\" content=\"@sindromecharge\" \/>\n<meta name=\"twitter:site\" content=\"@sindromecharge\" \/>\n<meta name=\"twitter:label1\" content=\"Escrito por\" \/>\n\t<meta name=\"twitter:data1\" content=\"Charge\" \/>\n\t<meta name=\"twitter:label2\" content=\"Tiempo de lectura\" \/>\n\t<meta name=\"twitter:data2\" content=\"1 minuto\" \/>\n<script type=\"application\/ld+json\" class=\"yoast-schema-graph\">{\"@context\":\"https:\\\/\\\/schema.org\",\"@graph\":[{\"@type\":\"Article\",\"@id\":\"https:\\\/\\\/sindromecharge.es\\\/index.php\\\/2021\\\/04\\\/28\\\/una-inversion-de-20-millones-en-centros-especiales-de-c-lm-permitira-blindar-3-800-empleos-de-personas-con-discapacidad\\\/#article\",\"isPartOf\":{\"@id\":\"https:\\\/\\\/sindromecharge.es\\\/index.php\\\/2021\\\/04\\\/28\\\/una-inversion-de-20-millones-en-centros-especiales-de-c-lm-permitira-blindar-3-800-empleos-de-personas-con-discapacidad\\\/\"},\"author\":{\"name\":\"Charge\",\"@id\":\"https:\\\/\\\/sindromecharge.es\\\/#\\\/schema\\\/person\\\/39a60ebe0a2b4d5a11179701e336b039\"},\"headline\":\"Una inversi\u00f3n de 20 millones en centros especiales de C-LM permitir\u00e1 blindar 3.800 empleos de personas con discapacidad\",\"datePublished\":\"2021-04-28T09:22:19+00:00\",\"mainEntityOfPage\":{\"@id\":\"https:\\\/\\\/sindromecharge.es\\\/index.php\\\/2021\\\/04\\\/28\\\/una-inversion-de-20-millones-en-centros-especiales-de-c-lm-permitira-blindar-3-800-empleos-de-personas-con-discapacidad\\\/\"},\"wordCount\":292,\"commentCount\":0,\"keywords\":[\"discapacidad\"],\"articleSection\":[\"noticias\"],\"inLanguage\":\"es\",\"potentialAction\":[{\"@type\":\"CommentAction\",\"name\":\"Comment\",\"target\":[\"https:\\\/\\\/sindromecharge.es\\\/index.php\\\/2021\\\/04\\\/28\\\/una-inversion-de-20-millones-en-centros-especiales-de-c-lm-permitira-blindar-3-800-empleos-de-personas-con-discapacidad\\\/#respond\"]}]},{\"@type\":\"WebPage\",\"@id\":\"https:\\\/\\\/sindromecharge.es\\\/index.php\\\/2021\\\/04\\\/28\\\/una-inversion-de-20-millones-en-centros-especiales-de-c-lm-permitira-blindar-3-800-empleos-de-personas-con-discapacidad\\\/\",\"url\":\"https:\\\/\\\/sindromecharge.es\\\/index.php\\\/2021\\\/04\\\/28\\\/una-inversion-de-20-millones-en-centros-especiales-de-c-lm-permitira-blindar-3-800-empleos-de-personas-con-discapacidad\\\/\",\"name\":\"Una inversi\u00f3n de 20 millones en centros especiales de C-LM permitir\u00e1 blindar 3.800 empleos de personas con discapacidad - Asociaci\u00f3n Espa\u00f1ola S\u00edndrome de Charge\",\"isPartOf\":{\"@id\":\"https:\\\/\\\/sindromecharge.es\\\/#website\"},\"datePublished\":\"2021-04-28T09:22:19+00:00\",\"author\":{\"@id\":\"https:\\\/\\\/sindromecharge.es\\\/#\\\/schema\\\/person\\\/39a60ebe0a2b4d5a11179701e336b039\"},\"breadcrumb\":{\"@id\":\"https:\\\/\\\/sindromecharge.es\\\/index.php\\\/2021\\\/04\\\/28\\\/una-inversion-de-20-millones-en-centros-especiales-de-c-lm-permitira-blindar-3-800-empleos-de-personas-con-discapacidad\\\/#breadcrumb\"},\"inLanguage\":\"es\",\"potentialAction\":[{\"@type\":\"ReadAction\",\"target\":[\"https:\\\/\\\/sindromecharge.es\\\/index.php\\\/2021\\\/04\\\/28\\\/una-inversion-de-20-millones-en-centros-especiales-de-c-lm-permitira-blindar-3-800-empleos-de-personas-con-discapacidad\\\/\"]}]},{\"@type\":\"BreadcrumbList\",\"@id\":\"https:\\\/\\\/sindromecharge.es\\\/index.php\\\/2021\\\/04\\\/28\\\/una-inversion-de-20-millones-en-centros-especiales-de-c-lm-permitira-blindar-3-800-empleos-de-personas-con-discapacidad\\\/#breadcrumb\",\"itemListElement\":[{\"@type\":\"ListItem\",\"position\":1,\"name\":\"Portada\",\"item\":\"https:\\\/\\\/sindromecharge.es\\\/\"},{\"@type\":\"ListItem\",\"position\":2,\"name\":\"Una inversi\u00f3n de 20 millones en centros especiales de C-LM permitir\u00e1 blindar 3.800 empleos de personas con discapacidad\"}]},{\"@type\":\"WebSite\",\"@id\":\"https:\\\/\\\/sindromecharge.es\\\/#website\",\"url\":\"https:\\\/\\\/sindromecharge.es\\\/\",\"name\":\"Asociaci\u00f3n Espa\u00f1ola S\u00edndrome de Charge\",\"description\":\"\",\"potentialAction\":[{\"@type\":\"SearchAction\",\"target\":{\"@type\":\"EntryPoint\",\"urlTemplate\":\"https:\\\/\\\/sindromecharge.es\\\/?s={search_term_string}\"},\"query-input\":{\"@type\":\"PropertyValueSpecification\",\"valueRequired\":true,\"valueName\":\"search_term_string\"}}],\"inLanguage\":\"es\"},{\"@type\":\"Person\",\"@id\":\"https:\\\/\\\/sindromecharge.es\\\/#\\\/schema\\\/person\\\/39a60ebe0a2b4d5a11179701e336b039\",\"name\":\"Charge\",\"image\":{\"@type\":\"ImageObject\",\"inLanguage\":\"es\",\"@id\":\"https:\\\/\\\/secure.gravatar.com\\\/avatar\\\/c3b46e32a0fc3b093a0873fb767bf3293de856293065e84ef06b7ec7a8acfb98?s=96&d=identicon&r=x\",\"url\":\"https:\\\/\\\/secure.gravatar.com\\\/avatar\\\/c3b46e32a0fc3b093a0873fb767bf3293de856293065e84ef06b7ec7a8acfb98?s=96&d=identicon&r=x\",\"contentUrl\":\"https:\\\/\\\/secure.gravatar.com\\\/avatar\\\/c3b46e32a0fc3b093a0873fb767bf3293de856293065e84ef06b7ec7a8acfb98?s=96&d=identicon&r=x\",\"caption\":\"Charge\"},\"url\":\"https:\\\/\\\/sindromecharge.es\\\/index.php\\\/author\\\/admin\\\/\"}]}<\/script>\n<!-- \/ Yoast SEO plugin. -->","yoast_head_json":{"title":"Una inversi\u00f3n de 20 millones en centros especiales de C-LM permitir\u00e1 blindar 3.800 empleos de personas con discapacidad - Asociaci\u00f3n Espa\u00f1ola S\u00edndrome de Charge","robots":{"index":"index","follow":"follow","max-snippet":"max-snippet:-1","max-image-preview":"max-image-preview:large","max-video-preview":"max-video-preview:-1"},"canonical":"https:\/\/sindromecharge.es\/index.php\/2021\/04\/28\/una-inversion-de-20-millones-en-centros-especiales-de-c-lm-permitira-blindar-3-800-empleos-de-personas-con-discapacidad\/","og_locale":"es_ES","og_type":"article","og_title":"Una inversi\u00f3n de 20 millones en centros especiales de C-LM permitir\u00e1 blindar 3.800 empleos de personas con discapacidad - Asociaci\u00f3n Espa\u00f1ola S\u00edndrome de Charge","og_description":"Leemos en 20minutos la siguiente noticia que os reproducimos de forma \u00edntegra: Seg\u00fan ha explicado la portavoz del Gobierno regional, Blanca Fern\u00e1ndez, en rueda de prensa, esta cantidad servir\u00e1 para apuntalar el empleo de 3.800 personas y supone \u00abun enorme esfuerzo presupuestario si se tiene en cuenta que se ha duplicado tanto la cuant\u00eda como [&hellip;]","og_url":"https:\/\/sindromecharge.es\/index.php\/2021\/04\/28\/una-inversion-de-20-millones-en-centros-especiales-de-c-lm-permitira-blindar-3-800-empleos-de-personas-con-discapacidad\/","og_site_name":"Asociaci\u00f3n Espa\u00f1ola S\u00edndrome de Charge","article_publisher":"https:\/\/www.facebook.com\/asociacionsindromecharge","article_published_time":"2021-04-28T09:22:19+00:00","og_image":[{"width":300,"height":98,"url":"https:\/\/sindromecharge.es\/wp-content\/uploads\/2013\/09\/logodecharge300x98.png","type":"image\/png"}],"author":"Charge","twitter_card":"summary_large_image","twitter_creator":"@sindromecharge","twitter_site":"@sindromecharge","twitter_misc":{"Escrito por":"Charge","Tiempo de lectura":"1 minuto"},"schema":{"@context":"https:\/\/schema.org","@graph":[{"@type":"Article","@id":"https:\/\/sindromecharge.es\/index.php\/2021\/04\/28\/una-inversion-de-20-millones-en-centros-especiales-de-c-lm-permitira-blindar-3-800-empleos-de-personas-con-discapacidad\/#article","isPartOf":{"@id":"https:\/\/sindromecharge.es\/index.php\/2021\/04\/28\/una-inversion-de-20-millones-en-centros-especiales-de-c-lm-permitira-blindar-3-800-empleos-de-personas-con-discapacidad\/"},"author":{"name":"Charge","@id":"https:\/\/sindromecharge.es\/#\/schema\/person\/39a60ebe0a2b4d5a11179701e336b039"},"headline":"Una inversi\u00f3n de 20 millones en centros especiales de C-LM permitir\u00e1 blindar 3.800 empleos de personas con discapacidad","datePublished":"2021-04-28T09:22:19+00:00","mainEntityOfPage":{"@id":"https:\/\/sindromecharge.es\/index.php\/2021\/04\/28\/una-inversion-de-20-millones-en-centros-especiales-de-c-lm-permitira-blindar-3-800-empleos-de-personas-con-discapacidad\/"},"wordCount":292,"commentCount":0,"keywords":["discapacidad"],"articleSection":["noticias"],"inLanguage":"es","potentialAction":[{"@type":"CommentAction","name":"Comment","target":["https:\/\/sindromecharge.es\/index.php\/2021\/04\/28\/una-inversion-de-20-millones-en-centros-especiales-de-c-lm-permitira-blindar-3-800-empleos-de-personas-con-discapacidad\/#respond"]}]},{"@type":"WebPage","@id":"https:\/\/sindromecharge.es\/index.php\/2021\/04\/28\/una-inversion-de-20-millones-en-centros-especiales-de-c-lm-permitira-blindar-3-800-empleos-de-personas-con-discapacidad\/","url":"https:\/\/sindromecharge.es\/index.php\/2021\/04\/28\/una-inversion-de-20-millones-en-centros-especiales-de-c-lm-permitira-blindar-3-800-empleos-de-personas-con-discapacidad\/","name":"Una inversi\u00f3n de 20 millones en centros especiales de C-LM permitir\u00e1 blindar 3.800 empleos de personas con discapacidad - Asociaci\u00f3n Espa\u00f1ola S\u00edndrome de Charge","isPartOf":{"@id":"https:\/\/sindromecharge.es\/#website"},"datePublished":"2021-04-28T09:22:19+00:00","author":{"@id":"https:\/\/sindromecharge.es\/#\/schema\/person\/39a60ebe0a2b4d5a11179701e336b039"},"breadcrumb":{"@id":"https:\/\/sindromecharge.es\/index.php\/2021\/04\/28\/una-inversion-de-20-millones-en-centros-especiales-de-c-lm-permitira-blindar-3-800-empleos-de-personas-con-discapacidad\/#breadcrumb"},"inLanguage":"es","potentialAction":[{"@type":"ReadAction","target":["https:\/\/sindromecharge.es\/index.php\/2021\/04\/28\/una-inversion-de-20-millones-en-centros-especiales-de-c-lm-permitira-blindar-3-800-empleos-de-personas-con-discapacidad\/"]}]},{"@type":"BreadcrumbList","@id":"https:\/\/sindromecharge.es\/index.php\/2021\/04\/28\/una-inversion-de-20-millones-en-centros-especiales-de-c-lm-permitira-blindar-3-800-empleos-de-personas-con-discapacidad\/#breadcrumb","itemListElement":[{"@type":"ListItem","position":1,"name":"Portada","item":"https:\/\/sindromecharge.es\/"},{"@type":"ListItem","position":2,"name":"Una inversi\u00f3n de 20 millones en centros especiales de C-LM permitir\u00e1 blindar 3.800 empleos de personas con discapacidad"}]},{"@type":"WebSite","@id":"https:\/\/sindromecharge.es\/#website","url":"https:\/\/sindromecharge.es\/","name":"Asociaci\u00f3n Espa\u00f1ola S\u00edndrome de Charge","description":"","potentialAction":[{"@type":"SearchAction","target":{"@type":"EntryPoint","urlTemplate":"https:\/\/sindromecharge.es\/?s={search_term_string}"},"query-input":{"@type":"PropertyValueSpecification","valueRequired":true,"valueName":"search_term_string"}}],"inLanguage":"es"},{"@type":"Person","@id":"https:\/\/sindromecharge.es\/#\/schema\/person\/39a60ebe0a2b4d5a11179701e336b039","name":"Charge","image":{"@type":"ImageObject","inLanguage":"es","@id":"https:\/\/secure.gravatar.com\/avatar\/c3b46e32a0fc3b093a0873fb767bf3293de856293065e84ef06b7ec7a8acfb98?s=96&d=identicon&r=x","url":"https:\/\/secure.gravatar.com\/avatar\/c3b46e32a0fc3b093a0873fb767bf3293de856293065e84ef06b7ec7a8acfb98?s=96&d=identicon&r=x","contentUrl":"https:\/\/secure.gravatar.com\/avatar\/c3b46e32a0fc3b093a0873fb767bf3293de856293065e84ef06b7ec7a8acfb98?s=96&d=identicon&r=x","caption":"Charge"},"url":"https:\/\/sindromecharge.es\/index.php\/author\/admin\/"}]}},"_links":{"self":[{"href":"https:\/\/sindromecharge.es\/index.php\/wp-json\/wp\/v2\/posts\/7094","targetHints":{"allow":["GET"]}}],"collection":[{"href":"https:\/\/sindromecharge.es\/index.php\/wp-json\/wp\/v2\/posts"}],"about":[{"href":"https:\/\/sindromecharge.es\/index.php\/wp-json\/wp\/v2\/types\/post"}],"author":[{"embeddable":true,"href":"https:\/\/sindromecharge.es\/index.php\/wp-json\/wp\/v2\/users\/1"}],"replies":[{"embeddable":true,"href":"https:\/\/sindromecharge.es\/index.php\/wp-json\/wp\/v2\/comments?post=7094"}],"version-history":[{"count":0,"href":"https:\/\/sindromecharge.es\/index.php\/wp-json\/wp\/v2\/posts\/7094\/revisions"}],"wp:attachment":[{"href":"https:\/\/sindromecharge.es\/index.php\/wp-json\/wp\/v2\/media?parent=7094"}],"wp:term":[{"taxonomy":"category","embeddable":true,"href":"https:\/\/sindromecharge.es\/index.php\/wp-json\/wp\/v2\/categories?post=7094"},{"taxonomy":"post_tag","embeddable":true,"href":"https:\/\/sindromecharge.es\/index.php\/wp-json\/wp\/v2\/tags?post=7094"}],"curies":[{"name":"wp","href":"https:\/\/api.w.org\/{rel}","templated":true}]}}