{"id":7093,"date":"2021-04-28T07:32:55","date_gmt":"2021-04-28T07:32:55","guid":{"rendered":"https:\/\/sindromecharge.es\/index.php\/2021\/04\/28\/nos-solidarizamos-con-las-personas-con-fibrosis-quistica-en-su-dia-nacional\/"},"modified":"2021-04-28T07:32:55","modified_gmt":"2021-04-28T07:32:55","slug":"nos-solidarizamos-con-las-personas-con-fibrosis-quistica-en-su-dia-nacional","status":"publish","type":"post","link":"https:\/\/sindromecharge.es\/index.php\/2021\/04\/28\/nos-solidarizamos-con-las-personas-con-fibrosis-quistica-en-su-dia-nacional\/","title":{"rendered":"Nos solidarizamos con las personas con Fibrosis Qu\u00edstica en su D\u00eda Nacional"},"content":{"rendered":"<p>Leemos en FEDER la siguiente noticia que os reproducimos de forma \u00edntegra: <\/p>\n<p>&nbsp;<\/p>\n<p>Hoy se celebra el D\u00eda Nacional de la Fibrosis Qu\u00edstica para potenciar la visibilidad de esta enfermedad poco frecuente y reivindicar la financiaci\u00f3n del tratamiento que podr\u00eda beneficiar a m\u00e1s del 75% de las personas que conviven con esta patolog\u00eda. Desde la Federaci\u00f3n Espa\u00f1ola de Enfermedades Raras (FEDER) se suman a esta jornada, adem\u00e1s de mostrar todo nuestro apoyo y fuerza a todos los pacientes y familiares.<\/p>\n<p>\u201cToda la familia FEDER nos unimos y nos sumamos al D\u00eda Nacional de Fibrosis Qu\u00edstica para potenciar la realidad de este colectivo y visibilizar la problem\u00e1tica a la que se enfrentan diariamente. Adem\u00e1s, en esta jornada, tambi\u00e9n consideramos imprescindible reconocer la labor del tejido asociativo\u201d afirma Juan Carri\u00f3n, presidente de FEDER y su Fundaci\u00f3n.<\/p>\n<p>La fibrosis qu\u00edstica es una enfermedad cr\u00f3nica y hereditaria que representa un grave problema de salud. Es una enfermedad degenerativa que afecta principalmente a los sistemas respiratorio y digestivo.<\/p>\n<p>Consiste en una alteraci\u00f3n gen\u00e9tica que afecta a las zonas del cuerpo que producen secreciones, dando lugar a un espesamiento y disminuci\u00f3n del contenido de agua, sodio y potasio origin\u00e1ndose la obstrucci\u00f3n de los canales que transportan esas secreciones y permitiendo que dicho estancamiento produzca infecciones e inflamaciones que destruyen zonas del pulm\u00f3n, h\u00edgado, p\u00e1ncreas y sistema reproductor principalmente.<\/p>\n<p>Las entidades de pacientes trabajan para contribuir al cuidado, asistencia y proyecci\u00f3n tanto social como asistencial de las personas con fibrosis qu\u00edstica. Adem\u00e1s, contribuyen a la investigaci\u00f3n sobre estas patolog\u00edas, ofrecen informaci\u00f3n, defienden los derechos de las personas que conviven con esta enfermedad poco frecuente y potencian la sensibilizaci\u00f3n social.<\/p>\n<p>Todo ello es gracias a la labor de entidades como, la Associaci\u00f3 Catalana de Fibrosi Qu\u00edstica, la Asociaci\u00f3n Madrile\u00f1a de Fibrosis Qu\u00edstica, la Asociaci\u00f3n Extreme\u00f1a contra la Fibrosis Qu\u00edstica, la Federaci\u00f3n Espa\u00f1ola de Fibrosis Qu\u00edstica, la Asociaci\u00f3n de Fibrosis Qu\u00edstica de la Comunidad Valenciana, la Asociaci\u00f3n Andaluza de Fibrosis Qu\u00edstica, la Asociaci\u00f3n de Fibrosis Qu\u00edstica de Euskadi, la Asociaci\u00f3n Navarra contra la Fibrosis Qu\u00edstica y la Organizaci\u00f3n de Pacientes con Fibrosis Qu\u00edstica de Espa\u00f1a.<\/p>\n<p>En esta jornada, la Federaci\u00f3n Espa\u00f1ola de Fibrosis Qu\u00edstica (FEFQ) quieren visibilizar la situaci\u00f3n en la que se encuentran las personas que conviven con esta enfermedad poco frecuente en Espa\u00f1a, ya que, todav\u00eda no tienen acceso a un tratamiento que, aunque no cura, paraliza el deterioro que produce la enfermedad y mejora de forma considerable su calidad de vida.<\/p>\n<p>Esto lo recuerdan en medio de la pandemia de la COVID-19, que sit\u00faa a las personas con Fibrosis Qu\u00edstica entre los grupos de riesgo, pero se encuentran sin acceso inmediato a la vacuna debido a su perfil m\u00e1s joven.<\/p>\n<p>\u00daltima actualizaci\u00f3n 28\/04\/2021<\/p>\n<p>&nbsp;<\/p>\n<p>Fuente: FEDER <a href=\"https:\/\/enfermedades-raras.org\/index.php\/actualidad\/noticias-eventos\/2-feder\/15264-nos-solidarizamos-con-las-personas-con-fibrosis-qu%C3%ADstica-en-su-d%C3%ADa-nacional\" target=\"_blank\" rel=\"noopener\">Nos solidarizamos con las personas con Fibrosis Qu\u00edstica en su D\u00eda Nacional<\/a><\/p>\n","protected":false},"excerpt":{"rendered":"<p>Leemos en FEDER la siguiente noticia que os reproducimos de forma \u00edntegra: &nbsp; Hoy se celebra el D\u00eda Nacional de la Fibrosis Qu\u00edstica para potenciar la visibilidad de esta enfermedad poco frecuente y reivindicar la financiaci\u00f3n del tratamiento que podr\u00eda beneficiar a m\u00e1s del 75% de las personas que conviven con esta patolog\u00eda. Desde la [&hellip;]<\/p>\n","protected":false},"author":1,"featured_media":0,"comment_status":"open","ping_status":"closed","sticky":false,"template":"","format":"standard","meta":{"footnotes":""},"categories":[8],"tags":[36],"class_list":["post-7093","post","type-post","status-publish","format-standard","hentry","category-noticias","tag-enfermedades-raras"],"yoast_head":"<!-- This site is optimized with the Yoast SEO plugin v27.5 - https:\/\/yoast.com\/product\/yoast-seo-wordpress\/ -->\n<title>Nos solidarizamos con las personas con Fibrosis Qu\u00edstica en su D\u00eda Nacional - Asociaci\u00f3n Espa\u00f1ola S\u00edndrome de Charge<\/title>\n<meta name=\"robots\" content=\"index, follow, max-snippet:-1, max-image-preview:large, max-video-preview:-1\" \/>\n<link rel=\"canonical\" href=\"https:\/\/sindromecharge.es\/index.php\/2021\/04\/28\/nos-solidarizamos-con-las-personas-con-fibrosis-quistica-en-su-dia-nacional\/\" \/>\n<meta property=\"og:locale\" content=\"es_ES\" \/>\n<meta property=\"og:type\" content=\"article\" \/>\n<meta property=\"og:title\" content=\"Nos solidarizamos con las personas con Fibrosis Qu\u00edstica en su D\u00eda Nacional - Asociaci\u00f3n Espa\u00f1ola S\u00edndrome de Charge\" \/>\n<meta property=\"og:description\" content=\"Leemos en FEDER la siguiente noticia que os reproducimos de forma \u00edntegra: &nbsp; Hoy se celebra el D\u00eda Nacional de la Fibrosis Qu\u00edstica para potenciar la visibilidad de esta enfermedad poco frecuente y reivindicar la financiaci\u00f3n del tratamiento que podr\u00eda beneficiar a m\u00e1s del 75% de las personas que conviven con esta patolog\u00eda. Desde la [&hellip;]\" \/>\n<meta property=\"og:url\" content=\"https:\/\/sindromecharge.es\/index.php\/2021\/04\/28\/nos-solidarizamos-con-las-personas-con-fibrosis-quistica-en-su-dia-nacional\/\" \/>\n<meta property=\"og:site_name\" content=\"Asociaci\u00f3n Espa\u00f1ola S\u00edndrome de Charge\" \/>\n<meta property=\"article:publisher\" content=\"https:\/\/www.facebook.com\/asociacionsindromecharge\" \/>\n<meta property=\"article:published_time\" content=\"2021-04-28T07:32:55+00:00\" \/>\n<meta property=\"og:image\" content=\"https:\/\/sindromecharge.es\/wp-content\/uploads\/2013\/09\/logodecharge300x98.png\" \/>\n\t<meta property=\"og:image:width\" content=\"300\" \/>\n\t<meta property=\"og:image:height\" content=\"98\" \/>\n\t<meta property=\"og:image:type\" content=\"image\/png\" \/>\n<meta name=\"author\" content=\"Charge\" \/>\n<meta name=\"twitter:card\" content=\"summary_large_image\" \/>\n<meta name=\"twitter:creator\" content=\"@sindromecharge\" \/>\n<meta name=\"twitter:site\" content=\"@sindromecharge\" \/>\n<meta name=\"twitter:label1\" content=\"Escrito por\" \/>\n\t<meta name=\"twitter:data1\" content=\"Charge\" \/>\n\t<meta name=\"twitter:label2\" content=\"Tiempo de lectura\" \/>\n\t<meta name=\"twitter:data2\" content=\"3 minutos\" \/>\n<script type=\"application\/ld+json\" class=\"yoast-schema-graph\">{\"@context\":\"https:\\\/\\\/schema.org\",\"@graph\":[{\"@type\":\"Article\",\"@id\":\"https:\\\/\\\/sindromecharge.es\\\/index.php\\\/2021\\\/04\\\/28\\\/nos-solidarizamos-con-las-personas-con-fibrosis-quistica-en-su-dia-nacional\\\/#article\",\"isPartOf\":{\"@id\":\"https:\\\/\\\/sindromecharge.es\\\/index.php\\\/2021\\\/04\\\/28\\\/nos-solidarizamos-con-las-personas-con-fibrosis-quistica-en-su-dia-nacional\\\/\"},\"author\":{\"name\":\"Charge\",\"@id\":\"https:\\\/\\\/sindromecharge.es\\\/#\\\/schema\\\/person\\\/39a60ebe0a2b4d5a11179701e336b039\"},\"headline\":\"Nos solidarizamos con las personas con Fibrosis Qu\u00edstica en su D\u00eda Nacional\",\"datePublished\":\"2021-04-28T07:32:55+00:00\",\"mainEntityOfPage\":{\"@id\":\"https:\\\/\\\/sindromecharge.es\\\/index.php\\\/2021\\\/04\\\/28\\\/nos-solidarizamos-con-las-personas-con-fibrosis-quistica-en-su-dia-nacional\\\/\"},\"wordCount\":540,\"commentCount\":0,\"keywords\":[\"enfermedades raras\"],\"articleSection\":[\"noticias\"],\"inLanguage\":\"es\",\"potentialAction\":[{\"@type\":\"CommentAction\",\"name\":\"Comment\",\"target\":[\"https:\\\/\\\/sindromecharge.es\\\/index.php\\\/2021\\\/04\\\/28\\\/nos-solidarizamos-con-las-personas-con-fibrosis-quistica-en-su-dia-nacional\\\/#respond\"]}]},{\"@type\":\"WebPage\",\"@id\":\"https:\\\/\\\/sindromecharge.es\\\/index.php\\\/2021\\\/04\\\/28\\\/nos-solidarizamos-con-las-personas-con-fibrosis-quistica-en-su-dia-nacional\\\/\",\"url\":\"https:\\\/\\\/sindromecharge.es\\\/index.php\\\/2021\\\/04\\\/28\\\/nos-solidarizamos-con-las-personas-con-fibrosis-quistica-en-su-dia-nacional\\\/\",\"name\":\"Nos solidarizamos con las personas con Fibrosis Qu\u00edstica en su D\u00eda Nacional - Asociaci\u00f3n Espa\u00f1ola S\u00edndrome de Charge\",\"isPartOf\":{\"@id\":\"https:\\\/\\\/sindromecharge.es\\\/#website\"},\"datePublished\":\"2021-04-28T07:32:55+00:00\",\"author\":{\"@id\":\"https:\\\/\\\/sindromecharge.es\\\/#\\\/schema\\\/person\\\/39a60ebe0a2b4d5a11179701e336b039\"},\"breadcrumb\":{\"@id\":\"https:\\\/\\\/sindromecharge.es\\\/index.php\\\/2021\\\/04\\\/28\\\/nos-solidarizamos-con-las-personas-con-fibrosis-quistica-en-su-dia-nacional\\\/#breadcrumb\"},\"inLanguage\":\"es\",\"potentialAction\":[{\"@type\":\"ReadAction\",\"target\":[\"https:\\\/\\\/sindromecharge.es\\\/index.php\\\/2021\\\/04\\\/28\\\/nos-solidarizamos-con-las-personas-con-fibrosis-quistica-en-su-dia-nacional\\\/\"]}]},{\"@type\":\"BreadcrumbList\",\"@id\":\"https:\\\/\\\/sindromecharge.es\\\/index.php\\\/2021\\\/04\\\/28\\\/nos-solidarizamos-con-las-personas-con-fibrosis-quistica-en-su-dia-nacional\\\/#breadcrumb\",\"itemListElement\":[{\"@type\":\"ListItem\",\"position\":1,\"name\":\"Portada\",\"item\":\"https:\\\/\\\/sindromecharge.es\\\/\"},{\"@type\":\"ListItem\",\"position\":2,\"name\":\"Nos solidarizamos con las personas con Fibrosis Qu\u00edstica en su D\u00eda Nacional\"}]},{\"@type\":\"WebSite\",\"@id\":\"https:\\\/\\\/sindromecharge.es\\\/#website\",\"url\":\"https:\\\/\\\/sindromecharge.es\\\/\",\"name\":\"Asociaci\u00f3n Espa\u00f1ola S\u00edndrome de Charge\",\"description\":\"\",\"potentialAction\":[{\"@type\":\"SearchAction\",\"target\":{\"@type\":\"EntryPoint\",\"urlTemplate\":\"https:\\\/\\\/sindromecharge.es\\\/?s={search_term_string}\"},\"query-input\":{\"@type\":\"PropertyValueSpecification\",\"valueRequired\":true,\"valueName\":\"search_term_string\"}}],\"inLanguage\":\"es\"},{\"@type\":\"Person\",\"@id\":\"https:\\\/\\\/sindromecharge.es\\\/#\\\/schema\\\/person\\\/39a60ebe0a2b4d5a11179701e336b039\",\"name\":\"Charge\",\"image\":{\"@type\":\"ImageObject\",\"inLanguage\":\"es\",\"@id\":\"https:\\\/\\\/secure.gravatar.com\\\/avatar\\\/c3b46e32a0fc3b093a0873fb767bf3293de856293065e84ef06b7ec7a8acfb98?s=96&d=identicon&r=x\",\"url\":\"https:\\\/\\\/secure.gravatar.com\\\/avatar\\\/c3b46e32a0fc3b093a0873fb767bf3293de856293065e84ef06b7ec7a8acfb98?s=96&d=identicon&r=x\",\"contentUrl\":\"https:\\\/\\\/secure.gravatar.com\\\/avatar\\\/c3b46e32a0fc3b093a0873fb767bf3293de856293065e84ef06b7ec7a8acfb98?s=96&d=identicon&r=x\",\"caption\":\"Charge\"},\"url\":\"https:\\\/\\\/sindromecharge.es\\\/index.php\\\/author\\\/admin\\\/\"}]}<\/script>\n<!-- \/ Yoast SEO plugin. -->","yoast_head_json":{"title":"Nos solidarizamos con las personas con Fibrosis Qu\u00edstica en su D\u00eda Nacional - Asociaci\u00f3n Espa\u00f1ola S\u00edndrome de Charge","robots":{"index":"index","follow":"follow","max-snippet":"max-snippet:-1","max-image-preview":"max-image-preview:large","max-video-preview":"max-video-preview:-1"},"canonical":"https:\/\/sindromecharge.es\/index.php\/2021\/04\/28\/nos-solidarizamos-con-las-personas-con-fibrosis-quistica-en-su-dia-nacional\/","og_locale":"es_ES","og_type":"article","og_title":"Nos solidarizamos con las personas con Fibrosis Qu\u00edstica en su D\u00eda Nacional - Asociaci\u00f3n Espa\u00f1ola S\u00edndrome de Charge","og_description":"Leemos en FEDER la siguiente noticia que os reproducimos de forma \u00edntegra: &nbsp; Hoy se celebra el D\u00eda Nacional de la Fibrosis Qu\u00edstica para potenciar la visibilidad de esta enfermedad poco frecuente y reivindicar la financiaci\u00f3n del tratamiento que podr\u00eda beneficiar a m\u00e1s del 75% de las personas que conviven con esta patolog\u00eda. Desde la [&hellip;]","og_url":"https:\/\/sindromecharge.es\/index.php\/2021\/04\/28\/nos-solidarizamos-con-las-personas-con-fibrosis-quistica-en-su-dia-nacional\/","og_site_name":"Asociaci\u00f3n Espa\u00f1ola S\u00edndrome de Charge","article_publisher":"https:\/\/www.facebook.com\/asociacionsindromecharge","article_published_time":"2021-04-28T07:32:55+00:00","og_image":[{"width":300,"height":98,"url":"https:\/\/sindromecharge.es\/wp-content\/uploads\/2013\/09\/logodecharge300x98.png","type":"image\/png"}],"author":"Charge","twitter_card":"summary_large_image","twitter_creator":"@sindromecharge","twitter_site":"@sindromecharge","twitter_misc":{"Escrito por":"Charge","Tiempo de lectura":"3 minutos"},"schema":{"@context":"https:\/\/schema.org","@graph":[{"@type":"Article","@id":"https:\/\/sindromecharge.es\/index.php\/2021\/04\/28\/nos-solidarizamos-con-las-personas-con-fibrosis-quistica-en-su-dia-nacional\/#article","isPartOf":{"@id":"https:\/\/sindromecharge.es\/index.php\/2021\/04\/28\/nos-solidarizamos-con-las-personas-con-fibrosis-quistica-en-su-dia-nacional\/"},"author":{"name":"Charge","@id":"https:\/\/sindromecharge.es\/#\/schema\/person\/39a60ebe0a2b4d5a11179701e336b039"},"headline":"Nos solidarizamos con las personas con Fibrosis Qu\u00edstica en su D\u00eda Nacional","datePublished":"2021-04-28T07:32:55+00:00","mainEntityOfPage":{"@id":"https:\/\/sindromecharge.es\/index.php\/2021\/04\/28\/nos-solidarizamos-con-las-personas-con-fibrosis-quistica-en-su-dia-nacional\/"},"wordCount":540,"commentCount":0,"keywords":["enfermedades raras"],"articleSection":["noticias"],"inLanguage":"es","potentialAction":[{"@type":"CommentAction","name":"Comment","target":["https:\/\/sindromecharge.es\/index.php\/2021\/04\/28\/nos-solidarizamos-con-las-personas-con-fibrosis-quistica-en-su-dia-nacional\/#respond"]}]},{"@type":"WebPage","@id":"https:\/\/sindromecharge.es\/index.php\/2021\/04\/28\/nos-solidarizamos-con-las-personas-con-fibrosis-quistica-en-su-dia-nacional\/","url":"https:\/\/sindromecharge.es\/index.php\/2021\/04\/28\/nos-solidarizamos-con-las-personas-con-fibrosis-quistica-en-su-dia-nacional\/","name":"Nos solidarizamos con las personas con Fibrosis Qu\u00edstica en su D\u00eda Nacional - Asociaci\u00f3n Espa\u00f1ola S\u00edndrome de Charge","isPartOf":{"@id":"https:\/\/sindromecharge.es\/#website"},"datePublished":"2021-04-28T07:32:55+00:00","author":{"@id":"https:\/\/sindromecharge.es\/#\/schema\/person\/39a60ebe0a2b4d5a11179701e336b039"},"breadcrumb":{"@id":"https:\/\/sindromecharge.es\/index.php\/2021\/04\/28\/nos-solidarizamos-con-las-personas-con-fibrosis-quistica-en-su-dia-nacional\/#breadcrumb"},"inLanguage":"es","potentialAction":[{"@type":"ReadAction","target":["https:\/\/sindromecharge.es\/index.php\/2021\/04\/28\/nos-solidarizamos-con-las-personas-con-fibrosis-quistica-en-su-dia-nacional\/"]}]},{"@type":"BreadcrumbList","@id":"https:\/\/sindromecharge.es\/index.php\/2021\/04\/28\/nos-solidarizamos-con-las-personas-con-fibrosis-quistica-en-su-dia-nacional\/#breadcrumb","itemListElement":[{"@type":"ListItem","position":1,"name":"Portada","item":"https:\/\/sindromecharge.es\/"},{"@type":"ListItem","position":2,"name":"Nos solidarizamos con las personas con Fibrosis Qu\u00edstica en su D\u00eda Nacional"}]},{"@type":"WebSite","@id":"https:\/\/sindromecharge.es\/#website","url":"https:\/\/sindromecharge.es\/","name":"Asociaci\u00f3n Espa\u00f1ola S\u00edndrome de Charge","description":"","potentialAction":[{"@type":"SearchAction","target":{"@type":"EntryPoint","urlTemplate":"https:\/\/sindromecharge.es\/?s={search_term_string}"},"query-input":{"@type":"PropertyValueSpecification","valueRequired":true,"valueName":"search_term_string"}}],"inLanguage":"es"},{"@type":"Person","@id":"https:\/\/sindromecharge.es\/#\/schema\/person\/39a60ebe0a2b4d5a11179701e336b039","name":"Charge","image":{"@type":"ImageObject","inLanguage":"es","@id":"https:\/\/secure.gravatar.com\/avatar\/c3b46e32a0fc3b093a0873fb767bf3293de856293065e84ef06b7ec7a8acfb98?s=96&d=identicon&r=x","url":"https:\/\/secure.gravatar.com\/avatar\/c3b46e32a0fc3b093a0873fb767bf3293de856293065e84ef06b7ec7a8acfb98?s=96&d=identicon&r=x","contentUrl":"https:\/\/secure.gravatar.com\/avatar\/c3b46e32a0fc3b093a0873fb767bf3293de856293065e84ef06b7ec7a8acfb98?s=96&d=identicon&r=x","caption":"Charge"},"url":"https:\/\/sindromecharge.es\/index.php\/author\/admin\/"}]}},"_links":{"self":[{"href":"https:\/\/sindromecharge.es\/index.php\/wp-json\/wp\/v2\/posts\/7093","targetHints":{"allow":["GET"]}}],"collection":[{"href":"https:\/\/sindromecharge.es\/index.php\/wp-json\/wp\/v2\/posts"}],"about":[{"href":"https:\/\/sindromecharge.es\/index.php\/wp-json\/wp\/v2\/types\/post"}],"author":[{"embeddable":true,"href":"https:\/\/sindromecharge.es\/index.php\/wp-json\/wp\/v2\/users\/1"}],"replies":[{"embeddable":true,"href":"https:\/\/sindromecharge.es\/index.php\/wp-json\/wp\/v2\/comments?post=7093"}],"version-history":[{"count":0,"href":"https:\/\/sindromecharge.es\/index.php\/wp-json\/wp\/v2\/posts\/7093\/revisions"}],"wp:attachment":[{"href":"https:\/\/sindromecharge.es\/index.php\/wp-json\/wp\/v2\/media?parent=7093"}],"wp:term":[{"taxonomy":"category","embeddable":true,"href":"https:\/\/sindromecharge.es\/index.php\/wp-json\/wp\/v2\/categories?post=7093"},{"taxonomy":"post_tag","embeddable":true,"href":"https:\/\/sindromecharge.es\/index.php\/wp-json\/wp\/v2\/tags?post=7093"}],"curies":[{"name":"wp","href":"https:\/\/api.w.org\/{rel}","templated":true}]}}