{"id":7091,"date":"2021-04-27T11:42:42","date_gmt":"2021-04-27T11:42:42","guid":{"rendered":"https:\/\/sindromecharge.es\/index.php\/2021\/04\/27\/el-senador-jose-aurelio-aguilar-ponente-por-el-psoe-de-la-ley-de-medidas-de-apoyo-a-personas-con-discapacidad\/"},"modified":"2021-04-27T11:42:42","modified_gmt":"2021-04-27T11:42:42","slug":"el-senador-jose-aurelio-aguilar-ponente-por-el-psoe-de-la-ley-de-medidas-de-apoyo-a-personas-con-discapacidad","status":"publish","type":"post","link":"https:\/\/sindromecharge.es\/index.php\/2021\/04\/27\/el-senador-jose-aurelio-aguilar-ponente-por-el-psoe-de-la-ley-de-medidas-de-apoyo-a-personas-con-discapacidad\/","title":{"rendered":"El senador Jos\u00e9 Aurelio Aguilar, ponente por el PSOE de la Ley de Medidas de apoyo a Personas con Discapacidad"},"content":{"rendered":"<p>Leemos en 20minutos la siguiente noticia que os reproducimos de forma \u00edntegra: <\/p>\n<p>Para su tramitaci\u00f3n el Grupo Socialista en la C\u00e1mara Alta ha designado al senador malague\u00f1o Jos\u00e9 Aurelio Aguilar como ponente de esta ley \u00abpor la que se pretende reformar la legislaci\u00f3n civil y procesal para el apoyo a las personas con discapacidad en el ejercicio de su capacidad jur\u00eddica\u00bb, han precisado desde el PSOE.<\/p>\n<p>La norma, han indicado desde la formaci\u00f3n socialista en un comunicado, incorpora las previsiones de la Convenci\u00f3n internacional sobre los derechos de las personas con discapacidad, hecha en Nueva York el 13 de diciembre de 2006, \u00aby supone una profunda renovaci\u00f3n y modernizaci\u00f3n de nuestro ordenamiento jur\u00eddico al reconocer que las personas con discapacidad tienen capacidad jur\u00eddica en igualdad de condiciones, en todos los aspectos de la vida\u00bb.<\/p>\n<p>\u00abEstamos ante un aut\u00e9ntico cambio de paradigma -ha indicado Aguilar-, puesto que la nueva ley supone un cambio del sistema hasta ahora vigente, donde predominaban que, en la toma de decisiones que afectaban a las personas con discapacidad, fuesen adoptadas por terceros, habitualmente los tutores\u00bb.<\/p>\n<p>El nuevo sistema, ha a\u00f1adido, \u00abse basa en el respeto a su voluntad, deseos y preferencias, de tal manera que la regla general ser\u00e1 que la persona con discapacidad sea la encargada de tomar sus propias decisiones en todos los \u00f3rdenes, con los apoyos concretos y espec\u00edficos que cada una de ellas precise\u00bb.<\/p>\n<p>\u00abEstamos trabajando en la mejora de determinados aspectos de la Ley, manteniendo, eso s\u00ed, los amplios consensos ya alcanzados en el Congreso. Creo que estamos ante un claro ejemplo de trabajo legislativo colaborativo, en el que se han tenido tambi\u00e9n en cuenta las propuestas y aportaciones de las entidades representativas y del tercer sector\u00bb, ha finalizado Aguilar.<\/p>\n<p>Fuente: 20minutos <a href=\"https:\/\/www.20minutos.es\/noticia\/4675184\/0\/el-senador-jose-aurelio-aguilar-ponente-por-el-psoe-de-la-ley-de-medidas-de-apoyo-a-personas-con-discapacidad\/\" target=\"_blank\" rel=\"noopener\">El senador Jos\u00e9 Aurelio Aguilar, ponente por el PSOE de la Ley de Medidas de apoyo a Personas con Discapacidad<\/a><\/p>\n","protected":false},"excerpt":{"rendered":"<p>Leemos en 20minutos la siguiente noticia que os reproducimos de forma \u00edntegra: Para su tramitaci\u00f3n el Grupo Socialista en la C\u00e1mara Alta ha designado al senador malague\u00f1o Jos\u00e9 Aurelio Aguilar como ponente de esta ley \u00abpor la que se pretende reformar la legislaci\u00f3n civil y procesal para el apoyo a las personas con discapacidad en [&hellip;]<\/p>\n","protected":false},"author":1,"featured_media":0,"comment_status":"open","ping_status":"closed","sticky":false,"template":"","format":"standard","meta":{"footnotes":""},"categories":[8],"tags":[31],"class_list":["post-7091","post","type-post","status-publish","format-standard","hentry","category-noticias","tag-discapacidad"],"yoast_head":"<!-- This site is optimized with the Yoast SEO plugin v27.5 - https:\/\/yoast.com\/product\/yoast-seo-wordpress\/ -->\n<title>El senador Jos\u00e9 Aurelio Aguilar, ponente por el PSOE de la Ley de Medidas de apoyo a Personas con Discapacidad - Asociaci\u00f3n Espa\u00f1ola S\u00edndrome de Charge<\/title>\n<meta name=\"robots\" content=\"index, follow, max-snippet:-1, max-image-preview:large, max-video-preview:-1\" \/>\n<link rel=\"canonical\" href=\"https:\/\/sindromecharge.es\/index.php\/2021\/04\/27\/el-senador-jose-aurelio-aguilar-ponente-por-el-psoe-de-la-ley-de-medidas-de-apoyo-a-personas-con-discapacidad\/\" \/>\n<meta property=\"og:locale\" content=\"es_ES\" \/>\n<meta property=\"og:type\" content=\"article\" \/>\n<meta property=\"og:title\" content=\"El senador Jos\u00e9 Aurelio Aguilar, ponente por el PSOE de la Ley de Medidas de apoyo a Personas con Discapacidad - Asociaci\u00f3n Espa\u00f1ola S\u00edndrome de Charge\" \/>\n<meta property=\"og:description\" content=\"Leemos en 20minutos la siguiente noticia que os reproducimos de forma \u00edntegra: Para su tramitaci\u00f3n el Grupo Socialista en la C\u00e1mara Alta ha designado al senador malague\u00f1o Jos\u00e9 Aurelio Aguilar como ponente de esta ley \u00abpor la que se pretende reformar la legislaci\u00f3n civil y procesal para el apoyo a las personas con discapacidad en [&hellip;]\" \/>\n<meta property=\"og:url\" content=\"https:\/\/sindromecharge.es\/index.php\/2021\/04\/27\/el-senador-jose-aurelio-aguilar-ponente-por-el-psoe-de-la-ley-de-medidas-de-apoyo-a-personas-con-discapacidad\/\" \/>\n<meta property=\"og:site_name\" content=\"Asociaci\u00f3n Espa\u00f1ola S\u00edndrome de Charge\" \/>\n<meta property=\"article:publisher\" content=\"https:\/\/www.facebook.com\/asociacionsindromecharge\" \/>\n<meta property=\"article:published_time\" content=\"2021-04-27T11:42:42+00:00\" \/>\n<meta property=\"og:image\" content=\"https:\/\/sindromecharge.es\/wp-content\/uploads\/2013\/09\/logodecharge300x98.png\" \/>\n\t<meta property=\"og:image:width\" content=\"300\" \/>\n\t<meta property=\"og:image:height\" content=\"98\" \/>\n\t<meta property=\"og:image:type\" content=\"image\/png\" \/>\n<meta name=\"author\" content=\"Charge\" \/>\n<meta name=\"twitter:card\" content=\"summary_large_image\" \/>\n<meta name=\"twitter:creator\" content=\"@sindromecharge\" \/>\n<meta name=\"twitter:site\" content=\"@sindromecharge\" \/>\n<meta name=\"twitter:label1\" content=\"Escrito por\" \/>\n\t<meta name=\"twitter:data1\" content=\"Charge\" \/>\n\t<meta name=\"twitter:label2\" content=\"Tiempo de lectura\" \/>\n\t<meta name=\"twitter:data2\" content=\"2 minutos\" \/>\n<script type=\"application\/ld+json\" class=\"yoast-schema-graph\">{\"@context\":\"https:\\\/\\\/schema.org\",\"@graph\":[{\"@type\":\"Article\",\"@id\":\"https:\\\/\\\/sindromecharge.es\\\/index.php\\\/2021\\\/04\\\/27\\\/el-senador-jose-aurelio-aguilar-ponente-por-el-psoe-de-la-ley-de-medidas-de-apoyo-a-personas-con-discapacidad\\\/#article\",\"isPartOf\":{\"@id\":\"https:\\\/\\\/sindromecharge.es\\\/index.php\\\/2021\\\/04\\\/27\\\/el-senador-jose-aurelio-aguilar-ponente-por-el-psoe-de-la-ley-de-medidas-de-apoyo-a-personas-con-discapacidad\\\/\"},\"author\":{\"name\":\"Charge\",\"@id\":\"https:\\\/\\\/sindromecharge.es\\\/#\\\/schema\\\/person\\\/39a60ebe0a2b4d5a11179701e336b039\"},\"headline\":\"El senador Jos\u00e9 Aurelio Aguilar, ponente por el PSOE de la Ley de Medidas de apoyo a Personas con Discapacidad\",\"datePublished\":\"2021-04-27T11:42:42+00:00\",\"mainEntityOfPage\":{\"@id\":\"https:\\\/\\\/sindromecharge.es\\\/index.php\\\/2021\\\/04\\\/27\\\/el-senador-jose-aurelio-aguilar-ponente-por-el-psoe-de-la-ley-de-medidas-de-apoyo-a-personas-con-discapacidad\\\/\"},\"wordCount\":344,\"commentCount\":0,\"keywords\":[\"discapacidad\"],\"articleSection\":[\"noticias\"],\"inLanguage\":\"es\",\"potentialAction\":[{\"@type\":\"CommentAction\",\"name\":\"Comment\",\"target\":[\"https:\\\/\\\/sindromecharge.es\\\/index.php\\\/2021\\\/04\\\/27\\\/el-senador-jose-aurelio-aguilar-ponente-por-el-psoe-de-la-ley-de-medidas-de-apoyo-a-personas-con-discapacidad\\\/#respond\"]}]},{\"@type\":\"WebPage\",\"@id\":\"https:\\\/\\\/sindromecharge.es\\\/index.php\\\/2021\\\/04\\\/27\\\/el-senador-jose-aurelio-aguilar-ponente-por-el-psoe-de-la-ley-de-medidas-de-apoyo-a-personas-con-discapacidad\\\/\",\"url\":\"https:\\\/\\\/sindromecharge.es\\\/index.php\\\/2021\\\/04\\\/27\\\/el-senador-jose-aurelio-aguilar-ponente-por-el-psoe-de-la-ley-de-medidas-de-apoyo-a-personas-con-discapacidad\\\/\",\"name\":\"El senador Jos\u00e9 Aurelio Aguilar, ponente por el PSOE de la Ley de Medidas de apoyo a Personas con Discapacidad - Asociaci\u00f3n Espa\u00f1ola S\u00edndrome de Charge\",\"isPartOf\":{\"@id\":\"https:\\\/\\\/sindromecharge.es\\\/#website\"},\"datePublished\":\"2021-04-27T11:42:42+00:00\",\"author\":{\"@id\":\"https:\\\/\\\/sindromecharge.es\\\/#\\\/schema\\\/person\\\/39a60ebe0a2b4d5a11179701e336b039\"},\"breadcrumb\":{\"@id\":\"https:\\\/\\\/sindromecharge.es\\\/index.php\\\/2021\\\/04\\\/27\\\/el-senador-jose-aurelio-aguilar-ponente-por-el-psoe-de-la-ley-de-medidas-de-apoyo-a-personas-con-discapacidad\\\/#breadcrumb\"},\"inLanguage\":\"es\",\"potentialAction\":[{\"@type\":\"ReadAction\",\"target\":[\"https:\\\/\\\/sindromecharge.es\\\/index.php\\\/2021\\\/04\\\/27\\\/el-senador-jose-aurelio-aguilar-ponente-por-el-psoe-de-la-ley-de-medidas-de-apoyo-a-personas-con-discapacidad\\\/\"]}]},{\"@type\":\"BreadcrumbList\",\"@id\":\"https:\\\/\\\/sindromecharge.es\\\/index.php\\\/2021\\\/04\\\/27\\\/el-senador-jose-aurelio-aguilar-ponente-por-el-psoe-de-la-ley-de-medidas-de-apoyo-a-personas-con-discapacidad\\\/#breadcrumb\",\"itemListElement\":[{\"@type\":\"ListItem\",\"position\":1,\"name\":\"Portada\",\"item\":\"https:\\\/\\\/sindromecharge.es\\\/\"},{\"@type\":\"ListItem\",\"position\":2,\"name\":\"El senador Jos\u00e9 Aurelio Aguilar, ponente por el PSOE de la Ley de Medidas de apoyo a Personas con Discapacidad\"}]},{\"@type\":\"WebSite\",\"@id\":\"https:\\\/\\\/sindromecharge.es\\\/#website\",\"url\":\"https:\\\/\\\/sindromecharge.es\\\/\",\"name\":\"Asociaci\u00f3n Espa\u00f1ola S\u00edndrome de Charge\",\"description\":\"\",\"potentialAction\":[{\"@type\":\"SearchAction\",\"target\":{\"@type\":\"EntryPoint\",\"urlTemplate\":\"https:\\\/\\\/sindromecharge.es\\\/?s={search_term_string}\"},\"query-input\":{\"@type\":\"PropertyValueSpecification\",\"valueRequired\":true,\"valueName\":\"search_term_string\"}}],\"inLanguage\":\"es\"},{\"@type\":\"Person\",\"@id\":\"https:\\\/\\\/sindromecharge.es\\\/#\\\/schema\\\/person\\\/39a60ebe0a2b4d5a11179701e336b039\",\"name\":\"Charge\",\"image\":{\"@type\":\"ImageObject\",\"inLanguage\":\"es\",\"@id\":\"https:\\\/\\\/secure.gravatar.com\\\/avatar\\\/c3b46e32a0fc3b093a0873fb767bf3293de856293065e84ef06b7ec7a8acfb98?s=96&d=identicon&r=x\",\"url\":\"https:\\\/\\\/secure.gravatar.com\\\/avatar\\\/c3b46e32a0fc3b093a0873fb767bf3293de856293065e84ef06b7ec7a8acfb98?s=96&d=identicon&r=x\",\"contentUrl\":\"https:\\\/\\\/secure.gravatar.com\\\/avatar\\\/c3b46e32a0fc3b093a0873fb767bf3293de856293065e84ef06b7ec7a8acfb98?s=96&d=identicon&r=x\",\"caption\":\"Charge\"},\"url\":\"https:\\\/\\\/sindromecharge.es\\\/index.php\\\/author\\\/admin\\\/\"}]}<\/script>\n<!-- \/ Yoast SEO plugin. -->","yoast_head_json":{"title":"El senador Jos\u00e9 Aurelio Aguilar, ponente por el PSOE de la Ley de Medidas de apoyo a Personas con Discapacidad - Asociaci\u00f3n Espa\u00f1ola S\u00edndrome de Charge","robots":{"index":"index","follow":"follow","max-snippet":"max-snippet:-1","max-image-preview":"max-image-preview:large","max-video-preview":"max-video-preview:-1"},"canonical":"https:\/\/sindromecharge.es\/index.php\/2021\/04\/27\/el-senador-jose-aurelio-aguilar-ponente-por-el-psoe-de-la-ley-de-medidas-de-apoyo-a-personas-con-discapacidad\/","og_locale":"es_ES","og_type":"article","og_title":"El senador Jos\u00e9 Aurelio Aguilar, ponente por el PSOE de la Ley de Medidas de apoyo a Personas con Discapacidad - Asociaci\u00f3n Espa\u00f1ola S\u00edndrome de Charge","og_description":"Leemos en 20minutos la siguiente noticia que os reproducimos de forma \u00edntegra: Para su tramitaci\u00f3n el Grupo Socialista en la C\u00e1mara Alta ha designado al senador malague\u00f1o Jos\u00e9 Aurelio Aguilar como ponente de esta ley \u00abpor la que se pretende reformar la legislaci\u00f3n civil y procesal para el apoyo a las personas con discapacidad en [&hellip;]","og_url":"https:\/\/sindromecharge.es\/index.php\/2021\/04\/27\/el-senador-jose-aurelio-aguilar-ponente-por-el-psoe-de-la-ley-de-medidas-de-apoyo-a-personas-con-discapacidad\/","og_site_name":"Asociaci\u00f3n Espa\u00f1ola S\u00edndrome de Charge","article_publisher":"https:\/\/www.facebook.com\/asociacionsindromecharge","article_published_time":"2021-04-27T11:42:42+00:00","og_image":[{"width":300,"height":98,"url":"https:\/\/sindromecharge.es\/wp-content\/uploads\/2013\/09\/logodecharge300x98.png","type":"image\/png"}],"author":"Charge","twitter_card":"summary_large_image","twitter_creator":"@sindromecharge","twitter_site":"@sindromecharge","twitter_misc":{"Escrito por":"Charge","Tiempo de lectura":"2 minutos"},"schema":{"@context":"https:\/\/schema.org","@graph":[{"@type":"Article","@id":"https:\/\/sindromecharge.es\/index.php\/2021\/04\/27\/el-senador-jose-aurelio-aguilar-ponente-por-el-psoe-de-la-ley-de-medidas-de-apoyo-a-personas-con-discapacidad\/#article","isPartOf":{"@id":"https:\/\/sindromecharge.es\/index.php\/2021\/04\/27\/el-senador-jose-aurelio-aguilar-ponente-por-el-psoe-de-la-ley-de-medidas-de-apoyo-a-personas-con-discapacidad\/"},"author":{"name":"Charge","@id":"https:\/\/sindromecharge.es\/#\/schema\/person\/39a60ebe0a2b4d5a11179701e336b039"},"headline":"El senador Jos\u00e9 Aurelio Aguilar, ponente por el PSOE de la Ley de Medidas de apoyo a Personas con Discapacidad","datePublished":"2021-04-27T11:42:42+00:00","mainEntityOfPage":{"@id":"https:\/\/sindromecharge.es\/index.php\/2021\/04\/27\/el-senador-jose-aurelio-aguilar-ponente-por-el-psoe-de-la-ley-de-medidas-de-apoyo-a-personas-con-discapacidad\/"},"wordCount":344,"commentCount":0,"keywords":["discapacidad"],"articleSection":["noticias"],"inLanguage":"es","potentialAction":[{"@type":"CommentAction","name":"Comment","target":["https:\/\/sindromecharge.es\/index.php\/2021\/04\/27\/el-senador-jose-aurelio-aguilar-ponente-por-el-psoe-de-la-ley-de-medidas-de-apoyo-a-personas-con-discapacidad\/#respond"]}]},{"@type":"WebPage","@id":"https:\/\/sindromecharge.es\/index.php\/2021\/04\/27\/el-senador-jose-aurelio-aguilar-ponente-por-el-psoe-de-la-ley-de-medidas-de-apoyo-a-personas-con-discapacidad\/","url":"https:\/\/sindromecharge.es\/index.php\/2021\/04\/27\/el-senador-jose-aurelio-aguilar-ponente-por-el-psoe-de-la-ley-de-medidas-de-apoyo-a-personas-con-discapacidad\/","name":"El senador Jos\u00e9 Aurelio Aguilar, ponente por el PSOE de la Ley de Medidas de apoyo a Personas con Discapacidad - Asociaci\u00f3n Espa\u00f1ola S\u00edndrome de Charge","isPartOf":{"@id":"https:\/\/sindromecharge.es\/#website"},"datePublished":"2021-04-27T11:42:42+00:00","author":{"@id":"https:\/\/sindromecharge.es\/#\/schema\/person\/39a60ebe0a2b4d5a11179701e336b039"},"breadcrumb":{"@id":"https:\/\/sindromecharge.es\/index.php\/2021\/04\/27\/el-senador-jose-aurelio-aguilar-ponente-por-el-psoe-de-la-ley-de-medidas-de-apoyo-a-personas-con-discapacidad\/#breadcrumb"},"inLanguage":"es","potentialAction":[{"@type":"ReadAction","target":["https:\/\/sindromecharge.es\/index.php\/2021\/04\/27\/el-senador-jose-aurelio-aguilar-ponente-por-el-psoe-de-la-ley-de-medidas-de-apoyo-a-personas-con-discapacidad\/"]}]},{"@type":"BreadcrumbList","@id":"https:\/\/sindromecharge.es\/index.php\/2021\/04\/27\/el-senador-jose-aurelio-aguilar-ponente-por-el-psoe-de-la-ley-de-medidas-de-apoyo-a-personas-con-discapacidad\/#breadcrumb","itemListElement":[{"@type":"ListItem","position":1,"name":"Portada","item":"https:\/\/sindromecharge.es\/"},{"@type":"ListItem","position":2,"name":"El senador Jos\u00e9 Aurelio Aguilar, ponente por el PSOE de la Ley de Medidas de apoyo a Personas con Discapacidad"}]},{"@type":"WebSite","@id":"https:\/\/sindromecharge.es\/#website","url":"https:\/\/sindromecharge.es\/","name":"Asociaci\u00f3n Espa\u00f1ola S\u00edndrome de Charge","description":"","potentialAction":[{"@type":"SearchAction","target":{"@type":"EntryPoint","urlTemplate":"https:\/\/sindromecharge.es\/?s={search_term_string}"},"query-input":{"@type":"PropertyValueSpecification","valueRequired":true,"valueName":"search_term_string"}}],"inLanguage":"es"},{"@type":"Person","@id":"https:\/\/sindromecharge.es\/#\/schema\/person\/39a60ebe0a2b4d5a11179701e336b039","name":"Charge","image":{"@type":"ImageObject","inLanguage":"es","@id":"https:\/\/secure.gravatar.com\/avatar\/c3b46e32a0fc3b093a0873fb767bf3293de856293065e84ef06b7ec7a8acfb98?s=96&d=identicon&r=x","url":"https:\/\/secure.gravatar.com\/avatar\/c3b46e32a0fc3b093a0873fb767bf3293de856293065e84ef06b7ec7a8acfb98?s=96&d=identicon&r=x","contentUrl":"https:\/\/secure.gravatar.com\/avatar\/c3b46e32a0fc3b093a0873fb767bf3293de856293065e84ef06b7ec7a8acfb98?s=96&d=identicon&r=x","caption":"Charge"},"url":"https:\/\/sindromecharge.es\/index.php\/author\/admin\/"}]}},"_links":{"self":[{"href":"https:\/\/sindromecharge.es\/index.php\/wp-json\/wp\/v2\/posts\/7091","targetHints":{"allow":["GET"]}}],"collection":[{"href":"https:\/\/sindromecharge.es\/index.php\/wp-json\/wp\/v2\/posts"}],"about":[{"href":"https:\/\/sindromecharge.es\/index.php\/wp-json\/wp\/v2\/types\/post"}],"author":[{"embeddable":true,"href":"https:\/\/sindromecharge.es\/index.php\/wp-json\/wp\/v2\/users\/1"}],"replies":[{"embeddable":true,"href":"https:\/\/sindromecharge.es\/index.php\/wp-json\/wp\/v2\/comments?post=7091"}],"version-history":[{"count":0,"href":"https:\/\/sindromecharge.es\/index.php\/wp-json\/wp\/v2\/posts\/7091\/revisions"}],"wp:attachment":[{"href":"https:\/\/sindromecharge.es\/index.php\/wp-json\/wp\/v2\/media?parent=7091"}],"wp:term":[{"taxonomy":"category","embeddable":true,"href":"https:\/\/sindromecharge.es\/index.php\/wp-json\/wp\/v2\/categories?post=7091"},{"taxonomy":"post_tag","embeddable":true,"href":"https:\/\/sindromecharge.es\/index.php\/wp-json\/wp\/v2\/tags?post=7091"}],"curies":[{"name":"wp","href":"https:\/\/api.w.org\/{rel}","templated":true}]}}