{"id":7089,"date":"2021-04-27T06:05:15","date_gmt":"2021-04-27T06:05:15","guid":{"rendered":"https:\/\/sindromecharge.es\/index.php\/2021\/04\/27\/fundacion-feder-presente-en-la-jornada-sobre-el-programa-clinic-de-enfermedades-raras\/"},"modified":"2021-04-27T06:05:15","modified_gmt":"2021-04-27T06:05:15","slug":"fundacion-feder-presente-en-la-jornada-sobre-el-programa-clinic-de-enfermedades-raras","status":"publish","type":"post","link":"https:\/\/sindromecharge.es\/index.php\/2021\/04\/27\/fundacion-feder-presente-en-la-jornada-sobre-el-programa-clinic-de-enfermedades-raras\/","title":{"rendered":"Fundaci\u00f3n FEDER, presente en la Jornada sobre el programa Clinic de Enfermedades Raras"},"content":{"rendered":"<p>Leemos en FEDER la siguiente noticia que os reproducimos de forma \u00edntegra: <\/p>\n<p><p>El 28 de mayo, el Hospital Clinic de Barcelona, la Universidad de Barcelona y el Ciberer organizan la Jornada online del programa Clinic de Enfermedades Minoritarias &#8216;De los aspectos b\u00e1sicos a las unidades expertas&#8217;<\/p>\n<p>En este encuentro, profesionales sanitarios y pacientes se dar\u00e1n cita para profundizar sobre la realidad de las personas con enfermedades raras y trasladar las novedades en cuanto a tratamientos en patolog\u00edas poco frecuentes.<\/p>\n<p>Desde FEDER estaremos presentes a trav\u00e9s de la representaci\u00f3n de Jordi Cruz, miembro del Patronato de la Fundaci\u00f3n FEDER quien trasladar\u00e1 la voz de los pacientes junto a Mar\u00eda del Carmen Nadal, de la Asociaci\u00f3n Espa\u00f1ola de Amiloidosis y Francesc Cayuela, de la Federaci\u00f3n Catalana de Enfermedades Minoritarias.<\/p>\n<p>Esta jornada comenzar\u00e1 con la bienvenida de Dr. Antoni Castells, Director M\u00e9dico del Hospital Clinic de Barcelona y el Dr. Jos\u00e9 Hern\u00e1ndez-Rodr\u00edguez del Programa Clinic de Enfermedades poco frecuentes.<\/p>\n<p>Por otro lado, la Dra. Bel\u00e9n P\u00e9rez, del Centro de Diagn\u00f3stico de Enfermedades Moleculares del Centro de Biolog\u00eda Molecular del CIBER de Enfermedades Raras y del idiPAZ de la Universidad Aut\u00f3noma de Madrid, hablar\u00e1 sobre nuevas terapias en enfermedades metab\u00f3licas hereditarias.<\/p>\n<p>A continuaci\u00f3n, la Dra. Mariona Rius y la Dra. Lara Quintas del Servicio de Ginecolog\u00eda y Obstetricia del Hospital Clinic de Barcelona hablar\u00e1n sobre el S\u00edndrome de Rokitansky y el trasplante de \u00fatero.<\/p>\n<p>Le seguir\u00e1 el Dr. Ricardo Casaroli y la Dra. Roser Gonz\u00e1lez del Servicio de Oftalmolog\u00eda del Hospital Clinic de Barcelona, del IDIBAPS, Universidad de Barcelona para realizar una ponencia sobre enfermedades retinianas hereditarias, de la cl\u00ednica al diagn\u00f3stico gen\u00e9tico y la terapia.<\/p>\n<p>Adem\u00e1s, la Sra. Esther Lasheras, del \u00e1rea de transici\u00f3n del Hospital Materno-infantil del Sant Joan de D\u00e9u de Barcelona trasladar\u00e1 los programa de transici\u00f3n pediatr\u00edca-adultos en las enfermedades raras: Programa A10! Ruta a la red de adultos.<\/p>\n<p>Por otro lado, se realizar\u00e1 una mesa redonda de las ponencias, la cual, ser\u00e1 moderada por el Dra. Gl\u00f2ria Garrabou del Laboratorio de Funcionalismo Mitocondrial del Hospital Clinic de Barcelona, el Dr. Rafael Artuch, del Servicio de Bioqu\u00edmica Clinica del Institut de Recerca del Sant Joan de D\u00e9u y Francesc Palau, del Instituto Pedi\u00e1trico de enfermedades raras del Hospital Sant Joan de D\u00e9u.<\/p>\n<p>Por \u00faltimo, la Dra. Cristina Mallol, del Programa de Enfermedades Raras de la Gerencia de Processos Integrats de Salut del \u00c1rea Assistencial del Servei Catal\u00e1 de la Salut, clausur\u00e1 la jornada con una ponencia sobre la actualizaci\u00f3n del modelo asistencial en red para las enfermedades raras en Catalu\u00f1a.<\/p>\n<p>Para acceder a esta jornada, te dejamos el link en la parte superior de la noticia.<\/p>\n<p>\u00daltima actualizaci\u00f3n 27\/04\/2021<\/p>\n<\/p>\n<p>Fuente: FEDER <a href=\"https:\/\/enfermedades-raras.org\/index.php\/actualidad\/noticias-eventos\/2-feder\/15254-fundaci%C3%B3n-feder%2C-presente-en-la-jornada-sobre-el-programa-clinic-de-enfermedades-raras\" target=\"_blank\" rel=\"noopener\">Fundaci\u00f3n FEDER, presente en la Jornada sobre el programa Clinic de Enfermedades Raras<\/a><\/p>\n","protected":false},"excerpt":{"rendered":"<p>Leemos en FEDER la siguiente noticia que os reproducimos de forma \u00edntegra: El 28 de mayo, el Hospital Clinic de Barcelona, la Universidad de Barcelona y el Ciberer organizan la Jornada online del programa Clinic de Enfermedades Minoritarias &#8216;De los aspectos b\u00e1sicos a las unidades expertas&#8217; En este encuentro, profesionales sanitarios y pacientes se dar\u00e1n [&hellip;]<\/p>\n","protected":false},"author":1,"featured_media":0,"comment_status":"open","ping_status":"closed","sticky":false,"template":"","format":"standard","meta":{"footnotes":""},"categories":[8],"tags":[36],"class_list":["post-7089","post","type-post","status-publish","format-standard","hentry","category-noticias","tag-enfermedades-raras"],"yoast_head":"<!-- This site is optimized with the Yoast SEO plugin v27.5 - https:\/\/yoast.com\/product\/yoast-seo-wordpress\/ -->\n<title>Fundaci\u00f3n FEDER, presente en la Jornada sobre el programa Clinic de Enfermedades Raras - Asociaci\u00f3n Espa\u00f1ola S\u00edndrome de Charge<\/title>\n<meta name=\"robots\" content=\"index, follow, max-snippet:-1, max-image-preview:large, max-video-preview:-1\" \/>\n<link rel=\"canonical\" href=\"https:\/\/sindromecharge.es\/index.php\/2021\/04\/27\/fundacion-feder-presente-en-la-jornada-sobre-el-programa-clinic-de-enfermedades-raras\/\" \/>\n<meta property=\"og:locale\" content=\"es_ES\" \/>\n<meta property=\"og:type\" content=\"article\" \/>\n<meta property=\"og:title\" content=\"Fundaci\u00f3n FEDER, presente en la Jornada sobre el programa Clinic de Enfermedades Raras - Asociaci\u00f3n Espa\u00f1ola S\u00edndrome de Charge\" \/>\n<meta property=\"og:description\" content=\"Leemos en FEDER la siguiente noticia que os reproducimos de forma \u00edntegra: El 28 de mayo, el Hospital Clinic de Barcelona, la Universidad de Barcelona y el Ciberer organizan la Jornada online del programa Clinic de Enfermedades Minoritarias &#8216;De los aspectos b\u00e1sicos a las unidades expertas&#8217; En este encuentro, profesionales sanitarios y pacientes se dar\u00e1n [&hellip;]\" \/>\n<meta property=\"og:url\" content=\"https:\/\/sindromecharge.es\/index.php\/2021\/04\/27\/fundacion-feder-presente-en-la-jornada-sobre-el-programa-clinic-de-enfermedades-raras\/\" \/>\n<meta property=\"og:site_name\" content=\"Asociaci\u00f3n Espa\u00f1ola S\u00edndrome de Charge\" \/>\n<meta property=\"article:publisher\" content=\"https:\/\/www.facebook.com\/asociacionsindromecharge\" \/>\n<meta property=\"article:published_time\" content=\"2021-04-27T06:05:15+00:00\" \/>\n<meta property=\"og:image\" content=\"https:\/\/sindromecharge.es\/wp-content\/uploads\/2013\/09\/logodecharge300x98.png\" \/>\n\t<meta property=\"og:image:width\" content=\"300\" \/>\n\t<meta property=\"og:image:height\" content=\"98\" \/>\n\t<meta property=\"og:image:type\" content=\"image\/png\" \/>\n<meta name=\"author\" content=\"Charge\" \/>\n<meta name=\"twitter:card\" content=\"summary_large_image\" \/>\n<meta name=\"twitter:creator\" content=\"@sindromecharge\" \/>\n<meta name=\"twitter:site\" content=\"@sindromecharge\" \/>\n<meta name=\"twitter:label1\" content=\"Escrito por\" \/>\n\t<meta name=\"twitter:data1\" content=\"Charge\" \/>\n\t<meta name=\"twitter:label2\" content=\"Tiempo de lectura\" \/>\n\t<meta name=\"twitter:data2\" content=\"2 minutos\" \/>\n<script type=\"application\/ld+json\" class=\"yoast-schema-graph\">{\"@context\":\"https:\\\/\\\/schema.org\",\"@graph\":[{\"@type\":\"Article\",\"@id\":\"https:\\\/\\\/sindromecharge.es\\\/index.php\\\/2021\\\/04\\\/27\\\/fundacion-feder-presente-en-la-jornada-sobre-el-programa-clinic-de-enfermedades-raras\\\/#article\",\"isPartOf\":{\"@id\":\"https:\\\/\\\/sindromecharge.es\\\/index.php\\\/2021\\\/04\\\/27\\\/fundacion-feder-presente-en-la-jornada-sobre-el-programa-clinic-de-enfermedades-raras\\\/\"},\"author\":{\"name\":\"Charge\",\"@id\":\"https:\\\/\\\/sindromecharge.es\\\/#\\\/schema\\\/person\\\/39a60ebe0a2b4d5a11179701e336b039\"},\"headline\":\"Fundaci\u00f3n FEDER, presente en la Jornada sobre el programa Clinic de Enfermedades Raras\",\"datePublished\":\"2021-04-27T06:05:15+00:00\",\"mainEntityOfPage\":{\"@id\":\"https:\\\/\\\/sindromecharge.es\\\/index.php\\\/2021\\\/04\\\/27\\\/fundacion-feder-presente-en-la-jornada-sobre-el-programa-clinic-de-enfermedades-raras\\\/\"},\"wordCount\":508,\"commentCount\":0,\"keywords\":[\"enfermedades raras\"],\"articleSection\":[\"noticias\"],\"inLanguage\":\"es\",\"potentialAction\":[{\"@type\":\"CommentAction\",\"name\":\"Comment\",\"target\":[\"https:\\\/\\\/sindromecharge.es\\\/index.php\\\/2021\\\/04\\\/27\\\/fundacion-feder-presente-en-la-jornada-sobre-el-programa-clinic-de-enfermedades-raras\\\/#respond\"]}]},{\"@type\":\"WebPage\",\"@id\":\"https:\\\/\\\/sindromecharge.es\\\/index.php\\\/2021\\\/04\\\/27\\\/fundacion-feder-presente-en-la-jornada-sobre-el-programa-clinic-de-enfermedades-raras\\\/\",\"url\":\"https:\\\/\\\/sindromecharge.es\\\/index.php\\\/2021\\\/04\\\/27\\\/fundacion-feder-presente-en-la-jornada-sobre-el-programa-clinic-de-enfermedades-raras\\\/\",\"name\":\"Fundaci\u00f3n FEDER, presente en la Jornada sobre el programa Clinic de Enfermedades Raras - Asociaci\u00f3n Espa\u00f1ola S\u00edndrome de Charge\",\"isPartOf\":{\"@id\":\"https:\\\/\\\/sindromecharge.es\\\/#website\"},\"datePublished\":\"2021-04-27T06:05:15+00:00\",\"author\":{\"@id\":\"https:\\\/\\\/sindromecharge.es\\\/#\\\/schema\\\/person\\\/39a60ebe0a2b4d5a11179701e336b039\"},\"breadcrumb\":{\"@id\":\"https:\\\/\\\/sindromecharge.es\\\/index.php\\\/2021\\\/04\\\/27\\\/fundacion-feder-presente-en-la-jornada-sobre-el-programa-clinic-de-enfermedades-raras\\\/#breadcrumb\"},\"inLanguage\":\"es\",\"potentialAction\":[{\"@type\":\"ReadAction\",\"target\":[\"https:\\\/\\\/sindromecharge.es\\\/index.php\\\/2021\\\/04\\\/27\\\/fundacion-feder-presente-en-la-jornada-sobre-el-programa-clinic-de-enfermedades-raras\\\/\"]}]},{\"@type\":\"BreadcrumbList\",\"@id\":\"https:\\\/\\\/sindromecharge.es\\\/index.php\\\/2021\\\/04\\\/27\\\/fundacion-feder-presente-en-la-jornada-sobre-el-programa-clinic-de-enfermedades-raras\\\/#breadcrumb\",\"itemListElement\":[{\"@type\":\"ListItem\",\"position\":1,\"name\":\"Portada\",\"item\":\"https:\\\/\\\/sindromecharge.es\\\/\"},{\"@type\":\"ListItem\",\"position\":2,\"name\":\"Fundaci\u00f3n FEDER, presente en la Jornada sobre el programa Clinic de Enfermedades Raras\"}]},{\"@type\":\"WebSite\",\"@id\":\"https:\\\/\\\/sindromecharge.es\\\/#website\",\"url\":\"https:\\\/\\\/sindromecharge.es\\\/\",\"name\":\"Asociaci\u00f3n Espa\u00f1ola S\u00edndrome de Charge\",\"description\":\"\",\"potentialAction\":[{\"@type\":\"SearchAction\",\"target\":{\"@type\":\"EntryPoint\",\"urlTemplate\":\"https:\\\/\\\/sindromecharge.es\\\/?s={search_term_string}\"},\"query-input\":{\"@type\":\"PropertyValueSpecification\",\"valueRequired\":true,\"valueName\":\"search_term_string\"}}],\"inLanguage\":\"es\"},{\"@type\":\"Person\",\"@id\":\"https:\\\/\\\/sindromecharge.es\\\/#\\\/schema\\\/person\\\/39a60ebe0a2b4d5a11179701e336b039\",\"name\":\"Charge\",\"image\":{\"@type\":\"ImageObject\",\"inLanguage\":\"es\",\"@id\":\"https:\\\/\\\/secure.gravatar.com\\\/avatar\\\/c3b46e32a0fc3b093a0873fb767bf3293de856293065e84ef06b7ec7a8acfb98?s=96&d=identicon&r=x\",\"url\":\"https:\\\/\\\/secure.gravatar.com\\\/avatar\\\/c3b46e32a0fc3b093a0873fb767bf3293de856293065e84ef06b7ec7a8acfb98?s=96&d=identicon&r=x\",\"contentUrl\":\"https:\\\/\\\/secure.gravatar.com\\\/avatar\\\/c3b46e32a0fc3b093a0873fb767bf3293de856293065e84ef06b7ec7a8acfb98?s=96&d=identicon&r=x\",\"caption\":\"Charge\"},\"url\":\"https:\\\/\\\/sindromecharge.es\\\/index.php\\\/author\\\/admin\\\/\"}]}<\/script>\n<!-- \/ Yoast SEO plugin. -->","yoast_head_json":{"title":"Fundaci\u00f3n FEDER, presente en la Jornada sobre el programa Clinic de Enfermedades Raras - Asociaci\u00f3n Espa\u00f1ola S\u00edndrome de Charge","robots":{"index":"index","follow":"follow","max-snippet":"max-snippet:-1","max-image-preview":"max-image-preview:large","max-video-preview":"max-video-preview:-1"},"canonical":"https:\/\/sindromecharge.es\/index.php\/2021\/04\/27\/fundacion-feder-presente-en-la-jornada-sobre-el-programa-clinic-de-enfermedades-raras\/","og_locale":"es_ES","og_type":"article","og_title":"Fundaci\u00f3n FEDER, presente en la Jornada sobre el programa Clinic de Enfermedades Raras - Asociaci\u00f3n Espa\u00f1ola S\u00edndrome de Charge","og_description":"Leemos en FEDER la siguiente noticia que os reproducimos de forma \u00edntegra: El 28 de mayo, el Hospital Clinic de Barcelona, la Universidad de Barcelona y el Ciberer organizan la Jornada online del programa Clinic de Enfermedades Minoritarias &#8216;De los aspectos b\u00e1sicos a las unidades expertas&#8217; En este encuentro, profesionales sanitarios y pacientes se dar\u00e1n [&hellip;]","og_url":"https:\/\/sindromecharge.es\/index.php\/2021\/04\/27\/fundacion-feder-presente-en-la-jornada-sobre-el-programa-clinic-de-enfermedades-raras\/","og_site_name":"Asociaci\u00f3n Espa\u00f1ola S\u00edndrome de Charge","article_publisher":"https:\/\/www.facebook.com\/asociacionsindromecharge","article_published_time":"2021-04-27T06:05:15+00:00","og_image":[{"width":300,"height":98,"url":"https:\/\/sindromecharge.es\/wp-content\/uploads\/2013\/09\/logodecharge300x98.png","type":"image\/png"}],"author":"Charge","twitter_card":"summary_large_image","twitter_creator":"@sindromecharge","twitter_site":"@sindromecharge","twitter_misc":{"Escrito por":"Charge","Tiempo de lectura":"2 minutos"},"schema":{"@context":"https:\/\/schema.org","@graph":[{"@type":"Article","@id":"https:\/\/sindromecharge.es\/index.php\/2021\/04\/27\/fundacion-feder-presente-en-la-jornada-sobre-el-programa-clinic-de-enfermedades-raras\/#article","isPartOf":{"@id":"https:\/\/sindromecharge.es\/index.php\/2021\/04\/27\/fundacion-feder-presente-en-la-jornada-sobre-el-programa-clinic-de-enfermedades-raras\/"},"author":{"name":"Charge","@id":"https:\/\/sindromecharge.es\/#\/schema\/person\/39a60ebe0a2b4d5a11179701e336b039"},"headline":"Fundaci\u00f3n FEDER, presente en la Jornada sobre el programa Clinic de Enfermedades Raras","datePublished":"2021-04-27T06:05:15+00:00","mainEntityOfPage":{"@id":"https:\/\/sindromecharge.es\/index.php\/2021\/04\/27\/fundacion-feder-presente-en-la-jornada-sobre-el-programa-clinic-de-enfermedades-raras\/"},"wordCount":508,"commentCount":0,"keywords":["enfermedades raras"],"articleSection":["noticias"],"inLanguage":"es","potentialAction":[{"@type":"CommentAction","name":"Comment","target":["https:\/\/sindromecharge.es\/index.php\/2021\/04\/27\/fundacion-feder-presente-en-la-jornada-sobre-el-programa-clinic-de-enfermedades-raras\/#respond"]}]},{"@type":"WebPage","@id":"https:\/\/sindromecharge.es\/index.php\/2021\/04\/27\/fundacion-feder-presente-en-la-jornada-sobre-el-programa-clinic-de-enfermedades-raras\/","url":"https:\/\/sindromecharge.es\/index.php\/2021\/04\/27\/fundacion-feder-presente-en-la-jornada-sobre-el-programa-clinic-de-enfermedades-raras\/","name":"Fundaci\u00f3n FEDER, presente en la Jornada sobre el programa Clinic de Enfermedades Raras - Asociaci\u00f3n Espa\u00f1ola S\u00edndrome de Charge","isPartOf":{"@id":"https:\/\/sindromecharge.es\/#website"},"datePublished":"2021-04-27T06:05:15+00:00","author":{"@id":"https:\/\/sindromecharge.es\/#\/schema\/person\/39a60ebe0a2b4d5a11179701e336b039"},"breadcrumb":{"@id":"https:\/\/sindromecharge.es\/index.php\/2021\/04\/27\/fundacion-feder-presente-en-la-jornada-sobre-el-programa-clinic-de-enfermedades-raras\/#breadcrumb"},"inLanguage":"es","potentialAction":[{"@type":"ReadAction","target":["https:\/\/sindromecharge.es\/index.php\/2021\/04\/27\/fundacion-feder-presente-en-la-jornada-sobre-el-programa-clinic-de-enfermedades-raras\/"]}]},{"@type":"BreadcrumbList","@id":"https:\/\/sindromecharge.es\/index.php\/2021\/04\/27\/fundacion-feder-presente-en-la-jornada-sobre-el-programa-clinic-de-enfermedades-raras\/#breadcrumb","itemListElement":[{"@type":"ListItem","position":1,"name":"Portada","item":"https:\/\/sindromecharge.es\/"},{"@type":"ListItem","position":2,"name":"Fundaci\u00f3n FEDER, presente en la Jornada sobre el programa Clinic de Enfermedades Raras"}]},{"@type":"WebSite","@id":"https:\/\/sindromecharge.es\/#website","url":"https:\/\/sindromecharge.es\/","name":"Asociaci\u00f3n Espa\u00f1ola S\u00edndrome de Charge","description":"","potentialAction":[{"@type":"SearchAction","target":{"@type":"EntryPoint","urlTemplate":"https:\/\/sindromecharge.es\/?s={search_term_string}"},"query-input":{"@type":"PropertyValueSpecification","valueRequired":true,"valueName":"search_term_string"}}],"inLanguage":"es"},{"@type":"Person","@id":"https:\/\/sindromecharge.es\/#\/schema\/person\/39a60ebe0a2b4d5a11179701e336b039","name":"Charge","image":{"@type":"ImageObject","inLanguage":"es","@id":"https:\/\/secure.gravatar.com\/avatar\/c3b46e32a0fc3b093a0873fb767bf3293de856293065e84ef06b7ec7a8acfb98?s=96&d=identicon&r=x","url":"https:\/\/secure.gravatar.com\/avatar\/c3b46e32a0fc3b093a0873fb767bf3293de856293065e84ef06b7ec7a8acfb98?s=96&d=identicon&r=x","contentUrl":"https:\/\/secure.gravatar.com\/avatar\/c3b46e32a0fc3b093a0873fb767bf3293de856293065e84ef06b7ec7a8acfb98?s=96&d=identicon&r=x","caption":"Charge"},"url":"https:\/\/sindromecharge.es\/index.php\/author\/admin\/"}]}},"_links":{"self":[{"href":"https:\/\/sindromecharge.es\/index.php\/wp-json\/wp\/v2\/posts\/7089","targetHints":{"allow":["GET"]}}],"collection":[{"href":"https:\/\/sindromecharge.es\/index.php\/wp-json\/wp\/v2\/posts"}],"about":[{"href":"https:\/\/sindromecharge.es\/index.php\/wp-json\/wp\/v2\/types\/post"}],"author":[{"embeddable":true,"href":"https:\/\/sindromecharge.es\/index.php\/wp-json\/wp\/v2\/users\/1"}],"replies":[{"embeddable":true,"href":"https:\/\/sindromecharge.es\/index.php\/wp-json\/wp\/v2\/comments?post=7089"}],"version-history":[{"count":0,"href":"https:\/\/sindromecharge.es\/index.php\/wp-json\/wp\/v2\/posts\/7089\/revisions"}],"wp:attachment":[{"href":"https:\/\/sindromecharge.es\/index.php\/wp-json\/wp\/v2\/media?parent=7089"}],"wp:term":[{"taxonomy":"category","embeddable":true,"href":"https:\/\/sindromecharge.es\/index.php\/wp-json\/wp\/v2\/categories?post=7089"},{"taxonomy":"post_tag","embeddable":true,"href":"https:\/\/sindromecharge.es\/index.php\/wp-json\/wp\/v2\/tags?post=7089"}],"curies":[{"name":"wp","href":"https:\/\/api.w.org\/{rel}","templated":true}]}}