{"id":7088,"date":"2021-04-26T13:24:33","date_gmt":"2021-04-26T13:24:33","guid":{"rendered":"https:\/\/sindromecharge.es\/index.php\/2021\/04\/26\/pp-destaca-que-el-sms-va-a-liderar-proyectos-europeos-sobre-atencion-a-personas-con-trastorno-mental-grave\/"},"modified":"2021-04-26T13:24:33","modified_gmt":"2021-04-26T13:24:33","slug":"pp-destaca-que-el-sms-va-a-liderar-proyectos-europeos-sobre-atencion-a-personas-con-trastorno-mental-grave","status":"publish","type":"post","link":"https:\/\/sindromecharge.es\/index.php\/2021\/04\/26\/pp-destaca-que-el-sms-va-a-liderar-proyectos-europeos-sobre-atencion-a-personas-con-trastorno-mental-grave\/","title":{"rendered":"PP destaca que &quot;el SMS va a liderar proyectos europeos sobre atenci\u00f3n a personas con trastorno mental grave&quot;"},"content":{"rendered":"<p>Leemos en 20minutos la siguiente noticia que os reproducimos de forma \u00edntegra: <\/p>\n<p>Pelegr\u00edn ha resaltado que \u00abel SMS ha sido elegido por el Ministerio de Sanidad para encabezar y dirigir un proyecto europeo de prevenci\u00f3n del suicidio y otro sobre atenci\u00f3n a personas con trastornos mentales graves\u00bb.<\/p>\n<p>En concreto, liderar\u00e1 al resto de entidades espa\u00f1olas (servicios navarro, andaluz, catal\u00e1n, vasco y madrile\u00f1o de salud) en el proyecto europeo IMPLEMental, que tiene por objeto \u00abreplicar a nivel regional buenas pr\u00e1cticas en el \u00e1rea de la Salud Mental, as\u00ed como compartir conocimientos con las otras 20 entidades europeas participantes\u00bb.<\/p>\n<p>Tambi\u00e9n ha hecho menci\u00f3n la diputada &#8216;popular&#8217; a otras medidas implantadas por el SMS en la materia, como \u00abuna l\u00ednea telef\u00f3nica m\u00f3vil de atenci\u00f3n preferente en todos los centros de salud mental para favorecer la accesibilidad de los usuarios\u00bb, de la que ha apuntado que \u00abse trata de un n\u00famero de tel\u00e9fono m\u00f3vil que se facilita a usuarios, familiares y entidades del Tercer Sector para que puedan contactar sin demoras\u00bb.<\/p>\n<p>Asimismo, Pelegr\u00edn se ha referido a \u00abun protocolo para mejorar la atenci\u00f3n a personas sin hogar con trastorno mental grave y adicciones, a tres bandas entre el Gobierno regional, Ayuntamiento de Murcia y entidades del Tercer Sector\u00bb, cuyo objetivo, seg\u00fan ha explicado, es \u00abmejorar el acceso de este colectivo a la red de atenci\u00f3n de salud mental y, sobre todo, la continuidad de su tratamiento, ya que es un colectivo especialmente vulnerable debido a su desarraigo social\u00bb.<\/p>\n<p>La parlamentaria auton\u00f3mica ha lamentado, por otra parte, que \u00abtodav\u00eda estamos esperando a que el Gobierno de S\u00e1nchez legisle sobre asistencia personal para que no siga habiendo 17 asistencias personales distintas\u00bb.<\/p>\n<p>Tambi\u00e9n ha pedido al Ejecutivo central que \u00abcumpla de una vez con el esp\u00edritu de la Ley de Autonom\u00eda y financie el 50% de su coste\u00bb, y que adem\u00e1s regule el acceso a los juegos &#8216;on-line&#8217;, \u00abya que es su competencia, con el fin de evitar la adicci\u00f3n a ese tipo de juegos en nuestros j\u00f3venes\u00bb.<\/p>\n<p>Por su parte, la diputada &#8216;popular&#8217; y presidenta de la Comisi\u00f3n Especial de Discapacidad, Sonia Ruiz, ha recordado, con motivo de la comparecencia de Mar\u00eda Soledad Guerrero, presidenta de la Federaci\u00f3n de Autismo de la Regi\u00f3n de Murcia (Faum), una iniciativa registrada por el Grupo Parlamentario Popular consistente en la propuesta &#8216;Recreos Inclusivos&#8217; \u00abpara sensibilizar y promover la igualdad entre el alumnado, una herramienta para evitar los casos de discriminaci\u00f3n y acoso hacia los alumnos con Trastorno del Espectro del Autismo o, en general, cualquier tipo de discapacidad\u00bb.<\/p>\n<p>Ruiz tambi\u00e9n ha reprochado al Gobierno de S\u00e1nchez que \u00abhaya metido en un caj\u00f3n la Estrategia Nacional en Trastornos del Espectro del Autismo que inici\u00f3 el Ejecutivo de Rajoy en 2017\u00bb.<\/p>\n<p>Fuente: 20minutos <a href=\"https:\/\/www.20minutos.es\/noticia\/4673912\/0\/pp-destaca-que-el-sms-va-a-liderar-proyectos-europeos-sobre-atencion-a-personas-con-trastorno-mental-grave\/\" target=\"_blank\" rel=\"noopener\">PP destaca que &quot;el SMS va a liderar proyectos europeos sobre atenci\u00f3n a personas con trastorno mental grave&quot;<\/a><\/p>\n","protected":false},"excerpt":{"rendered":"<p>Leemos en 20minutos la siguiente noticia que os reproducimos de forma \u00edntegra: Pelegr\u00edn ha resaltado que \u00abel SMS ha sido elegido por el Ministerio de Sanidad para encabezar y dirigir un proyecto europeo de prevenci\u00f3n del suicidio y otro sobre atenci\u00f3n a personas con trastornos mentales graves\u00bb. En concreto, liderar\u00e1 al resto de entidades espa\u00f1olas [&hellip;]<\/p>\n","protected":false},"author":1,"featured_media":0,"comment_status":"open","ping_status":"closed","sticky":false,"template":"","format":"standard","meta":{"footnotes":""},"categories":[8],"tags":[31],"class_list":["post-7088","post","type-post","status-publish","format-standard","hentry","category-noticias","tag-discapacidad"],"yoast_head":"<!-- This site is optimized with the Yoast SEO plugin v27.5 - https:\/\/yoast.com\/product\/yoast-seo-wordpress\/ -->\n<title>PP destaca que &quot;el SMS va a liderar proyectos europeos sobre atenci\u00f3n a personas con trastorno mental grave&quot; - Asociaci\u00f3n Espa\u00f1ola S\u00edndrome de Charge<\/title>\n<meta name=\"robots\" content=\"index, follow, max-snippet:-1, max-image-preview:large, max-video-preview:-1\" \/>\n<link rel=\"canonical\" href=\"https:\/\/sindromecharge.es\/index.php\/2021\/04\/26\/pp-destaca-que-el-sms-va-a-liderar-proyectos-europeos-sobre-atencion-a-personas-con-trastorno-mental-grave\/\" \/>\n<meta property=\"og:locale\" content=\"es_ES\" \/>\n<meta property=\"og:type\" content=\"article\" \/>\n<meta property=\"og:title\" content=\"PP destaca que &quot;el SMS va a liderar proyectos europeos sobre atenci\u00f3n a personas con trastorno mental grave&quot; - Asociaci\u00f3n Espa\u00f1ola S\u00edndrome de Charge\" \/>\n<meta property=\"og:description\" content=\"Leemos en 20minutos la siguiente noticia que os reproducimos de forma \u00edntegra: Pelegr\u00edn ha resaltado que \u00abel SMS ha sido elegido por el Ministerio de Sanidad para encabezar y dirigir un proyecto europeo de prevenci\u00f3n del suicidio y otro sobre atenci\u00f3n a personas con trastornos mentales graves\u00bb. En concreto, liderar\u00e1 al resto de entidades espa\u00f1olas [&hellip;]\" \/>\n<meta property=\"og:url\" content=\"https:\/\/sindromecharge.es\/index.php\/2021\/04\/26\/pp-destaca-que-el-sms-va-a-liderar-proyectos-europeos-sobre-atencion-a-personas-con-trastorno-mental-grave\/\" \/>\n<meta property=\"og:site_name\" content=\"Asociaci\u00f3n Espa\u00f1ola S\u00edndrome de Charge\" \/>\n<meta property=\"article:publisher\" content=\"https:\/\/www.facebook.com\/asociacionsindromecharge\" \/>\n<meta property=\"article:published_time\" content=\"2021-04-26T13:24:33+00:00\" \/>\n<meta property=\"og:image\" content=\"https:\/\/sindromecharge.es\/wp-content\/uploads\/2013\/09\/logodecharge300x98.png\" \/>\n\t<meta property=\"og:image:width\" content=\"300\" \/>\n\t<meta property=\"og:image:height\" content=\"98\" \/>\n\t<meta property=\"og:image:type\" content=\"image\/png\" \/>\n<meta name=\"author\" content=\"Charge\" \/>\n<meta name=\"twitter:card\" content=\"summary_large_image\" \/>\n<meta name=\"twitter:creator\" content=\"@sindromecharge\" \/>\n<meta name=\"twitter:site\" content=\"@sindromecharge\" \/>\n<meta name=\"twitter:label1\" content=\"Escrito por\" \/>\n\t<meta name=\"twitter:data1\" content=\"Charge\" \/>\n\t<meta name=\"twitter:label2\" content=\"Tiempo de lectura\" \/>\n\t<meta name=\"twitter:data2\" content=\"3 minutos\" \/>\n<script type=\"application\/ld+json\" class=\"yoast-schema-graph\">{\"@context\":\"https:\\\/\\\/schema.org\",\"@graph\":[{\"@type\":\"Article\",\"@id\":\"https:\\\/\\\/sindromecharge.es\\\/index.php\\\/2021\\\/04\\\/26\\\/pp-destaca-que-el-sms-va-a-liderar-proyectos-europeos-sobre-atencion-a-personas-con-trastorno-mental-grave\\\/#article\",\"isPartOf\":{\"@id\":\"https:\\\/\\\/sindromecharge.es\\\/index.php\\\/2021\\\/04\\\/26\\\/pp-destaca-que-el-sms-va-a-liderar-proyectos-europeos-sobre-atencion-a-personas-con-trastorno-mental-grave\\\/\"},\"author\":{\"name\":\"Charge\",\"@id\":\"https:\\\/\\\/sindromecharge.es\\\/#\\\/schema\\\/person\\\/39a60ebe0a2b4d5a11179701e336b039\"},\"headline\":\"PP destaca que &quot;el SMS va a liderar proyectos europeos sobre atenci\u00f3n a personas con trastorno mental grave&quot;\",\"datePublished\":\"2021-04-26T13:24:33+00:00\",\"mainEntityOfPage\":{\"@id\":\"https:\\\/\\\/sindromecharge.es\\\/index.php\\\/2021\\\/04\\\/26\\\/pp-destaca-que-el-sms-va-a-liderar-proyectos-europeos-sobre-atencion-a-personas-con-trastorno-mental-grave\\\/\"},\"wordCount\":527,\"commentCount\":0,\"keywords\":[\"discapacidad\"],\"articleSection\":[\"noticias\"],\"inLanguage\":\"es\",\"potentialAction\":[{\"@type\":\"CommentAction\",\"name\":\"Comment\",\"target\":[\"https:\\\/\\\/sindromecharge.es\\\/index.php\\\/2021\\\/04\\\/26\\\/pp-destaca-que-el-sms-va-a-liderar-proyectos-europeos-sobre-atencion-a-personas-con-trastorno-mental-grave\\\/#respond\"]}]},{\"@type\":\"WebPage\",\"@id\":\"https:\\\/\\\/sindromecharge.es\\\/index.php\\\/2021\\\/04\\\/26\\\/pp-destaca-que-el-sms-va-a-liderar-proyectos-europeos-sobre-atencion-a-personas-con-trastorno-mental-grave\\\/\",\"url\":\"https:\\\/\\\/sindromecharge.es\\\/index.php\\\/2021\\\/04\\\/26\\\/pp-destaca-que-el-sms-va-a-liderar-proyectos-europeos-sobre-atencion-a-personas-con-trastorno-mental-grave\\\/\",\"name\":\"PP destaca que &quot;el SMS va a liderar proyectos europeos sobre atenci\u00f3n a personas con trastorno mental grave&quot; - Asociaci\u00f3n Espa\u00f1ola S\u00edndrome de Charge\",\"isPartOf\":{\"@id\":\"https:\\\/\\\/sindromecharge.es\\\/#website\"},\"datePublished\":\"2021-04-26T13:24:33+00:00\",\"author\":{\"@id\":\"https:\\\/\\\/sindromecharge.es\\\/#\\\/schema\\\/person\\\/39a60ebe0a2b4d5a11179701e336b039\"},\"breadcrumb\":{\"@id\":\"https:\\\/\\\/sindromecharge.es\\\/index.php\\\/2021\\\/04\\\/26\\\/pp-destaca-que-el-sms-va-a-liderar-proyectos-europeos-sobre-atencion-a-personas-con-trastorno-mental-grave\\\/#breadcrumb\"},\"inLanguage\":\"es\",\"potentialAction\":[{\"@type\":\"ReadAction\",\"target\":[\"https:\\\/\\\/sindromecharge.es\\\/index.php\\\/2021\\\/04\\\/26\\\/pp-destaca-que-el-sms-va-a-liderar-proyectos-europeos-sobre-atencion-a-personas-con-trastorno-mental-grave\\\/\"]}]},{\"@type\":\"BreadcrumbList\",\"@id\":\"https:\\\/\\\/sindromecharge.es\\\/index.php\\\/2021\\\/04\\\/26\\\/pp-destaca-que-el-sms-va-a-liderar-proyectos-europeos-sobre-atencion-a-personas-con-trastorno-mental-grave\\\/#breadcrumb\",\"itemListElement\":[{\"@type\":\"ListItem\",\"position\":1,\"name\":\"Portada\",\"item\":\"https:\\\/\\\/sindromecharge.es\\\/\"},{\"@type\":\"ListItem\",\"position\":2,\"name\":\"PP destaca que &quot;el SMS va a liderar proyectos europeos sobre atenci\u00f3n a personas con trastorno mental grave&quot;\"}]},{\"@type\":\"WebSite\",\"@id\":\"https:\\\/\\\/sindromecharge.es\\\/#website\",\"url\":\"https:\\\/\\\/sindromecharge.es\\\/\",\"name\":\"Asociaci\u00f3n Espa\u00f1ola S\u00edndrome de Charge\",\"description\":\"\",\"potentialAction\":[{\"@type\":\"SearchAction\",\"target\":{\"@type\":\"EntryPoint\",\"urlTemplate\":\"https:\\\/\\\/sindromecharge.es\\\/?s={search_term_string}\"},\"query-input\":{\"@type\":\"PropertyValueSpecification\",\"valueRequired\":true,\"valueName\":\"search_term_string\"}}],\"inLanguage\":\"es\"},{\"@type\":\"Person\",\"@id\":\"https:\\\/\\\/sindromecharge.es\\\/#\\\/schema\\\/person\\\/39a60ebe0a2b4d5a11179701e336b039\",\"name\":\"Charge\",\"image\":{\"@type\":\"ImageObject\",\"inLanguage\":\"es\",\"@id\":\"https:\\\/\\\/secure.gravatar.com\\\/avatar\\\/c3b46e32a0fc3b093a0873fb767bf3293de856293065e84ef06b7ec7a8acfb98?s=96&d=identicon&r=x\",\"url\":\"https:\\\/\\\/secure.gravatar.com\\\/avatar\\\/c3b46e32a0fc3b093a0873fb767bf3293de856293065e84ef06b7ec7a8acfb98?s=96&d=identicon&r=x\",\"contentUrl\":\"https:\\\/\\\/secure.gravatar.com\\\/avatar\\\/c3b46e32a0fc3b093a0873fb767bf3293de856293065e84ef06b7ec7a8acfb98?s=96&d=identicon&r=x\",\"caption\":\"Charge\"},\"url\":\"https:\\\/\\\/sindromecharge.es\\\/index.php\\\/author\\\/admin\\\/\"}]}<\/script>\n<!-- \/ Yoast SEO plugin. -->","yoast_head_json":{"title":"PP destaca que &quot;el SMS va a liderar proyectos europeos sobre atenci\u00f3n a personas con trastorno mental grave&quot; - Asociaci\u00f3n Espa\u00f1ola S\u00edndrome de Charge","robots":{"index":"index","follow":"follow","max-snippet":"max-snippet:-1","max-image-preview":"max-image-preview:large","max-video-preview":"max-video-preview:-1"},"canonical":"https:\/\/sindromecharge.es\/index.php\/2021\/04\/26\/pp-destaca-que-el-sms-va-a-liderar-proyectos-europeos-sobre-atencion-a-personas-con-trastorno-mental-grave\/","og_locale":"es_ES","og_type":"article","og_title":"PP destaca que &quot;el SMS va a liderar proyectos europeos sobre atenci\u00f3n a personas con trastorno mental grave&quot; - Asociaci\u00f3n Espa\u00f1ola S\u00edndrome de Charge","og_description":"Leemos en 20minutos la siguiente noticia que os reproducimos de forma \u00edntegra: Pelegr\u00edn ha resaltado que \u00abel SMS ha sido elegido por el Ministerio de Sanidad para encabezar y dirigir un proyecto europeo de prevenci\u00f3n del suicidio y otro sobre atenci\u00f3n a personas con trastornos mentales graves\u00bb. En concreto, liderar\u00e1 al resto de entidades espa\u00f1olas [&hellip;]","og_url":"https:\/\/sindromecharge.es\/index.php\/2021\/04\/26\/pp-destaca-que-el-sms-va-a-liderar-proyectos-europeos-sobre-atencion-a-personas-con-trastorno-mental-grave\/","og_site_name":"Asociaci\u00f3n Espa\u00f1ola S\u00edndrome de Charge","article_publisher":"https:\/\/www.facebook.com\/asociacionsindromecharge","article_published_time":"2021-04-26T13:24:33+00:00","og_image":[{"width":300,"height":98,"url":"https:\/\/sindromecharge.es\/wp-content\/uploads\/2013\/09\/logodecharge300x98.png","type":"image\/png"}],"author":"Charge","twitter_card":"summary_large_image","twitter_creator":"@sindromecharge","twitter_site":"@sindromecharge","twitter_misc":{"Escrito por":"Charge","Tiempo de lectura":"3 minutos"},"schema":{"@context":"https:\/\/schema.org","@graph":[{"@type":"Article","@id":"https:\/\/sindromecharge.es\/index.php\/2021\/04\/26\/pp-destaca-que-el-sms-va-a-liderar-proyectos-europeos-sobre-atencion-a-personas-con-trastorno-mental-grave\/#article","isPartOf":{"@id":"https:\/\/sindromecharge.es\/index.php\/2021\/04\/26\/pp-destaca-que-el-sms-va-a-liderar-proyectos-europeos-sobre-atencion-a-personas-con-trastorno-mental-grave\/"},"author":{"name":"Charge","@id":"https:\/\/sindromecharge.es\/#\/schema\/person\/39a60ebe0a2b4d5a11179701e336b039"},"headline":"PP destaca que &quot;el SMS va a liderar proyectos europeos sobre atenci\u00f3n a personas con trastorno mental grave&quot;","datePublished":"2021-04-26T13:24:33+00:00","mainEntityOfPage":{"@id":"https:\/\/sindromecharge.es\/index.php\/2021\/04\/26\/pp-destaca-que-el-sms-va-a-liderar-proyectos-europeos-sobre-atencion-a-personas-con-trastorno-mental-grave\/"},"wordCount":527,"commentCount":0,"keywords":["discapacidad"],"articleSection":["noticias"],"inLanguage":"es","potentialAction":[{"@type":"CommentAction","name":"Comment","target":["https:\/\/sindromecharge.es\/index.php\/2021\/04\/26\/pp-destaca-que-el-sms-va-a-liderar-proyectos-europeos-sobre-atencion-a-personas-con-trastorno-mental-grave\/#respond"]}]},{"@type":"WebPage","@id":"https:\/\/sindromecharge.es\/index.php\/2021\/04\/26\/pp-destaca-que-el-sms-va-a-liderar-proyectos-europeos-sobre-atencion-a-personas-con-trastorno-mental-grave\/","url":"https:\/\/sindromecharge.es\/index.php\/2021\/04\/26\/pp-destaca-que-el-sms-va-a-liderar-proyectos-europeos-sobre-atencion-a-personas-con-trastorno-mental-grave\/","name":"PP destaca que &quot;el SMS va a liderar proyectos europeos sobre atenci\u00f3n a personas con trastorno mental grave&quot; - Asociaci\u00f3n Espa\u00f1ola S\u00edndrome de Charge","isPartOf":{"@id":"https:\/\/sindromecharge.es\/#website"},"datePublished":"2021-04-26T13:24:33+00:00","author":{"@id":"https:\/\/sindromecharge.es\/#\/schema\/person\/39a60ebe0a2b4d5a11179701e336b039"},"breadcrumb":{"@id":"https:\/\/sindromecharge.es\/index.php\/2021\/04\/26\/pp-destaca-que-el-sms-va-a-liderar-proyectos-europeos-sobre-atencion-a-personas-con-trastorno-mental-grave\/#breadcrumb"},"inLanguage":"es","potentialAction":[{"@type":"ReadAction","target":["https:\/\/sindromecharge.es\/index.php\/2021\/04\/26\/pp-destaca-que-el-sms-va-a-liderar-proyectos-europeos-sobre-atencion-a-personas-con-trastorno-mental-grave\/"]}]},{"@type":"BreadcrumbList","@id":"https:\/\/sindromecharge.es\/index.php\/2021\/04\/26\/pp-destaca-que-el-sms-va-a-liderar-proyectos-europeos-sobre-atencion-a-personas-con-trastorno-mental-grave\/#breadcrumb","itemListElement":[{"@type":"ListItem","position":1,"name":"Portada","item":"https:\/\/sindromecharge.es\/"},{"@type":"ListItem","position":2,"name":"PP destaca que &quot;el SMS va a liderar proyectos europeos sobre atenci\u00f3n a personas con trastorno mental grave&quot;"}]},{"@type":"WebSite","@id":"https:\/\/sindromecharge.es\/#website","url":"https:\/\/sindromecharge.es\/","name":"Asociaci\u00f3n Espa\u00f1ola S\u00edndrome de Charge","description":"","potentialAction":[{"@type":"SearchAction","target":{"@type":"EntryPoint","urlTemplate":"https:\/\/sindromecharge.es\/?s={search_term_string}"},"query-input":{"@type":"PropertyValueSpecification","valueRequired":true,"valueName":"search_term_string"}}],"inLanguage":"es"},{"@type":"Person","@id":"https:\/\/sindromecharge.es\/#\/schema\/person\/39a60ebe0a2b4d5a11179701e336b039","name":"Charge","image":{"@type":"ImageObject","inLanguage":"es","@id":"https:\/\/secure.gravatar.com\/avatar\/c3b46e32a0fc3b093a0873fb767bf3293de856293065e84ef06b7ec7a8acfb98?s=96&d=identicon&r=x","url":"https:\/\/secure.gravatar.com\/avatar\/c3b46e32a0fc3b093a0873fb767bf3293de856293065e84ef06b7ec7a8acfb98?s=96&d=identicon&r=x","contentUrl":"https:\/\/secure.gravatar.com\/avatar\/c3b46e32a0fc3b093a0873fb767bf3293de856293065e84ef06b7ec7a8acfb98?s=96&d=identicon&r=x","caption":"Charge"},"url":"https:\/\/sindromecharge.es\/index.php\/author\/admin\/"}]}},"_links":{"self":[{"href":"https:\/\/sindromecharge.es\/index.php\/wp-json\/wp\/v2\/posts\/7088","targetHints":{"allow":["GET"]}}],"collection":[{"href":"https:\/\/sindromecharge.es\/index.php\/wp-json\/wp\/v2\/posts"}],"about":[{"href":"https:\/\/sindromecharge.es\/index.php\/wp-json\/wp\/v2\/types\/post"}],"author":[{"embeddable":true,"href":"https:\/\/sindromecharge.es\/index.php\/wp-json\/wp\/v2\/users\/1"}],"replies":[{"embeddable":true,"href":"https:\/\/sindromecharge.es\/index.php\/wp-json\/wp\/v2\/comments?post=7088"}],"version-history":[{"count":0,"href":"https:\/\/sindromecharge.es\/index.php\/wp-json\/wp\/v2\/posts\/7088\/revisions"}],"wp:attachment":[{"href":"https:\/\/sindromecharge.es\/index.php\/wp-json\/wp\/v2\/media?parent=7088"}],"wp:term":[{"taxonomy":"category","embeddable":true,"href":"https:\/\/sindromecharge.es\/index.php\/wp-json\/wp\/v2\/categories?post=7088"},{"taxonomy":"post_tag","embeddable":true,"href":"https:\/\/sindromecharge.es\/index.php\/wp-json\/wp\/v2\/tags?post=7088"}],"curies":[{"name":"wp","href":"https:\/\/api.w.org\/{rel}","templated":true}]}}