{"id":7087,"date":"2021-04-25T06:31:52","date_gmt":"2021-04-25T06:31:52","guid":{"rendered":"https:\/\/sindromecharge.es\/index.php\/2021\/04\/25\/enfermos-de-poliomielitis-exigen-a-escriva-un-cambio-inminente-en-la-ley-de-jubilacion-como-prometio-es-indigno\/"},"modified":"2021-04-25T06:31:52","modified_gmt":"2021-04-25T06:31:52","slug":"enfermos-de-poliomielitis-exigen-a-escriva-un-cambio-inminente-en-la-ley-de-jubilacion-como-prometio-es-indigno","status":"publish","type":"post","link":"https:\/\/sindromecharge.es\/index.php\/2021\/04\/25\/enfermos-de-poliomielitis-exigen-a-escriva-un-cambio-inminente-en-la-ley-de-jubilacion-como-prometio-es-indigno\/","title":{"rendered":"Enfermos de poliomielitis exigen a Escriv\u00e1 un cambio inminente en la ley de jubilaci\u00f3n como prometi\u00f3: &quot;Es indigno&quot;"},"content":{"rendered":"<p>Leemos en 20minutos la siguiente noticia que os reproducimos de forma \u00edntegra: <\/p>\n<p>La ley actual, vigente desde 2009, ampara el derecho de las personas con discapacidad a poder prejubilarse a partir de los <strong>56 a\u00f1os siempre y cuando tengan un 45% de discapacidad <\/strong>reconocido desde hace m\u00ednimo 15 a\u00f1os.<\/p>\n<p>Esta condici\u00f3n imposibilita a muchas personas poder beneficiarse de una jubilaci\u00f3n anticipada al generalizar todas las discapacidades por igual y <strong>no tener en cuenta casos de enfermedades degenerativas<\/strong>, como es la <a href=\"https:\/\/www.20minutos.es\/minuteca\/polio\/\" title=\"Polio\" target=\"_blank\" rel=\"noopener\">poliomielitis<\/a>.<\/p>\n<p>\u00abTengo el 51% de discapacidad desde el a\u00f1o 2012. Con el 43% estuve muchos a\u00f1os, desde 1998. He <strong>cotizado m\u00e1s de 40 a\u00f1os <\/strong>y me quedan dos para jubilarme a la edad que exige la ley, como cualquier persona\u00bb, explica a 20minutos Mar\u00eda Victoria Del R\u00edo, que contrajo la polio cuando era un beb\u00e9 de tan solo 15 meses.<\/p>\n<p>Ella solicit\u00f3 la prejubilaci\u00f3n en febrero, pero le ha sido denegada. \u00abYo considero que no es justo y lo primero que se me ocurre hacer es una<strong> carta al ministro Escriv\u00e1<\/strong>\u00ab, relata. La respuesta del gabinete del ministro ha sido que se lo trasladar\u00e1n al Instituto Nacional de la <a href=\"https:\/\/www.20minutos.es\/minuteca\/seguridad-social\/\" title=\"Seguridad Social\" target=\"_blank\" rel=\"noopener\">Seguridad Social<\/a>, que es el organismo competente en este \u00e1mbito ante el cual tambi\u00e9n ha presentado una queja, quedando as\u00ed a la espera de nuevas noticias.<\/p>\n<p>\u00abA uno no se le pasa por la cabeza una vez que tiene reconocida una discapacidad que tiene que estar pasando cada cierto tiempo ese reconocimiento para que le aumente. No tiene ning\u00fan sentido, te dedicas a llevar tu vida normal y punto\u00bb, confiesa Juana Mart\u00edn, que contrajo la polio cuando ten\u00eda nueve meses de edad y tiene reconocida una discapacidad del 48% desde hace cinco a\u00f1os. \u00abTendr\u00eda que estar trabajando 10 a\u00f1os m\u00e1s con ella para poder jubilarme, lo que<strong> me llevar\u00eda a tener 70 a\u00f1os<\/strong>. Ser\u00eda totalmente inviable\u00bb.<\/p>\n<p>Las personas con discapacidad que no se ven amparadas por esta ley, solo pueden cruzarse de brazos o acudir a los tribunales para reclamarlo. Este es el caso de Concepci\u00f3n Morales, que ha querido relatar su caso para 20minutos. \u00abMe romp\u00ed tibia y peron\u00e9 y estuve seis meses de baja. Despu\u00e9s de eso, me reconocieron un <strong>70% de discapacidad<\/strong>, en vez del 33% que ten\u00eda anteriormente\u00bb, comenta. <\/p>\n<p>Al no poseer este porcentaje desde hac\u00eda 15 a\u00f1os, no le concedieron la prejubilaci\u00f3n. Tuvo que llevar esta petici\u00f3n a juicio, donde le fue rechazada, alegando que pod\u00eda \u00ab<strong>ponerse una cuerda en la muleta para moverse <\/strong>en su trabajo\u00bb o ponerle \u00abun taxi para que yo acudiera a un centro de trabajo\u00bb, hasta que lleg\u00f3 al <a href=\"https:\/\/www.20minutos.es\/minuteca\/tribunal-supremo\/\" title=\"Tribunal Supremo\" target=\"_blank\" rel=\"noopener\">Tribunal Supremo<\/a>.<\/p>\n<p>\u00abLa sentencia asegur\u00f3 que perfectamente estaba reconocido que yo no pod\u00eda trabajar en la situaci\u00f3n en la que me encontraba. Entonces me era concedida la invalidez permanente desde 2016. Hasta mayo de 2018 la Seguridad Social no me pag\u00f3 porque no contemplaba que fuera as\u00ed pese a que el Tribunal Supremo lo ratific\u00f3\u00bb, cuenta. Tener que pedir por la v\u00eda judicial que se les pueda conceder una prejubilaci\u00f3n, es entrar en un <strong>proceso \u00abmuy largo y muy costoso\u00bb<\/strong> que no todas las personas pueden asumir.<\/p>\n<p>Las personas que padecen esta enfermedad critican que <strong>no se tiene en cuenta la evoluci\u00f3n de la enfermedad<\/strong>, que va influyendo gravemente a su d\u00eda a d\u00eda y perjudicando a m\u00e1s partes de su cuerpo, no solo a la zona afectada, a causa de la edad.<\/p>\n<p>\u00abA medida que pasan los a\u00f1os <strong>nos vamos discapacitando m\u00e1s y m\u00e1s<\/strong>, mayormente terminamos en una silla de ruedas. Esta enfermedad parece que no es importante porque no est\u00e1s quej\u00e1ndote a diario, no porque no tengas dolores, sino porque lo hemos llevado durante toda la vida. Hemos sido muy valientes y la gente cree que es tan solo un problema al andar, pero ni sociedad ni los gobiernos han entendido nunca esta enfermedad nuestra. Hemos sido los eternos olvidados, a otro tipo de enfermedades s\u00ed que les han hecho caso. \u00bfA m\u00ed de qu\u00e9 me sirve que me digan que me puedo jubilar con 65 a\u00f1os? Lo que intentamos es que despu\u00e9s de tanto esfuerzo, despu\u00e9s de tanta lucha y despu\u00e9s de tantas trabas y dificultades por las que hemos pasado, se nos tenga un poquito en cuenta. No estamos mendigando nada, ni pidiendo nada que no sea justo y que no sea nuestro\u00bb, expresa M\u00aa Victoria.<\/p>\n<p>Su solicitud est\u00e1 orientada a <strong>disminuir la edad de prejubilaci\u00f3n <\/strong>en el caso de personas con discapacidad, sin tener que regirse por unos porcentajes que no reconocen sus dificultades para trasladarse a su puesto de trabajo y que, en muchos casos, desconocen que tienen que ir actualizando cada cierto tiempo para poder obtener estos beneficios.<\/p>\n<p>\u00ab<strong>Habiendo tanto paro como hay en Espa\u00f1a <\/strong>me parece muy mal esta ley. Hay que darle oportunidad a la gente joven y que a la gente discapacitada nos pudieran jubilar un poco antes\u00bb, expresa Concepci\u00f3n.<\/p>\n<p>\u00abUno cuando tiene 45 a\u00f1os no se le pasa por la cabeza hacerse una revisi\u00f3n para jubilarse cuando est\u00e1 perfectamente activo\u00bb, expone Juana. \u00abNo solamente digo que es inaceptable, que lo es, sino que es indigno. No me parece que sea digno que tengas que estar <strong>arriesg\u00e1ndote y tom\u00e1ndote antiinflamatorios para ir a trabajar<\/strong>. Es indigno que personas con enfermedades degenerativas progresivas se nos compare con personas que carecen de discapacidad alguna. Lo l\u00f3gico y lo l\u00edcito es que se permitiera una jubilaci\u00f3n de este tipo de personas con 60 a\u00f1os, m\u00e1ximo con 63. Tampoco creo que estemos pidiendo tanto, es solo una reducci\u00f3n de por lo menos dos o tres a\u00f1os, porque la enfermedad avanza y cada vez tienes m\u00e1s dificultades sobre todo a la hora de coger los medios de transporte en los que corres el riesgo de poderte caer y tener graves consecuencias\u00bb.<\/p>\n<p>El ministro <a href=\"https:\/\/www.20minutos.es\/minuteca\/jose-luis-escriva\/\" title=\"Jose Luis Escriv\u00e1\" target=\"_blank\" rel=\"noopener\">Escriv\u00e1 <\/a>reconoci\u00f3 el pasado 3 de noviembre en el Senado ante la pregunta de Nerea Ahedo, del <a href=\"https:\/\/www.20minutos.es\/minuteca\/pnv\/\" title=\"PNV\" target=\"_blank\" rel=\"noopener\">PNV<\/a>, que \u00abesto no deber\u00eda ocurrir\u00bb. \u00abLe aseguro que entre las prioridades normativas vamos a <strong>abordar este problema porque esto no es aceptable<\/strong>\u201d, asegur\u00f3.<\/p>\n<p>Tan solo <strong>2.675 personas<\/strong> con discapacidad han podido beneficiarse de la jubilaci\u00f3n anticipada desde que se firm\u00f3 la ley. \u00abCuando he constatado las cifras no he podido m\u00e1s que comprender que la regulaci\u00f3n es insuficiente\u00bb, asegur\u00f3 Escriv\u00e1. Sin embargo, pese a la promesa de realizar una flexibilizaci\u00f3n de los requisitos en este sentido, a fecha de abril de 2021 estas personas a\u00fan no han obtenido m\u00e1s noticias al respecto.<\/p>\n<p>\u00abLe pedir\u00eda al ministro que a la mayor brevedad posible tomara conciencia de la situaci\u00f3n, se pusiera a trabajar estudiando estos casos, y nos diera la posibilidad de anticipar la jubilaci\u00f3n dos o tres a\u00f1os, que creo que no es pedir tanto, y tener un descanso merecido. Estamos en un limbo, porque no podemos optar a la prejubilaci\u00f3n por la ley de <a href=\"https:\/\/www.20minutos.es\/minuteca\/zapatero\/\" title=\"Zapatero\" target=\"_blank\" rel=\"noopener\">Zapatero <\/a>y si optamos por la v\u00eda judicial se va a dilatar tanto en el tiempo que te va a dar igual. Por eso le pedimos al ministro que se ponga manos a la obra, porque creo que es injusto que estemos trabajando hasta los 65 sin saber c\u00f3mo vamos a llegar, yo me imagino que lo har\u00e9 en silla de ruedas, lo cual <strong>me parece totalmente indigno<\/strong>\u00ab, concluye Juana.  <\/p>\n<p>Fuente: 20minutos <a href=\"https:\/\/www.20minutos.es\/noticia\/4671152\/0\/enfermos-poliomielitis-exigen-escriva-cambio-inminente-ley-jubilacion-prometio-indigno\/\" target=\"_blank\" rel=\"noopener\">Enfermos de poliomielitis exigen a Escriv\u00e1 un cambio inminente en la ley de jubilaci\u00f3n como prometi\u00f3: &quot;Es indigno&quot;<\/a><\/p>\n","protected":false},"excerpt":{"rendered":"<p>Leemos en 20minutos la siguiente noticia que os reproducimos de forma \u00edntegra: La ley actual, vigente desde 2009, ampara el derecho de las personas con discapacidad a poder prejubilarse a partir de los 56 a\u00f1os siempre y cuando tengan un 45% de discapacidad reconocido desde hace m\u00ednimo 15 a\u00f1os. Esta condici\u00f3n imposibilita a muchas personas [&hellip;]<\/p>\n","protected":false},"author":1,"featured_media":0,"comment_status":"open","ping_status":"closed","sticky":false,"template":"","format":"standard","meta":{"footnotes":""},"categories":[8],"tags":[31],"class_list":["post-7087","post","type-post","status-publish","format-standard","hentry","category-noticias","tag-discapacidad"],"yoast_head":"<!-- This site is optimized with the Yoast SEO plugin v27.5 - https:\/\/yoast.com\/product\/yoast-seo-wordpress\/ -->\n<title>Enfermos de poliomielitis exigen a Escriv\u00e1 un cambio inminente en la ley de jubilaci\u00f3n como prometi\u00f3: &quot;Es indigno&quot; - Asociaci\u00f3n Espa\u00f1ola S\u00edndrome de Charge<\/title>\n<meta name=\"robots\" content=\"index, follow, max-snippet:-1, max-image-preview:large, max-video-preview:-1\" \/>\n<link rel=\"canonical\" href=\"https:\/\/sindromecharge.es\/index.php\/2021\/04\/25\/enfermos-de-poliomielitis-exigen-a-escriva-un-cambio-inminente-en-la-ley-de-jubilacion-como-prometio-es-indigno\/\" \/>\n<meta property=\"og:locale\" content=\"es_ES\" \/>\n<meta property=\"og:type\" content=\"article\" \/>\n<meta property=\"og:title\" content=\"Enfermos de poliomielitis exigen a Escriv\u00e1 un cambio inminente en la ley de jubilaci\u00f3n como prometi\u00f3: &quot;Es indigno&quot; - Asociaci\u00f3n Espa\u00f1ola S\u00edndrome de Charge\" \/>\n<meta property=\"og:description\" content=\"Leemos en 20minutos la siguiente noticia que os reproducimos de forma \u00edntegra: La ley actual, vigente desde 2009, ampara el derecho de las personas con discapacidad a poder prejubilarse a partir de los 56 a\u00f1os siempre y cuando tengan un 45% de discapacidad reconocido desde hace m\u00ednimo 15 a\u00f1os. Esta condici\u00f3n imposibilita a muchas personas [&hellip;]\" \/>\n<meta property=\"og:url\" content=\"https:\/\/sindromecharge.es\/index.php\/2021\/04\/25\/enfermos-de-poliomielitis-exigen-a-escriva-un-cambio-inminente-en-la-ley-de-jubilacion-como-prometio-es-indigno\/\" \/>\n<meta property=\"og:site_name\" content=\"Asociaci\u00f3n Espa\u00f1ola S\u00edndrome de Charge\" \/>\n<meta property=\"article:publisher\" content=\"https:\/\/www.facebook.com\/asociacionsindromecharge\" \/>\n<meta property=\"article:published_time\" content=\"2021-04-25T06:31:52+00:00\" \/>\n<meta property=\"og:image\" content=\"https:\/\/sindromecharge.es\/wp-content\/uploads\/2013\/09\/logodecharge300x98.png\" \/>\n\t<meta property=\"og:image:width\" content=\"300\" \/>\n\t<meta property=\"og:image:height\" content=\"98\" \/>\n\t<meta property=\"og:image:type\" content=\"image\/png\" \/>\n<meta name=\"author\" content=\"Charge\" \/>\n<meta name=\"twitter:card\" content=\"summary_large_image\" \/>\n<meta name=\"twitter:creator\" content=\"@sindromecharge\" \/>\n<meta name=\"twitter:site\" content=\"@sindromecharge\" \/>\n<meta name=\"twitter:label1\" content=\"Escrito por\" \/>\n\t<meta name=\"twitter:data1\" content=\"Charge\" \/>\n\t<meta name=\"twitter:label2\" content=\"Tiempo de lectura\" \/>\n\t<meta name=\"twitter:data2\" content=\"6 minutos\" \/>\n<script type=\"application\/ld+json\" class=\"yoast-schema-graph\">{\"@context\":\"https:\\\/\\\/schema.org\",\"@graph\":[{\"@type\":\"Article\",\"@id\":\"https:\\\/\\\/sindromecharge.es\\\/index.php\\\/2021\\\/04\\\/25\\\/enfermos-de-poliomielitis-exigen-a-escriva-un-cambio-inminente-en-la-ley-de-jubilacion-como-prometio-es-indigno\\\/#article\",\"isPartOf\":{\"@id\":\"https:\\\/\\\/sindromecharge.es\\\/index.php\\\/2021\\\/04\\\/25\\\/enfermos-de-poliomielitis-exigen-a-escriva-un-cambio-inminente-en-la-ley-de-jubilacion-como-prometio-es-indigno\\\/\"},\"author\":{\"name\":\"Charge\",\"@id\":\"https:\\\/\\\/sindromecharge.es\\\/#\\\/schema\\\/person\\\/39a60ebe0a2b4d5a11179701e336b039\"},\"headline\":\"Enfermos de poliomielitis exigen a Escriv\u00e1 un cambio inminente en la ley de jubilaci\u00f3n como prometi\u00f3: &quot;Es indigno&quot;\",\"datePublished\":\"2021-04-25T06:31:52+00:00\",\"mainEntityOfPage\":{\"@id\":\"https:\\\/\\\/sindromecharge.es\\\/index.php\\\/2021\\\/04\\\/25\\\/enfermos-de-poliomielitis-exigen-a-escriva-un-cambio-inminente-en-la-ley-de-jubilacion-como-prometio-es-indigno\\\/\"},\"wordCount\":1294,\"commentCount\":0,\"keywords\":[\"discapacidad\"],\"articleSection\":[\"noticias\"],\"inLanguage\":\"es\",\"potentialAction\":[{\"@type\":\"CommentAction\",\"name\":\"Comment\",\"target\":[\"https:\\\/\\\/sindromecharge.es\\\/index.php\\\/2021\\\/04\\\/25\\\/enfermos-de-poliomielitis-exigen-a-escriva-un-cambio-inminente-en-la-ley-de-jubilacion-como-prometio-es-indigno\\\/#respond\"]}]},{\"@type\":\"WebPage\",\"@id\":\"https:\\\/\\\/sindromecharge.es\\\/index.php\\\/2021\\\/04\\\/25\\\/enfermos-de-poliomielitis-exigen-a-escriva-un-cambio-inminente-en-la-ley-de-jubilacion-como-prometio-es-indigno\\\/\",\"url\":\"https:\\\/\\\/sindromecharge.es\\\/index.php\\\/2021\\\/04\\\/25\\\/enfermos-de-poliomielitis-exigen-a-escriva-un-cambio-inminente-en-la-ley-de-jubilacion-como-prometio-es-indigno\\\/\",\"name\":\"Enfermos de poliomielitis exigen a Escriv\u00e1 un cambio inminente en la ley de jubilaci\u00f3n como prometi\u00f3: &quot;Es indigno&quot; - Asociaci\u00f3n Espa\u00f1ola S\u00edndrome de Charge\",\"isPartOf\":{\"@id\":\"https:\\\/\\\/sindromecharge.es\\\/#website\"},\"datePublished\":\"2021-04-25T06:31:52+00:00\",\"author\":{\"@id\":\"https:\\\/\\\/sindromecharge.es\\\/#\\\/schema\\\/person\\\/39a60ebe0a2b4d5a11179701e336b039\"},\"breadcrumb\":{\"@id\":\"https:\\\/\\\/sindromecharge.es\\\/index.php\\\/2021\\\/04\\\/25\\\/enfermos-de-poliomielitis-exigen-a-escriva-un-cambio-inminente-en-la-ley-de-jubilacion-como-prometio-es-indigno\\\/#breadcrumb\"},\"inLanguage\":\"es\",\"potentialAction\":[{\"@type\":\"ReadAction\",\"target\":[\"https:\\\/\\\/sindromecharge.es\\\/index.php\\\/2021\\\/04\\\/25\\\/enfermos-de-poliomielitis-exigen-a-escriva-un-cambio-inminente-en-la-ley-de-jubilacion-como-prometio-es-indigno\\\/\"]}]},{\"@type\":\"BreadcrumbList\",\"@id\":\"https:\\\/\\\/sindromecharge.es\\\/index.php\\\/2021\\\/04\\\/25\\\/enfermos-de-poliomielitis-exigen-a-escriva-un-cambio-inminente-en-la-ley-de-jubilacion-como-prometio-es-indigno\\\/#breadcrumb\",\"itemListElement\":[{\"@type\":\"ListItem\",\"position\":1,\"name\":\"Portada\",\"item\":\"https:\\\/\\\/sindromecharge.es\\\/\"},{\"@type\":\"ListItem\",\"position\":2,\"name\":\"Enfermos de poliomielitis exigen a Escriv\u00e1 un cambio inminente en la ley de jubilaci\u00f3n como prometi\u00f3: &quot;Es indigno&quot;\"}]},{\"@type\":\"WebSite\",\"@id\":\"https:\\\/\\\/sindromecharge.es\\\/#website\",\"url\":\"https:\\\/\\\/sindromecharge.es\\\/\",\"name\":\"Asociaci\u00f3n Espa\u00f1ola S\u00edndrome de Charge\",\"description\":\"\",\"potentialAction\":[{\"@type\":\"SearchAction\",\"target\":{\"@type\":\"EntryPoint\",\"urlTemplate\":\"https:\\\/\\\/sindromecharge.es\\\/?s={search_term_string}\"},\"query-input\":{\"@type\":\"PropertyValueSpecification\",\"valueRequired\":true,\"valueName\":\"search_term_string\"}}],\"inLanguage\":\"es\"},{\"@type\":\"Person\",\"@id\":\"https:\\\/\\\/sindromecharge.es\\\/#\\\/schema\\\/person\\\/39a60ebe0a2b4d5a11179701e336b039\",\"name\":\"Charge\",\"image\":{\"@type\":\"ImageObject\",\"inLanguage\":\"es\",\"@id\":\"https:\\\/\\\/secure.gravatar.com\\\/avatar\\\/c3b46e32a0fc3b093a0873fb767bf3293de856293065e84ef06b7ec7a8acfb98?s=96&d=identicon&r=x\",\"url\":\"https:\\\/\\\/secure.gravatar.com\\\/avatar\\\/c3b46e32a0fc3b093a0873fb767bf3293de856293065e84ef06b7ec7a8acfb98?s=96&d=identicon&r=x\",\"contentUrl\":\"https:\\\/\\\/secure.gravatar.com\\\/avatar\\\/c3b46e32a0fc3b093a0873fb767bf3293de856293065e84ef06b7ec7a8acfb98?s=96&d=identicon&r=x\",\"caption\":\"Charge\"},\"url\":\"https:\\\/\\\/sindromecharge.es\\\/index.php\\\/author\\\/admin\\\/\"}]}<\/script>\n<!-- \/ Yoast SEO plugin. -->","yoast_head_json":{"title":"Enfermos de poliomielitis exigen a Escriv\u00e1 un cambio inminente en la ley de jubilaci\u00f3n como prometi\u00f3: &quot;Es indigno&quot; - Asociaci\u00f3n Espa\u00f1ola S\u00edndrome de Charge","robots":{"index":"index","follow":"follow","max-snippet":"max-snippet:-1","max-image-preview":"max-image-preview:large","max-video-preview":"max-video-preview:-1"},"canonical":"https:\/\/sindromecharge.es\/index.php\/2021\/04\/25\/enfermos-de-poliomielitis-exigen-a-escriva-un-cambio-inminente-en-la-ley-de-jubilacion-como-prometio-es-indigno\/","og_locale":"es_ES","og_type":"article","og_title":"Enfermos de poliomielitis exigen a Escriv\u00e1 un cambio inminente en la ley de jubilaci\u00f3n como prometi\u00f3: &quot;Es indigno&quot; - Asociaci\u00f3n Espa\u00f1ola S\u00edndrome de Charge","og_description":"Leemos en 20minutos la siguiente noticia que os reproducimos de forma \u00edntegra: La ley actual, vigente desde 2009, ampara el derecho de las personas con discapacidad a poder prejubilarse a partir de los 56 a\u00f1os siempre y cuando tengan un 45% de discapacidad reconocido desde hace m\u00ednimo 15 a\u00f1os. Esta condici\u00f3n imposibilita a muchas personas [&hellip;]","og_url":"https:\/\/sindromecharge.es\/index.php\/2021\/04\/25\/enfermos-de-poliomielitis-exigen-a-escriva-un-cambio-inminente-en-la-ley-de-jubilacion-como-prometio-es-indigno\/","og_site_name":"Asociaci\u00f3n Espa\u00f1ola S\u00edndrome de Charge","article_publisher":"https:\/\/www.facebook.com\/asociacionsindromecharge","article_published_time":"2021-04-25T06:31:52+00:00","og_image":[{"width":300,"height":98,"url":"https:\/\/sindromecharge.es\/wp-content\/uploads\/2013\/09\/logodecharge300x98.png","type":"image\/png"}],"author":"Charge","twitter_card":"summary_large_image","twitter_creator":"@sindromecharge","twitter_site":"@sindromecharge","twitter_misc":{"Escrito por":"Charge","Tiempo de lectura":"6 minutos"},"schema":{"@context":"https:\/\/schema.org","@graph":[{"@type":"Article","@id":"https:\/\/sindromecharge.es\/index.php\/2021\/04\/25\/enfermos-de-poliomielitis-exigen-a-escriva-un-cambio-inminente-en-la-ley-de-jubilacion-como-prometio-es-indigno\/#article","isPartOf":{"@id":"https:\/\/sindromecharge.es\/index.php\/2021\/04\/25\/enfermos-de-poliomielitis-exigen-a-escriva-un-cambio-inminente-en-la-ley-de-jubilacion-como-prometio-es-indigno\/"},"author":{"name":"Charge","@id":"https:\/\/sindromecharge.es\/#\/schema\/person\/39a60ebe0a2b4d5a11179701e336b039"},"headline":"Enfermos de poliomielitis exigen a Escriv\u00e1 un cambio inminente en la ley de jubilaci\u00f3n como prometi\u00f3: &quot;Es indigno&quot;","datePublished":"2021-04-25T06:31:52+00:00","mainEntityOfPage":{"@id":"https:\/\/sindromecharge.es\/index.php\/2021\/04\/25\/enfermos-de-poliomielitis-exigen-a-escriva-un-cambio-inminente-en-la-ley-de-jubilacion-como-prometio-es-indigno\/"},"wordCount":1294,"commentCount":0,"keywords":["discapacidad"],"articleSection":["noticias"],"inLanguage":"es","potentialAction":[{"@type":"CommentAction","name":"Comment","target":["https:\/\/sindromecharge.es\/index.php\/2021\/04\/25\/enfermos-de-poliomielitis-exigen-a-escriva-un-cambio-inminente-en-la-ley-de-jubilacion-como-prometio-es-indigno\/#respond"]}]},{"@type":"WebPage","@id":"https:\/\/sindromecharge.es\/index.php\/2021\/04\/25\/enfermos-de-poliomielitis-exigen-a-escriva-un-cambio-inminente-en-la-ley-de-jubilacion-como-prometio-es-indigno\/","url":"https:\/\/sindromecharge.es\/index.php\/2021\/04\/25\/enfermos-de-poliomielitis-exigen-a-escriva-un-cambio-inminente-en-la-ley-de-jubilacion-como-prometio-es-indigno\/","name":"Enfermos de poliomielitis exigen a Escriv\u00e1 un cambio inminente en la ley de jubilaci\u00f3n como prometi\u00f3: &quot;Es indigno&quot; - Asociaci\u00f3n Espa\u00f1ola S\u00edndrome de Charge","isPartOf":{"@id":"https:\/\/sindromecharge.es\/#website"},"datePublished":"2021-04-25T06:31:52+00:00","author":{"@id":"https:\/\/sindromecharge.es\/#\/schema\/person\/39a60ebe0a2b4d5a11179701e336b039"},"breadcrumb":{"@id":"https:\/\/sindromecharge.es\/index.php\/2021\/04\/25\/enfermos-de-poliomielitis-exigen-a-escriva-un-cambio-inminente-en-la-ley-de-jubilacion-como-prometio-es-indigno\/#breadcrumb"},"inLanguage":"es","potentialAction":[{"@type":"ReadAction","target":["https:\/\/sindromecharge.es\/index.php\/2021\/04\/25\/enfermos-de-poliomielitis-exigen-a-escriva-un-cambio-inminente-en-la-ley-de-jubilacion-como-prometio-es-indigno\/"]}]},{"@type":"BreadcrumbList","@id":"https:\/\/sindromecharge.es\/index.php\/2021\/04\/25\/enfermos-de-poliomielitis-exigen-a-escriva-un-cambio-inminente-en-la-ley-de-jubilacion-como-prometio-es-indigno\/#breadcrumb","itemListElement":[{"@type":"ListItem","position":1,"name":"Portada","item":"https:\/\/sindromecharge.es\/"},{"@type":"ListItem","position":2,"name":"Enfermos de poliomielitis exigen a Escriv\u00e1 un cambio inminente en la ley de jubilaci\u00f3n como prometi\u00f3: &quot;Es indigno&quot;"}]},{"@type":"WebSite","@id":"https:\/\/sindromecharge.es\/#website","url":"https:\/\/sindromecharge.es\/","name":"Asociaci\u00f3n Espa\u00f1ola S\u00edndrome de Charge","description":"","potentialAction":[{"@type":"SearchAction","target":{"@type":"EntryPoint","urlTemplate":"https:\/\/sindromecharge.es\/?s={search_term_string}"},"query-input":{"@type":"PropertyValueSpecification","valueRequired":true,"valueName":"search_term_string"}}],"inLanguage":"es"},{"@type":"Person","@id":"https:\/\/sindromecharge.es\/#\/schema\/person\/39a60ebe0a2b4d5a11179701e336b039","name":"Charge","image":{"@type":"ImageObject","inLanguage":"es","@id":"https:\/\/secure.gravatar.com\/avatar\/c3b46e32a0fc3b093a0873fb767bf3293de856293065e84ef06b7ec7a8acfb98?s=96&d=identicon&r=x","url":"https:\/\/secure.gravatar.com\/avatar\/c3b46e32a0fc3b093a0873fb767bf3293de856293065e84ef06b7ec7a8acfb98?s=96&d=identicon&r=x","contentUrl":"https:\/\/secure.gravatar.com\/avatar\/c3b46e32a0fc3b093a0873fb767bf3293de856293065e84ef06b7ec7a8acfb98?s=96&d=identicon&r=x","caption":"Charge"},"url":"https:\/\/sindromecharge.es\/index.php\/author\/admin\/"}]}},"_links":{"self":[{"href":"https:\/\/sindromecharge.es\/index.php\/wp-json\/wp\/v2\/posts\/7087","targetHints":{"allow":["GET"]}}],"collection":[{"href":"https:\/\/sindromecharge.es\/index.php\/wp-json\/wp\/v2\/posts"}],"about":[{"href":"https:\/\/sindromecharge.es\/index.php\/wp-json\/wp\/v2\/types\/post"}],"author":[{"embeddable":true,"href":"https:\/\/sindromecharge.es\/index.php\/wp-json\/wp\/v2\/users\/1"}],"replies":[{"embeddable":true,"href":"https:\/\/sindromecharge.es\/index.php\/wp-json\/wp\/v2\/comments?post=7087"}],"version-history":[{"count":0,"href":"https:\/\/sindromecharge.es\/index.php\/wp-json\/wp\/v2\/posts\/7087\/revisions"}],"wp:attachment":[{"href":"https:\/\/sindromecharge.es\/index.php\/wp-json\/wp\/v2\/media?parent=7087"}],"wp:term":[{"taxonomy":"category","embeddable":true,"href":"https:\/\/sindromecharge.es\/index.php\/wp-json\/wp\/v2\/categories?post=7087"},{"taxonomy":"post_tag","embeddable":true,"href":"https:\/\/sindromecharge.es\/index.php\/wp-json\/wp\/v2\/tags?post=7087"}],"curies":[{"name":"wp","href":"https:\/\/api.w.org\/{rel}","templated":true}]}}