{"id":7086,"date":"2021-04-24T13:36:04","date_gmt":"2021-04-24T13:36:04","guid":{"rendered":"https:\/\/sindromecharge.es\/index.php\/2021\/04\/24\/el-inaem-convoca-ayudas-para-apoyar-a-los-trabajadores-con-discapacidad-en-los-centros-especiales\/"},"modified":"2021-04-24T13:36:04","modified_gmt":"2021-04-24T13:36:04","slug":"el-inaem-convoca-ayudas-para-apoyar-a-los-trabajadores-con-discapacidad-en-los-centros-especiales","status":"publish","type":"post","link":"https:\/\/sindromecharge.es\/index.php\/2021\/04\/24\/el-inaem-convoca-ayudas-para-apoyar-a-los-trabajadores-con-discapacidad-en-los-centros-especiales\/","title":{"rendered":"El INAEM convoca ayudas para apoyar a los trabajadores con discapacidad en los centros especiales"},"content":{"rendered":"<p>Leemos en 20minutos la siguiente noticia que os reproducimos de forma \u00edntegra: <\/p>\n<p>En concreto, la actual convocatoria permite subvencionar esos costes vinculados a las unidades de apoyo, compuestas por personal t\u00e9cnico y por encargados de apoyo a la producci\u00f3n, desde el 1 de octubre de 2020 hasta el 30 de septiembre de 2021.<\/p>\n<p>El pr\u00f3ximo 19 de mayo finaliza el plazo para que los centros especiales de empleo presenten las solicitudes de estas ayudas, que permiten atender a los trabajadores con especiales dificultades de inserci\u00f3n laboral, como son las personas con par\u00e1lisis cerebral, con enfermedad mental o con discapacidad intelectual y las personas con discapacidad f\u00edsica o sensorial con un grado de discapacidad superior al 65 por ciento.<\/p>\n<p>Arag\u00f3n cuenta en la actualidad con 72 centros especiales de empleo en funcionamiento, que ocupan a m\u00e1s de 2.700 personas con discapacidad. Para respaldar sus objetivos, adem\u00e1s de convocar cada a\u00f1o la l\u00ednea de ayudas destinada al funcionamiento de las Unidades de Apoyo, el Gobierno de Arag\u00f3n, a trav\u00e9s del INAEM, tambi\u00e9n ofrece subvenciones para fomentar la integraci\u00f3n laboral de las personas con discapacidad en estos centros, ayudas complementarias para favorecer la estabilidad en el empleo de los trabajadores con discapacidad severa y especiales dificultades y para proyectos generadores de empleo promovidos por estos centros.<\/p>\n<p>APOYO AL EMPLEO<\/p>\n<p>En total, el Departamento de Econom\u00eda, Planificaci\u00f3n y Empleo del Gobierno de Arag\u00f3n, a trav\u00e9s del INAEM, destina de forma anual m\u00e1s de 17 millones de euros a la integraci\u00f3n laboral de las personas con discapacidad tanto que permiten incentivar la contrataci\u00f3n de trabajadores por cuenta ajena en el sistema de trabajo ordinario, fomentar el autoempleo y apoyar y desarrollar los centros especiales de empleo que trabajan en la comunidad aragonesa.<\/p>\n<p>Los centros especiales son aut\u00e9nticas empresas cuya plantilla tiene que estar constituida al menos por un 70 por ciento de personas con discapacidad. Los centros especiales de empleo cumplen, sin perjuicio de sus objetivos empresariales, la finalidad social de integrar en el mundo laboral a estas personas que tendr\u00edan ciertas dificultades a\u00f1adidas para encontrar un empleo.<\/p>\n<p>Fuente: 20minutos <a href=\"https:\/\/www.20minutos.es\/noticia\/4671785\/0\/el-inaem-convoca-ayudas-para-apoyar-a-los-trabajadores-con-discapacidad-en-los-centros-especiales\/\" target=\"_blank\" rel=\"noopener\">El INAEM convoca ayudas para apoyar a los trabajadores con discapacidad en los centros especiales<\/a><\/p>\n","protected":false},"excerpt":{"rendered":"<p>Leemos en 20minutos la siguiente noticia que os reproducimos de forma \u00edntegra: En concreto, la actual convocatoria permite subvencionar esos costes vinculados a las unidades de apoyo, compuestas por personal t\u00e9cnico y por encargados de apoyo a la producci\u00f3n, desde el 1 de octubre de 2020 hasta el 30 de septiembre de 2021. El pr\u00f3ximo [&hellip;]<\/p>\n","protected":false},"author":1,"featured_media":0,"comment_status":"open","ping_status":"closed","sticky":false,"template":"","format":"standard","meta":{"footnotes":""},"categories":[8],"tags":[31],"class_list":["post-7086","post","type-post","status-publish","format-standard","hentry","category-noticias","tag-discapacidad"],"yoast_head":"<!-- This site is optimized with the Yoast SEO plugin v27.5 - https:\/\/yoast.com\/product\/yoast-seo-wordpress\/ -->\n<title>El INAEM convoca ayudas para apoyar a los trabajadores con discapacidad en los centros especiales - Asociaci\u00f3n Espa\u00f1ola S\u00edndrome de Charge<\/title>\n<meta name=\"robots\" content=\"index, follow, max-snippet:-1, max-image-preview:large, max-video-preview:-1\" \/>\n<link rel=\"canonical\" href=\"https:\/\/sindromecharge.es\/index.php\/2021\/04\/24\/el-inaem-convoca-ayudas-para-apoyar-a-los-trabajadores-con-discapacidad-en-los-centros-especiales\/\" \/>\n<meta property=\"og:locale\" content=\"es_ES\" \/>\n<meta property=\"og:type\" content=\"article\" \/>\n<meta property=\"og:title\" content=\"El INAEM convoca ayudas para apoyar a los trabajadores con discapacidad en los centros especiales - Asociaci\u00f3n Espa\u00f1ola S\u00edndrome de Charge\" \/>\n<meta property=\"og:description\" content=\"Leemos en 20minutos la siguiente noticia que os reproducimos de forma \u00edntegra: En concreto, la actual convocatoria permite subvencionar esos costes vinculados a las unidades de apoyo, compuestas por personal t\u00e9cnico y por encargados de apoyo a la producci\u00f3n, desde el 1 de octubre de 2020 hasta el 30 de septiembre de 2021. El pr\u00f3ximo [&hellip;]\" \/>\n<meta property=\"og:url\" content=\"https:\/\/sindromecharge.es\/index.php\/2021\/04\/24\/el-inaem-convoca-ayudas-para-apoyar-a-los-trabajadores-con-discapacidad-en-los-centros-especiales\/\" \/>\n<meta property=\"og:site_name\" content=\"Asociaci\u00f3n Espa\u00f1ola S\u00edndrome de Charge\" \/>\n<meta property=\"article:publisher\" content=\"https:\/\/www.facebook.com\/asociacionsindromecharge\" \/>\n<meta property=\"article:published_time\" content=\"2021-04-24T13:36:04+00:00\" \/>\n<meta property=\"og:image\" content=\"https:\/\/sindromecharge.es\/wp-content\/uploads\/2013\/09\/logodecharge300x98.png\" \/>\n\t<meta property=\"og:image:width\" content=\"300\" \/>\n\t<meta property=\"og:image:height\" content=\"98\" \/>\n\t<meta property=\"og:image:type\" content=\"image\/png\" \/>\n<meta name=\"author\" content=\"Charge\" \/>\n<meta name=\"twitter:card\" content=\"summary_large_image\" \/>\n<meta name=\"twitter:creator\" content=\"@sindromecharge\" \/>\n<meta name=\"twitter:site\" content=\"@sindromecharge\" \/>\n<meta name=\"twitter:label1\" content=\"Escrito por\" \/>\n\t<meta name=\"twitter:data1\" content=\"Charge\" \/>\n\t<meta name=\"twitter:label2\" content=\"Tiempo de lectura\" \/>\n\t<meta name=\"twitter:data2\" content=\"2 minutos\" \/>\n<script type=\"application\/ld+json\" class=\"yoast-schema-graph\">{\"@context\":\"https:\\\/\\\/schema.org\",\"@graph\":[{\"@type\":\"Article\",\"@id\":\"https:\\\/\\\/sindromecharge.es\\\/index.php\\\/2021\\\/04\\\/24\\\/el-inaem-convoca-ayudas-para-apoyar-a-los-trabajadores-con-discapacidad-en-los-centros-especiales\\\/#article\",\"isPartOf\":{\"@id\":\"https:\\\/\\\/sindromecharge.es\\\/index.php\\\/2021\\\/04\\\/24\\\/el-inaem-convoca-ayudas-para-apoyar-a-los-trabajadores-con-discapacidad-en-los-centros-especiales\\\/\"},\"author\":{\"name\":\"Charge\",\"@id\":\"https:\\\/\\\/sindromecharge.es\\\/#\\\/schema\\\/person\\\/39a60ebe0a2b4d5a11179701e336b039\"},\"headline\":\"El INAEM convoca ayudas para apoyar a los trabajadores con discapacidad en los centros especiales\",\"datePublished\":\"2021-04-24T13:36:04+00:00\",\"mainEntityOfPage\":{\"@id\":\"https:\\\/\\\/sindromecharge.es\\\/index.php\\\/2021\\\/04\\\/24\\\/el-inaem-convoca-ayudas-para-apoyar-a-los-trabajadores-con-discapacidad-en-los-centros-especiales\\\/\"},\"wordCount\":390,\"commentCount\":0,\"keywords\":[\"discapacidad\"],\"articleSection\":[\"noticias\"],\"inLanguage\":\"es\",\"potentialAction\":[{\"@type\":\"CommentAction\",\"name\":\"Comment\",\"target\":[\"https:\\\/\\\/sindromecharge.es\\\/index.php\\\/2021\\\/04\\\/24\\\/el-inaem-convoca-ayudas-para-apoyar-a-los-trabajadores-con-discapacidad-en-los-centros-especiales\\\/#respond\"]}]},{\"@type\":\"WebPage\",\"@id\":\"https:\\\/\\\/sindromecharge.es\\\/index.php\\\/2021\\\/04\\\/24\\\/el-inaem-convoca-ayudas-para-apoyar-a-los-trabajadores-con-discapacidad-en-los-centros-especiales\\\/\",\"url\":\"https:\\\/\\\/sindromecharge.es\\\/index.php\\\/2021\\\/04\\\/24\\\/el-inaem-convoca-ayudas-para-apoyar-a-los-trabajadores-con-discapacidad-en-los-centros-especiales\\\/\",\"name\":\"El INAEM convoca ayudas para apoyar a los trabajadores con discapacidad en los centros especiales - Asociaci\u00f3n Espa\u00f1ola S\u00edndrome de Charge\",\"isPartOf\":{\"@id\":\"https:\\\/\\\/sindromecharge.es\\\/#website\"},\"datePublished\":\"2021-04-24T13:36:04+00:00\",\"author\":{\"@id\":\"https:\\\/\\\/sindromecharge.es\\\/#\\\/schema\\\/person\\\/39a60ebe0a2b4d5a11179701e336b039\"},\"breadcrumb\":{\"@id\":\"https:\\\/\\\/sindromecharge.es\\\/index.php\\\/2021\\\/04\\\/24\\\/el-inaem-convoca-ayudas-para-apoyar-a-los-trabajadores-con-discapacidad-en-los-centros-especiales\\\/#breadcrumb\"},\"inLanguage\":\"es\",\"potentialAction\":[{\"@type\":\"ReadAction\",\"target\":[\"https:\\\/\\\/sindromecharge.es\\\/index.php\\\/2021\\\/04\\\/24\\\/el-inaem-convoca-ayudas-para-apoyar-a-los-trabajadores-con-discapacidad-en-los-centros-especiales\\\/\"]}]},{\"@type\":\"BreadcrumbList\",\"@id\":\"https:\\\/\\\/sindromecharge.es\\\/index.php\\\/2021\\\/04\\\/24\\\/el-inaem-convoca-ayudas-para-apoyar-a-los-trabajadores-con-discapacidad-en-los-centros-especiales\\\/#breadcrumb\",\"itemListElement\":[{\"@type\":\"ListItem\",\"position\":1,\"name\":\"Portada\",\"item\":\"https:\\\/\\\/sindromecharge.es\\\/\"},{\"@type\":\"ListItem\",\"position\":2,\"name\":\"El INAEM convoca ayudas para apoyar a los trabajadores con discapacidad en los centros especiales\"}]},{\"@type\":\"WebSite\",\"@id\":\"https:\\\/\\\/sindromecharge.es\\\/#website\",\"url\":\"https:\\\/\\\/sindromecharge.es\\\/\",\"name\":\"Asociaci\u00f3n Espa\u00f1ola S\u00edndrome de Charge\",\"description\":\"\",\"potentialAction\":[{\"@type\":\"SearchAction\",\"target\":{\"@type\":\"EntryPoint\",\"urlTemplate\":\"https:\\\/\\\/sindromecharge.es\\\/?s={search_term_string}\"},\"query-input\":{\"@type\":\"PropertyValueSpecification\",\"valueRequired\":true,\"valueName\":\"search_term_string\"}}],\"inLanguage\":\"es\"},{\"@type\":\"Person\",\"@id\":\"https:\\\/\\\/sindromecharge.es\\\/#\\\/schema\\\/person\\\/39a60ebe0a2b4d5a11179701e336b039\",\"name\":\"Charge\",\"image\":{\"@type\":\"ImageObject\",\"inLanguage\":\"es\",\"@id\":\"https:\\\/\\\/secure.gravatar.com\\\/avatar\\\/c3b46e32a0fc3b093a0873fb767bf3293de856293065e84ef06b7ec7a8acfb98?s=96&d=identicon&r=x\",\"url\":\"https:\\\/\\\/secure.gravatar.com\\\/avatar\\\/c3b46e32a0fc3b093a0873fb767bf3293de856293065e84ef06b7ec7a8acfb98?s=96&d=identicon&r=x\",\"contentUrl\":\"https:\\\/\\\/secure.gravatar.com\\\/avatar\\\/c3b46e32a0fc3b093a0873fb767bf3293de856293065e84ef06b7ec7a8acfb98?s=96&d=identicon&r=x\",\"caption\":\"Charge\"},\"url\":\"https:\\\/\\\/sindromecharge.es\\\/index.php\\\/author\\\/admin\\\/\"}]}<\/script>\n<!-- \/ Yoast SEO plugin. -->","yoast_head_json":{"title":"El INAEM convoca ayudas para apoyar a los trabajadores con discapacidad en los centros especiales - Asociaci\u00f3n Espa\u00f1ola S\u00edndrome de Charge","robots":{"index":"index","follow":"follow","max-snippet":"max-snippet:-1","max-image-preview":"max-image-preview:large","max-video-preview":"max-video-preview:-1"},"canonical":"https:\/\/sindromecharge.es\/index.php\/2021\/04\/24\/el-inaem-convoca-ayudas-para-apoyar-a-los-trabajadores-con-discapacidad-en-los-centros-especiales\/","og_locale":"es_ES","og_type":"article","og_title":"El INAEM convoca ayudas para apoyar a los trabajadores con discapacidad en los centros especiales - Asociaci\u00f3n Espa\u00f1ola S\u00edndrome de Charge","og_description":"Leemos en 20minutos la siguiente noticia que os reproducimos de forma \u00edntegra: En concreto, la actual convocatoria permite subvencionar esos costes vinculados a las unidades de apoyo, compuestas por personal t\u00e9cnico y por encargados de apoyo a la producci\u00f3n, desde el 1 de octubre de 2020 hasta el 30 de septiembre de 2021. El pr\u00f3ximo [&hellip;]","og_url":"https:\/\/sindromecharge.es\/index.php\/2021\/04\/24\/el-inaem-convoca-ayudas-para-apoyar-a-los-trabajadores-con-discapacidad-en-los-centros-especiales\/","og_site_name":"Asociaci\u00f3n Espa\u00f1ola S\u00edndrome de Charge","article_publisher":"https:\/\/www.facebook.com\/asociacionsindromecharge","article_published_time":"2021-04-24T13:36:04+00:00","og_image":[{"width":300,"height":98,"url":"https:\/\/sindromecharge.es\/wp-content\/uploads\/2013\/09\/logodecharge300x98.png","type":"image\/png"}],"author":"Charge","twitter_card":"summary_large_image","twitter_creator":"@sindromecharge","twitter_site":"@sindromecharge","twitter_misc":{"Escrito por":"Charge","Tiempo de lectura":"2 minutos"},"schema":{"@context":"https:\/\/schema.org","@graph":[{"@type":"Article","@id":"https:\/\/sindromecharge.es\/index.php\/2021\/04\/24\/el-inaem-convoca-ayudas-para-apoyar-a-los-trabajadores-con-discapacidad-en-los-centros-especiales\/#article","isPartOf":{"@id":"https:\/\/sindromecharge.es\/index.php\/2021\/04\/24\/el-inaem-convoca-ayudas-para-apoyar-a-los-trabajadores-con-discapacidad-en-los-centros-especiales\/"},"author":{"name":"Charge","@id":"https:\/\/sindromecharge.es\/#\/schema\/person\/39a60ebe0a2b4d5a11179701e336b039"},"headline":"El INAEM convoca ayudas para apoyar a los trabajadores con discapacidad en los centros especiales","datePublished":"2021-04-24T13:36:04+00:00","mainEntityOfPage":{"@id":"https:\/\/sindromecharge.es\/index.php\/2021\/04\/24\/el-inaem-convoca-ayudas-para-apoyar-a-los-trabajadores-con-discapacidad-en-los-centros-especiales\/"},"wordCount":390,"commentCount":0,"keywords":["discapacidad"],"articleSection":["noticias"],"inLanguage":"es","potentialAction":[{"@type":"CommentAction","name":"Comment","target":["https:\/\/sindromecharge.es\/index.php\/2021\/04\/24\/el-inaem-convoca-ayudas-para-apoyar-a-los-trabajadores-con-discapacidad-en-los-centros-especiales\/#respond"]}]},{"@type":"WebPage","@id":"https:\/\/sindromecharge.es\/index.php\/2021\/04\/24\/el-inaem-convoca-ayudas-para-apoyar-a-los-trabajadores-con-discapacidad-en-los-centros-especiales\/","url":"https:\/\/sindromecharge.es\/index.php\/2021\/04\/24\/el-inaem-convoca-ayudas-para-apoyar-a-los-trabajadores-con-discapacidad-en-los-centros-especiales\/","name":"El INAEM convoca ayudas para apoyar a los trabajadores con discapacidad en los centros especiales - Asociaci\u00f3n Espa\u00f1ola S\u00edndrome de Charge","isPartOf":{"@id":"https:\/\/sindromecharge.es\/#website"},"datePublished":"2021-04-24T13:36:04+00:00","author":{"@id":"https:\/\/sindromecharge.es\/#\/schema\/person\/39a60ebe0a2b4d5a11179701e336b039"},"breadcrumb":{"@id":"https:\/\/sindromecharge.es\/index.php\/2021\/04\/24\/el-inaem-convoca-ayudas-para-apoyar-a-los-trabajadores-con-discapacidad-en-los-centros-especiales\/#breadcrumb"},"inLanguage":"es","potentialAction":[{"@type":"ReadAction","target":["https:\/\/sindromecharge.es\/index.php\/2021\/04\/24\/el-inaem-convoca-ayudas-para-apoyar-a-los-trabajadores-con-discapacidad-en-los-centros-especiales\/"]}]},{"@type":"BreadcrumbList","@id":"https:\/\/sindromecharge.es\/index.php\/2021\/04\/24\/el-inaem-convoca-ayudas-para-apoyar-a-los-trabajadores-con-discapacidad-en-los-centros-especiales\/#breadcrumb","itemListElement":[{"@type":"ListItem","position":1,"name":"Portada","item":"https:\/\/sindromecharge.es\/"},{"@type":"ListItem","position":2,"name":"El INAEM convoca ayudas para apoyar a los trabajadores con discapacidad en los centros especiales"}]},{"@type":"WebSite","@id":"https:\/\/sindromecharge.es\/#website","url":"https:\/\/sindromecharge.es\/","name":"Asociaci\u00f3n Espa\u00f1ola S\u00edndrome de Charge","description":"","potentialAction":[{"@type":"SearchAction","target":{"@type":"EntryPoint","urlTemplate":"https:\/\/sindromecharge.es\/?s={search_term_string}"},"query-input":{"@type":"PropertyValueSpecification","valueRequired":true,"valueName":"search_term_string"}}],"inLanguage":"es"},{"@type":"Person","@id":"https:\/\/sindromecharge.es\/#\/schema\/person\/39a60ebe0a2b4d5a11179701e336b039","name":"Charge","image":{"@type":"ImageObject","inLanguage":"es","@id":"https:\/\/secure.gravatar.com\/avatar\/c3b46e32a0fc3b093a0873fb767bf3293de856293065e84ef06b7ec7a8acfb98?s=96&d=identicon&r=x","url":"https:\/\/secure.gravatar.com\/avatar\/c3b46e32a0fc3b093a0873fb767bf3293de856293065e84ef06b7ec7a8acfb98?s=96&d=identicon&r=x","contentUrl":"https:\/\/secure.gravatar.com\/avatar\/c3b46e32a0fc3b093a0873fb767bf3293de856293065e84ef06b7ec7a8acfb98?s=96&d=identicon&r=x","caption":"Charge"},"url":"https:\/\/sindromecharge.es\/index.php\/author\/admin\/"}]}},"_links":{"self":[{"href":"https:\/\/sindromecharge.es\/index.php\/wp-json\/wp\/v2\/posts\/7086","targetHints":{"allow":["GET"]}}],"collection":[{"href":"https:\/\/sindromecharge.es\/index.php\/wp-json\/wp\/v2\/posts"}],"about":[{"href":"https:\/\/sindromecharge.es\/index.php\/wp-json\/wp\/v2\/types\/post"}],"author":[{"embeddable":true,"href":"https:\/\/sindromecharge.es\/index.php\/wp-json\/wp\/v2\/users\/1"}],"replies":[{"embeddable":true,"href":"https:\/\/sindromecharge.es\/index.php\/wp-json\/wp\/v2\/comments?post=7086"}],"version-history":[{"count":0,"href":"https:\/\/sindromecharge.es\/index.php\/wp-json\/wp\/v2\/posts\/7086\/revisions"}],"wp:attachment":[{"href":"https:\/\/sindromecharge.es\/index.php\/wp-json\/wp\/v2\/media?parent=7086"}],"wp:term":[{"taxonomy":"category","embeddable":true,"href":"https:\/\/sindromecharge.es\/index.php\/wp-json\/wp\/v2\/categories?post=7086"},{"taxonomy":"post_tag","embeddable":true,"href":"https:\/\/sindromecharge.es\/index.php\/wp-json\/wp\/v2\/tags?post=7086"}],"curies":[{"name":"wp","href":"https:\/\/api.w.org\/{rel}","templated":true}]}}