{"id":7085,"date":"2021-04-23T19:36:44","date_gmt":"2021-04-23T19:36:44","guid":{"rendered":"https:\/\/sindromecharge.es\/index.php\/2021\/04\/23\/una-jueza-obliga-a-la-comunidad-de-madrid-a-escolarizar-a-una-nina-con-discapacidad-en-un-centro-ordinario\/"},"modified":"2021-04-23T19:36:44","modified_gmt":"2021-04-23T19:36:44","slug":"una-jueza-obliga-a-la-comunidad-de-madrid-a-escolarizar-a-una-nina-con-discapacidad-en-un-centro-ordinario","status":"publish","type":"post","link":"https:\/\/sindromecharge.es\/index.php\/2021\/04\/23\/una-jueza-obliga-a-la-comunidad-de-madrid-a-escolarizar-a-una-nina-con-discapacidad-en-un-centro-ordinario\/","title":{"rendered":"Una jueza obliga a la Comunidad de Madrid a escolarizar a una ni\u00f1a con discapacidad en un centro ordinario"},"content":{"rendered":"<p>Leemos en 20minutos la siguiente noticia que os reproducimos de forma \u00edntegra: <\/p>\n<p>La titular del Juzgado de lo Contencioso Administrativo n\u00famero 33 de Madrid ha obligado a la <a href=\"https:\/\/www.20minutos.es\/minuteca\/comunidad-de-madrid\/\" title=\"Comunidad de Madrid\" target=\"_blank\" rel=\"noopener\">Comunidad de Madrid <\/a>a <strong>escolarizar a una ni\u00f1a con discapacidad en un colegio ordinario<\/strong>, tal y como deseaban sus padres, y en contra de lo dictaminado por la administraci\u00f3n auton\u00f3mica.<\/p>\n<p>El fallo estima en parte el <strong>recurso contencioso administrativo<\/strong> interpuesto por los padres en nombre y representaci\u00f3n de la menor, contra la resoluci\u00f3n de la Viceconsejer\u00eda de Organizaci\u00f3n Educativa, que confirma en alzada la resoluci\u00f3n de la Direcci\u00f3n del \u00c1rea Territorial de Madrid-Capital, que deniega la escolarizaci\u00f3n de la menor en un centro ordinario con apoyos y ordena su escolarizaci\u00f3n en un centro espec\u00edfico de educaci\u00f3n especial.<\/p>\n<p>As\u00ed, esa resoluci\u00f3n se anula por ser contraria a derecho y se <strong>reconoce el derecho de la menor \u00aba la educaci\u00f3n inclusiva <\/strong>y su escolarizaci\u00f3n en un centro de educaci\u00f3n ordinaria con los apoyos adecuados a sus necesidades\u00bb, por lo que \u00abse acuerda la escolarizaci\u00f3n de la menor en el centro elegido por sus padres con flexibilizaci\u00f3n de la etapa educativa por debajo de su edad cronol\u00f3gica\u00bb.<\/p>\n<p>Seg\u00fan se recoge en la sentencia, la menor naci\u00f3 en el a\u00f1o 2015 con delecci\u00f3n cromos\u00f3mica conocida como <strong>s\u00edndrome de Wolf-Hirschhorn<\/strong>, que implica en su caso un desfase en el aparato psicomotor, cognitivo y comunicativo. En abril de 2016 el equipo de atenci\u00f3n temprana realiz\u00f3 una primera valoraci\u00f3n psicopedag\u00f3gica de la menor al objeto de determinar sus necesidades educativas especiales. Adem\u00e1s, se tramit\u00f3 una permanencia en el Primer Ciclo de Educaci\u00f3n Infantil para que la ni\u00f1a se mantuviera en el nivel 2-3 a\u00f1os en el curso 2018-2019, en un centro ordinario. Sin embargo, la menor no fue escolarizada por indicaci\u00f3n m\u00e9dica.<\/p>\n<p>Cuando lleg\u00f3 el momento de la escolarizaci\u00f3n, en abril de 2019, el equipo de atenci\u00f3n temprana exigi\u00f3 a los padres antes de la<strong> evaluaci\u00f3n que autorizasen un cambio de modalidad educativa<\/strong> para su hija, a lo que \u00e9stos se negaron, por lo que no se realiz\u00f3 esta evaluaci\u00f3n en ese momento. D\u00edas m\u00e1s tarde se efectu\u00f3 la evaluaci\u00f3n sin esa autorizaci\u00f3n de los padres.<\/p>\n<p>Los padres consideran este hecho \u00abespecialmente relevante porque antes de conocer las<strong> necesidades educativas<\/strong> de la menor la Administraci\u00f3n ya pretend\u00eda su escolarizaci\u00f3n en un centro de educaci\u00f3n especial\u00bb, en contra del deseo de los padres de escolarizarla en el centro donde el padre ejerce como maestro.<\/p>\n<p>En mayo de ese a\u00f1o los padres mantuvieron una entrevista con el Servicio de Apoyo a la Escolarizaci\u00f3n Espec\u00edfico para Alumnos con necesidades Educativas Especiales de la Direcci\u00f3n de \u00c1rea Territorial de Madrid Capital, tras la cual la Inspecci\u00f3n emiti\u00f3 <strong>Informe favorable a la escolarizaci\u00f3n<\/strong> en un centro de educaci\u00f3n especial. No se lleg\u00f3 a dictar resoluci\u00f3n de escolarizaci\u00f3n para el curso 2019\/2020, y los padres presentaron una reclamaci\u00f3n.<\/p>\n<p>En el mes de julio, la Direcci\u00f3n del \u00c1rea Territorial de Madrid Capital resuelve declarando la no admisi\u00f3n de la menor en un centro ordinario, y ante el recurso en alzada de los padres, la Administraci\u00f3n efectu\u00f3 una <strong>nueva valoraci\u00f3n de la ni\u00f1a<\/strong>, emitido en octubre con la misma conclusi\u00f3n y sin la participaci\u00f3n de los padres. Ante la imposibilidad de escolarizar a su hija en un centro ordinario en septiembre de 2020 la menor fue escolarizada en uno de educaci\u00f3n especial compartiendo aula con ni\u00f1os entre los 7 y 14 a\u00f1os, \u00absiendo que lo adecuado para ella es compartirla con ni\u00f1os de 2 \u00f3 3 a\u00f1os cercanos a su tama\u00f1o y desarrollo\u00bb.<\/p>\n<p>En su recurso, los padres sosten\u00edan que su hija hab\u00eda sido objeto de una <strong>trato discriminatorio<\/strong> prohibido por el art\u00edculo 14 de la <a href=\"https:\/\/www.20minutos.es\/minuteca\/constitucion\/\" title=\"Constituci\u00f3n\" target=\"_blank\" rel=\"noopener\">Constituci\u00f3n <\/a>en relaci\u00f3n con su derecho fundamental a la educaci\u00f3n del art\u00edculo 27 y el incumplimiento del art\u00edculo 49, todo ello de acuerdo con los art\u00edculos 2 y 24.2 a) de la Convenci\u00f3n de la <a href=\"https:\/\/www.20minutos.es\/minuteca\/onu\/\" title=\"ONU\" target=\"_blank\" rel=\"noopener\">ONU <\/a>sobre derechos de las personas con discapacidad, al no permitirse su acceso a la escuela ordinaria, basando su decisi\u00f3n en las caracter\u00edsticas cl\u00ednicas de la ni\u00f1a, sin haber realizado un an\u00e1lisis en el contexto escolar ordinario, imprescindible para determinar sus necesidades educativas y sin haberse puesto a disposici\u00f3n todos los medios posibles para alcanzar la plena inclusi\u00f3n, tal y como exige el <a href=\"https:\/\/www.20minutos.es\/minuteca\/tribunal-supremo\/\" title=\"Tribunal Supremo\" target=\"_blank\" rel=\"noopener\">Tribunal Supremo<\/a>.<\/p>\n<p>La sentencia considera que el doble mandato de inclusi\u00f3n y la efectividad d ese derecho \u00abexige de las administraciones una concreta puesta de medios que procure esa <strong>integraci\u00f3n en el sistema educativo ordinario<\/strong> con las debidas adaptaciones en funci\u00f3n de las necesidades de la interesada y s\u00f3lo cabe acudir al r\u00e9gimen de centros de educaci\u00f3n especial si se justifica que agotados los esfuerzos para esa integraci\u00f3n, lo procedente es esa opci\u00f3n que en esas condiciones s\u00ed justificar\u00eda un trato distinto\u00bb.<\/p>\n<p>Alude, adem\u00e1s, a la doctrina fijada por el Tribunal Supremo y el Tribunal Constitucional: \u00abEs inequ\u00edvoca la vinculaci\u00f3n del derecho a la educaci\u00f3n con la <strong>garant\u00eda de la dignidad humana<\/strong>, dada la trascendencia que aqu\u00e9lla adquiere para el pleno y libre desarrollo de la personalidad, y para la misma convivencia en sociedad, que se ve reforzada mediante la ense\u00f1anza de los valores democr\u00e1ticos y el respeto a los derechos humanos, necesarios para establecer una sociedad democr\u00e1tica avanzada\u00bb.<\/p>\n<p>La sentencia subraya que la perita explic\u00f3 que la menor hab\u00eda sido escolarizada en un centro de educaci\u00f3n especial \u00abcompartiendo aula con ni\u00f1os entre 8 y 14 a\u00f1os, sin que haya ninguno de su edad, lo que <strong>no contribuye a su desarrollo y aprendizaje<\/strong>, sino que es perjudicial. Ella deber\u00eda ser escolarizada con ni\u00f1os 2 o 3 a\u00f1os menores que cuentan con un desarrollo y tama\u00f1o similar al suyo. Tambi\u00e9n hay que tener presente que se solicita la escolarizaci\u00f3n en un centro donde su padre o madres son maestros\u00bb.<\/p>\n<p>\u00abDe todo lo actuado en este proceso se concluye que las resoluciones de la Administraci\u00f3n <strong>no explican el motivo<\/strong> por el que considera una carga desproporcionada\u00bb la educaci\u00f3n de la peque\u00f1a en un centro ordinario en una edad tan temprana. \u00abDel expediente se deduce que incluso antes de la evaluaci\u00f3n de la menor, ya se consideraba adecuada de educaci\u00f3n especial, sin haber estudiado a la ni\u00f1a en el contexto escolar y sin agotar las posibilidades de su inclusi\u00f3n\u00bb, a\u00f1ade.<\/p>\n<p>Seg\u00fan explic\u00f3 la perita y reproduce la sentencia, la relaci\u00f3n de la ni\u00f1a con su hermana \u00abayuda a su comunicaci\u00f3n, tiende a imitar lo que hacen otros ni\u00f1os, por ello ser\u00eda muy positivo que acudiera al mismo Centro que su hermana\u00bb y donde adem\u00e1s ejerce como maestro uno de sus progenitores (ambos son maestros). La escolarizaci\u00f3n en esas condiciones \u00abes <strong>esencial para su integraci\u00f3n <\/strong>dado que adem\u00e1s ella seg\u00fan las pruebas muestra participaci\u00f3n e interacci\u00f3n con otros ni\u00f1os\u00bb, concluye.<\/p>\n<p>Fuente: 20minutos <a href=\"https:\/\/www.20minutos.es\/noticia\/4671307\/0\/jueza-obliga-comunidad-madrid-escolarizar-nina-discapacidad-centro-ordinario\/\" target=\"_blank\" rel=\"noopener\">Una jueza obliga a la Comunidad de Madrid a escolarizar a una ni\u00f1a con discapacidad en un centro ordinario<\/a><\/p>\n","protected":false},"excerpt":{"rendered":"<p>Leemos en 20minutos la siguiente noticia que os reproducimos de forma \u00edntegra: La titular del Juzgado de lo Contencioso Administrativo n\u00famero 33 de Madrid ha obligado a la Comunidad de Madrid a escolarizar a una ni\u00f1a con discapacidad en un colegio ordinario, tal y como deseaban sus padres, y en contra de lo dictaminado por [&hellip;]<\/p>\n","protected":false},"author":1,"featured_media":0,"comment_status":"open","ping_status":"closed","sticky":false,"template":"","format":"standard","meta":{"footnotes":""},"categories":[8],"tags":[31],"class_list":["post-7085","post","type-post","status-publish","format-standard","hentry","category-noticias","tag-discapacidad"],"yoast_head":"<!-- This site is optimized with the Yoast SEO plugin v27.5 - https:\/\/yoast.com\/product\/yoast-seo-wordpress\/ -->\n<title>Una jueza obliga a la Comunidad de Madrid a escolarizar a una ni\u00f1a con discapacidad en un centro ordinario - Asociaci\u00f3n Espa\u00f1ola S\u00edndrome de Charge<\/title>\n<meta name=\"robots\" content=\"index, follow, max-snippet:-1, max-image-preview:large, max-video-preview:-1\" \/>\n<link rel=\"canonical\" href=\"https:\/\/sindromecharge.es\/index.php\/2021\/04\/23\/una-jueza-obliga-a-la-comunidad-de-madrid-a-escolarizar-a-una-nina-con-discapacidad-en-un-centro-ordinario\/\" \/>\n<meta property=\"og:locale\" content=\"es_ES\" \/>\n<meta property=\"og:type\" content=\"article\" \/>\n<meta property=\"og:title\" content=\"Una jueza obliga a la Comunidad de Madrid a escolarizar a una ni\u00f1a con discapacidad en un centro ordinario - Asociaci\u00f3n Espa\u00f1ola S\u00edndrome de Charge\" \/>\n<meta property=\"og:description\" content=\"Leemos en 20minutos la siguiente noticia que os reproducimos de forma \u00edntegra: La titular del Juzgado de lo Contencioso Administrativo n\u00famero 33 de Madrid ha obligado a la Comunidad de Madrid a escolarizar a una ni\u00f1a con discapacidad en un colegio ordinario, tal y como deseaban sus padres, y en contra de lo dictaminado por [&hellip;]\" \/>\n<meta property=\"og:url\" content=\"https:\/\/sindromecharge.es\/index.php\/2021\/04\/23\/una-jueza-obliga-a-la-comunidad-de-madrid-a-escolarizar-a-una-nina-con-discapacidad-en-un-centro-ordinario\/\" \/>\n<meta property=\"og:site_name\" content=\"Asociaci\u00f3n Espa\u00f1ola S\u00edndrome de Charge\" \/>\n<meta property=\"article:publisher\" content=\"https:\/\/www.facebook.com\/asociacionsindromecharge\" \/>\n<meta property=\"article:published_time\" content=\"2021-04-23T19:36:44+00:00\" \/>\n<meta property=\"og:image\" content=\"https:\/\/sindromecharge.es\/wp-content\/uploads\/2013\/09\/logodecharge300x98.png\" \/>\n\t<meta property=\"og:image:width\" content=\"300\" \/>\n\t<meta property=\"og:image:height\" content=\"98\" \/>\n\t<meta property=\"og:image:type\" content=\"image\/png\" \/>\n<meta name=\"author\" content=\"Charge\" \/>\n<meta name=\"twitter:card\" content=\"summary_large_image\" \/>\n<meta name=\"twitter:creator\" content=\"@sindromecharge\" \/>\n<meta name=\"twitter:site\" content=\"@sindromecharge\" \/>\n<meta name=\"twitter:label1\" content=\"Escrito por\" \/>\n\t<meta name=\"twitter:data1\" content=\"Charge\" \/>\n\t<meta name=\"twitter:label2\" content=\"Tiempo de lectura\" \/>\n\t<meta name=\"twitter:data2\" content=\"6 minutos\" \/>\n<script type=\"application\/ld+json\" class=\"yoast-schema-graph\">{\"@context\":\"https:\\\/\\\/schema.org\",\"@graph\":[{\"@type\":\"Article\",\"@id\":\"https:\\\/\\\/sindromecharge.es\\\/index.php\\\/2021\\\/04\\\/23\\\/una-jueza-obliga-a-la-comunidad-de-madrid-a-escolarizar-a-una-nina-con-discapacidad-en-un-centro-ordinario\\\/#article\",\"isPartOf\":{\"@id\":\"https:\\\/\\\/sindromecharge.es\\\/index.php\\\/2021\\\/04\\\/23\\\/una-jueza-obliga-a-la-comunidad-de-madrid-a-escolarizar-a-una-nina-con-discapacidad-en-un-centro-ordinario\\\/\"},\"author\":{\"name\":\"Charge\",\"@id\":\"https:\\\/\\\/sindromecharge.es\\\/#\\\/schema\\\/person\\\/39a60ebe0a2b4d5a11179701e336b039\"},\"headline\":\"Una jueza obliga a la Comunidad de Madrid a escolarizar a una ni\u00f1a con discapacidad en un centro ordinario\",\"datePublished\":\"2021-04-23T19:36:44+00:00\",\"mainEntityOfPage\":{\"@id\":\"https:\\\/\\\/sindromecharge.es\\\/index.php\\\/2021\\\/04\\\/23\\\/una-jueza-obliga-a-la-comunidad-de-madrid-a-escolarizar-a-una-nina-con-discapacidad-en-un-centro-ordinario\\\/\"},\"wordCount\":1272,\"commentCount\":0,\"keywords\":[\"discapacidad\"],\"articleSection\":[\"noticias\"],\"inLanguage\":\"es\",\"potentialAction\":[{\"@type\":\"CommentAction\",\"name\":\"Comment\",\"target\":[\"https:\\\/\\\/sindromecharge.es\\\/index.php\\\/2021\\\/04\\\/23\\\/una-jueza-obliga-a-la-comunidad-de-madrid-a-escolarizar-a-una-nina-con-discapacidad-en-un-centro-ordinario\\\/#respond\"]}]},{\"@type\":\"WebPage\",\"@id\":\"https:\\\/\\\/sindromecharge.es\\\/index.php\\\/2021\\\/04\\\/23\\\/una-jueza-obliga-a-la-comunidad-de-madrid-a-escolarizar-a-una-nina-con-discapacidad-en-un-centro-ordinario\\\/\",\"url\":\"https:\\\/\\\/sindromecharge.es\\\/index.php\\\/2021\\\/04\\\/23\\\/una-jueza-obliga-a-la-comunidad-de-madrid-a-escolarizar-a-una-nina-con-discapacidad-en-un-centro-ordinario\\\/\",\"name\":\"Una jueza obliga a la Comunidad de Madrid a escolarizar a una ni\u00f1a con discapacidad en un centro ordinario - Asociaci\u00f3n Espa\u00f1ola S\u00edndrome de Charge\",\"isPartOf\":{\"@id\":\"https:\\\/\\\/sindromecharge.es\\\/#website\"},\"datePublished\":\"2021-04-23T19:36:44+00:00\",\"author\":{\"@id\":\"https:\\\/\\\/sindromecharge.es\\\/#\\\/schema\\\/person\\\/39a60ebe0a2b4d5a11179701e336b039\"},\"breadcrumb\":{\"@id\":\"https:\\\/\\\/sindromecharge.es\\\/index.php\\\/2021\\\/04\\\/23\\\/una-jueza-obliga-a-la-comunidad-de-madrid-a-escolarizar-a-una-nina-con-discapacidad-en-un-centro-ordinario\\\/#breadcrumb\"},\"inLanguage\":\"es\",\"potentialAction\":[{\"@type\":\"ReadAction\",\"target\":[\"https:\\\/\\\/sindromecharge.es\\\/index.php\\\/2021\\\/04\\\/23\\\/una-jueza-obliga-a-la-comunidad-de-madrid-a-escolarizar-a-una-nina-con-discapacidad-en-un-centro-ordinario\\\/\"]}]},{\"@type\":\"BreadcrumbList\",\"@id\":\"https:\\\/\\\/sindromecharge.es\\\/index.php\\\/2021\\\/04\\\/23\\\/una-jueza-obliga-a-la-comunidad-de-madrid-a-escolarizar-a-una-nina-con-discapacidad-en-un-centro-ordinario\\\/#breadcrumb\",\"itemListElement\":[{\"@type\":\"ListItem\",\"position\":1,\"name\":\"Portada\",\"item\":\"https:\\\/\\\/sindromecharge.es\\\/\"},{\"@type\":\"ListItem\",\"position\":2,\"name\":\"Una jueza obliga a la Comunidad de Madrid a escolarizar a una ni\u00f1a con discapacidad en un centro ordinario\"}]},{\"@type\":\"WebSite\",\"@id\":\"https:\\\/\\\/sindromecharge.es\\\/#website\",\"url\":\"https:\\\/\\\/sindromecharge.es\\\/\",\"name\":\"Asociaci\u00f3n Espa\u00f1ola S\u00edndrome de Charge\",\"description\":\"\",\"potentialAction\":[{\"@type\":\"SearchAction\",\"target\":{\"@type\":\"EntryPoint\",\"urlTemplate\":\"https:\\\/\\\/sindromecharge.es\\\/?s={search_term_string}\"},\"query-input\":{\"@type\":\"PropertyValueSpecification\",\"valueRequired\":true,\"valueName\":\"search_term_string\"}}],\"inLanguage\":\"es\"},{\"@type\":\"Person\",\"@id\":\"https:\\\/\\\/sindromecharge.es\\\/#\\\/schema\\\/person\\\/39a60ebe0a2b4d5a11179701e336b039\",\"name\":\"Charge\",\"image\":{\"@type\":\"ImageObject\",\"inLanguage\":\"es\",\"@id\":\"https:\\\/\\\/secure.gravatar.com\\\/avatar\\\/c3b46e32a0fc3b093a0873fb767bf3293de856293065e84ef06b7ec7a8acfb98?s=96&d=identicon&r=x\",\"url\":\"https:\\\/\\\/secure.gravatar.com\\\/avatar\\\/c3b46e32a0fc3b093a0873fb767bf3293de856293065e84ef06b7ec7a8acfb98?s=96&d=identicon&r=x\",\"contentUrl\":\"https:\\\/\\\/secure.gravatar.com\\\/avatar\\\/c3b46e32a0fc3b093a0873fb767bf3293de856293065e84ef06b7ec7a8acfb98?s=96&d=identicon&r=x\",\"caption\":\"Charge\"},\"url\":\"https:\\\/\\\/sindromecharge.es\\\/index.php\\\/author\\\/admin\\\/\"}]}<\/script>\n<!-- \/ Yoast SEO plugin. -->","yoast_head_json":{"title":"Una jueza obliga a la Comunidad de Madrid a escolarizar a una ni\u00f1a con discapacidad en un centro ordinario - Asociaci\u00f3n Espa\u00f1ola S\u00edndrome de Charge","robots":{"index":"index","follow":"follow","max-snippet":"max-snippet:-1","max-image-preview":"max-image-preview:large","max-video-preview":"max-video-preview:-1"},"canonical":"https:\/\/sindromecharge.es\/index.php\/2021\/04\/23\/una-jueza-obliga-a-la-comunidad-de-madrid-a-escolarizar-a-una-nina-con-discapacidad-en-un-centro-ordinario\/","og_locale":"es_ES","og_type":"article","og_title":"Una jueza obliga a la Comunidad de Madrid a escolarizar a una ni\u00f1a con discapacidad en un centro ordinario - Asociaci\u00f3n Espa\u00f1ola S\u00edndrome de Charge","og_description":"Leemos en 20minutos la siguiente noticia que os reproducimos de forma \u00edntegra: La titular del Juzgado de lo Contencioso Administrativo n\u00famero 33 de Madrid ha obligado a la Comunidad de Madrid a escolarizar a una ni\u00f1a con discapacidad en un colegio ordinario, tal y como deseaban sus padres, y en contra de lo dictaminado por [&hellip;]","og_url":"https:\/\/sindromecharge.es\/index.php\/2021\/04\/23\/una-jueza-obliga-a-la-comunidad-de-madrid-a-escolarizar-a-una-nina-con-discapacidad-en-un-centro-ordinario\/","og_site_name":"Asociaci\u00f3n Espa\u00f1ola S\u00edndrome de Charge","article_publisher":"https:\/\/www.facebook.com\/asociacionsindromecharge","article_published_time":"2021-04-23T19:36:44+00:00","og_image":[{"width":300,"height":98,"url":"https:\/\/sindromecharge.es\/wp-content\/uploads\/2013\/09\/logodecharge300x98.png","type":"image\/png"}],"author":"Charge","twitter_card":"summary_large_image","twitter_creator":"@sindromecharge","twitter_site":"@sindromecharge","twitter_misc":{"Escrito por":"Charge","Tiempo de lectura":"6 minutos"},"schema":{"@context":"https:\/\/schema.org","@graph":[{"@type":"Article","@id":"https:\/\/sindromecharge.es\/index.php\/2021\/04\/23\/una-jueza-obliga-a-la-comunidad-de-madrid-a-escolarizar-a-una-nina-con-discapacidad-en-un-centro-ordinario\/#article","isPartOf":{"@id":"https:\/\/sindromecharge.es\/index.php\/2021\/04\/23\/una-jueza-obliga-a-la-comunidad-de-madrid-a-escolarizar-a-una-nina-con-discapacidad-en-un-centro-ordinario\/"},"author":{"name":"Charge","@id":"https:\/\/sindromecharge.es\/#\/schema\/person\/39a60ebe0a2b4d5a11179701e336b039"},"headline":"Una jueza obliga a la Comunidad de Madrid a escolarizar a una ni\u00f1a con discapacidad en un centro ordinario","datePublished":"2021-04-23T19:36:44+00:00","mainEntityOfPage":{"@id":"https:\/\/sindromecharge.es\/index.php\/2021\/04\/23\/una-jueza-obliga-a-la-comunidad-de-madrid-a-escolarizar-a-una-nina-con-discapacidad-en-un-centro-ordinario\/"},"wordCount":1272,"commentCount":0,"keywords":["discapacidad"],"articleSection":["noticias"],"inLanguage":"es","potentialAction":[{"@type":"CommentAction","name":"Comment","target":["https:\/\/sindromecharge.es\/index.php\/2021\/04\/23\/una-jueza-obliga-a-la-comunidad-de-madrid-a-escolarizar-a-una-nina-con-discapacidad-en-un-centro-ordinario\/#respond"]}]},{"@type":"WebPage","@id":"https:\/\/sindromecharge.es\/index.php\/2021\/04\/23\/una-jueza-obliga-a-la-comunidad-de-madrid-a-escolarizar-a-una-nina-con-discapacidad-en-un-centro-ordinario\/","url":"https:\/\/sindromecharge.es\/index.php\/2021\/04\/23\/una-jueza-obliga-a-la-comunidad-de-madrid-a-escolarizar-a-una-nina-con-discapacidad-en-un-centro-ordinario\/","name":"Una jueza obliga a la Comunidad de Madrid a escolarizar a una ni\u00f1a con discapacidad en un centro ordinario - Asociaci\u00f3n Espa\u00f1ola S\u00edndrome de Charge","isPartOf":{"@id":"https:\/\/sindromecharge.es\/#website"},"datePublished":"2021-04-23T19:36:44+00:00","author":{"@id":"https:\/\/sindromecharge.es\/#\/schema\/person\/39a60ebe0a2b4d5a11179701e336b039"},"breadcrumb":{"@id":"https:\/\/sindromecharge.es\/index.php\/2021\/04\/23\/una-jueza-obliga-a-la-comunidad-de-madrid-a-escolarizar-a-una-nina-con-discapacidad-en-un-centro-ordinario\/#breadcrumb"},"inLanguage":"es","potentialAction":[{"@type":"ReadAction","target":["https:\/\/sindromecharge.es\/index.php\/2021\/04\/23\/una-jueza-obliga-a-la-comunidad-de-madrid-a-escolarizar-a-una-nina-con-discapacidad-en-un-centro-ordinario\/"]}]},{"@type":"BreadcrumbList","@id":"https:\/\/sindromecharge.es\/index.php\/2021\/04\/23\/una-jueza-obliga-a-la-comunidad-de-madrid-a-escolarizar-a-una-nina-con-discapacidad-en-un-centro-ordinario\/#breadcrumb","itemListElement":[{"@type":"ListItem","position":1,"name":"Portada","item":"https:\/\/sindromecharge.es\/"},{"@type":"ListItem","position":2,"name":"Una jueza obliga a la Comunidad de Madrid a escolarizar a una ni\u00f1a con discapacidad en un centro ordinario"}]},{"@type":"WebSite","@id":"https:\/\/sindromecharge.es\/#website","url":"https:\/\/sindromecharge.es\/","name":"Asociaci\u00f3n Espa\u00f1ola S\u00edndrome de Charge","description":"","potentialAction":[{"@type":"SearchAction","target":{"@type":"EntryPoint","urlTemplate":"https:\/\/sindromecharge.es\/?s={search_term_string}"},"query-input":{"@type":"PropertyValueSpecification","valueRequired":true,"valueName":"search_term_string"}}],"inLanguage":"es"},{"@type":"Person","@id":"https:\/\/sindromecharge.es\/#\/schema\/person\/39a60ebe0a2b4d5a11179701e336b039","name":"Charge","image":{"@type":"ImageObject","inLanguage":"es","@id":"https:\/\/secure.gravatar.com\/avatar\/c3b46e32a0fc3b093a0873fb767bf3293de856293065e84ef06b7ec7a8acfb98?s=96&d=identicon&r=x","url":"https:\/\/secure.gravatar.com\/avatar\/c3b46e32a0fc3b093a0873fb767bf3293de856293065e84ef06b7ec7a8acfb98?s=96&d=identicon&r=x","contentUrl":"https:\/\/secure.gravatar.com\/avatar\/c3b46e32a0fc3b093a0873fb767bf3293de856293065e84ef06b7ec7a8acfb98?s=96&d=identicon&r=x","caption":"Charge"},"url":"https:\/\/sindromecharge.es\/index.php\/author\/admin\/"}]}},"_links":{"self":[{"href":"https:\/\/sindromecharge.es\/index.php\/wp-json\/wp\/v2\/posts\/7085","targetHints":{"allow":["GET"]}}],"collection":[{"href":"https:\/\/sindromecharge.es\/index.php\/wp-json\/wp\/v2\/posts"}],"about":[{"href":"https:\/\/sindromecharge.es\/index.php\/wp-json\/wp\/v2\/types\/post"}],"author":[{"embeddable":true,"href":"https:\/\/sindromecharge.es\/index.php\/wp-json\/wp\/v2\/users\/1"}],"replies":[{"embeddable":true,"href":"https:\/\/sindromecharge.es\/index.php\/wp-json\/wp\/v2\/comments?post=7085"}],"version-history":[{"count":0,"href":"https:\/\/sindromecharge.es\/index.php\/wp-json\/wp\/v2\/posts\/7085\/revisions"}],"wp:attachment":[{"href":"https:\/\/sindromecharge.es\/index.php\/wp-json\/wp\/v2\/media?parent=7085"}],"wp:term":[{"taxonomy":"category","embeddable":true,"href":"https:\/\/sindromecharge.es\/index.php\/wp-json\/wp\/v2\/categories?post=7085"},{"taxonomy":"post_tag","embeddable":true,"href":"https:\/\/sindromecharge.es\/index.php\/wp-json\/wp\/v2\/tags?post=7085"}],"curies":[{"name":"wp","href":"https:\/\/api.w.org\/{rel}","templated":true}]}}