{"id":7084,"date":"2021-04-23T10:08:19","date_gmt":"2021-04-23T10:08:19","guid":{"rendered":"https:\/\/sindromecharge.es\/index.php\/2021\/04\/23\/su-majestad-la-reina-conoce-los-retos-del-alumnado-con-enfermedades-raras-antes-y-durante-la-pandemia\/"},"modified":"2021-04-23T10:08:19","modified_gmt":"2021-04-23T10:08:19","slug":"su-majestad-la-reina-conoce-los-retos-del-alumnado-con-enfermedades-raras-antes-y-durante-la-pandemia","status":"publish","type":"post","link":"https:\/\/sindromecharge.es\/index.php\/2021\/04\/23\/su-majestad-la-reina-conoce-los-retos-del-alumnado-con-enfermedades-raras-antes-y-durante-la-pandemia\/","title":{"rendered":"Su Majestad la Reina conoce los retos del alumnado con enfermedades raras antes y durante la pandemia"},"content":{"rendered":"<p>Leemos en FEDER la siguiente noticia que os reproducimos de forma \u00edntegra: <\/p>\n<p>&nbsp;<\/p>\n<p>Su Majestad la Reina conocer\u00e1 la realidad del alumnado con enfermedades poco frecuentes y sin diagn\u00f3stico antes y durante la pandemia, a trav\u00e9s de la sexta edici\u00f3n del Congreso Educativo que la Federaci\u00f3n Espa\u00f1ola de Enfermedades Raras (FEDER) celebra el 30 de abril.<\/p>\n<p>Bajo el lema \u201cConstruyendo redes, consolidando proyectos hacia una sociedad inclusiva\u201d y con car\u00e1cter nacional e internacional, FEDER cita a Administraci\u00f3n, alumnado, profesorado y familias implicadas en el abordaje de las necesidades sociosanitarias de estos menores.<\/p>\n<p>El evento, que ser\u00e1 retransmitido v\u00eda streaming desde el CEIBas Guadalent\u00edn (El Paret\u00f3n, pedan\u00eda de Totana en Murcia), busca centrarse en los retos que plantean las enfermedades raras en la infancia. Y es que, el 70% de las enfermedades raras tienen car\u00e1cter exclusivamente pedi\u00e1trico, de forma que gran parte de los 3 millones de personas que viven con estas patolog\u00edas en Espa\u00f1a o est\u00e1n en busca de diagn\u00f3stico son ni\u00f1os y ni\u00f1as.<\/p>\n<p>Se trata de un colectivo que, desde las edades m\u00e1s tempranas, tiene que hacer frente a retos asociados al abordaje cl\u00ednico de las enfermedades raras, caracterizadas por un gran desconocimiento y necesidad de experiencia multidisciplinar. A ello se unen los periodos de hospitalizaci\u00f3n o la discapacidad que derivan en consecuencias que no est\u00e1n tan ligadas a la enfermedad sino a las repercusiones sociales que derivan de ella.<\/p>\n<p>Do\u00f1a Letizia vuelve a tomar parte en este espacio que FEDER viene desarrollando desde 2014 con el apoyo de Sanofi Genzyme, posicion\u00e1ndose como un espacio de reflexi\u00f3n interdisciplinar entre los miembros de la comunidad educativa en Andaluc\u00eda, Catalu\u00f1a, Pa\u00eds Vasco, Comunidad Valenciana y Extremadura.<\/p>\n<p>La educaci\u00f3n de los menores con ER antes y durante la pandemia<\/p>\n<p>Como FEDER ha podido trasladar a Su Majestad la Reina en las \u00faltimas reuniones de trabajo mantenidas con ella, la primera ola de la pandemia tuvo como consecuencia que el 40% del alumnado con enfermedades raras viera interrumpida su continuidad socioeducativa y terap\u00e9utica en la primera ola y que los centros educativos tuvieran que buscar alternativas para el presente curso escolar.<\/p>\n<p>Precisamente por eso, con esta sexta edici\u00f3n, la organizaci\u00f3n espa\u00f1ola citar\u00e1 a referentes nacionales e internacionales que hayan desarrollado buenas pr\u00e1cticas para garantizar la inclusi\u00f3n educativa antes y durante la pandemia. De esta forma, m\u00e1s de una docena de asociaciones, profesorado y familias expondr\u00e1n iniciativas referentes que compartir y aterrizar en la comunidad educativa de Espa\u00f1a.<\/p>\n<p>En concreto, el congreso se estructurar\u00e1 en 5 mesas redondas clave a trav\u00e9s de las cuales Do\u00f1a Letizia podr\u00e1 conocer las buenas pr\u00e1cticas desarrolladas en aspectos clave como el acceso al aprendizaje, donde profesorado, administraci\u00f3n y familias juegan un papel clave en tanto en cuanto su trabajo en red permite atender a las necesidades -tanto educativas como sociales y sanitarias- de los menores.<\/p>\n<p>Por otro lado, esta cita busca profundizar en el desarrollo social y afectivo que estos ni\u00f1os, ni\u00f1as y j\u00f3venes desarrollan en el aula, ya que en muchas ocasiones las dificultades que encuentran van m\u00e1s all\u00e1 de la discapacidad org\u00e1nica o las consecuencias cl\u00ednicas de la enfermedad.<\/p>\n<p>Todo ello, en un momento donde se hacen manifiestas las consecuencias del confinamiento y la crisis sociosanitaria de la COVID-19; una crisis que ha puesto de relieve la importancia de la investigaci\u00f3n como f\u00f3rmula para identificar y cubrir necesidades. \u00c9sta ser\u00e1 de hecho, otra de las protagonistas de este Congreso junto al desarrollo de herramientas tecnol\u00f3gicas innovadoras que facilitan el d\u00eda a d\u00eda de los menores.<\/p>\n<p>Compartiendo buenas pr\u00e1cticas de lo rural a lo internacional<\/p>\n<p>En esta ocasi\u00f3n, el apoyo de la Consejer\u00eda de Educaci\u00f3n y Cultura de la Regi\u00f3n de Murcia ha posibilitado aterrizar el proyecto en un momento marcado por la crisis derivada de la pandemia. Para lograrlo, tambi\u00e9n se han unido el Servicio Murciano de Salud, Aquadeus y los Ayuntamiento de Totana y Molina de Segura.<\/p>\n<p>Gracias a ellos, FEDER vuelve a enfocar este foro en un centro educativo como es el CEIBas Guadalent\u00edn, en pleno coraz\u00f3n rural de Murcia. Gracias a ello, se compartir\u00e1 c\u00f3mo la experiencia de un centro educativo rural es enriquecedora tambi\u00e9n para otros centros con las mismas caracter\u00edsticas, as\u00ed como para colegios urbanos, ya que su flexibilidad organizativa es un ejemplo en lo que a inclusi\u00f3n se refiere.<\/p>\n<p>Pero tambi\u00e9n m\u00e1s all\u00e1 de nuestras fronteras, ya que el Congreso, se enmarca dentro del proyecto CREDIBLE, una iniciativa europea que busca compartir buenas pr\u00e1cticas entre pa\u00edses para mejorar la atenci\u00f3n socioeducativa de la infancia con enfermedades raras y sin diagn\u00f3stico. Con \u00e9l, se busca aportar soluciones que permitan la incorporaci\u00f3n de la formaci\u00f3n en intervenci\u00f3n en ER a la carrera de formaci\u00f3n permanente del profesorado, el apoyo de la implementaci\u00f3n de programas de sensibilizaci\u00f3n y la disposici\u00f3n de gu\u00edas informativas.<\/p>\n<p>En este contexto, Do\u00f1a Letizia tambi\u00e9n participa en un foro cuyo car\u00e1cter internacional tambi\u00e9n viene marcado por la propia fecha, ya que el mismo 30 de abril se celebra el D\u00eda Mundial de las Personas Sin Diagn\u00f3stico, un colectivo que adem\u00e1s tomar\u00e1 especial protagonismo durante el Congreso.<\/p>\n<p>\u00daltima actualizaci\u00f3n 23\/04\/2021<\/p>\n<p>Fuente: FEDER <a href=\"https:\/\/enfermedades-raras.org\/index.php\/actualidad\/noticias-eventos\/2-feder\/15249-su-majestad-la-reina-conoce-los-retos-del-alumnado-con-enfermedades-raras-antes-y-durante-la-pandemia\" target=\"_blank\" rel=\"noopener\">Su Majestad la Reina conoce los retos del alumnado con enfermedades raras antes y durante la pandemia<\/a><\/p>\n","protected":false},"excerpt":{"rendered":"<p>Leemos en FEDER la siguiente noticia que os reproducimos de forma \u00edntegra: &nbsp; Su Majestad la Reina conocer\u00e1 la realidad del alumnado con enfermedades poco frecuentes y sin diagn\u00f3stico antes y durante la pandemia, a trav\u00e9s de la sexta edici\u00f3n del Congreso Educativo que la Federaci\u00f3n Espa\u00f1ola de Enfermedades Raras (FEDER) celebra el 30 de [&hellip;]<\/p>\n","protected":false},"author":1,"featured_media":0,"comment_status":"open","ping_status":"closed","sticky":false,"template":"","format":"standard","meta":{"footnotes":""},"categories":[8],"tags":[36],"class_list":["post-7084","post","type-post","status-publish","format-standard","hentry","category-noticias","tag-enfermedades-raras"],"yoast_head":"<!-- This site is optimized with the Yoast SEO plugin v27.5 - https:\/\/yoast.com\/product\/yoast-seo-wordpress\/ -->\n<title>Su Majestad la Reina conoce los retos del alumnado con enfermedades raras antes y durante la pandemia - Asociaci\u00f3n Espa\u00f1ola S\u00edndrome de Charge<\/title>\n<meta name=\"robots\" content=\"index, follow, max-snippet:-1, max-image-preview:large, max-video-preview:-1\" \/>\n<link rel=\"canonical\" href=\"https:\/\/sindromecharge.es\/index.php\/2021\/04\/23\/su-majestad-la-reina-conoce-los-retos-del-alumnado-con-enfermedades-raras-antes-y-durante-la-pandemia\/\" \/>\n<meta property=\"og:locale\" content=\"es_ES\" \/>\n<meta property=\"og:type\" content=\"article\" \/>\n<meta property=\"og:title\" content=\"Su Majestad la Reina conoce los retos del alumnado con enfermedades raras antes y durante la pandemia - Asociaci\u00f3n Espa\u00f1ola S\u00edndrome de Charge\" \/>\n<meta property=\"og:description\" content=\"Leemos en FEDER la siguiente noticia que os reproducimos de forma \u00edntegra: &nbsp; Su Majestad la Reina conocer\u00e1 la realidad del alumnado con enfermedades poco frecuentes y sin diagn\u00f3stico antes y durante la pandemia, a trav\u00e9s de la sexta edici\u00f3n del Congreso Educativo que la Federaci\u00f3n Espa\u00f1ola de Enfermedades Raras (FEDER) celebra el 30 de [&hellip;]\" \/>\n<meta property=\"og:url\" content=\"https:\/\/sindromecharge.es\/index.php\/2021\/04\/23\/su-majestad-la-reina-conoce-los-retos-del-alumnado-con-enfermedades-raras-antes-y-durante-la-pandemia\/\" \/>\n<meta property=\"og:site_name\" content=\"Asociaci\u00f3n Espa\u00f1ola S\u00edndrome de Charge\" \/>\n<meta property=\"article:publisher\" content=\"https:\/\/www.facebook.com\/asociacionsindromecharge\" \/>\n<meta property=\"article:published_time\" content=\"2021-04-23T10:08:19+00:00\" \/>\n<meta property=\"og:image\" content=\"https:\/\/sindromecharge.es\/wp-content\/uploads\/2013\/09\/logodecharge300x98.png\" \/>\n\t<meta property=\"og:image:width\" content=\"300\" \/>\n\t<meta property=\"og:image:height\" content=\"98\" \/>\n\t<meta property=\"og:image:type\" content=\"image\/png\" \/>\n<meta name=\"author\" content=\"Charge\" \/>\n<meta name=\"twitter:card\" content=\"summary_large_image\" \/>\n<meta name=\"twitter:creator\" content=\"@sindromecharge\" \/>\n<meta name=\"twitter:site\" content=\"@sindromecharge\" \/>\n<meta name=\"twitter:label1\" content=\"Escrito por\" \/>\n\t<meta name=\"twitter:data1\" content=\"Charge\" \/>\n\t<meta name=\"twitter:label2\" content=\"Tiempo de lectura\" \/>\n\t<meta name=\"twitter:data2\" content=\"5 minutos\" \/>\n<script type=\"application\/ld+json\" class=\"yoast-schema-graph\">{\"@context\":\"https:\\\/\\\/schema.org\",\"@graph\":[{\"@type\":\"Article\",\"@id\":\"https:\\\/\\\/sindromecharge.es\\\/index.php\\\/2021\\\/04\\\/23\\\/su-majestad-la-reina-conoce-los-retos-del-alumnado-con-enfermedades-raras-antes-y-durante-la-pandemia\\\/#article\",\"isPartOf\":{\"@id\":\"https:\\\/\\\/sindromecharge.es\\\/index.php\\\/2021\\\/04\\\/23\\\/su-majestad-la-reina-conoce-los-retos-del-alumnado-con-enfermedades-raras-antes-y-durante-la-pandemia\\\/\"},\"author\":{\"name\":\"Charge\",\"@id\":\"https:\\\/\\\/sindromecharge.es\\\/#\\\/schema\\\/person\\\/39a60ebe0a2b4d5a11179701e336b039\"},\"headline\":\"Su Majestad la Reina conoce los retos del alumnado con enfermedades raras antes y durante la pandemia\",\"datePublished\":\"2021-04-23T10:08:19+00:00\",\"mainEntityOfPage\":{\"@id\":\"https:\\\/\\\/sindromecharge.es\\\/index.php\\\/2021\\\/04\\\/23\\\/su-majestad-la-reina-conoce-los-retos-del-alumnado-con-enfermedades-raras-antes-y-durante-la-pandemia\\\/\"},\"wordCount\":956,\"commentCount\":0,\"keywords\":[\"enfermedades raras\"],\"articleSection\":[\"noticias\"],\"inLanguage\":\"es\",\"potentialAction\":[{\"@type\":\"CommentAction\",\"name\":\"Comment\",\"target\":[\"https:\\\/\\\/sindromecharge.es\\\/index.php\\\/2021\\\/04\\\/23\\\/su-majestad-la-reina-conoce-los-retos-del-alumnado-con-enfermedades-raras-antes-y-durante-la-pandemia\\\/#respond\"]}]},{\"@type\":\"WebPage\",\"@id\":\"https:\\\/\\\/sindromecharge.es\\\/index.php\\\/2021\\\/04\\\/23\\\/su-majestad-la-reina-conoce-los-retos-del-alumnado-con-enfermedades-raras-antes-y-durante-la-pandemia\\\/\",\"url\":\"https:\\\/\\\/sindromecharge.es\\\/index.php\\\/2021\\\/04\\\/23\\\/su-majestad-la-reina-conoce-los-retos-del-alumnado-con-enfermedades-raras-antes-y-durante-la-pandemia\\\/\",\"name\":\"Su Majestad la Reina conoce los retos del alumnado con enfermedades raras antes y durante la pandemia - Asociaci\u00f3n Espa\u00f1ola S\u00edndrome de Charge\",\"isPartOf\":{\"@id\":\"https:\\\/\\\/sindromecharge.es\\\/#website\"},\"datePublished\":\"2021-04-23T10:08:19+00:00\",\"author\":{\"@id\":\"https:\\\/\\\/sindromecharge.es\\\/#\\\/schema\\\/person\\\/39a60ebe0a2b4d5a11179701e336b039\"},\"breadcrumb\":{\"@id\":\"https:\\\/\\\/sindromecharge.es\\\/index.php\\\/2021\\\/04\\\/23\\\/su-majestad-la-reina-conoce-los-retos-del-alumnado-con-enfermedades-raras-antes-y-durante-la-pandemia\\\/#breadcrumb\"},\"inLanguage\":\"es\",\"potentialAction\":[{\"@type\":\"ReadAction\",\"target\":[\"https:\\\/\\\/sindromecharge.es\\\/index.php\\\/2021\\\/04\\\/23\\\/su-majestad-la-reina-conoce-los-retos-del-alumnado-con-enfermedades-raras-antes-y-durante-la-pandemia\\\/\"]}]},{\"@type\":\"BreadcrumbList\",\"@id\":\"https:\\\/\\\/sindromecharge.es\\\/index.php\\\/2021\\\/04\\\/23\\\/su-majestad-la-reina-conoce-los-retos-del-alumnado-con-enfermedades-raras-antes-y-durante-la-pandemia\\\/#breadcrumb\",\"itemListElement\":[{\"@type\":\"ListItem\",\"position\":1,\"name\":\"Portada\",\"item\":\"https:\\\/\\\/sindromecharge.es\\\/\"},{\"@type\":\"ListItem\",\"position\":2,\"name\":\"Su Majestad la Reina conoce los retos del alumnado con enfermedades raras antes y durante la pandemia\"}]},{\"@type\":\"WebSite\",\"@id\":\"https:\\\/\\\/sindromecharge.es\\\/#website\",\"url\":\"https:\\\/\\\/sindromecharge.es\\\/\",\"name\":\"Asociaci\u00f3n Espa\u00f1ola S\u00edndrome de Charge\",\"description\":\"\",\"potentialAction\":[{\"@type\":\"SearchAction\",\"target\":{\"@type\":\"EntryPoint\",\"urlTemplate\":\"https:\\\/\\\/sindromecharge.es\\\/?s={search_term_string}\"},\"query-input\":{\"@type\":\"PropertyValueSpecification\",\"valueRequired\":true,\"valueName\":\"search_term_string\"}}],\"inLanguage\":\"es\"},{\"@type\":\"Person\",\"@id\":\"https:\\\/\\\/sindromecharge.es\\\/#\\\/schema\\\/person\\\/39a60ebe0a2b4d5a11179701e336b039\",\"name\":\"Charge\",\"image\":{\"@type\":\"ImageObject\",\"inLanguage\":\"es\",\"@id\":\"https:\\\/\\\/secure.gravatar.com\\\/avatar\\\/c3b46e32a0fc3b093a0873fb767bf3293de856293065e84ef06b7ec7a8acfb98?s=96&d=identicon&r=x\",\"url\":\"https:\\\/\\\/secure.gravatar.com\\\/avatar\\\/c3b46e32a0fc3b093a0873fb767bf3293de856293065e84ef06b7ec7a8acfb98?s=96&d=identicon&r=x\",\"contentUrl\":\"https:\\\/\\\/secure.gravatar.com\\\/avatar\\\/c3b46e32a0fc3b093a0873fb767bf3293de856293065e84ef06b7ec7a8acfb98?s=96&d=identicon&r=x\",\"caption\":\"Charge\"},\"url\":\"https:\\\/\\\/sindromecharge.es\\\/index.php\\\/author\\\/admin\\\/\"}]}<\/script>\n<!-- \/ Yoast SEO plugin. -->","yoast_head_json":{"title":"Su Majestad la Reina conoce los retos del alumnado con enfermedades raras antes y durante la pandemia - Asociaci\u00f3n Espa\u00f1ola S\u00edndrome de Charge","robots":{"index":"index","follow":"follow","max-snippet":"max-snippet:-1","max-image-preview":"max-image-preview:large","max-video-preview":"max-video-preview:-1"},"canonical":"https:\/\/sindromecharge.es\/index.php\/2021\/04\/23\/su-majestad-la-reina-conoce-los-retos-del-alumnado-con-enfermedades-raras-antes-y-durante-la-pandemia\/","og_locale":"es_ES","og_type":"article","og_title":"Su Majestad la Reina conoce los retos del alumnado con enfermedades raras antes y durante la pandemia - Asociaci\u00f3n Espa\u00f1ola S\u00edndrome de Charge","og_description":"Leemos en FEDER la siguiente noticia que os reproducimos de forma \u00edntegra: &nbsp; Su Majestad la Reina conocer\u00e1 la realidad del alumnado con enfermedades poco frecuentes y sin diagn\u00f3stico antes y durante la pandemia, a trav\u00e9s de la sexta edici\u00f3n del Congreso Educativo que la Federaci\u00f3n Espa\u00f1ola de Enfermedades Raras (FEDER) celebra el 30 de [&hellip;]","og_url":"https:\/\/sindromecharge.es\/index.php\/2021\/04\/23\/su-majestad-la-reina-conoce-los-retos-del-alumnado-con-enfermedades-raras-antes-y-durante-la-pandemia\/","og_site_name":"Asociaci\u00f3n Espa\u00f1ola S\u00edndrome de Charge","article_publisher":"https:\/\/www.facebook.com\/asociacionsindromecharge","article_published_time":"2021-04-23T10:08:19+00:00","og_image":[{"width":300,"height":98,"url":"https:\/\/sindromecharge.es\/wp-content\/uploads\/2013\/09\/logodecharge300x98.png","type":"image\/png"}],"author":"Charge","twitter_card":"summary_large_image","twitter_creator":"@sindromecharge","twitter_site":"@sindromecharge","twitter_misc":{"Escrito por":"Charge","Tiempo de lectura":"5 minutos"},"schema":{"@context":"https:\/\/schema.org","@graph":[{"@type":"Article","@id":"https:\/\/sindromecharge.es\/index.php\/2021\/04\/23\/su-majestad-la-reina-conoce-los-retos-del-alumnado-con-enfermedades-raras-antes-y-durante-la-pandemia\/#article","isPartOf":{"@id":"https:\/\/sindromecharge.es\/index.php\/2021\/04\/23\/su-majestad-la-reina-conoce-los-retos-del-alumnado-con-enfermedades-raras-antes-y-durante-la-pandemia\/"},"author":{"name":"Charge","@id":"https:\/\/sindromecharge.es\/#\/schema\/person\/39a60ebe0a2b4d5a11179701e336b039"},"headline":"Su Majestad la Reina conoce los retos del alumnado con enfermedades raras antes y durante la pandemia","datePublished":"2021-04-23T10:08:19+00:00","mainEntityOfPage":{"@id":"https:\/\/sindromecharge.es\/index.php\/2021\/04\/23\/su-majestad-la-reina-conoce-los-retos-del-alumnado-con-enfermedades-raras-antes-y-durante-la-pandemia\/"},"wordCount":956,"commentCount":0,"keywords":["enfermedades raras"],"articleSection":["noticias"],"inLanguage":"es","potentialAction":[{"@type":"CommentAction","name":"Comment","target":["https:\/\/sindromecharge.es\/index.php\/2021\/04\/23\/su-majestad-la-reina-conoce-los-retos-del-alumnado-con-enfermedades-raras-antes-y-durante-la-pandemia\/#respond"]}]},{"@type":"WebPage","@id":"https:\/\/sindromecharge.es\/index.php\/2021\/04\/23\/su-majestad-la-reina-conoce-los-retos-del-alumnado-con-enfermedades-raras-antes-y-durante-la-pandemia\/","url":"https:\/\/sindromecharge.es\/index.php\/2021\/04\/23\/su-majestad-la-reina-conoce-los-retos-del-alumnado-con-enfermedades-raras-antes-y-durante-la-pandemia\/","name":"Su Majestad la Reina conoce los retos del alumnado con enfermedades raras antes y durante la pandemia - Asociaci\u00f3n Espa\u00f1ola S\u00edndrome de Charge","isPartOf":{"@id":"https:\/\/sindromecharge.es\/#website"},"datePublished":"2021-04-23T10:08:19+00:00","author":{"@id":"https:\/\/sindromecharge.es\/#\/schema\/person\/39a60ebe0a2b4d5a11179701e336b039"},"breadcrumb":{"@id":"https:\/\/sindromecharge.es\/index.php\/2021\/04\/23\/su-majestad-la-reina-conoce-los-retos-del-alumnado-con-enfermedades-raras-antes-y-durante-la-pandemia\/#breadcrumb"},"inLanguage":"es","potentialAction":[{"@type":"ReadAction","target":["https:\/\/sindromecharge.es\/index.php\/2021\/04\/23\/su-majestad-la-reina-conoce-los-retos-del-alumnado-con-enfermedades-raras-antes-y-durante-la-pandemia\/"]}]},{"@type":"BreadcrumbList","@id":"https:\/\/sindromecharge.es\/index.php\/2021\/04\/23\/su-majestad-la-reina-conoce-los-retos-del-alumnado-con-enfermedades-raras-antes-y-durante-la-pandemia\/#breadcrumb","itemListElement":[{"@type":"ListItem","position":1,"name":"Portada","item":"https:\/\/sindromecharge.es\/"},{"@type":"ListItem","position":2,"name":"Su Majestad la Reina conoce los retos del alumnado con enfermedades raras antes y durante la pandemia"}]},{"@type":"WebSite","@id":"https:\/\/sindromecharge.es\/#website","url":"https:\/\/sindromecharge.es\/","name":"Asociaci\u00f3n Espa\u00f1ola S\u00edndrome de Charge","description":"","potentialAction":[{"@type":"SearchAction","target":{"@type":"EntryPoint","urlTemplate":"https:\/\/sindromecharge.es\/?s={search_term_string}"},"query-input":{"@type":"PropertyValueSpecification","valueRequired":true,"valueName":"search_term_string"}}],"inLanguage":"es"},{"@type":"Person","@id":"https:\/\/sindromecharge.es\/#\/schema\/person\/39a60ebe0a2b4d5a11179701e336b039","name":"Charge","image":{"@type":"ImageObject","inLanguage":"es","@id":"https:\/\/secure.gravatar.com\/avatar\/c3b46e32a0fc3b093a0873fb767bf3293de856293065e84ef06b7ec7a8acfb98?s=96&d=identicon&r=x","url":"https:\/\/secure.gravatar.com\/avatar\/c3b46e32a0fc3b093a0873fb767bf3293de856293065e84ef06b7ec7a8acfb98?s=96&d=identicon&r=x","contentUrl":"https:\/\/secure.gravatar.com\/avatar\/c3b46e32a0fc3b093a0873fb767bf3293de856293065e84ef06b7ec7a8acfb98?s=96&d=identicon&r=x","caption":"Charge"},"url":"https:\/\/sindromecharge.es\/index.php\/author\/admin\/"}]}},"_links":{"self":[{"href":"https:\/\/sindromecharge.es\/index.php\/wp-json\/wp\/v2\/posts\/7084","targetHints":{"allow":["GET"]}}],"collection":[{"href":"https:\/\/sindromecharge.es\/index.php\/wp-json\/wp\/v2\/posts"}],"about":[{"href":"https:\/\/sindromecharge.es\/index.php\/wp-json\/wp\/v2\/types\/post"}],"author":[{"embeddable":true,"href":"https:\/\/sindromecharge.es\/index.php\/wp-json\/wp\/v2\/users\/1"}],"replies":[{"embeddable":true,"href":"https:\/\/sindromecharge.es\/index.php\/wp-json\/wp\/v2\/comments?post=7084"}],"version-history":[{"count":0,"href":"https:\/\/sindromecharge.es\/index.php\/wp-json\/wp\/v2\/posts\/7084\/revisions"}],"wp:attachment":[{"href":"https:\/\/sindromecharge.es\/index.php\/wp-json\/wp\/v2\/media?parent=7084"}],"wp:term":[{"taxonomy":"category","embeddable":true,"href":"https:\/\/sindromecharge.es\/index.php\/wp-json\/wp\/v2\/categories?post=7084"},{"taxonomy":"post_tag","embeddable":true,"href":"https:\/\/sindromecharge.es\/index.php\/wp-json\/wp\/v2\/tags?post=7084"}],"curies":[{"name":"wp","href":"https:\/\/api.w.org\/{rel}","templated":true}]}}