{"id":7083,"date":"2021-04-23T08:42:33","date_gmt":"2021-04-23T08:42:33","guid":{"rendered":"https:\/\/sindromecharge.es\/index.php\/2021\/04\/23\/nos-solidarizamos-con-las-personas-con-sindrome-de-rett-en-su-dia-nacional\/"},"modified":"2021-04-23T08:42:33","modified_gmt":"2021-04-23T08:42:33","slug":"nos-solidarizamos-con-las-personas-con-sindrome-de-rett-en-su-dia-nacional","status":"publish","type":"post","link":"https:\/\/sindromecharge.es\/index.php\/2021\/04\/23\/nos-solidarizamos-con-las-personas-con-sindrome-de-rett-en-su-dia-nacional\/","title":{"rendered":"Nos solidarizamos con las personas con S\u00edndrome de Rett en su D\u00eda Nacional"},"content":{"rendered":"<p>Leemos en FEDER la siguiente noticia que os reproducimos de forma \u00edntegra: <\/p>\n<p><p>La Federaci\u00f3n Espa\u00f1ola de Enfermedades Raras se suma al D\u00eda Nacional del S\u00edndrome de Rett que se celebra el 25 de abril para concienciar sobre esta enfermedades poco frecuente, un trastorno grave del neurodesarrollo de origen gen\u00e9tico.<\/p>\n<p>\u00abToda la familia FEDER quiere sumarse a esta jornada para impulsar la transformaci\u00f3n social y apoyar a las personas que conviven con S\u00edndrome de Rett y a sus familias. Adem\u00e1s, queremos aplaudir y reconocer la labor del tejido asociativo que vela por el bienestar del colectivo\u00bb afirma Juan Carri\u00f3n, presidente de FEDER y su Fundaci\u00f3n.<\/p>\n<p>Esta enfermedad poco frecuente se produce exclusivamente en el sexo femenino y conduce a una discapacidad grave, que afecta a casi todos los aspectos de la vida de la persona: su capacidad para hablar, caminar, comer e incluso respirar de forma normal. La principal caracter\u00edstica del s\u00edndrome de Rett son los constantes movimientos repetitivos de las manos.<\/p>\n<p>Las entidades del tejido asociativo se posicionan como un pilar fundamental para mejorar la calidad de vida de las personas que conviven con S\u00edndrome de Rett, ya que, trabajan para luchar por sus derechos e impulsar la investigaci\u00f3n cient\u00edfica para as\u00ed, dar respuesta a la necesidades comunes como un diagn\u00f3stico precoz y un tratamiento eficaz.<\/p>\n<p>Todo ello es posible gracias a entidades como, la Asociaci\u00f3n Espa\u00f1ola del S\u00edndrome de Rett, la Associaci\u00f3 Catalana de la S\u00edndrome de Rett, Asociaci\u00f3n afectados CDKL5, Asociaci\u00f3n PrincesaRett y Asociaci\u00f3n Rett Castell\u00f3n.<\/p>\n<p>\u00daltima actualizaci\u00f3n 23\/04\/2021<\/p>\n<\/p>\n<p>Fuente: FEDER <a href=\"https:\/\/enfermedades-raras.org\/index.php\/actualidad\/noticias-eventos\/2-feder\/15246-nos-solidarizamos-con-las-personas-con-s%C3%ADndrome-de-rett-en-su-d%C3%ADa-nacional\" target=\"_blank\" rel=\"noopener\">Nos solidarizamos con las personas con S\u00edndrome de Rett en su D\u00eda Nacional<\/a><\/p>\n","protected":false},"excerpt":{"rendered":"<p>Leemos en FEDER la siguiente noticia que os reproducimos de forma \u00edntegra: La Federaci\u00f3n Espa\u00f1ola de Enfermedades Raras se suma al D\u00eda Nacional del S\u00edndrome de Rett que se celebra el 25 de abril para concienciar sobre esta enfermedades poco frecuente, un trastorno grave del neurodesarrollo de origen gen\u00e9tico. \u00abToda la familia FEDER quiere sumarse [&hellip;]<\/p>\n","protected":false},"author":1,"featured_media":0,"comment_status":"open","ping_status":"closed","sticky":false,"template":"","format":"standard","meta":{"footnotes":""},"categories":[8],"tags":[36],"class_list":["post-7083","post","type-post","status-publish","format-standard","hentry","category-noticias","tag-enfermedades-raras"],"yoast_head":"<!-- This site is optimized with the Yoast SEO plugin v27.5 - https:\/\/yoast.com\/product\/yoast-seo-wordpress\/ -->\n<title>Nos solidarizamos con las personas con S\u00edndrome de Rett en su D\u00eda Nacional - Asociaci\u00f3n Espa\u00f1ola S\u00edndrome de Charge<\/title>\n<meta name=\"robots\" content=\"index, follow, max-snippet:-1, max-image-preview:large, max-video-preview:-1\" \/>\n<link rel=\"canonical\" href=\"https:\/\/sindromecharge.es\/index.php\/2021\/04\/23\/nos-solidarizamos-con-las-personas-con-sindrome-de-rett-en-su-dia-nacional\/\" \/>\n<meta property=\"og:locale\" content=\"es_ES\" \/>\n<meta property=\"og:type\" content=\"article\" \/>\n<meta property=\"og:title\" content=\"Nos solidarizamos con las personas con S\u00edndrome de Rett en su D\u00eda Nacional - Asociaci\u00f3n Espa\u00f1ola S\u00edndrome de Charge\" \/>\n<meta property=\"og:description\" content=\"Leemos en FEDER la siguiente noticia que os reproducimos de forma \u00edntegra: La Federaci\u00f3n Espa\u00f1ola de Enfermedades Raras se suma al D\u00eda Nacional del S\u00edndrome de Rett que se celebra el 25 de abril para concienciar sobre esta enfermedades poco frecuente, un trastorno grave del neurodesarrollo de origen gen\u00e9tico. \u00abToda la familia FEDER quiere sumarse [&hellip;]\" \/>\n<meta property=\"og:url\" content=\"https:\/\/sindromecharge.es\/index.php\/2021\/04\/23\/nos-solidarizamos-con-las-personas-con-sindrome-de-rett-en-su-dia-nacional\/\" \/>\n<meta property=\"og:site_name\" content=\"Asociaci\u00f3n Espa\u00f1ola S\u00edndrome de Charge\" \/>\n<meta property=\"article:publisher\" content=\"https:\/\/www.facebook.com\/asociacionsindromecharge\" \/>\n<meta property=\"article:published_time\" content=\"2021-04-23T08:42:33+00:00\" \/>\n<meta property=\"og:image\" content=\"https:\/\/sindromecharge.es\/wp-content\/uploads\/2013\/09\/logodecharge300x98.png\" \/>\n\t<meta property=\"og:image:width\" content=\"300\" \/>\n\t<meta property=\"og:image:height\" content=\"98\" \/>\n\t<meta property=\"og:image:type\" content=\"image\/png\" \/>\n<meta name=\"author\" content=\"Charge\" \/>\n<meta name=\"twitter:card\" content=\"summary_large_image\" \/>\n<meta name=\"twitter:creator\" content=\"@sindromecharge\" \/>\n<meta name=\"twitter:site\" content=\"@sindromecharge\" \/>\n<meta name=\"twitter:label1\" content=\"Escrito por\" \/>\n\t<meta name=\"twitter:data1\" content=\"Charge\" \/>\n\t<meta name=\"twitter:label2\" content=\"Tiempo de lectura\" \/>\n\t<meta name=\"twitter:data2\" content=\"1 minuto\" \/>\n<script type=\"application\/ld+json\" class=\"yoast-schema-graph\">{\"@context\":\"https:\\\/\\\/schema.org\",\"@graph\":[{\"@type\":\"Article\",\"@id\":\"https:\\\/\\\/sindromecharge.es\\\/index.php\\\/2021\\\/04\\\/23\\\/nos-solidarizamos-con-las-personas-con-sindrome-de-rett-en-su-dia-nacional\\\/#article\",\"isPartOf\":{\"@id\":\"https:\\\/\\\/sindromecharge.es\\\/index.php\\\/2021\\\/04\\\/23\\\/nos-solidarizamos-con-las-personas-con-sindrome-de-rett-en-su-dia-nacional\\\/\"},\"author\":{\"name\":\"Charge\",\"@id\":\"https:\\\/\\\/sindromecharge.es\\\/#\\\/schema\\\/person\\\/39a60ebe0a2b4d5a11179701e336b039\"},\"headline\":\"Nos solidarizamos con las personas con S\u00edndrome de Rett en su D\u00eda Nacional\",\"datePublished\":\"2021-04-23T08:42:33+00:00\",\"mainEntityOfPage\":{\"@id\":\"https:\\\/\\\/sindromecharge.es\\\/index.php\\\/2021\\\/04\\\/23\\\/nos-solidarizamos-con-las-personas-con-sindrome-de-rett-en-su-dia-nacional\\\/\"},\"wordCount\":306,\"commentCount\":0,\"keywords\":[\"enfermedades raras\"],\"articleSection\":[\"noticias\"],\"inLanguage\":\"es\",\"potentialAction\":[{\"@type\":\"CommentAction\",\"name\":\"Comment\",\"target\":[\"https:\\\/\\\/sindromecharge.es\\\/index.php\\\/2021\\\/04\\\/23\\\/nos-solidarizamos-con-las-personas-con-sindrome-de-rett-en-su-dia-nacional\\\/#respond\"]}]},{\"@type\":\"WebPage\",\"@id\":\"https:\\\/\\\/sindromecharge.es\\\/index.php\\\/2021\\\/04\\\/23\\\/nos-solidarizamos-con-las-personas-con-sindrome-de-rett-en-su-dia-nacional\\\/\",\"url\":\"https:\\\/\\\/sindromecharge.es\\\/index.php\\\/2021\\\/04\\\/23\\\/nos-solidarizamos-con-las-personas-con-sindrome-de-rett-en-su-dia-nacional\\\/\",\"name\":\"Nos solidarizamos con las personas con S\u00edndrome de Rett en su D\u00eda Nacional - Asociaci\u00f3n Espa\u00f1ola S\u00edndrome de Charge\",\"isPartOf\":{\"@id\":\"https:\\\/\\\/sindromecharge.es\\\/#website\"},\"datePublished\":\"2021-04-23T08:42:33+00:00\",\"author\":{\"@id\":\"https:\\\/\\\/sindromecharge.es\\\/#\\\/schema\\\/person\\\/39a60ebe0a2b4d5a11179701e336b039\"},\"breadcrumb\":{\"@id\":\"https:\\\/\\\/sindromecharge.es\\\/index.php\\\/2021\\\/04\\\/23\\\/nos-solidarizamos-con-las-personas-con-sindrome-de-rett-en-su-dia-nacional\\\/#breadcrumb\"},\"inLanguage\":\"es\",\"potentialAction\":[{\"@type\":\"ReadAction\",\"target\":[\"https:\\\/\\\/sindromecharge.es\\\/index.php\\\/2021\\\/04\\\/23\\\/nos-solidarizamos-con-las-personas-con-sindrome-de-rett-en-su-dia-nacional\\\/\"]}]},{\"@type\":\"BreadcrumbList\",\"@id\":\"https:\\\/\\\/sindromecharge.es\\\/index.php\\\/2021\\\/04\\\/23\\\/nos-solidarizamos-con-las-personas-con-sindrome-de-rett-en-su-dia-nacional\\\/#breadcrumb\",\"itemListElement\":[{\"@type\":\"ListItem\",\"position\":1,\"name\":\"Portada\",\"item\":\"https:\\\/\\\/sindromecharge.es\\\/\"},{\"@type\":\"ListItem\",\"position\":2,\"name\":\"Nos solidarizamos con las personas con S\u00edndrome de Rett en su D\u00eda Nacional\"}]},{\"@type\":\"WebSite\",\"@id\":\"https:\\\/\\\/sindromecharge.es\\\/#website\",\"url\":\"https:\\\/\\\/sindromecharge.es\\\/\",\"name\":\"Asociaci\u00f3n Espa\u00f1ola S\u00edndrome de Charge\",\"description\":\"\",\"potentialAction\":[{\"@type\":\"SearchAction\",\"target\":{\"@type\":\"EntryPoint\",\"urlTemplate\":\"https:\\\/\\\/sindromecharge.es\\\/?s={search_term_string}\"},\"query-input\":{\"@type\":\"PropertyValueSpecification\",\"valueRequired\":true,\"valueName\":\"search_term_string\"}}],\"inLanguage\":\"es\"},{\"@type\":\"Person\",\"@id\":\"https:\\\/\\\/sindromecharge.es\\\/#\\\/schema\\\/person\\\/39a60ebe0a2b4d5a11179701e336b039\",\"name\":\"Charge\",\"image\":{\"@type\":\"ImageObject\",\"inLanguage\":\"es\",\"@id\":\"https:\\\/\\\/secure.gravatar.com\\\/avatar\\\/c3b46e32a0fc3b093a0873fb767bf3293de856293065e84ef06b7ec7a8acfb98?s=96&d=identicon&r=x\",\"url\":\"https:\\\/\\\/secure.gravatar.com\\\/avatar\\\/c3b46e32a0fc3b093a0873fb767bf3293de856293065e84ef06b7ec7a8acfb98?s=96&d=identicon&r=x\",\"contentUrl\":\"https:\\\/\\\/secure.gravatar.com\\\/avatar\\\/c3b46e32a0fc3b093a0873fb767bf3293de856293065e84ef06b7ec7a8acfb98?s=96&d=identicon&r=x\",\"caption\":\"Charge\"},\"url\":\"https:\\\/\\\/sindromecharge.es\\\/index.php\\\/author\\\/admin\\\/\"}]}<\/script>\n<!-- \/ Yoast SEO plugin. -->","yoast_head_json":{"title":"Nos solidarizamos con las personas con S\u00edndrome de Rett en su D\u00eda Nacional - Asociaci\u00f3n Espa\u00f1ola S\u00edndrome de Charge","robots":{"index":"index","follow":"follow","max-snippet":"max-snippet:-1","max-image-preview":"max-image-preview:large","max-video-preview":"max-video-preview:-1"},"canonical":"https:\/\/sindromecharge.es\/index.php\/2021\/04\/23\/nos-solidarizamos-con-las-personas-con-sindrome-de-rett-en-su-dia-nacional\/","og_locale":"es_ES","og_type":"article","og_title":"Nos solidarizamos con las personas con S\u00edndrome de Rett en su D\u00eda Nacional - Asociaci\u00f3n Espa\u00f1ola S\u00edndrome de Charge","og_description":"Leemos en FEDER la siguiente noticia que os reproducimos de forma \u00edntegra: La Federaci\u00f3n Espa\u00f1ola de Enfermedades Raras se suma al D\u00eda Nacional del S\u00edndrome de Rett que se celebra el 25 de abril para concienciar sobre esta enfermedades poco frecuente, un trastorno grave del neurodesarrollo de origen gen\u00e9tico. \u00abToda la familia FEDER quiere sumarse [&hellip;]","og_url":"https:\/\/sindromecharge.es\/index.php\/2021\/04\/23\/nos-solidarizamos-con-las-personas-con-sindrome-de-rett-en-su-dia-nacional\/","og_site_name":"Asociaci\u00f3n Espa\u00f1ola S\u00edndrome de Charge","article_publisher":"https:\/\/www.facebook.com\/asociacionsindromecharge","article_published_time":"2021-04-23T08:42:33+00:00","og_image":[{"width":300,"height":98,"url":"https:\/\/sindromecharge.es\/wp-content\/uploads\/2013\/09\/logodecharge300x98.png","type":"image\/png"}],"author":"Charge","twitter_card":"summary_large_image","twitter_creator":"@sindromecharge","twitter_site":"@sindromecharge","twitter_misc":{"Escrito por":"Charge","Tiempo de lectura":"1 minuto"},"schema":{"@context":"https:\/\/schema.org","@graph":[{"@type":"Article","@id":"https:\/\/sindromecharge.es\/index.php\/2021\/04\/23\/nos-solidarizamos-con-las-personas-con-sindrome-de-rett-en-su-dia-nacional\/#article","isPartOf":{"@id":"https:\/\/sindromecharge.es\/index.php\/2021\/04\/23\/nos-solidarizamos-con-las-personas-con-sindrome-de-rett-en-su-dia-nacional\/"},"author":{"name":"Charge","@id":"https:\/\/sindromecharge.es\/#\/schema\/person\/39a60ebe0a2b4d5a11179701e336b039"},"headline":"Nos solidarizamos con las personas con S\u00edndrome de Rett en su D\u00eda Nacional","datePublished":"2021-04-23T08:42:33+00:00","mainEntityOfPage":{"@id":"https:\/\/sindromecharge.es\/index.php\/2021\/04\/23\/nos-solidarizamos-con-las-personas-con-sindrome-de-rett-en-su-dia-nacional\/"},"wordCount":306,"commentCount":0,"keywords":["enfermedades raras"],"articleSection":["noticias"],"inLanguage":"es","potentialAction":[{"@type":"CommentAction","name":"Comment","target":["https:\/\/sindromecharge.es\/index.php\/2021\/04\/23\/nos-solidarizamos-con-las-personas-con-sindrome-de-rett-en-su-dia-nacional\/#respond"]}]},{"@type":"WebPage","@id":"https:\/\/sindromecharge.es\/index.php\/2021\/04\/23\/nos-solidarizamos-con-las-personas-con-sindrome-de-rett-en-su-dia-nacional\/","url":"https:\/\/sindromecharge.es\/index.php\/2021\/04\/23\/nos-solidarizamos-con-las-personas-con-sindrome-de-rett-en-su-dia-nacional\/","name":"Nos solidarizamos con las personas con S\u00edndrome de Rett en su D\u00eda Nacional - Asociaci\u00f3n Espa\u00f1ola S\u00edndrome de Charge","isPartOf":{"@id":"https:\/\/sindromecharge.es\/#website"},"datePublished":"2021-04-23T08:42:33+00:00","author":{"@id":"https:\/\/sindromecharge.es\/#\/schema\/person\/39a60ebe0a2b4d5a11179701e336b039"},"breadcrumb":{"@id":"https:\/\/sindromecharge.es\/index.php\/2021\/04\/23\/nos-solidarizamos-con-las-personas-con-sindrome-de-rett-en-su-dia-nacional\/#breadcrumb"},"inLanguage":"es","potentialAction":[{"@type":"ReadAction","target":["https:\/\/sindromecharge.es\/index.php\/2021\/04\/23\/nos-solidarizamos-con-las-personas-con-sindrome-de-rett-en-su-dia-nacional\/"]}]},{"@type":"BreadcrumbList","@id":"https:\/\/sindromecharge.es\/index.php\/2021\/04\/23\/nos-solidarizamos-con-las-personas-con-sindrome-de-rett-en-su-dia-nacional\/#breadcrumb","itemListElement":[{"@type":"ListItem","position":1,"name":"Portada","item":"https:\/\/sindromecharge.es\/"},{"@type":"ListItem","position":2,"name":"Nos solidarizamos con las personas con S\u00edndrome de Rett en su D\u00eda Nacional"}]},{"@type":"WebSite","@id":"https:\/\/sindromecharge.es\/#website","url":"https:\/\/sindromecharge.es\/","name":"Asociaci\u00f3n Espa\u00f1ola S\u00edndrome de Charge","description":"","potentialAction":[{"@type":"SearchAction","target":{"@type":"EntryPoint","urlTemplate":"https:\/\/sindromecharge.es\/?s={search_term_string}"},"query-input":{"@type":"PropertyValueSpecification","valueRequired":true,"valueName":"search_term_string"}}],"inLanguage":"es"},{"@type":"Person","@id":"https:\/\/sindromecharge.es\/#\/schema\/person\/39a60ebe0a2b4d5a11179701e336b039","name":"Charge","image":{"@type":"ImageObject","inLanguage":"es","@id":"https:\/\/secure.gravatar.com\/avatar\/c3b46e32a0fc3b093a0873fb767bf3293de856293065e84ef06b7ec7a8acfb98?s=96&d=identicon&r=x","url":"https:\/\/secure.gravatar.com\/avatar\/c3b46e32a0fc3b093a0873fb767bf3293de856293065e84ef06b7ec7a8acfb98?s=96&d=identicon&r=x","contentUrl":"https:\/\/secure.gravatar.com\/avatar\/c3b46e32a0fc3b093a0873fb767bf3293de856293065e84ef06b7ec7a8acfb98?s=96&d=identicon&r=x","caption":"Charge"},"url":"https:\/\/sindromecharge.es\/index.php\/author\/admin\/"}]}},"_links":{"self":[{"href":"https:\/\/sindromecharge.es\/index.php\/wp-json\/wp\/v2\/posts\/7083","targetHints":{"allow":["GET"]}}],"collection":[{"href":"https:\/\/sindromecharge.es\/index.php\/wp-json\/wp\/v2\/posts"}],"about":[{"href":"https:\/\/sindromecharge.es\/index.php\/wp-json\/wp\/v2\/types\/post"}],"author":[{"embeddable":true,"href":"https:\/\/sindromecharge.es\/index.php\/wp-json\/wp\/v2\/users\/1"}],"replies":[{"embeddable":true,"href":"https:\/\/sindromecharge.es\/index.php\/wp-json\/wp\/v2\/comments?post=7083"}],"version-history":[{"count":0,"href":"https:\/\/sindromecharge.es\/index.php\/wp-json\/wp\/v2\/posts\/7083\/revisions"}],"wp:attachment":[{"href":"https:\/\/sindromecharge.es\/index.php\/wp-json\/wp\/v2\/media?parent=7083"}],"wp:term":[{"taxonomy":"category","embeddable":true,"href":"https:\/\/sindromecharge.es\/index.php\/wp-json\/wp\/v2\/categories?post=7083"},{"taxonomy":"post_tag","embeddable":true,"href":"https:\/\/sindromecharge.es\/index.php\/wp-json\/wp\/v2\/tags?post=7083"}],"curies":[{"name":"wp","href":"https:\/\/api.w.org\/{rel}","templated":true}]}}