{"id":7081,"date":"2021-04-23T07:00:17","date_gmt":"2021-04-23T07:00:17","guid":{"rendered":"https:\/\/sindromecharge.es\/index.php\/2021\/04\/23\/quieres-conocer-mas-sobre-medicina-integrativa-en-oncologia-pediatrica\/"},"modified":"2021-04-23T07:00:17","modified_gmt":"2021-04-23T07:00:17","slug":"quieres-conocer-mas-sobre-medicina-integrativa-en-oncologia-pediatrica","status":"publish","type":"post","link":"https:\/\/sindromecharge.es\/index.php\/2021\/04\/23\/quieres-conocer-mas-sobre-medicina-integrativa-en-oncologia-pediatrica\/","title":{"rendered":"\u00bfQuieres conocer m\u00e1s sobre medicina integrativa en oncolog\u00eda pedi\u00e1trica?"},"content":{"rendered":"<p>Leemos en FEDER la siguiente noticia que os reproducimos de forma \u00edntegra: <\/p>\n<p><p>Fuente: Share4rare. Share4Rare organiza pr\u00f3ximamente un webinar sobre medicina integrativa. Esta disciplina ofrece a los pacientes oncol\u00f3gicos pedi\u00e1tricos tratamientos complementarios que alivian los efectos secundarios y mejoran su calidad de vida.<\/p>\n<p>El pr\u00f3ximo jueves d\u00eda 6 de mayo a las 18:00 (hora espa\u00f1ola), te invitan a un seminario online a cargo de la Unidad de Oncolog\u00eda Pedi\u00e1trica Integrativa (UOPI) del Hospital Sant Joan D\u00e9u. Se explicar\u00e1 su funcionamiento desde sus inicios en 2019, qu\u00e9 tratamientos complementarios desarrollan con el objetivo de mejorar la calidad de vida y el bienestar de los pacientes pedi\u00e1tricos y sus aplicaciones para los pacientes con leucemia linfobl\u00e1stica aguda, entre otros.<\/p>\n<p>PROGRAMA<\/p>\n<p>Begonya Nafria, coordinadora del proyecto Share4Rare, introducir\u00e1 el estudio actual en esta plataforma sobre los efectos de los tratamientos en pacientes con leucemia linfobl\u00e1stica aguda.<\/p>\n<p>A continuaci\u00f3n, el Dr. Andr\u00e9s Morales, del onc\u00f3logo pedi\u00e1trico del Hospital Sant Joan de D\u00e9u, moderar\u00e1 la sesi\u00f3n en la que contaremos con la participaci\u00f3n de:<\/p>\n<p>Esther Mart\u00ednez, pediatra, responsable de la Unidad de Oncolog\u00eda Pedi\u00e1trica Integrativa del Hospital Sant Joan de D\u00e9u.<br \/>Mireia Termes, dietista nutricionista del Hospital Sant Joan de D\u00e9u.<br \/>Bibiana Carrasco, cirujana pedi\u00e1trica, coordinadora del servicio de reflexolog\u00eda podal de AFANOC (Associaci\u00f3 de Familiars i Amics de Nens Oncol\u00f2gics de Catalunya) en el Hospital Sant Joan de D\u00e9u.<br \/>Fran\u00e7oise Evrard, responsable del equipo de masaje oncol\u00f3gico pedi\u00e1trico de AFANOC.<\/p>\n<p>\u00bfTe gustar\u00eda asistir?<\/p>\n<p>Reg\u00edstrate en el webinar a trav\u00e9s del link que te dejamos en la parte superior de la noticia. Al final de la sesi\u00f3n no habr\u00e1 turno de preguntas. No dudes en compartir cualquier consulta que puedas tener sobre la tem\u00e1tica mediante el campo habilitado en el formulario de inscripci\u00f3n.<\/p>\n<p>Recuerda que si eres una persona afectada o tienes a tu cargo a alguien que conviva con leucemia linfobl\u00e1stica aguda, tumores raros o vasculopat\u00edas puedes participar en un proyecto de investigaci\u00f3n colaborativa, \u00a1reg\u00edstrate en Share4Rare!<\/p>\n<p>\u00daltima actualizaci\u00f3n 23\/04\/2021<\/p>\n<\/p>\n<p>Fuente: FEDER <a href=\"https:\/\/enfermedades-raras.org\/index.php\/actualidad\/noticias-eventos\/2-feder\/15243-%C2%BFquieres-conocer-m%C3%A1s-sobre-medicina-integrativa-en-oncolog%C3%ADa-pedi%C3%A1trica\" target=\"_blank\" rel=\"noopener\">\u00bfQuieres conocer m\u00e1s sobre medicina integrativa en oncolog\u00eda pedi\u00e1trica?<\/a><\/p>\n","protected":false},"excerpt":{"rendered":"<p>Leemos en FEDER la siguiente noticia que os reproducimos de forma \u00edntegra: Fuente: Share4rare. Share4Rare organiza pr\u00f3ximamente un webinar sobre medicina integrativa. Esta disciplina ofrece a los pacientes oncol\u00f3gicos pedi\u00e1tricos tratamientos complementarios que alivian los efectos secundarios y mejoran su calidad de vida. El pr\u00f3ximo jueves d\u00eda 6 de mayo a las 18:00 (hora espa\u00f1ola), [&hellip;]<\/p>\n","protected":false},"author":1,"featured_media":0,"comment_status":"open","ping_status":"closed","sticky":false,"template":"","format":"standard","meta":{"footnotes":""},"categories":[8],"tags":[36],"class_list":["post-7081","post","type-post","status-publish","format-standard","hentry","category-noticias","tag-enfermedades-raras"],"yoast_head":"<!-- This site is optimized with the Yoast SEO plugin v27.5 - https:\/\/yoast.com\/product\/yoast-seo-wordpress\/ -->\n<title>\u00bfQuieres conocer m\u00e1s sobre medicina integrativa en oncolog\u00eda pedi\u00e1trica? - Asociaci\u00f3n Espa\u00f1ola S\u00edndrome de Charge<\/title>\n<meta name=\"robots\" content=\"index, follow, max-snippet:-1, max-image-preview:large, max-video-preview:-1\" \/>\n<link rel=\"canonical\" href=\"https:\/\/sindromecharge.es\/index.php\/2021\/04\/23\/quieres-conocer-mas-sobre-medicina-integrativa-en-oncologia-pediatrica\/\" \/>\n<meta property=\"og:locale\" content=\"es_ES\" \/>\n<meta property=\"og:type\" content=\"article\" \/>\n<meta property=\"og:title\" content=\"\u00bfQuieres conocer m\u00e1s sobre medicina integrativa en oncolog\u00eda pedi\u00e1trica? - Asociaci\u00f3n Espa\u00f1ola S\u00edndrome de Charge\" \/>\n<meta property=\"og:description\" content=\"Leemos en FEDER la siguiente noticia que os reproducimos de forma \u00edntegra: Fuente: Share4rare. Share4Rare organiza pr\u00f3ximamente un webinar sobre medicina integrativa. Esta disciplina ofrece a los pacientes oncol\u00f3gicos pedi\u00e1tricos tratamientos complementarios que alivian los efectos secundarios y mejoran su calidad de vida. El pr\u00f3ximo jueves d\u00eda 6 de mayo a las 18:00 (hora espa\u00f1ola), [&hellip;]\" \/>\n<meta property=\"og:url\" content=\"https:\/\/sindromecharge.es\/index.php\/2021\/04\/23\/quieres-conocer-mas-sobre-medicina-integrativa-en-oncologia-pediatrica\/\" \/>\n<meta property=\"og:site_name\" content=\"Asociaci\u00f3n Espa\u00f1ola S\u00edndrome de Charge\" \/>\n<meta property=\"article:publisher\" content=\"https:\/\/www.facebook.com\/asociacionsindromecharge\" \/>\n<meta property=\"article:published_time\" content=\"2021-04-23T07:00:17+00:00\" \/>\n<meta property=\"og:image\" content=\"https:\/\/sindromecharge.es\/wp-content\/uploads\/2013\/09\/logodecharge300x98.png\" \/>\n\t<meta property=\"og:image:width\" content=\"300\" \/>\n\t<meta property=\"og:image:height\" content=\"98\" \/>\n\t<meta property=\"og:image:type\" content=\"image\/png\" \/>\n<meta name=\"author\" content=\"Charge\" \/>\n<meta name=\"twitter:card\" content=\"summary_large_image\" \/>\n<meta name=\"twitter:creator\" content=\"@sindromecharge\" \/>\n<meta name=\"twitter:site\" content=\"@sindromecharge\" \/>\n<meta name=\"twitter:label1\" content=\"Escrito por\" \/>\n\t<meta name=\"twitter:data1\" content=\"Charge\" \/>\n\t<meta name=\"twitter:label2\" content=\"Tiempo de lectura\" \/>\n\t<meta name=\"twitter:data2\" content=\"2 minutos\" \/>\n<script type=\"application\/ld+json\" class=\"yoast-schema-graph\">{\"@context\":\"https:\\\/\\\/schema.org\",\"@graph\":[{\"@type\":\"Article\",\"@id\":\"https:\\\/\\\/sindromecharge.es\\\/index.php\\\/2021\\\/04\\\/23\\\/quieres-conocer-mas-sobre-medicina-integrativa-en-oncologia-pediatrica\\\/#article\",\"isPartOf\":{\"@id\":\"https:\\\/\\\/sindromecharge.es\\\/index.php\\\/2021\\\/04\\\/23\\\/quieres-conocer-mas-sobre-medicina-integrativa-en-oncologia-pediatrica\\\/\"},\"author\":{\"name\":\"Charge\",\"@id\":\"https:\\\/\\\/sindromecharge.es\\\/#\\\/schema\\\/person\\\/39a60ebe0a2b4d5a11179701e336b039\"},\"headline\":\"\u00bfQuieres conocer m\u00e1s sobre medicina integrativa en oncolog\u00eda pedi\u00e1trica?\",\"datePublished\":\"2021-04-23T07:00:17+00:00\",\"mainEntityOfPage\":{\"@id\":\"https:\\\/\\\/sindromecharge.es\\\/index.php\\\/2021\\\/04\\\/23\\\/quieres-conocer-mas-sobre-medicina-integrativa-en-oncologia-pediatrica\\\/\"},\"wordCount\":394,\"commentCount\":0,\"keywords\":[\"enfermedades raras\"],\"articleSection\":[\"noticias\"],\"inLanguage\":\"es\",\"potentialAction\":[{\"@type\":\"CommentAction\",\"name\":\"Comment\",\"target\":[\"https:\\\/\\\/sindromecharge.es\\\/index.php\\\/2021\\\/04\\\/23\\\/quieres-conocer-mas-sobre-medicina-integrativa-en-oncologia-pediatrica\\\/#respond\"]}]},{\"@type\":\"WebPage\",\"@id\":\"https:\\\/\\\/sindromecharge.es\\\/index.php\\\/2021\\\/04\\\/23\\\/quieres-conocer-mas-sobre-medicina-integrativa-en-oncologia-pediatrica\\\/\",\"url\":\"https:\\\/\\\/sindromecharge.es\\\/index.php\\\/2021\\\/04\\\/23\\\/quieres-conocer-mas-sobre-medicina-integrativa-en-oncologia-pediatrica\\\/\",\"name\":\"\u00bfQuieres conocer m\u00e1s sobre medicina integrativa en oncolog\u00eda pedi\u00e1trica? - Asociaci\u00f3n Espa\u00f1ola S\u00edndrome de Charge\",\"isPartOf\":{\"@id\":\"https:\\\/\\\/sindromecharge.es\\\/#website\"},\"datePublished\":\"2021-04-23T07:00:17+00:00\",\"author\":{\"@id\":\"https:\\\/\\\/sindromecharge.es\\\/#\\\/schema\\\/person\\\/39a60ebe0a2b4d5a11179701e336b039\"},\"breadcrumb\":{\"@id\":\"https:\\\/\\\/sindromecharge.es\\\/index.php\\\/2021\\\/04\\\/23\\\/quieres-conocer-mas-sobre-medicina-integrativa-en-oncologia-pediatrica\\\/#breadcrumb\"},\"inLanguage\":\"es\",\"potentialAction\":[{\"@type\":\"ReadAction\",\"target\":[\"https:\\\/\\\/sindromecharge.es\\\/index.php\\\/2021\\\/04\\\/23\\\/quieres-conocer-mas-sobre-medicina-integrativa-en-oncologia-pediatrica\\\/\"]}]},{\"@type\":\"BreadcrumbList\",\"@id\":\"https:\\\/\\\/sindromecharge.es\\\/index.php\\\/2021\\\/04\\\/23\\\/quieres-conocer-mas-sobre-medicina-integrativa-en-oncologia-pediatrica\\\/#breadcrumb\",\"itemListElement\":[{\"@type\":\"ListItem\",\"position\":1,\"name\":\"Portada\",\"item\":\"https:\\\/\\\/sindromecharge.es\\\/\"},{\"@type\":\"ListItem\",\"position\":2,\"name\":\"\u00bfQuieres conocer m\u00e1s sobre medicina integrativa en oncolog\u00eda pedi\u00e1trica?\"}]},{\"@type\":\"WebSite\",\"@id\":\"https:\\\/\\\/sindromecharge.es\\\/#website\",\"url\":\"https:\\\/\\\/sindromecharge.es\\\/\",\"name\":\"Asociaci\u00f3n Espa\u00f1ola S\u00edndrome de Charge\",\"description\":\"\",\"potentialAction\":[{\"@type\":\"SearchAction\",\"target\":{\"@type\":\"EntryPoint\",\"urlTemplate\":\"https:\\\/\\\/sindromecharge.es\\\/?s={search_term_string}\"},\"query-input\":{\"@type\":\"PropertyValueSpecification\",\"valueRequired\":true,\"valueName\":\"search_term_string\"}}],\"inLanguage\":\"es\"},{\"@type\":\"Person\",\"@id\":\"https:\\\/\\\/sindromecharge.es\\\/#\\\/schema\\\/person\\\/39a60ebe0a2b4d5a11179701e336b039\",\"name\":\"Charge\",\"image\":{\"@type\":\"ImageObject\",\"inLanguage\":\"es\",\"@id\":\"https:\\\/\\\/secure.gravatar.com\\\/avatar\\\/c3b46e32a0fc3b093a0873fb767bf3293de856293065e84ef06b7ec7a8acfb98?s=96&d=identicon&r=x\",\"url\":\"https:\\\/\\\/secure.gravatar.com\\\/avatar\\\/c3b46e32a0fc3b093a0873fb767bf3293de856293065e84ef06b7ec7a8acfb98?s=96&d=identicon&r=x\",\"contentUrl\":\"https:\\\/\\\/secure.gravatar.com\\\/avatar\\\/c3b46e32a0fc3b093a0873fb767bf3293de856293065e84ef06b7ec7a8acfb98?s=96&d=identicon&r=x\",\"caption\":\"Charge\"},\"url\":\"https:\\\/\\\/sindromecharge.es\\\/index.php\\\/author\\\/admin\\\/\"}]}<\/script>\n<!-- \/ Yoast SEO plugin. -->","yoast_head_json":{"title":"\u00bfQuieres conocer m\u00e1s sobre medicina integrativa en oncolog\u00eda pedi\u00e1trica? - Asociaci\u00f3n Espa\u00f1ola S\u00edndrome de Charge","robots":{"index":"index","follow":"follow","max-snippet":"max-snippet:-1","max-image-preview":"max-image-preview:large","max-video-preview":"max-video-preview:-1"},"canonical":"https:\/\/sindromecharge.es\/index.php\/2021\/04\/23\/quieres-conocer-mas-sobre-medicina-integrativa-en-oncologia-pediatrica\/","og_locale":"es_ES","og_type":"article","og_title":"\u00bfQuieres conocer m\u00e1s sobre medicina integrativa en oncolog\u00eda pedi\u00e1trica? - Asociaci\u00f3n Espa\u00f1ola S\u00edndrome de Charge","og_description":"Leemos en FEDER la siguiente noticia que os reproducimos de forma \u00edntegra: Fuente: Share4rare. Share4Rare organiza pr\u00f3ximamente un webinar sobre medicina integrativa. Esta disciplina ofrece a los pacientes oncol\u00f3gicos pedi\u00e1tricos tratamientos complementarios que alivian los efectos secundarios y mejoran su calidad de vida. El pr\u00f3ximo jueves d\u00eda 6 de mayo a las 18:00 (hora espa\u00f1ola), [&hellip;]","og_url":"https:\/\/sindromecharge.es\/index.php\/2021\/04\/23\/quieres-conocer-mas-sobre-medicina-integrativa-en-oncologia-pediatrica\/","og_site_name":"Asociaci\u00f3n Espa\u00f1ola S\u00edndrome de Charge","article_publisher":"https:\/\/www.facebook.com\/asociacionsindromecharge","article_published_time":"2021-04-23T07:00:17+00:00","og_image":[{"width":300,"height":98,"url":"https:\/\/sindromecharge.es\/wp-content\/uploads\/2013\/09\/logodecharge300x98.png","type":"image\/png"}],"author":"Charge","twitter_card":"summary_large_image","twitter_creator":"@sindromecharge","twitter_site":"@sindromecharge","twitter_misc":{"Escrito por":"Charge","Tiempo de lectura":"2 minutos"},"schema":{"@context":"https:\/\/schema.org","@graph":[{"@type":"Article","@id":"https:\/\/sindromecharge.es\/index.php\/2021\/04\/23\/quieres-conocer-mas-sobre-medicina-integrativa-en-oncologia-pediatrica\/#article","isPartOf":{"@id":"https:\/\/sindromecharge.es\/index.php\/2021\/04\/23\/quieres-conocer-mas-sobre-medicina-integrativa-en-oncologia-pediatrica\/"},"author":{"name":"Charge","@id":"https:\/\/sindromecharge.es\/#\/schema\/person\/39a60ebe0a2b4d5a11179701e336b039"},"headline":"\u00bfQuieres conocer m\u00e1s sobre medicina integrativa en oncolog\u00eda pedi\u00e1trica?","datePublished":"2021-04-23T07:00:17+00:00","mainEntityOfPage":{"@id":"https:\/\/sindromecharge.es\/index.php\/2021\/04\/23\/quieres-conocer-mas-sobre-medicina-integrativa-en-oncologia-pediatrica\/"},"wordCount":394,"commentCount":0,"keywords":["enfermedades raras"],"articleSection":["noticias"],"inLanguage":"es","potentialAction":[{"@type":"CommentAction","name":"Comment","target":["https:\/\/sindromecharge.es\/index.php\/2021\/04\/23\/quieres-conocer-mas-sobre-medicina-integrativa-en-oncologia-pediatrica\/#respond"]}]},{"@type":"WebPage","@id":"https:\/\/sindromecharge.es\/index.php\/2021\/04\/23\/quieres-conocer-mas-sobre-medicina-integrativa-en-oncologia-pediatrica\/","url":"https:\/\/sindromecharge.es\/index.php\/2021\/04\/23\/quieres-conocer-mas-sobre-medicina-integrativa-en-oncologia-pediatrica\/","name":"\u00bfQuieres conocer m\u00e1s sobre medicina integrativa en oncolog\u00eda pedi\u00e1trica? - Asociaci\u00f3n Espa\u00f1ola S\u00edndrome de Charge","isPartOf":{"@id":"https:\/\/sindromecharge.es\/#website"},"datePublished":"2021-04-23T07:00:17+00:00","author":{"@id":"https:\/\/sindromecharge.es\/#\/schema\/person\/39a60ebe0a2b4d5a11179701e336b039"},"breadcrumb":{"@id":"https:\/\/sindromecharge.es\/index.php\/2021\/04\/23\/quieres-conocer-mas-sobre-medicina-integrativa-en-oncologia-pediatrica\/#breadcrumb"},"inLanguage":"es","potentialAction":[{"@type":"ReadAction","target":["https:\/\/sindromecharge.es\/index.php\/2021\/04\/23\/quieres-conocer-mas-sobre-medicina-integrativa-en-oncologia-pediatrica\/"]}]},{"@type":"BreadcrumbList","@id":"https:\/\/sindromecharge.es\/index.php\/2021\/04\/23\/quieres-conocer-mas-sobre-medicina-integrativa-en-oncologia-pediatrica\/#breadcrumb","itemListElement":[{"@type":"ListItem","position":1,"name":"Portada","item":"https:\/\/sindromecharge.es\/"},{"@type":"ListItem","position":2,"name":"\u00bfQuieres conocer m\u00e1s sobre medicina integrativa en oncolog\u00eda pedi\u00e1trica?"}]},{"@type":"WebSite","@id":"https:\/\/sindromecharge.es\/#website","url":"https:\/\/sindromecharge.es\/","name":"Asociaci\u00f3n Espa\u00f1ola S\u00edndrome de Charge","description":"","potentialAction":[{"@type":"SearchAction","target":{"@type":"EntryPoint","urlTemplate":"https:\/\/sindromecharge.es\/?s={search_term_string}"},"query-input":{"@type":"PropertyValueSpecification","valueRequired":true,"valueName":"search_term_string"}}],"inLanguage":"es"},{"@type":"Person","@id":"https:\/\/sindromecharge.es\/#\/schema\/person\/39a60ebe0a2b4d5a11179701e336b039","name":"Charge","image":{"@type":"ImageObject","inLanguage":"es","@id":"https:\/\/secure.gravatar.com\/avatar\/c3b46e32a0fc3b093a0873fb767bf3293de856293065e84ef06b7ec7a8acfb98?s=96&d=identicon&r=x","url":"https:\/\/secure.gravatar.com\/avatar\/c3b46e32a0fc3b093a0873fb767bf3293de856293065e84ef06b7ec7a8acfb98?s=96&d=identicon&r=x","contentUrl":"https:\/\/secure.gravatar.com\/avatar\/c3b46e32a0fc3b093a0873fb767bf3293de856293065e84ef06b7ec7a8acfb98?s=96&d=identicon&r=x","caption":"Charge"},"url":"https:\/\/sindromecharge.es\/index.php\/author\/admin\/"}]}},"_links":{"self":[{"href":"https:\/\/sindromecharge.es\/index.php\/wp-json\/wp\/v2\/posts\/7081","targetHints":{"allow":["GET"]}}],"collection":[{"href":"https:\/\/sindromecharge.es\/index.php\/wp-json\/wp\/v2\/posts"}],"about":[{"href":"https:\/\/sindromecharge.es\/index.php\/wp-json\/wp\/v2\/types\/post"}],"author":[{"embeddable":true,"href":"https:\/\/sindromecharge.es\/index.php\/wp-json\/wp\/v2\/users\/1"}],"replies":[{"embeddable":true,"href":"https:\/\/sindromecharge.es\/index.php\/wp-json\/wp\/v2\/comments?post=7081"}],"version-history":[{"count":0,"href":"https:\/\/sindromecharge.es\/index.php\/wp-json\/wp\/v2\/posts\/7081\/revisions"}],"wp:attachment":[{"href":"https:\/\/sindromecharge.es\/index.php\/wp-json\/wp\/v2\/media?parent=7081"}],"wp:term":[{"taxonomy":"category","embeddable":true,"href":"https:\/\/sindromecharge.es\/index.php\/wp-json\/wp\/v2\/categories?post=7081"},{"taxonomy":"post_tag","embeddable":true,"href":"https:\/\/sindromecharge.es\/index.php\/wp-json\/wp\/v2\/tags?post=7081"}],"curies":[{"name":"wp","href":"https:\/\/api.w.org\/{rel}","templated":true}]}}