{"id":7080,"date":"2021-04-23T08:06:08","date_gmt":"2021-04-23T08:06:08","guid":{"rendered":"https:\/\/sindromecharge.es\/index.php\/2021\/04\/23\/plena-inclusion-la-rioja-reivindica-el-derecho-a-la-lectura-y-a-la-cultura-de-las-personas-con-discapacidad-intelectual\/"},"modified":"2021-04-23T08:06:08","modified_gmt":"2021-04-23T08:06:08","slug":"plena-inclusion-la-rioja-reivindica-el-derecho-a-la-lectura-y-a-la-cultura-de-las-personas-con-discapacidad-intelectual","status":"publish","type":"post","link":"https:\/\/sindromecharge.es\/index.php\/2021\/04\/23\/plena-inclusion-la-rioja-reivindica-el-derecho-a-la-lectura-y-a-la-cultura-de-las-personas-con-discapacidad-intelectual\/","title":{"rendered":"Plena inclusi\u00f3n La Rioja reivindica el derecho a la lectura y a la cultura de las personas con discapacidad intelectual"},"content":{"rendered":"<p>Leemos en 20minutos la siguiente noticia que os reproducimos de forma \u00edntegra: <\/p>\n<p>En un d\u00eda como hoy, D\u00eda del Libro, hay muchas personas que no pueden disfrutar de la lectura. Por eso, Plena inclusi\u00f3n La Rioja demanda lectura accesible y comprensible para todos y reclama m\u00e1s libros en lectura f\u00e1cil. Por el derecho de estas personas a leer y a acceder a la cultura, Plena inclusi\u00f3n La Rioja trabaja para que se editen libros en lectura f\u00e1cil, para que las bibliotecas y las librer\u00edas ofrezcan libros adaptados a lectura f\u00e1cil. Aboga tambi\u00e9n porque esta literatura no consista \u00fanicamente en libros infantiles, sino tambi\u00e9n para adultos.<\/p>\n<p>Asimismo, es importante que las webs, las leyes, las recetas m\u00e9dicas, las noticias o los formularios se adapten a lectura f\u00e1cil. Si el mundo es m\u00e1s f\u00e1cil de comprender, las personas con discapacidad intelectual pueden participar m\u00e1s y pueden ser m\u00e1s aut\u00f3nomas.<\/p>\n<p>En definitiva, adaptar a lectura f\u00e1cil estas informaciones de contenido tan relevante para toda la ciudadan\u00eda, supone favorecer que se cumplan los derechos de todas las personas a la accesibilidad y a la informaci\u00f3n. S\u00f3lo as\u00ed podr\u00e1n ser ciudadanas de pleno derecho y participar de la sociedad en igualdad de condiciones.<\/p>\n<p>Leer y disfrutar de la literatura es un derecho universal de todas las personas.<\/p>\n<p>LAS BARRERAS INVISIBLES<\/p>\n<p>Las barreras que podemos encontrar en el d\u00eda a d\u00eda van m\u00e1s all\u00e1 de las f\u00edsicas o sensoriales. Existen tambi\u00e9n las barreras cognitivas, aquellas que no se perciben a simple vista y que afectan a las personas con dificultades de comprensi\u00f3n.<\/p>\n<p>Plena inclusi\u00f3n La Rioja trabaja en materia de Accesibilidad Cognitiva, con el objetivo de crear documentos \u00fatiles y f\u00e1ciles para todos, de romper la brecha digital de la comprensi\u00f3n y, por tanto, aborda la adaptaci\u00f3n a lectura f\u00e1cil de diversos contenidos. Porque la lectura f\u00e1cil es necesaria para algunos y \u00fatil para todos.<\/p>\n<p>La lectura f\u00e1cil es un m\u00e9todo de redacci\u00f3n, dise\u00f1o y maquetaci\u00f3n de documentos, regido por unas pautas, que consiguen que los textos sean m\u00e1s f\u00e1ciles de comprender.<\/p>\n<p>Plena inclusi\u00f3n La Rioja apuesta por defender y facilitar la implantaci\u00f3n de la &#8216;Accesibilidad Cognitiva&#8217; en esta comunidad. Para ello cuenta, desde 2016, con un \u00c1rea de Accesibilidad Cognitiva que trabaja con profesionales, que se encargan de realizar las adaptaciones de la informaci\u00f3n original a lectura f\u00e1cil, y con personas con discapacidad intelectual, formadas como validadoras, que se encargan de testar si la informaci\u00f3n adaptada resulta comprensible.<\/p>\n<p>El \u00c1rea busca tambi\u00e9n concienciar sobre la necesidad de la Accesibilidad Cognitiva en nuestra sociedad, as\u00ed como de que aparezca recogida de forma expl\u00edcita en la legislaci\u00f3n sobre Accesibilidad Universal.<\/p>\n<p>Fuente: 20minutos <a href=\"https:\/\/www.20minutos.es\/noticia\/4669837\/0\/plena-inclusion-la-rioja-reivindica-el-derecho-a-la-lectura-y-a-la-cultura-de-las-personas-con-discapacidad-intelectual\/\" target=\"_blank\" rel=\"noopener\">Plena inclusi\u00f3n La Rioja reivindica el derecho a la lectura y a la cultura de las personas con discapacidad intelectual<\/a><\/p>\n","protected":false},"excerpt":{"rendered":"<p>Leemos en 20minutos la siguiente noticia que os reproducimos de forma \u00edntegra: En un d\u00eda como hoy, D\u00eda del Libro, hay muchas personas que no pueden disfrutar de la lectura. Por eso, Plena inclusi\u00f3n La Rioja demanda lectura accesible y comprensible para todos y reclama m\u00e1s libros en lectura f\u00e1cil. Por el derecho de estas [&hellip;]<\/p>\n","protected":false},"author":1,"featured_media":0,"comment_status":"open","ping_status":"closed","sticky":false,"template":"","format":"standard","meta":{"footnotes":""},"categories":[8],"tags":[31],"class_list":["post-7080","post","type-post","status-publish","format-standard","hentry","category-noticias","tag-discapacidad"],"yoast_head":"<!-- This site is optimized with the Yoast SEO plugin v27.5 - https:\/\/yoast.com\/product\/yoast-seo-wordpress\/ -->\n<title>Plena inclusi\u00f3n La Rioja reivindica el derecho a la lectura y a la cultura de las personas con discapacidad intelectual - Asociaci\u00f3n Espa\u00f1ola S\u00edndrome de Charge<\/title>\n<meta name=\"robots\" content=\"index, follow, max-snippet:-1, max-image-preview:large, max-video-preview:-1\" \/>\n<link rel=\"canonical\" href=\"https:\/\/sindromecharge.es\/index.php\/2021\/04\/23\/plena-inclusion-la-rioja-reivindica-el-derecho-a-la-lectura-y-a-la-cultura-de-las-personas-con-discapacidad-intelectual\/\" \/>\n<meta property=\"og:locale\" content=\"es_ES\" \/>\n<meta property=\"og:type\" content=\"article\" \/>\n<meta property=\"og:title\" content=\"Plena inclusi\u00f3n La Rioja reivindica el derecho a la lectura y a la cultura de las personas con discapacidad intelectual - Asociaci\u00f3n Espa\u00f1ola S\u00edndrome de Charge\" \/>\n<meta property=\"og:description\" content=\"Leemos en 20minutos la siguiente noticia que os reproducimos de forma \u00edntegra: En un d\u00eda como hoy, D\u00eda del Libro, hay muchas personas que no pueden disfrutar de la lectura. Por eso, Plena inclusi\u00f3n La Rioja demanda lectura accesible y comprensible para todos y reclama m\u00e1s libros en lectura f\u00e1cil. Por el derecho de estas [&hellip;]\" \/>\n<meta property=\"og:url\" content=\"https:\/\/sindromecharge.es\/index.php\/2021\/04\/23\/plena-inclusion-la-rioja-reivindica-el-derecho-a-la-lectura-y-a-la-cultura-de-las-personas-con-discapacidad-intelectual\/\" \/>\n<meta property=\"og:site_name\" content=\"Asociaci\u00f3n Espa\u00f1ola S\u00edndrome de Charge\" \/>\n<meta property=\"article:publisher\" content=\"https:\/\/www.facebook.com\/asociacionsindromecharge\" \/>\n<meta property=\"article:published_time\" content=\"2021-04-23T08:06:08+00:00\" \/>\n<meta property=\"og:image\" content=\"https:\/\/sindromecharge.es\/wp-content\/uploads\/2013\/09\/logodecharge300x98.png\" \/>\n\t<meta property=\"og:image:width\" content=\"300\" \/>\n\t<meta property=\"og:image:height\" content=\"98\" \/>\n\t<meta property=\"og:image:type\" content=\"image\/png\" \/>\n<meta name=\"author\" content=\"Charge\" \/>\n<meta name=\"twitter:card\" content=\"summary_large_image\" \/>\n<meta name=\"twitter:creator\" content=\"@sindromecharge\" \/>\n<meta name=\"twitter:site\" content=\"@sindromecharge\" \/>\n<meta name=\"twitter:label1\" content=\"Escrito por\" \/>\n\t<meta name=\"twitter:data1\" content=\"Charge\" \/>\n\t<meta name=\"twitter:label2\" content=\"Tiempo de lectura\" \/>\n\t<meta name=\"twitter:data2\" content=\"3 minutos\" \/>\n<script type=\"application\/ld+json\" class=\"yoast-schema-graph\">{\"@context\":\"https:\\\/\\\/schema.org\",\"@graph\":[{\"@type\":\"Article\",\"@id\":\"https:\\\/\\\/sindromecharge.es\\\/index.php\\\/2021\\\/04\\\/23\\\/plena-inclusion-la-rioja-reivindica-el-derecho-a-la-lectura-y-a-la-cultura-de-las-personas-con-discapacidad-intelectual\\\/#article\",\"isPartOf\":{\"@id\":\"https:\\\/\\\/sindromecharge.es\\\/index.php\\\/2021\\\/04\\\/23\\\/plena-inclusion-la-rioja-reivindica-el-derecho-a-la-lectura-y-a-la-cultura-de-las-personas-con-discapacidad-intelectual\\\/\"},\"author\":{\"name\":\"Charge\",\"@id\":\"https:\\\/\\\/sindromecharge.es\\\/#\\\/schema\\\/person\\\/39a60ebe0a2b4d5a11179701e336b039\"},\"headline\":\"Plena inclusi\u00f3n La Rioja reivindica el derecho a la lectura y a la cultura de las personas con discapacidad intelectual\",\"datePublished\":\"2021-04-23T08:06:08+00:00\",\"mainEntityOfPage\":{\"@id\":\"https:\\\/\\\/sindromecharge.es\\\/index.php\\\/2021\\\/04\\\/23\\\/plena-inclusion-la-rioja-reivindica-el-derecho-a-la-lectura-y-a-la-cultura-de-las-personas-con-discapacidad-intelectual\\\/\"},\"wordCount\":526,\"commentCount\":0,\"keywords\":[\"discapacidad\"],\"articleSection\":[\"noticias\"],\"inLanguage\":\"es\",\"potentialAction\":[{\"@type\":\"CommentAction\",\"name\":\"Comment\",\"target\":[\"https:\\\/\\\/sindromecharge.es\\\/index.php\\\/2021\\\/04\\\/23\\\/plena-inclusion-la-rioja-reivindica-el-derecho-a-la-lectura-y-a-la-cultura-de-las-personas-con-discapacidad-intelectual\\\/#respond\"]}]},{\"@type\":\"WebPage\",\"@id\":\"https:\\\/\\\/sindromecharge.es\\\/index.php\\\/2021\\\/04\\\/23\\\/plena-inclusion-la-rioja-reivindica-el-derecho-a-la-lectura-y-a-la-cultura-de-las-personas-con-discapacidad-intelectual\\\/\",\"url\":\"https:\\\/\\\/sindromecharge.es\\\/index.php\\\/2021\\\/04\\\/23\\\/plena-inclusion-la-rioja-reivindica-el-derecho-a-la-lectura-y-a-la-cultura-de-las-personas-con-discapacidad-intelectual\\\/\",\"name\":\"Plena inclusi\u00f3n La Rioja reivindica el derecho a la lectura y a la cultura de las personas con discapacidad intelectual - Asociaci\u00f3n Espa\u00f1ola S\u00edndrome de Charge\",\"isPartOf\":{\"@id\":\"https:\\\/\\\/sindromecharge.es\\\/#website\"},\"datePublished\":\"2021-04-23T08:06:08+00:00\",\"author\":{\"@id\":\"https:\\\/\\\/sindromecharge.es\\\/#\\\/schema\\\/person\\\/39a60ebe0a2b4d5a11179701e336b039\"},\"breadcrumb\":{\"@id\":\"https:\\\/\\\/sindromecharge.es\\\/index.php\\\/2021\\\/04\\\/23\\\/plena-inclusion-la-rioja-reivindica-el-derecho-a-la-lectura-y-a-la-cultura-de-las-personas-con-discapacidad-intelectual\\\/#breadcrumb\"},\"inLanguage\":\"es\",\"potentialAction\":[{\"@type\":\"ReadAction\",\"target\":[\"https:\\\/\\\/sindromecharge.es\\\/index.php\\\/2021\\\/04\\\/23\\\/plena-inclusion-la-rioja-reivindica-el-derecho-a-la-lectura-y-a-la-cultura-de-las-personas-con-discapacidad-intelectual\\\/\"]}]},{\"@type\":\"BreadcrumbList\",\"@id\":\"https:\\\/\\\/sindromecharge.es\\\/index.php\\\/2021\\\/04\\\/23\\\/plena-inclusion-la-rioja-reivindica-el-derecho-a-la-lectura-y-a-la-cultura-de-las-personas-con-discapacidad-intelectual\\\/#breadcrumb\",\"itemListElement\":[{\"@type\":\"ListItem\",\"position\":1,\"name\":\"Portada\",\"item\":\"https:\\\/\\\/sindromecharge.es\\\/\"},{\"@type\":\"ListItem\",\"position\":2,\"name\":\"Plena inclusi\u00f3n La Rioja reivindica el derecho a la lectura y a la cultura de las personas con discapacidad intelectual\"}]},{\"@type\":\"WebSite\",\"@id\":\"https:\\\/\\\/sindromecharge.es\\\/#website\",\"url\":\"https:\\\/\\\/sindromecharge.es\\\/\",\"name\":\"Asociaci\u00f3n Espa\u00f1ola S\u00edndrome de Charge\",\"description\":\"\",\"potentialAction\":[{\"@type\":\"SearchAction\",\"target\":{\"@type\":\"EntryPoint\",\"urlTemplate\":\"https:\\\/\\\/sindromecharge.es\\\/?s={search_term_string}\"},\"query-input\":{\"@type\":\"PropertyValueSpecification\",\"valueRequired\":true,\"valueName\":\"search_term_string\"}}],\"inLanguage\":\"es\"},{\"@type\":\"Person\",\"@id\":\"https:\\\/\\\/sindromecharge.es\\\/#\\\/schema\\\/person\\\/39a60ebe0a2b4d5a11179701e336b039\",\"name\":\"Charge\",\"image\":{\"@type\":\"ImageObject\",\"inLanguage\":\"es\",\"@id\":\"https:\\\/\\\/secure.gravatar.com\\\/avatar\\\/c3b46e32a0fc3b093a0873fb767bf3293de856293065e84ef06b7ec7a8acfb98?s=96&d=identicon&r=x\",\"url\":\"https:\\\/\\\/secure.gravatar.com\\\/avatar\\\/c3b46e32a0fc3b093a0873fb767bf3293de856293065e84ef06b7ec7a8acfb98?s=96&d=identicon&r=x\",\"contentUrl\":\"https:\\\/\\\/secure.gravatar.com\\\/avatar\\\/c3b46e32a0fc3b093a0873fb767bf3293de856293065e84ef06b7ec7a8acfb98?s=96&d=identicon&r=x\",\"caption\":\"Charge\"},\"url\":\"https:\\\/\\\/sindromecharge.es\\\/index.php\\\/author\\\/admin\\\/\"}]}<\/script>\n<!-- \/ Yoast SEO plugin. -->","yoast_head_json":{"title":"Plena inclusi\u00f3n La Rioja reivindica el derecho a la lectura y a la cultura de las personas con discapacidad intelectual - Asociaci\u00f3n Espa\u00f1ola S\u00edndrome de Charge","robots":{"index":"index","follow":"follow","max-snippet":"max-snippet:-1","max-image-preview":"max-image-preview:large","max-video-preview":"max-video-preview:-1"},"canonical":"https:\/\/sindromecharge.es\/index.php\/2021\/04\/23\/plena-inclusion-la-rioja-reivindica-el-derecho-a-la-lectura-y-a-la-cultura-de-las-personas-con-discapacidad-intelectual\/","og_locale":"es_ES","og_type":"article","og_title":"Plena inclusi\u00f3n La Rioja reivindica el derecho a la lectura y a la cultura de las personas con discapacidad intelectual - Asociaci\u00f3n Espa\u00f1ola S\u00edndrome de Charge","og_description":"Leemos en 20minutos la siguiente noticia que os reproducimos de forma \u00edntegra: En un d\u00eda como hoy, D\u00eda del Libro, hay muchas personas que no pueden disfrutar de la lectura. Por eso, Plena inclusi\u00f3n La Rioja demanda lectura accesible y comprensible para todos y reclama m\u00e1s libros en lectura f\u00e1cil. Por el derecho de estas [&hellip;]","og_url":"https:\/\/sindromecharge.es\/index.php\/2021\/04\/23\/plena-inclusion-la-rioja-reivindica-el-derecho-a-la-lectura-y-a-la-cultura-de-las-personas-con-discapacidad-intelectual\/","og_site_name":"Asociaci\u00f3n Espa\u00f1ola S\u00edndrome de Charge","article_publisher":"https:\/\/www.facebook.com\/asociacionsindromecharge","article_published_time":"2021-04-23T08:06:08+00:00","og_image":[{"width":300,"height":98,"url":"https:\/\/sindromecharge.es\/wp-content\/uploads\/2013\/09\/logodecharge300x98.png","type":"image\/png"}],"author":"Charge","twitter_card":"summary_large_image","twitter_creator":"@sindromecharge","twitter_site":"@sindromecharge","twitter_misc":{"Escrito por":"Charge","Tiempo de lectura":"3 minutos"},"schema":{"@context":"https:\/\/schema.org","@graph":[{"@type":"Article","@id":"https:\/\/sindromecharge.es\/index.php\/2021\/04\/23\/plena-inclusion-la-rioja-reivindica-el-derecho-a-la-lectura-y-a-la-cultura-de-las-personas-con-discapacidad-intelectual\/#article","isPartOf":{"@id":"https:\/\/sindromecharge.es\/index.php\/2021\/04\/23\/plena-inclusion-la-rioja-reivindica-el-derecho-a-la-lectura-y-a-la-cultura-de-las-personas-con-discapacidad-intelectual\/"},"author":{"name":"Charge","@id":"https:\/\/sindromecharge.es\/#\/schema\/person\/39a60ebe0a2b4d5a11179701e336b039"},"headline":"Plena inclusi\u00f3n La Rioja reivindica el derecho a la lectura y a la cultura de las personas con discapacidad intelectual","datePublished":"2021-04-23T08:06:08+00:00","mainEntityOfPage":{"@id":"https:\/\/sindromecharge.es\/index.php\/2021\/04\/23\/plena-inclusion-la-rioja-reivindica-el-derecho-a-la-lectura-y-a-la-cultura-de-las-personas-con-discapacidad-intelectual\/"},"wordCount":526,"commentCount":0,"keywords":["discapacidad"],"articleSection":["noticias"],"inLanguage":"es","potentialAction":[{"@type":"CommentAction","name":"Comment","target":["https:\/\/sindromecharge.es\/index.php\/2021\/04\/23\/plena-inclusion-la-rioja-reivindica-el-derecho-a-la-lectura-y-a-la-cultura-de-las-personas-con-discapacidad-intelectual\/#respond"]}]},{"@type":"WebPage","@id":"https:\/\/sindromecharge.es\/index.php\/2021\/04\/23\/plena-inclusion-la-rioja-reivindica-el-derecho-a-la-lectura-y-a-la-cultura-de-las-personas-con-discapacidad-intelectual\/","url":"https:\/\/sindromecharge.es\/index.php\/2021\/04\/23\/plena-inclusion-la-rioja-reivindica-el-derecho-a-la-lectura-y-a-la-cultura-de-las-personas-con-discapacidad-intelectual\/","name":"Plena inclusi\u00f3n La Rioja reivindica el derecho a la lectura y a la cultura de las personas con discapacidad intelectual - Asociaci\u00f3n Espa\u00f1ola S\u00edndrome de Charge","isPartOf":{"@id":"https:\/\/sindromecharge.es\/#website"},"datePublished":"2021-04-23T08:06:08+00:00","author":{"@id":"https:\/\/sindromecharge.es\/#\/schema\/person\/39a60ebe0a2b4d5a11179701e336b039"},"breadcrumb":{"@id":"https:\/\/sindromecharge.es\/index.php\/2021\/04\/23\/plena-inclusion-la-rioja-reivindica-el-derecho-a-la-lectura-y-a-la-cultura-de-las-personas-con-discapacidad-intelectual\/#breadcrumb"},"inLanguage":"es","potentialAction":[{"@type":"ReadAction","target":["https:\/\/sindromecharge.es\/index.php\/2021\/04\/23\/plena-inclusion-la-rioja-reivindica-el-derecho-a-la-lectura-y-a-la-cultura-de-las-personas-con-discapacidad-intelectual\/"]}]},{"@type":"BreadcrumbList","@id":"https:\/\/sindromecharge.es\/index.php\/2021\/04\/23\/plena-inclusion-la-rioja-reivindica-el-derecho-a-la-lectura-y-a-la-cultura-de-las-personas-con-discapacidad-intelectual\/#breadcrumb","itemListElement":[{"@type":"ListItem","position":1,"name":"Portada","item":"https:\/\/sindromecharge.es\/"},{"@type":"ListItem","position":2,"name":"Plena inclusi\u00f3n La Rioja reivindica el derecho a la lectura y a la cultura de las personas con discapacidad intelectual"}]},{"@type":"WebSite","@id":"https:\/\/sindromecharge.es\/#website","url":"https:\/\/sindromecharge.es\/","name":"Asociaci\u00f3n Espa\u00f1ola S\u00edndrome de Charge","description":"","potentialAction":[{"@type":"SearchAction","target":{"@type":"EntryPoint","urlTemplate":"https:\/\/sindromecharge.es\/?s={search_term_string}"},"query-input":{"@type":"PropertyValueSpecification","valueRequired":true,"valueName":"search_term_string"}}],"inLanguage":"es"},{"@type":"Person","@id":"https:\/\/sindromecharge.es\/#\/schema\/person\/39a60ebe0a2b4d5a11179701e336b039","name":"Charge","image":{"@type":"ImageObject","inLanguage":"es","@id":"https:\/\/secure.gravatar.com\/avatar\/c3b46e32a0fc3b093a0873fb767bf3293de856293065e84ef06b7ec7a8acfb98?s=96&d=identicon&r=x","url":"https:\/\/secure.gravatar.com\/avatar\/c3b46e32a0fc3b093a0873fb767bf3293de856293065e84ef06b7ec7a8acfb98?s=96&d=identicon&r=x","contentUrl":"https:\/\/secure.gravatar.com\/avatar\/c3b46e32a0fc3b093a0873fb767bf3293de856293065e84ef06b7ec7a8acfb98?s=96&d=identicon&r=x","caption":"Charge"},"url":"https:\/\/sindromecharge.es\/index.php\/author\/admin\/"}]}},"_links":{"self":[{"href":"https:\/\/sindromecharge.es\/index.php\/wp-json\/wp\/v2\/posts\/7080","targetHints":{"allow":["GET"]}}],"collection":[{"href":"https:\/\/sindromecharge.es\/index.php\/wp-json\/wp\/v2\/posts"}],"about":[{"href":"https:\/\/sindromecharge.es\/index.php\/wp-json\/wp\/v2\/types\/post"}],"author":[{"embeddable":true,"href":"https:\/\/sindromecharge.es\/index.php\/wp-json\/wp\/v2\/users\/1"}],"replies":[{"embeddable":true,"href":"https:\/\/sindromecharge.es\/index.php\/wp-json\/wp\/v2\/comments?post=7080"}],"version-history":[{"count":0,"href":"https:\/\/sindromecharge.es\/index.php\/wp-json\/wp\/v2\/posts\/7080\/revisions"}],"wp:attachment":[{"href":"https:\/\/sindromecharge.es\/index.php\/wp-json\/wp\/v2\/media?parent=7080"}],"wp:term":[{"taxonomy":"category","embeddable":true,"href":"https:\/\/sindromecharge.es\/index.php\/wp-json\/wp\/v2\/categories?post=7080"},{"taxonomy":"post_tag","embeddable":true,"href":"https:\/\/sindromecharge.es\/index.php\/wp-json\/wp\/v2\/tags?post=7080"}],"curies":[{"name":"wp","href":"https:\/\/api.w.org\/{rel}","templated":true}]}}