{"id":7078,"date":"2021-04-23T07:41:55","date_gmt":"2021-04-23T07:41:55","guid":{"rendered":"https:\/\/sindromecharge.es\/index.php\/2021\/04\/23\/28-de-abril-dia-internacional-del-la-concienciacion-sobre-el-ruido\/"},"modified":"2021-04-23T07:41:55","modified_gmt":"2021-04-23T07:41:55","slug":"28-de-abril-dia-internacional-del-la-concienciacion-sobre-el-ruido","status":"publish","type":"post","link":"https:\/\/sindromecharge.es\/index.php\/2021\/04\/23\/28-de-abril-dia-internacional-del-la-concienciacion-sobre-el-ruido\/","title":{"rendered":"28 de abril, D\u00eda Internacional del la Concienciaci\u00f3n sobre el Ruido"},"content":{"rendered":"<p>Leemos en Federaci\u00f3n Aice la siguiente noticia que os reproducimos de forma \u00edntegra: <\/p>\n<p><img loading=\"lazy\" decoding=\"async\" border=\"0\" height=\"14\" hspace=\"7\" width=\"14\" src=\"http:\/\/implantecoclear.org\/templates\/ja_purity\/images\/pdf_button.png\" alt=\"Documento en pdf\" \/><a target=\"_blank\" title=\"Primer Informe de la OMS sobre la Audici\u00f3n\" href=\"http:\/\/implantecoclear.org\/documentos\/OMS\/2021%20Presentaci%C3%B3n%20Informe%20de%20la%20Audici%C3%B3n%20-%20OMS.pdf\" rel=\"noopener\">Primer Informe de la Organiaci\u00f3n Mundial de la Salud sobre la Audici\u00f3n<\/a><\/p>\n<p><img loading=\"lazy\" decoding=\"async\" height=\"123\" width=\"250\" style=\"margin: 10px;float: left\" src=\"http:\/\/www.implantecoclear.org\/images\/stories\/WHO%20Hearing%20Care_Federaci\u00f3n%20AICE.jpg\" alt=\"D\u00eda Internacional de la Concieciaci\u00f3n sobre el Ruido\" \/>El d\u00eda internacional de concienciaci\u00f3n sobre el ruido es una campa\u00f1a que tiene lugar cada a\u00f1o el \u00faltimo mi\u00e9rcoles de abril desde 1996. La Federaci\u00f3n AICE, as\u00ed como todas sus asociaciones auton\u00f3micas, nos unimos a este cometido, pues la audici\u00f3n es una parte muy importante de la salud p\u00fablica.<\/p>\n<p>La OMS (Organizaci\u00f3n Mundial de la Salud) facilita datos muy alarmantes al respecto de la salud auditiva, como que para 2050 una de cada 4 personas tendr\u00e1 problemas de audici\u00f3n, mientras que actualmente los datos son una de cada 5.<\/p>\n<p>Las cifras son preocupantes, 8 millones de europeos sufren de insomnio por culpa del ruido ambiental. Los impactos en la salud se notan en los 43.000 ingresos hospitalarios asociados a la contaminaci\u00f3n ac\u00fastica. Esta puede provocar hipertensi\u00f3n y problemas cardiovasculares que arrojar\u00edan 10.000 muertes prematuras por efectos de la ac\u00fastica urbana que en muchas ocasiones desconocemos.<\/p>\n<p>El ruido es un gran factor de riesgo respecto a la p\u00e9rdida auditiva. Por ejemplo, los niveles medios de presi\u00f3n ac\u00fastica (NPA) en clubes nocturnos, discotecas, bares, gimnasios y locales deportivos en vivo pueden oscilar entre 100 y 112 decibelios (dB) NPA; los niveles en los conciertos de m\u00fasica pueden ser a\u00fan m\u00e1s altos. Para proteger nuestra audici\u00f3n, nunca deber\u00edamos escuchar diariamente m\u00e1s de 15 minutos a 100 dB.<\/p>\n<p>Fuente: Federaci\u00f3n Aice <a href=\"http:\/\/implantecoclear.org\/index.php?option=com_content&#038;view=article&#038;id=620:2021-04-23-08-00-42&#038;catid=1:latest-news\" target=\"_blank\" rel=\"noopener\">28 de abril, D\u00eda Internacional del la Concienciaci\u00f3n sobre el Ruido<\/a><\/p>\n","protected":false},"excerpt":{"rendered":"<p>Leemos en Federaci\u00f3n Aice la siguiente noticia que os reproducimos de forma \u00edntegra: Primer Informe de la Organiaci\u00f3n Mundial de la Salud sobre la Audici\u00f3n El d\u00eda internacional de concienciaci\u00f3n sobre el ruido es una campa\u00f1a que tiene lugar cada a\u00f1o el \u00faltimo mi\u00e9rcoles de abril desde 1996. La Federaci\u00f3n AICE, as\u00ed como todas sus [&hellip;]<\/p>\n","protected":false},"author":1,"featured_media":0,"comment_status":"open","ping_status":"closed","sticky":false,"template":"","format":"standard","meta":{"footnotes":""},"categories":[8],"tags":[31],"class_list":["post-7078","post","type-post","status-publish","format-standard","hentry","category-noticias","tag-discapacidad"],"yoast_head":"<!-- This site is optimized with the Yoast SEO plugin v27.5 - https:\/\/yoast.com\/product\/yoast-seo-wordpress\/ -->\n<title>28 de abril, D\u00eda Internacional del la Concienciaci\u00f3n sobre el Ruido - Asociaci\u00f3n Espa\u00f1ola S\u00edndrome de Charge<\/title>\n<meta name=\"robots\" content=\"index, follow, max-snippet:-1, max-image-preview:large, max-video-preview:-1\" \/>\n<link rel=\"canonical\" href=\"https:\/\/sindromecharge.es\/index.php\/2021\/04\/23\/28-de-abril-dia-internacional-del-la-concienciacion-sobre-el-ruido\/\" \/>\n<meta property=\"og:locale\" content=\"es_ES\" \/>\n<meta property=\"og:type\" content=\"article\" \/>\n<meta property=\"og:title\" content=\"28 de abril, D\u00eda Internacional del la Concienciaci\u00f3n sobre el Ruido - Asociaci\u00f3n Espa\u00f1ola S\u00edndrome de Charge\" \/>\n<meta property=\"og:description\" content=\"Leemos en Federaci\u00f3n Aice la siguiente noticia que os reproducimos de forma \u00edntegra: Primer Informe de la Organiaci\u00f3n Mundial de la Salud sobre la Audici\u00f3n El d\u00eda internacional de concienciaci\u00f3n sobre el ruido es una campa\u00f1a que tiene lugar cada a\u00f1o el \u00faltimo mi\u00e9rcoles de abril desde 1996. La Federaci\u00f3n AICE, as\u00ed como todas sus [&hellip;]\" \/>\n<meta property=\"og:url\" content=\"https:\/\/sindromecharge.es\/index.php\/2021\/04\/23\/28-de-abril-dia-internacional-del-la-concienciacion-sobre-el-ruido\/\" \/>\n<meta property=\"og:site_name\" content=\"Asociaci\u00f3n Espa\u00f1ola S\u00edndrome de Charge\" \/>\n<meta property=\"article:publisher\" content=\"https:\/\/www.facebook.com\/asociacionsindromecharge\" \/>\n<meta property=\"article:published_time\" content=\"2021-04-23T07:41:55+00:00\" \/>\n<meta property=\"og:image\" content=\"http:\/\/implantecoclear.org\/templates\/ja_purity\/images\/pdf_button.png\" \/>\n<meta name=\"author\" content=\"Charge\" \/>\n<meta name=\"twitter:card\" content=\"summary_large_image\" \/>\n<meta name=\"twitter:creator\" content=\"@sindromecharge\" \/>\n<meta name=\"twitter:site\" content=\"@sindromecharge\" \/>\n<meta name=\"twitter:label1\" content=\"Escrito por\" \/>\n\t<meta name=\"twitter:data1\" content=\"Charge\" \/>\n\t<meta name=\"twitter:label2\" content=\"Tiempo de lectura\" \/>\n\t<meta name=\"twitter:data2\" content=\"1 minuto\" \/>\n<script type=\"application\/ld+json\" class=\"yoast-schema-graph\">{\"@context\":\"https:\\\/\\\/schema.org\",\"@graph\":[{\"@type\":\"Article\",\"@id\":\"https:\\\/\\\/sindromecharge.es\\\/index.php\\\/2021\\\/04\\\/23\\\/28-de-abril-dia-internacional-del-la-concienciacion-sobre-el-ruido\\\/#article\",\"isPartOf\":{\"@id\":\"https:\\\/\\\/sindromecharge.es\\\/index.php\\\/2021\\\/04\\\/23\\\/28-de-abril-dia-internacional-del-la-concienciacion-sobre-el-ruido\\\/\"},\"author\":{\"name\":\"Charge\",\"@id\":\"https:\\\/\\\/sindromecharge.es\\\/#\\\/schema\\\/person\\\/39a60ebe0a2b4d5a11179701e336b039\"},\"headline\":\"28 de abril, D\u00eda Internacional del la Concienciaci\u00f3n sobre el Ruido\",\"datePublished\":\"2021-04-23T07:41:55+00:00\",\"mainEntityOfPage\":{\"@id\":\"https:\\\/\\\/sindromecharge.es\\\/index.php\\\/2021\\\/04\\\/23\\\/28-de-abril-dia-internacional-del-la-concienciacion-sobre-el-ruido\\\/\"},\"wordCount\":284,\"commentCount\":0,\"image\":{\"@id\":\"https:\\\/\\\/sindromecharge.es\\\/index.php\\\/2021\\\/04\\\/23\\\/28-de-abril-dia-internacional-del-la-concienciacion-sobre-el-ruido\\\/#primaryimage\"},\"thumbnailUrl\":\"http:\\\/\\\/implantecoclear.org\\\/templates\\\/ja_purity\\\/images\\\/pdf_button.png\",\"keywords\":[\"discapacidad\"],\"articleSection\":[\"noticias\"],\"inLanguage\":\"es\",\"potentialAction\":[{\"@type\":\"CommentAction\",\"name\":\"Comment\",\"target\":[\"https:\\\/\\\/sindromecharge.es\\\/index.php\\\/2021\\\/04\\\/23\\\/28-de-abril-dia-internacional-del-la-concienciacion-sobre-el-ruido\\\/#respond\"]}]},{\"@type\":\"WebPage\",\"@id\":\"https:\\\/\\\/sindromecharge.es\\\/index.php\\\/2021\\\/04\\\/23\\\/28-de-abril-dia-internacional-del-la-concienciacion-sobre-el-ruido\\\/\",\"url\":\"https:\\\/\\\/sindromecharge.es\\\/index.php\\\/2021\\\/04\\\/23\\\/28-de-abril-dia-internacional-del-la-concienciacion-sobre-el-ruido\\\/\",\"name\":\"28 de abril, D\u00eda Internacional del la Concienciaci\u00f3n sobre el Ruido - Asociaci\u00f3n Espa\u00f1ola S\u00edndrome de Charge\",\"isPartOf\":{\"@id\":\"https:\\\/\\\/sindromecharge.es\\\/#website\"},\"primaryImageOfPage\":{\"@id\":\"https:\\\/\\\/sindromecharge.es\\\/index.php\\\/2021\\\/04\\\/23\\\/28-de-abril-dia-internacional-del-la-concienciacion-sobre-el-ruido\\\/#primaryimage\"},\"image\":{\"@id\":\"https:\\\/\\\/sindromecharge.es\\\/index.php\\\/2021\\\/04\\\/23\\\/28-de-abril-dia-internacional-del-la-concienciacion-sobre-el-ruido\\\/#primaryimage\"},\"thumbnailUrl\":\"http:\\\/\\\/implantecoclear.org\\\/templates\\\/ja_purity\\\/images\\\/pdf_button.png\",\"datePublished\":\"2021-04-23T07:41:55+00:00\",\"author\":{\"@id\":\"https:\\\/\\\/sindromecharge.es\\\/#\\\/schema\\\/person\\\/39a60ebe0a2b4d5a11179701e336b039\"},\"breadcrumb\":{\"@id\":\"https:\\\/\\\/sindromecharge.es\\\/index.php\\\/2021\\\/04\\\/23\\\/28-de-abril-dia-internacional-del-la-concienciacion-sobre-el-ruido\\\/#breadcrumb\"},\"inLanguage\":\"es\",\"potentialAction\":[{\"@type\":\"ReadAction\",\"target\":[\"https:\\\/\\\/sindromecharge.es\\\/index.php\\\/2021\\\/04\\\/23\\\/28-de-abril-dia-internacional-del-la-concienciacion-sobre-el-ruido\\\/\"]}]},{\"@type\":\"ImageObject\",\"inLanguage\":\"es\",\"@id\":\"https:\\\/\\\/sindromecharge.es\\\/index.php\\\/2021\\\/04\\\/23\\\/28-de-abril-dia-internacional-del-la-concienciacion-sobre-el-ruido\\\/#primaryimage\",\"url\":\"http:\\\/\\\/implantecoclear.org\\\/templates\\\/ja_purity\\\/images\\\/pdf_button.png\",\"contentUrl\":\"http:\\\/\\\/implantecoclear.org\\\/templates\\\/ja_purity\\\/images\\\/pdf_button.png\"},{\"@type\":\"BreadcrumbList\",\"@id\":\"https:\\\/\\\/sindromecharge.es\\\/index.php\\\/2021\\\/04\\\/23\\\/28-de-abril-dia-internacional-del-la-concienciacion-sobre-el-ruido\\\/#breadcrumb\",\"itemListElement\":[{\"@type\":\"ListItem\",\"position\":1,\"name\":\"Portada\",\"item\":\"https:\\\/\\\/sindromecharge.es\\\/\"},{\"@type\":\"ListItem\",\"position\":2,\"name\":\"28 de abril, D\u00eda Internacional del la Concienciaci\u00f3n sobre el Ruido\"}]},{\"@type\":\"WebSite\",\"@id\":\"https:\\\/\\\/sindromecharge.es\\\/#website\",\"url\":\"https:\\\/\\\/sindromecharge.es\\\/\",\"name\":\"Asociaci\u00f3n Espa\u00f1ola S\u00edndrome de Charge\",\"description\":\"\",\"potentialAction\":[{\"@type\":\"SearchAction\",\"target\":{\"@type\":\"EntryPoint\",\"urlTemplate\":\"https:\\\/\\\/sindromecharge.es\\\/?s={search_term_string}\"},\"query-input\":{\"@type\":\"PropertyValueSpecification\",\"valueRequired\":true,\"valueName\":\"search_term_string\"}}],\"inLanguage\":\"es\"},{\"@type\":\"Person\",\"@id\":\"https:\\\/\\\/sindromecharge.es\\\/#\\\/schema\\\/person\\\/39a60ebe0a2b4d5a11179701e336b039\",\"name\":\"Charge\",\"image\":{\"@type\":\"ImageObject\",\"inLanguage\":\"es\",\"@id\":\"https:\\\/\\\/secure.gravatar.com\\\/avatar\\\/c3b46e32a0fc3b093a0873fb767bf3293de856293065e84ef06b7ec7a8acfb98?s=96&d=identicon&r=x\",\"url\":\"https:\\\/\\\/secure.gravatar.com\\\/avatar\\\/c3b46e32a0fc3b093a0873fb767bf3293de856293065e84ef06b7ec7a8acfb98?s=96&d=identicon&r=x\",\"contentUrl\":\"https:\\\/\\\/secure.gravatar.com\\\/avatar\\\/c3b46e32a0fc3b093a0873fb767bf3293de856293065e84ef06b7ec7a8acfb98?s=96&d=identicon&r=x\",\"caption\":\"Charge\"},\"url\":\"https:\\\/\\\/sindromecharge.es\\\/index.php\\\/author\\\/admin\\\/\"}]}<\/script>\n<!-- \/ Yoast SEO plugin. -->","yoast_head_json":{"title":"28 de abril, D\u00eda Internacional del la Concienciaci\u00f3n sobre el Ruido - Asociaci\u00f3n Espa\u00f1ola S\u00edndrome de Charge","robots":{"index":"index","follow":"follow","max-snippet":"max-snippet:-1","max-image-preview":"max-image-preview:large","max-video-preview":"max-video-preview:-1"},"canonical":"https:\/\/sindromecharge.es\/index.php\/2021\/04\/23\/28-de-abril-dia-internacional-del-la-concienciacion-sobre-el-ruido\/","og_locale":"es_ES","og_type":"article","og_title":"28 de abril, D\u00eda Internacional del la Concienciaci\u00f3n sobre el Ruido - Asociaci\u00f3n Espa\u00f1ola S\u00edndrome de Charge","og_description":"Leemos en Federaci\u00f3n Aice la siguiente noticia que os reproducimos de forma \u00edntegra: Primer Informe de la Organiaci\u00f3n Mundial de la Salud sobre la Audici\u00f3n El d\u00eda internacional de concienciaci\u00f3n sobre el ruido es una campa\u00f1a que tiene lugar cada a\u00f1o el \u00faltimo mi\u00e9rcoles de abril desde 1996. La Federaci\u00f3n AICE, as\u00ed como todas sus [&hellip;]","og_url":"https:\/\/sindromecharge.es\/index.php\/2021\/04\/23\/28-de-abril-dia-internacional-del-la-concienciacion-sobre-el-ruido\/","og_site_name":"Asociaci\u00f3n Espa\u00f1ola S\u00edndrome de Charge","article_publisher":"https:\/\/www.facebook.com\/asociacionsindromecharge","article_published_time":"2021-04-23T07:41:55+00:00","og_image":[{"url":"http:\/\/implantecoclear.org\/templates\/ja_purity\/images\/pdf_button.png","type":"","width":"","height":""}],"author":"Charge","twitter_card":"summary_large_image","twitter_creator":"@sindromecharge","twitter_site":"@sindromecharge","twitter_misc":{"Escrito por":"Charge","Tiempo de lectura":"1 minuto"},"schema":{"@context":"https:\/\/schema.org","@graph":[{"@type":"Article","@id":"https:\/\/sindromecharge.es\/index.php\/2021\/04\/23\/28-de-abril-dia-internacional-del-la-concienciacion-sobre-el-ruido\/#article","isPartOf":{"@id":"https:\/\/sindromecharge.es\/index.php\/2021\/04\/23\/28-de-abril-dia-internacional-del-la-concienciacion-sobre-el-ruido\/"},"author":{"name":"Charge","@id":"https:\/\/sindromecharge.es\/#\/schema\/person\/39a60ebe0a2b4d5a11179701e336b039"},"headline":"28 de abril, D\u00eda Internacional del la Concienciaci\u00f3n sobre el Ruido","datePublished":"2021-04-23T07:41:55+00:00","mainEntityOfPage":{"@id":"https:\/\/sindromecharge.es\/index.php\/2021\/04\/23\/28-de-abril-dia-internacional-del-la-concienciacion-sobre-el-ruido\/"},"wordCount":284,"commentCount":0,"image":{"@id":"https:\/\/sindromecharge.es\/index.php\/2021\/04\/23\/28-de-abril-dia-internacional-del-la-concienciacion-sobre-el-ruido\/#primaryimage"},"thumbnailUrl":"http:\/\/implantecoclear.org\/templates\/ja_purity\/images\/pdf_button.png","keywords":["discapacidad"],"articleSection":["noticias"],"inLanguage":"es","potentialAction":[{"@type":"CommentAction","name":"Comment","target":["https:\/\/sindromecharge.es\/index.php\/2021\/04\/23\/28-de-abril-dia-internacional-del-la-concienciacion-sobre-el-ruido\/#respond"]}]},{"@type":"WebPage","@id":"https:\/\/sindromecharge.es\/index.php\/2021\/04\/23\/28-de-abril-dia-internacional-del-la-concienciacion-sobre-el-ruido\/","url":"https:\/\/sindromecharge.es\/index.php\/2021\/04\/23\/28-de-abril-dia-internacional-del-la-concienciacion-sobre-el-ruido\/","name":"28 de abril, D\u00eda Internacional del la Concienciaci\u00f3n sobre el Ruido - Asociaci\u00f3n Espa\u00f1ola S\u00edndrome de Charge","isPartOf":{"@id":"https:\/\/sindromecharge.es\/#website"},"primaryImageOfPage":{"@id":"https:\/\/sindromecharge.es\/index.php\/2021\/04\/23\/28-de-abril-dia-internacional-del-la-concienciacion-sobre-el-ruido\/#primaryimage"},"image":{"@id":"https:\/\/sindromecharge.es\/index.php\/2021\/04\/23\/28-de-abril-dia-internacional-del-la-concienciacion-sobre-el-ruido\/#primaryimage"},"thumbnailUrl":"http:\/\/implantecoclear.org\/templates\/ja_purity\/images\/pdf_button.png","datePublished":"2021-04-23T07:41:55+00:00","author":{"@id":"https:\/\/sindromecharge.es\/#\/schema\/person\/39a60ebe0a2b4d5a11179701e336b039"},"breadcrumb":{"@id":"https:\/\/sindromecharge.es\/index.php\/2021\/04\/23\/28-de-abril-dia-internacional-del-la-concienciacion-sobre-el-ruido\/#breadcrumb"},"inLanguage":"es","potentialAction":[{"@type":"ReadAction","target":["https:\/\/sindromecharge.es\/index.php\/2021\/04\/23\/28-de-abril-dia-internacional-del-la-concienciacion-sobre-el-ruido\/"]}]},{"@type":"ImageObject","inLanguage":"es","@id":"https:\/\/sindromecharge.es\/index.php\/2021\/04\/23\/28-de-abril-dia-internacional-del-la-concienciacion-sobre-el-ruido\/#primaryimage","url":"http:\/\/implantecoclear.org\/templates\/ja_purity\/images\/pdf_button.png","contentUrl":"http:\/\/implantecoclear.org\/templates\/ja_purity\/images\/pdf_button.png"},{"@type":"BreadcrumbList","@id":"https:\/\/sindromecharge.es\/index.php\/2021\/04\/23\/28-de-abril-dia-internacional-del-la-concienciacion-sobre-el-ruido\/#breadcrumb","itemListElement":[{"@type":"ListItem","position":1,"name":"Portada","item":"https:\/\/sindromecharge.es\/"},{"@type":"ListItem","position":2,"name":"28 de abril, D\u00eda Internacional del la Concienciaci\u00f3n sobre el Ruido"}]},{"@type":"WebSite","@id":"https:\/\/sindromecharge.es\/#website","url":"https:\/\/sindromecharge.es\/","name":"Asociaci\u00f3n Espa\u00f1ola S\u00edndrome de Charge","description":"","potentialAction":[{"@type":"SearchAction","target":{"@type":"EntryPoint","urlTemplate":"https:\/\/sindromecharge.es\/?s={search_term_string}"},"query-input":{"@type":"PropertyValueSpecification","valueRequired":true,"valueName":"search_term_string"}}],"inLanguage":"es"},{"@type":"Person","@id":"https:\/\/sindromecharge.es\/#\/schema\/person\/39a60ebe0a2b4d5a11179701e336b039","name":"Charge","image":{"@type":"ImageObject","inLanguage":"es","@id":"https:\/\/secure.gravatar.com\/avatar\/c3b46e32a0fc3b093a0873fb767bf3293de856293065e84ef06b7ec7a8acfb98?s=96&d=identicon&r=x","url":"https:\/\/secure.gravatar.com\/avatar\/c3b46e32a0fc3b093a0873fb767bf3293de856293065e84ef06b7ec7a8acfb98?s=96&d=identicon&r=x","contentUrl":"https:\/\/secure.gravatar.com\/avatar\/c3b46e32a0fc3b093a0873fb767bf3293de856293065e84ef06b7ec7a8acfb98?s=96&d=identicon&r=x","caption":"Charge"},"url":"https:\/\/sindromecharge.es\/index.php\/author\/admin\/"}]}},"_links":{"self":[{"href":"https:\/\/sindromecharge.es\/index.php\/wp-json\/wp\/v2\/posts\/7078","targetHints":{"allow":["GET"]}}],"collection":[{"href":"https:\/\/sindromecharge.es\/index.php\/wp-json\/wp\/v2\/posts"}],"about":[{"href":"https:\/\/sindromecharge.es\/index.php\/wp-json\/wp\/v2\/types\/post"}],"author":[{"embeddable":true,"href":"https:\/\/sindromecharge.es\/index.php\/wp-json\/wp\/v2\/users\/1"}],"replies":[{"embeddable":true,"href":"https:\/\/sindromecharge.es\/index.php\/wp-json\/wp\/v2\/comments?post=7078"}],"version-history":[{"count":0,"href":"https:\/\/sindromecharge.es\/index.php\/wp-json\/wp\/v2\/posts\/7078\/revisions"}],"wp:attachment":[{"href":"https:\/\/sindromecharge.es\/index.php\/wp-json\/wp\/v2\/media?parent=7078"}],"wp:term":[{"taxonomy":"category","embeddable":true,"href":"https:\/\/sindromecharge.es\/index.php\/wp-json\/wp\/v2\/categories?post=7078"},{"taxonomy":"post_tag","embeddable":true,"href":"https:\/\/sindromecharge.es\/index.php\/wp-json\/wp\/v2\/tags?post=7078"}],"curies":[{"name":"wp","href":"https:\/\/api.w.org\/{rel}","templated":true}]}}