{"id":7077,"date":"2021-04-22T13:03:38","date_gmt":"2021-04-22T13:03:38","guid":{"rendered":"https:\/\/sindromecharge.es\/index.php\/2021\/04\/22\/castilla-y-leon-cumple-un-mes-sin-fallecidos-de-residencias\/"},"modified":"2021-04-22T13:03:38","modified_gmt":"2021-04-22T13:03:38","slug":"castilla-y-leon-cumple-un-mes-sin-fallecidos-de-residencias","status":"publish","type":"post","link":"https:\/\/sindromecharge.es\/index.php\/2021\/04\/22\/castilla-y-leon-cumple-un-mes-sin-fallecidos-de-residencias\/","title":{"rendered":"Castilla y Le\u00f3n cumple un mes sin fallecidos de residencias"},"content":{"rendered":"<p>Leemos en 20minutos la siguiente noticia que os reproducimos de forma \u00edntegra: <\/p>\n<p>Se confirma as\u00ed la tendencia que se ha dado desde el pasado mes de enero de un pronunciado descenso en las cifras de fallecimientos en estos centros residenciales, en los que en los primeros doce meses de pandemia se contabilizaron 4.060 muertes -2.955 con COVID-19 confirmado y 1.105 con s\u00edntomas compatibles-.<\/p>\n<p>El \u00faltimo fallecido notificado en la estad\u00edstica de situaci\u00f3n del COVID-19 en residencias de mayores, centros de personas con discapacidad y viviendas tuteladas en Castilla y Le\u00f3n que ofrece la Junta, recogidos por Europa Press, data del pasado 22 de marzo, concretamente en el Complejo Asistencial Universitario de Le\u00f3n.<\/p>\n<p>El \u00faltimo fallecido en los propios centros se notific\u00f3 unos d\u00edas antes, el 17 de marzo.<\/p>\n<p>No obstante, las cifras de mortalidad en estos centros se hab\u00edan reducido notablemente ya desde primeros de enero, ya que hasta el 31 de diciembre de 2020 se hab\u00edan notificado 3.722 fallecimientos de internos en residencias entre casos de COVID-19 confirmado y casos con s\u00edntomas compatibles. En los tres primeros meses de 2021 la cifra ha sido de 338, todos ellos con positivo confirmado.<\/p>\n<p>Adem\u00e1s, con el paso de estos tres meses despu\u00e9s del inicio de la vacunaci\u00f3n a la poblaci\u00f3n residente a finales de diciembre 2020 la cifra se ha ido reduciendo paulatinamente hasta el punto de que en el mes de marzo solo se contabilizaron nueve muertes en estos centros, frente a los 157 registrados en febrero, lo que supuso un descenso del 94,2 por ciento.<\/p>\n<p>Si entre este jueves y el d\u00eda 30 de abril no se producen fallecimientos de residentes el balance del mes ser\u00e1 de cero muertes.<\/p>\n<p>La falta de diferenciaci\u00f3n de datos en las estad\u00edsticas de los primeros meses de la pandemia del coronavirus impide conocer exactamente si fue marzo o abril el que registr\u00f3 m\u00e1s muertes en este grupo de poblaci\u00f3n, pero en la suma de ambos se registraron 2.237, m\u00e1s de la mitad del total que se suma desde el 13 de marzo de 2020 entre personas con COVID-19 confirmados y s\u00edntomas compatibles.<\/p>\n<p>Fuente: 20minutos <a href=\"https:\/\/www.20minutos.es\/noticia\/4668915\/0\/castilla-y-leon-cumple-un-mes-sin-fallecidos-de-residencias\/\" target=\"_blank\" rel=\"noopener\">Castilla y Le\u00f3n cumple un mes sin fallecidos de residencias<\/a><\/p>\n","protected":false},"excerpt":{"rendered":"<p>Leemos en 20minutos la siguiente noticia que os reproducimos de forma \u00edntegra: Se confirma as\u00ed la tendencia que se ha dado desde el pasado mes de enero de un pronunciado descenso en las cifras de fallecimientos en estos centros residenciales, en los que en los primeros doce meses de pandemia se contabilizaron 4.060 muertes -2.955 [&hellip;]<\/p>\n","protected":false},"author":1,"featured_media":0,"comment_status":"open","ping_status":"closed","sticky":false,"template":"","format":"standard","meta":{"footnotes":""},"categories":[8],"tags":[31],"class_list":["post-7077","post","type-post","status-publish","format-standard","hentry","category-noticias","tag-discapacidad"],"yoast_head":"<!-- This site is optimized with the Yoast SEO plugin v27.5 - https:\/\/yoast.com\/product\/yoast-seo-wordpress\/ -->\n<title>Castilla y Le\u00f3n cumple un mes sin fallecidos de residencias - Asociaci\u00f3n Espa\u00f1ola S\u00edndrome de Charge<\/title>\n<meta name=\"robots\" content=\"index, follow, max-snippet:-1, max-image-preview:large, max-video-preview:-1\" \/>\n<link rel=\"canonical\" href=\"https:\/\/sindromecharge.es\/index.php\/2021\/04\/22\/castilla-y-leon-cumple-un-mes-sin-fallecidos-de-residencias\/\" \/>\n<meta property=\"og:locale\" content=\"es_ES\" \/>\n<meta property=\"og:type\" content=\"article\" \/>\n<meta property=\"og:title\" content=\"Castilla y Le\u00f3n cumple un mes sin fallecidos de residencias - Asociaci\u00f3n Espa\u00f1ola S\u00edndrome de Charge\" \/>\n<meta property=\"og:description\" content=\"Leemos en 20minutos la siguiente noticia que os reproducimos de forma \u00edntegra: Se confirma as\u00ed la tendencia que se ha dado desde el pasado mes de enero de un pronunciado descenso en las cifras de fallecimientos en estos centros residenciales, en los que en los primeros doce meses de pandemia se contabilizaron 4.060 muertes -2.955 [&hellip;]\" \/>\n<meta property=\"og:url\" content=\"https:\/\/sindromecharge.es\/index.php\/2021\/04\/22\/castilla-y-leon-cumple-un-mes-sin-fallecidos-de-residencias\/\" \/>\n<meta property=\"og:site_name\" content=\"Asociaci\u00f3n Espa\u00f1ola S\u00edndrome de Charge\" \/>\n<meta property=\"article:publisher\" content=\"https:\/\/www.facebook.com\/asociacionsindromecharge\" \/>\n<meta property=\"article:published_time\" content=\"2021-04-22T13:03:38+00:00\" \/>\n<meta property=\"og:image\" content=\"https:\/\/sindromecharge.es\/wp-content\/uploads\/2013\/09\/logodecharge300x98.png\" \/>\n\t<meta property=\"og:image:width\" content=\"300\" \/>\n\t<meta property=\"og:image:height\" content=\"98\" \/>\n\t<meta property=\"og:image:type\" content=\"image\/png\" \/>\n<meta name=\"author\" content=\"Charge\" \/>\n<meta name=\"twitter:card\" content=\"summary_large_image\" \/>\n<meta name=\"twitter:creator\" content=\"@sindromecharge\" \/>\n<meta name=\"twitter:site\" content=\"@sindromecharge\" \/>\n<meta name=\"twitter:label1\" content=\"Escrito por\" \/>\n\t<meta name=\"twitter:data1\" content=\"Charge\" \/>\n\t<meta name=\"twitter:label2\" content=\"Tiempo de lectura\" \/>\n\t<meta name=\"twitter:data2\" content=\"2 minutos\" \/>\n<script type=\"application\/ld+json\" class=\"yoast-schema-graph\">{\"@context\":\"https:\\\/\\\/schema.org\",\"@graph\":[{\"@type\":\"Article\",\"@id\":\"https:\\\/\\\/sindromecharge.es\\\/index.php\\\/2021\\\/04\\\/22\\\/castilla-y-leon-cumple-un-mes-sin-fallecidos-de-residencias\\\/#article\",\"isPartOf\":{\"@id\":\"https:\\\/\\\/sindromecharge.es\\\/index.php\\\/2021\\\/04\\\/22\\\/castilla-y-leon-cumple-un-mes-sin-fallecidos-de-residencias\\\/\"},\"author\":{\"name\":\"Charge\",\"@id\":\"https:\\\/\\\/sindromecharge.es\\\/#\\\/schema\\\/person\\\/39a60ebe0a2b4d5a11179701e336b039\"},\"headline\":\"Castilla y Le\u00f3n cumple un mes sin fallecidos de residencias\",\"datePublished\":\"2021-04-22T13:03:38+00:00\",\"mainEntityOfPage\":{\"@id\":\"https:\\\/\\\/sindromecharge.es\\\/index.php\\\/2021\\\/04\\\/22\\\/castilla-y-leon-cumple-un-mes-sin-fallecidos-de-residencias\\\/\"},\"wordCount\":377,\"commentCount\":0,\"keywords\":[\"discapacidad\"],\"articleSection\":[\"noticias\"],\"inLanguage\":\"es\",\"potentialAction\":[{\"@type\":\"CommentAction\",\"name\":\"Comment\",\"target\":[\"https:\\\/\\\/sindromecharge.es\\\/index.php\\\/2021\\\/04\\\/22\\\/castilla-y-leon-cumple-un-mes-sin-fallecidos-de-residencias\\\/#respond\"]}]},{\"@type\":\"WebPage\",\"@id\":\"https:\\\/\\\/sindromecharge.es\\\/index.php\\\/2021\\\/04\\\/22\\\/castilla-y-leon-cumple-un-mes-sin-fallecidos-de-residencias\\\/\",\"url\":\"https:\\\/\\\/sindromecharge.es\\\/index.php\\\/2021\\\/04\\\/22\\\/castilla-y-leon-cumple-un-mes-sin-fallecidos-de-residencias\\\/\",\"name\":\"Castilla y Le\u00f3n cumple un mes sin fallecidos de residencias - Asociaci\u00f3n Espa\u00f1ola S\u00edndrome de Charge\",\"isPartOf\":{\"@id\":\"https:\\\/\\\/sindromecharge.es\\\/#website\"},\"datePublished\":\"2021-04-22T13:03:38+00:00\",\"author\":{\"@id\":\"https:\\\/\\\/sindromecharge.es\\\/#\\\/schema\\\/person\\\/39a60ebe0a2b4d5a11179701e336b039\"},\"breadcrumb\":{\"@id\":\"https:\\\/\\\/sindromecharge.es\\\/index.php\\\/2021\\\/04\\\/22\\\/castilla-y-leon-cumple-un-mes-sin-fallecidos-de-residencias\\\/#breadcrumb\"},\"inLanguage\":\"es\",\"potentialAction\":[{\"@type\":\"ReadAction\",\"target\":[\"https:\\\/\\\/sindromecharge.es\\\/index.php\\\/2021\\\/04\\\/22\\\/castilla-y-leon-cumple-un-mes-sin-fallecidos-de-residencias\\\/\"]}]},{\"@type\":\"BreadcrumbList\",\"@id\":\"https:\\\/\\\/sindromecharge.es\\\/index.php\\\/2021\\\/04\\\/22\\\/castilla-y-leon-cumple-un-mes-sin-fallecidos-de-residencias\\\/#breadcrumb\",\"itemListElement\":[{\"@type\":\"ListItem\",\"position\":1,\"name\":\"Portada\",\"item\":\"https:\\\/\\\/sindromecharge.es\\\/\"},{\"@type\":\"ListItem\",\"position\":2,\"name\":\"Castilla y Le\u00f3n cumple un mes sin fallecidos de residencias\"}]},{\"@type\":\"WebSite\",\"@id\":\"https:\\\/\\\/sindromecharge.es\\\/#website\",\"url\":\"https:\\\/\\\/sindromecharge.es\\\/\",\"name\":\"Asociaci\u00f3n Espa\u00f1ola S\u00edndrome de Charge\",\"description\":\"\",\"potentialAction\":[{\"@type\":\"SearchAction\",\"target\":{\"@type\":\"EntryPoint\",\"urlTemplate\":\"https:\\\/\\\/sindromecharge.es\\\/?s={search_term_string}\"},\"query-input\":{\"@type\":\"PropertyValueSpecification\",\"valueRequired\":true,\"valueName\":\"search_term_string\"}}],\"inLanguage\":\"es\"},{\"@type\":\"Person\",\"@id\":\"https:\\\/\\\/sindromecharge.es\\\/#\\\/schema\\\/person\\\/39a60ebe0a2b4d5a11179701e336b039\",\"name\":\"Charge\",\"image\":{\"@type\":\"ImageObject\",\"inLanguage\":\"es\",\"@id\":\"https:\\\/\\\/secure.gravatar.com\\\/avatar\\\/c3b46e32a0fc3b093a0873fb767bf3293de856293065e84ef06b7ec7a8acfb98?s=96&d=identicon&r=x\",\"url\":\"https:\\\/\\\/secure.gravatar.com\\\/avatar\\\/c3b46e32a0fc3b093a0873fb767bf3293de856293065e84ef06b7ec7a8acfb98?s=96&d=identicon&r=x\",\"contentUrl\":\"https:\\\/\\\/secure.gravatar.com\\\/avatar\\\/c3b46e32a0fc3b093a0873fb767bf3293de856293065e84ef06b7ec7a8acfb98?s=96&d=identicon&r=x\",\"caption\":\"Charge\"},\"url\":\"https:\\\/\\\/sindromecharge.es\\\/index.php\\\/author\\\/admin\\\/\"}]}<\/script>\n<!-- \/ Yoast SEO plugin. -->","yoast_head_json":{"title":"Castilla y Le\u00f3n cumple un mes sin fallecidos de residencias - Asociaci\u00f3n Espa\u00f1ola S\u00edndrome de Charge","robots":{"index":"index","follow":"follow","max-snippet":"max-snippet:-1","max-image-preview":"max-image-preview:large","max-video-preview":"max-video-preview:-1"},"canonical":"https:\/\/sindromecharge.es\/index.php\/2021\/04\/22\/castilla-y-leon-cumple-un-mes-sin-fallecidos-de-residencias\/","og_locale":"es_ES","og_type":"article","og_title":"Castilla y Le\u00f3n cumple un mes sin fallecidos de residencias - Asociaci\u00f3n Espa\u00f1ola S\u00edndrome de Charge","og_description":"Leemos en 20minutos la siguiente noticia que os reproducimos de forma \u00edntegra: Se confirma as\u00ed la tendencia que se ha dado desde el pasado mes de enero de un pronunciado descenso en las cifras de fallecimientos en estos centros residenciales, en los que en los primeros doce meses de pandemia se contabilizaron 4.060 muertes -2.955 [&hellip;]","og_url":"https:\/\/sindromecharge.es\/index.php\/2021\/04\/22\/castilla-y-leon-cumple-un-mes-sin-fallecidos-de-residencias\/","og_site_name":"Asociaci\u00f3n Espa\u00f1ola S\u00edndrome de Charge","article_publisher":"https:\/\/www.facebook.com\/asociacionsindromecharge","article_published_time":"2021-04-22T13:03:38+00:00","og_image":[{"width":300,"height":98,"url":"https:\/\/sindromecharge.es\/wp-content\/uploads\/2013\/09\/logodecharge300x98.png","type":"image\/png"}],"author":"Charge","twitter_card":"summary_large_image","twitter_creator":"@sindromecharge","twitter_site":"@sindromecharge","twitter_misc":{"Escrito por":"Charge","Tiempo de lectura":"2 minutos"},"schema":{"@context":"https:\/\/schema.org","@graph":[{"@type":"Article","@id":"https:\/\/sindromecharge.es\/index.php\/2021\/04\/22\/castilla-y-leon-cumple-un-mes-sin-fallecidos-de-residencias\/#article","isPartOf":{"@id":"https:\/\/sindromecharge.es\/index.php\/2021\/04\/22\/castilla-y-leon-cumple-un-mes-sin-fallecidos-de-residencias\/"},"author":{"name":"Charge","@id":"https:\/\/sindromecharge.es\/#\/schema\/person\/39a60ebe0a2b4d5a11179701e336b039"},"headline":"Castilla y Le\u00f3n cumple un mes sin fallecidos de residencias","datePublished":"2021-04-22T13:03:38+00:00","mainEntityOfPage":{"@id":"https:\/\/sindromecharge.es\/index.php\/2021\/04\/22\/castilla-y-leon-cumple-un-mes-sin-fallecidos-de-residencias\/"},"wordCount":377,"commentCount":0,"keywords":["discapacidad"],"articleSection":["noticias"],"inLanguage":"es","potentialAction":[{"@type":"CommentAction","name":"Comment","target":["https:\/\/sindromecharge.es\/index.php\/2021\/04\/22\/castilla-y-leon-cumple-un-mes-sin-fallecidos-de-residencias\/#respond"]}]},{"@type":"WebPage","@id":"https:\/\/sindromecharge.es\/index.php\/2021\/04\/22\/castilla-y-leon-cumple-un-mes-sin-fallecidos-de-residencias\/","url":"https:\/\/sindromecharge.es\/index.php\/2021\/04\/22\/castilla-y-leon-cumple-un-mes-sin-fallecidos-de-residencias\/","name":"Castilla y Le\u00f3n cumple un mes sin fallecidos de residencias - Asociaci\u00f3n Espa\u00f1ola S\u00edndrome de Charge","isPartOf":{"@id":"https:\/\/sindromecharge.es\/#website"},"datePublished":"2021-04-22T13:03:38+00:00","author":{"@id":"https:\/\/sindromecharge.es\/#\/schema\/person\/39a60ebe0a2b4d5a11179701e336b039"},"breadcrumb":{"@id":"https:\/\/sindromecharge.es\/index.php\/2021\/04\/22\/castilla-y-leon-cumple-un-mes-sin-fallecidos-de-residencias\/#breadcrumb"},"inLanguage":"es","potentialAction":[{"@type":"ReadAction","target":["https:\/\/sindromecharge.es\/index.php\/2021\/04\/22\/castilla-y-leon-cumple-un-mes-sin-fallecidos-de-residencias\/"]}]},{"@type":"BreadcrumbList","@id":"https:\/\/sindromecharge.es\/index.php\/2021\/04\/22\/castilla-y-leon-cumple-un-mes-sin-fallecidos-de-residencias\/#breadcrumb","itemListElement":[{"@type":"ListItem","position":1,"name":"Portada","item":"https:\/\/sindromecharge.es\/"},{"@type":"ListItem","position":2,"name":"Castilla y Le\u00f3n cumple un mes sin fallecidos de residencias"}]},{"@type":"WebSite","@id":"https:\/\/sindromecharge.es\/#website","url":"https:\/\/sindromecharge.es\/","name":"Asociaci\u00f3n Espa\u00f1ola S\u00edndrome de Charge","description":"","potentialAction":[{"@type":"SearchAction","target":{"@type":"EntryPoint","urlTemplate":"https:\/\/sindromecharge.es\/?s={search_term_string}"},"query-input":{"@type":"PropertyValueSpecification","valueRequired":true,"valueName":"search_term_string"}}],"inLanguage":"es"},{"@type":"Person","@id":"https:\/\/sindromecharge.es\/#\/schema\/person\/39a60ebe0a2b4d5a11179701e336b039","name":"Charge","image":{"@type":"ImageObject","inLanguage":"es","@id":"https:\/\/secure.gravatar.com\/avatar\/c3b46e32a0fc3b093a0873fb767bf3293de856293065e84ef06b7ec7a8acfb98?s=96&d=identicon&r=x","url":"https:\/\/secure.gravatar.com\/avatar\/c3b46e32a0fc3b093a0873fb767bf3293de856293065e84ef06b7ec7a8acfb98?s=96&d=identicon&r=x","contentUrl":"https:\/\/secure.gravatar.com\/avatar\/c3b46e32a0fc3b093a0873fb767bf3293de856293065e84ef06b7ec7a8acfb98?s=96&d=identicon&r=x","caption":"Charge"},"url":"https:\/\/sindromecharge.es\/index.php\/author\/admin\/"}]}},"_links":{"self":[{"href":"https:\/\/sindromecharge.es\/index.php\/wp-json\/wp\/v2\/posts\/7077","targetHints":{"allow":["GET"]}}],"collection":[{"href":"https:\/\/sindromecharge.es\/index.php\/wp-json\/wp\/v2\/posts"}],"about":[{"href":"https:\/\/sindromecharge.es\/index.php\/wp-json\/wp\/v2\/types\/post"}],"author":[{"embeddable":true,"href":"https:\/\/sindromecharge.es\/index.php\/wp-json\/wp\/v2\/users\/1"}],"replies":[{"embeddable":true,"href":"https:\/\/sindromecharge.es\/index.php\/wp-json\/wp\/v2\/comments?post=7077"}],"version-history":[{"count":0,"href":"https:\/\/sindromecharge.es\/index.php\/wp-json\/wp\/v2\/posts\/7077\/revisions"}],"wp:attachment":[{"href":"https:\/\/sindromecharge.es\/index.php\/wp-json\/wp\/v2\/media?parent=7077"}],"wp:term":[{"taxonomy":"category","embeddable":true,"href":"https:\/\/sindromecharge.es\/index.php\/wp-json\/wp\/v2\/categories?post=7077"},{"taxonomy":"post_tag","embeddable":true,"href":"https:\/\/sindromecharge.es\/index.php\/wp-json\/wp\/v2\/tags?post=7077"}],"curies":[{"name":"wp","href":"https:\/\/api.w.org\/{rel}","templated":true}]}}