{"id":7076,"date":"2021-04-22T12:19:30","date_gmt":"2021-04-22T12:19:30","guid":{"rendered":"https:\/\/sindromecharge.es\/index.php\/2021\/04\/22\/junta-y-apamex-suscriben-un-convenio-para-adaptar-puestos-de-trabajo-de-los-empleados-publicos-con-discapacidad-fisica\/"},"modified":"2021-04-22T12:19:30","modified_gmt":"2021-04-22T12:19:30","slug":"junta-y-apamex-suscriben-un-convenio-para-adaptar-puestos-de-trabajo-de-los-empleados-publicos-con-discapacidad-fisica","status":"publish","type":"post","link":"https:\/\/sindromecharge.es\/index.php\/2021\/04\/22\/junta-y-apamex-suscriben-un-convenio-para-adaptar-puestos-de-trabajo-de-los-empleados-publicos-con-discapacidad-fisica\/","title":{"rendered":"Junta y Apamex suscriben un convenio para adaptar puestos de trabajo de los empleados p\u00fablicos con discapacidad f\u00edsica"},"content":{"rendered":"<p>Leemos en 20minutos la siguiente noticia que os reproducimos de forma \u00edntegra: <\/p>\n<p>El convenio, que tiene una duraci\u00f3n de cuatro a\u00f1os, ha sido firmado por la vicepresidenta primera y consejera de Hacienda y Administraci\u00f3n P\u00fablica, Pilar Blanco-Morales; el vicepresidente segundo y consejero de Sanidad y Servicios Sociales, Jos\u00e9 Mar\u00eda Vergeles Blanca; la consejera de Educaci\u00f3n y Empleo, Esther Guti\u00e9rrez Mor\u00e1n, y el presidente de Apamex, Jes\u00fas Gumiel Barrag\u00e1n.<\/p>\n<p>El acuerdo, que desarrolla la Ley de Accesibilidad Universal de Extremadura, pretende garantizar el derecho de los empleados p\u00fablicos a desempe\u00f1ar sus funciones en condiciones de salud y seguridad laboral, por lo que su principal objetivo es atender las necesidades en materia de adaptaci\u00f3n de este colectivo.<\/p>\n<p>La vicepresidencia primera y consejer\u00eda de Hacienda y Administraci\u00f3n P\u00fablica de la Junta, a trav\u00e9s de la Direcci\u00f3n General de Funci\u00f3n P\u00fablica, facilitar\u00e1 a Apamex una relaci\u00f3n de las categor\u00edas profesionales en las que resulta m\u00e1s urgente la intervenci\u00f3n, con determinaci\u00f3n del orden prioritario, as\u00ed como el calendario de actuaciones y las adaptaciones necesarias en los puestos de trabajo y su entorno, para que elabore un protocolo de actuaci\u00f3n.<\/p>\n<p>Para ello, se adecuar\u00e1 el mobiliario, \u00fatiles, herramientas, maquinaria e instalaciones, as\u00ed como los espacios y servicios a los que deban tener acceso estos trabajadores, explica en nota de prensa la Junta de Extremadura.<\/p>\n<p>MEDIDAS<\/p>\n<p>La Consejer\u00eda de Educaci\u00f3n y Empleo aportar\u00e1 el asesoramiento t\u00e9cnico espec\u00edfico para la adaptaci\u00f3n de los puestos de trabajo en los aspectos relacionados con las condiciones exigibles en materia de trabajo y prevenci\u00f3n de riesgos laborales.<\/p>\n<p>Asimismo, la Consejer\u00eda de Sanidad y Servicios Sociales promover\u00e1 las actuaciones necesarias para la ejecuci\u00f3n de ese protocolo de actuaci\u00f3n, mediante el asesoramiento para el cumplimiento de las condiciones de accesibilidad universal en los entornos en los que se desarrollen las actuaciones.<\/p>\n<p>Tambi\u00e9n podr\u00e1 proponer y recabar la colaboraci\u00f3n y asesoramiento de otras asociaciones de personas con discapacidad cuando la naturaleza de las actuaciones as\u00ed lo demanden.<\/p>\n<p>Asimismo, Apamex colaborar\u00e1 en jornadas, seminarios, actividades de sensibilizaci\u00f3n y en cualquier tema relacionado con la difusi\u00f3n de las medidas a adoptar para la adaptaci\u00f3n de puestos de trabajo de personas con discapacidad.<\/p>\n<p>El convenio tambi\u00e9n se aplicar\u00e1 a los aspirantes de los procesos selectivos que accedan por el turno de discapacidad y precisen tras la acreditaci\u00f3n de la capacidad funcional de una adaptaci\u00f3n del puesto.<\/p>\n<p>Este acuerdo permite avanzar en la accesibilidad universal de la Administraci\u00f3n auton\u00f3mica y da continuidad al convenio firmado en octubre del 2017, a trav\u00e9s del cual se realizaron los estudios ergon\u00f3micos de las categor\u00edas profesionales de Auxiliar de Enfermer\u00eda en residencias de mayores y de Camarero-Limpiador.<\/p>\n<p>De igual modo, este convenio establece una l\u00ednea de trabajo coordinada y transversal entre las direcciones generales de Accesibilidad y Centros, de Trabajo y de Funci\u00f3n P\u00fablica, el SEPAD y Apamex para una inserci\u00f3n laboral plena en el \u00e1mbito del empleo p\u00fablico y que elimine las barreras y dificultades a las que se enfrenta esta colectivo.<\/p>\n<p>Fuente: 20minutos <a href=\"https:\/\/www.20minutos.es\/noticia\/4668770\/0\/junta-y-apamex-suscriben-un-convenio-para-adaptar-puestos-de-trabajo-de-los-empleados-publicos-con-discapacidad-fisica\/\" target=\"_blank\" rel=\"noopener\">Junta y Apamex suscriben un convenio para adaptar puestos de trabajo de los empleados p\u00fablicos con discapacidad f\u00edsica<\/a><\/p>\n","protected":false},"excerpt":{"rendered":"<p>Leemos en 20minutos la siguiente noticia que os reproducimos de forma \u00edntegra: El convenio, que tiene una duraci\u00f3n de cuatro a\u00f1os, ha sido firmado por la vicepresidenta primera y consejera de Hacienda y Administraci\u00f3n P\u00fablica, Pilar Blanco-Morales; el vicepresidente segundo y consejero de Sanidad y Servicios Sociales, Jos\u00e9 Mar\u00eda Vergeles Blanca; la consejera de Educaci\u00f3n [&hellip;]<\/p>\n","protected":false},"author":1,"featured_media":0,"comment_status":"open","ping_status":"closed","sticky":false,"template":"","format":"standard","meta":{"footnotes":""},"categories":[8],"tags":[31],"class_list":["post-7076","post","type-post","status-publish","format-standard","hentry","category-noticias","tag-discapacidad"],"yoast_head":"<!-- This site is optimized with the Yoast SEO plugin v27.5 - https:\/\/yoast.com\/product\/yoast-seo-wordpress\/ -->\n<title>Junta y Apamex suscriben un convenio para adaptar puestos de trabajo de los empleados p\u00fablicos con discapacidad f\u00edsica - Asociaci\u00f3n Espa\u00f1ola S\u00edndrome de Charge<\/title>\n<meta name=\"robots\" content=\"index, follow, max-snippet:-1, max-image-preview:large, max-video-preview:-1\" \/>\n<link rel=\"canonical\" href=\"https:\/\/sindromecharge.es\/index.php\/2021\/04\/22\/junta-y-apamex-suscriben-un-convenio-para-adaptar-puestos-de-trabajo-de-los-empleados-publicos-con-discapacidad-fisica\/\" \/>\n<meta property=\"og:locale\" content=\"es_ES\" \/>\n<meta property=\"og:type\" content=\"article\" \/>\n<meta property=\"og:title\" content=\"Junta y Apamex suscriben un convenio para adaptar puestos de trabajo de los empleados p\u00fablicos con discapacidad f\u00edsica - Asociaci\u00f3n Espa\u00f1ola S\u00edndrome de Charge\" \/>\n<meta property=\"og:description\" content=\"Leemos en 20minutos la siguiente noticia que os reproducimos de forma \u00edntegra: El convenio, que tiene una duraci\u00f3n de cuatro a\u00f1os, ha sido firmado por la vicepresidenta primera y consejera de Hacienda y Administraci\u00f3n P\u00fablica, Pilar Blanco-Morales; el vicepresidente segundo y consejero de Sanidad y Servicios Sociales, Jos\u00e9 Mar\u00eda Vergeles Blanca; la consejera de Educaci\u00f3n [&hellip;]\" \/>\n<meta property=\"og:url\" content=\"https:\/\/sindromecharge.es\/index.php\/2021\/04\/22\/junta-y-apamex-suscriben-un-convenio-para-adaptar-puestos-de-trabajo-de-los-empleados-publicos-con-discapacidad-fisica\/\" \/>\n<meta property=\"og:site_name\" content=\"Asociaci\u00f3n Espa\u00f1ola S\u00edndrome de Charge\" \/>\n<meta property=\"article:publisher\" content=\"https:\/\/www.facebook.com\/asociacionsindromecharge\" \/>\n<meta property=\"article:published_time\" content=\"2021-04-22T12:19:30+00:00\" \/>\n<meta property=\"og:image\" content=\"https:\/\/sindromecharge.es\/wp-content\/uploads\/2013\/09\/logodecharge300x98.png\" \/>\n\t<meta property=\"og:image:width\" content=\"300\" \/>\n\t<meta property=\"og:image:height\" content=\"98\" \/>\n\t<meta property=\"og:image:type\" content=\"image\/png\" \/>\n<meta name=\"author\" content=\"Charge\" \/>\n<meta name=\"twitter:card\" content=\"summary_large_image\" \/>\n<meta name=\"twitter:creator\" content=\"@sindromecharge\" \/>\n<meta name=\"twitter:site\" content=\"@sindromecharge\" \/>\n<meta name=\"twitter:label1\" content=\"Escrito por\" \/>\n\t<meta name=\"twitter:data1\" content=\"Charge\" \/>\n\t<meta name=\"twitter:label2\" content=\"Tiempo de lectura\" \/>\n\t<meta name=\"twitter:data2\" content=\"3 minutos\" \/>\n<script type=\"application\/ld+json\" class=\"yoast-schema-graph\">{\"@context\":\"https:\\\/\\\/schema.org\",\"@graph\":[{\"@type\":\"Article\",\"@id\":\"https:\\\/\\\/sindromecharge.es\\\/index.php\\\/2021\\\/04\\\/22\\\/junta-y-apamex-suscriben-un-convenio-para-adaptar-puestos-de-trabajo-de-los-empleados-publicos-con-discapacidad-fisica\\\/#article\",\"isPartOf\":{\"@id\":\"https:\\\/\\\/sindromecharge.es\\\/index.php\\\/2021\\\/04\\\/22\\\/junta-y-apamex-suscriben-un-convenio-para-adaptar-puestos-de-trabajo-de-los-empleados-publicos-con-discapacidad-fisica\\\/\"},\"author\":{\"name\":\"Charge\",\"@id\":\"https:\\\/\\\/sindromecharge.es\\\/#\\\/schema\\\/person\\\/39a60ebe0a2b4d5a11179701e336b039\"},\"headline\":\"Junta y Apamex suscriben un convenio para adaptar puestos de trabajo de los empleados p\u00fablicos con discapacidad f\u00edsica\",\"datePublished\":\"2021-04-22T12:19:30+00:00\",\"mainEntityOfPage\":{\"@id\":\"https:\\\/\\\/sindromecharge.es\\\/index.php\\\/2021\\\/04\\\/22\\\/junta-y-apamex-suscriben-un-convenio-para-adaptar-puestos-de-trabajo-de-los-empleados-publicos-con-discapacidad-fisica\\\/\"},\"wordCount\":585,\"commentCount\":0,\"keywords\":[\"discapacidad\"],\"articleSection\":[\"noticias\"],\"inLanguage\":\"es\",\"potentialAction\":[{\"@type\":\"CommentAction\",\"name\":\"Comment\",\"target\":[\"https:\\\/\\\/sindromecharge.es\\\/index.php\\\/2021\\\/04\\\/22\\\/junta-y-apamex-suscriben-un-convenio-para-adaptar-puestos-de-trabajo-de-los-empleados-publicos-con-discapacidad-fisica\\\/#respond\"]}]},{\"@type\":\"WebPage\",\"@id\":\"https:\\\/\\\/sindromecharge.es\\\/index.php\\\/2021\\\/04\\\/22\\\/junta-y-apamex-suscriben-un-convenio-para-adaptar-puestos-de-trabajo-de-los-empleados-publicos-con-discapacidad-fisica\\\/\",\"url\":\"https:\\\/\\\/sindromecharge.es\\\/index.php\\\/2021\\\/04\\\/22\\\/junta-y-apamex-suscriben-un-convenio-para-adaptar-puestos-de-trabajo-de-los-empleados-publicos-con-discapacidad-fisica\\\/\",\"name\":\"Junta y Apamex suscriben un convenio para adaptar puestos de trabajo de los empleados p\u00fablicos con discapacidad f\u00edsica - Asociaci\u00f3n Espa\u00f1ola S\u00edndrome de Charge\",\"isPartOf\":{\"@id\":\"https:\\\/\\\/sindromecharge.es\\\/#website\"},\"datePublished\":\"2021-04-22T12:19:30+00:00\",\"author\":{\"@id\":\"https:\\\/\\\/sindromecharge.es\\\/#\\\/schema\\\/person\\\/39a60ebe0a2b4d5a11179701e336b039\"},\"breadcrumb\":{\"@id\":\"https:\\\/\\\/sindromecharge.es\\\/index.php\\\/2021\\\/04\\\/22\\\/junta-y-apamex-suscriben-un-convenio-para-adaptar-puestos-de-trabajo-de-los-empleados-publicos-con-discapacidad-fisica\\\/#breadcrumb\"},\"inLanguage\":\"es\",\"potentialAction\":[{\"@type\":\"ReadAction\",\"target\":[\"https:\\\/\\\/sindromecharge.es\\\/index.php\\\/2021\\\/04\\\/22\\\/junta-y-apamex-suscriben-un-convenio-para-adaptar-puestos-de-trabajo-de-los-empleados-publicos-con-discapacidad-fisica\\\/\"]}]},{\"@type\":\"BreadcrumbList\",\"@id\":\"https:\\\/\\\/sindromecharge.es\\\/index.php\\\/2021\\\/04\\\/22\\\/junta-y-apamex-suscriben-un-convenio-para-adaptar-puestos-de-trabajo-de-los-empleados-publicos-con-discapacidad-fisica\\\/#breadcrumb\",\"itemListElement\":[{\"@type\":\"ListItem\",\"position\":1,\"name\":\"Portada\",\"item\":\"https:\\\/\\\/sindromecharge.es\\\/\"},{\"@type\":\"ListItem\",\"position\":2,\"name\":\"Junta y Apamex suscriben un convenio para adaptar puestos de trabajo de los empleados p\u00fablicos con discapacidad f\u00edsica\"}]},{\"@type\":\"WebSite\",\"@id\":\"https:\\\/\\\/sindromecharge.es\\\/#website\",\"url\":\"https:\\\/\\\/sindromecharge.es\\\/\",\"name\":\"Asociaci\u00f3n Espa\u00f1ola S\u00edndrome de Charge\",\"description\":\"\",\"potentialAction\":[{\"@type\":\"SearchAction\",\"target\":{\"@type\":\"EntryPoint\",\"urlTemplate\":\"https:\\\/\\\/sindromecharge.es\\\/?s={search_term_string}\"},\"query-input\":{\"@type\":\"PropertyValueSpecification\",\"valueRequired\":true,\"valueName\":\"search_term_string\"}}],\"inLanguage\":\"es\"},{\"@type\":\"Person\",\"@id\":\"https:\\\/\\\/sindromecharge.es\\\/#\\\/schema\\\/person\\\/39a60ebe0a2b4d5a11179701e336b039\",\"name\":\"Charge\",\"image\":{\"@type\":\"ImageObject\",\"inLanguage\":\"es\",\"@id\":\"https:\\\/\\\/secure.gravatar.com\\\/avatar\\\/c3b46e32a0fc3b093a0873fb767bf3293de856293065e84ef06b7ec7a8acfb98?s=96&d=identicon&r=x\",\"url\":\"https:\\\/\\\/secure.gravatar.com\\\/avatar\\\/c3b46e32a0fc3b093a0873fb767bf3293de856293065e84ef06b7ec7a8acfb98?s=96&d=identicon&r=x\",\"contentUrl\":\"https:\\\/\\\/secure.gravatar.com\\\/avatar\\\/c3b46e32a0fc3b093a0873fb767bf3293de856293065e84ef06b7ec7a8acfb98?s=96&d=identicon&r=x\",\"caption\":\"Charge\"},\"url\":\"https:\\\/\\\/sindromecharge.es\\\/index.php\\\/author\\\/admin\\\/\"}]}<\/script>\n<!-- \/ Yoast SEO plugin. -->","yoast_head_json":{"title":"Junta y Apamex suscriben un convenio para adaptar puestos de trabajo de los empleados p\u00fablicos con discapacidad f\u00edsica - Asociaci\u00f3n Espa\u00f1ola S\u00edndrome de Charge","robots":{"index":"index","follow":"follow","max-snippet":"max-snippet:-1","max-image-preview":"max-image-preview:large","max-video-preview":"max-video-preview:-1"},"canonical":"https:\/\/sindromecharge.es\/index.php\/2021\/04\/22\/junta-y-apamex-suscriben-un-convenio-para-adaptar-puestos-de-trabajo-de-los-empleados-publicos-con-discapacidad-fisica\/","og_locale":"es_ES","og_type":"article","og_title":"Junta y Apamex suscriben un convenio para adaptar puestos de trabajo de los empleados p\u00fablicos con discapacidad f\u00edsica - Asociaci\u00f3n Espa\u00f1ola S\u00edndrome de Charge","og_description":"Leemos en 20minutos la siguiente noticia que os reproducimos de forma \u00edntegra: El convenio, que tiene una duraci\u00f3n de cuatro a\u00f1os, ha sido firmado por la vicepresidenta primera y consejera de Hacienda y Administraci\u00f3n P\u00fablica, Pilar Blanco-Morales; el vicepresidente segundo y consejero de Sanidad y Servicios Sociales, Jos\u00e9 Mar\u00eda Vergeles Blanca; la consejera de Educaci\u00f3n [&hellip;]","og_url":"https:\/\/sindromecharge.es\/index.php\/2021\/04\/22\/junta-y-apamex-suscriben-un-convenio-para-adaptar-puestos-de-trabajo-de-los-empleados-publicos-con-discapacidad-fisica\/","og_site_name":"Asociaci\u00f3n Espa\u00f1ola S\u00edndrome de Charge","article_publisher":"https:\/\/www.facebook.com\/asociacionsindromecharge","article_published_time":"2021-04-22T12:19:30+00:00","og_image":[{"width":300,"height":98,"url":"https:\/\/sindromecharge.es\/wp-content\/uploads\/2013\/09\/logodecharge300x98.png","type":"image\/png"}],"author":"Charge","twitter_card":"summary_large_image","twitter_creator":"@sindromecharge","twitter_site":"@sindromecharge","twitter_misc":{"Escrito por":"Charge","Tiempo de lectura":"3 minutos"},"schema":{"@context":"https:\/\/schema.org","@graph":[{"@type":"Article","@id":"https:\/\/sindromecharge.es\/index.php\/2021\/04\/22\/junta-y-apamex-suscriben-un-convenio-para-adaptar-puestos-de-trabajo-de-los-empleados-publicos-con-discapacidad-fisica\/#article","isPartOf":{"@id":"https:\/\/sindromecharge.es\/index.php\/2021\/04\/22\/junta-y-apamex-suscriben-un-convenio-para-adaptar-puestos-de-trabajo-de-los-empleados-publicos-con-discapacidad-fisica\/"},"author":{"name":"Charge","@id":"https:\/\/sindromecharge.es\/#\/schema\/person\/39a60ebe0a2b4d5a11179701e336b039"},"headline":"Junta y Apamex suscriben un convenio para adaptar puestos de trabajo de los empleados p\u00fablicos con discapacidad f\u00edsica","datePublished":"2021-04-22T12:19:30+00:00","mainEntityOfPage":{"@id":"https:\/\/sindromecharge.es\/index.php\/2021\/04\/22\/junta-y-apamex-suscriben-un-convenio-para-adaptar-puestos-de-trabajo-de-los-empleados-publicos-con-discapacidad-fisica\/"},"wordCount":585,"commentCount":0,"keywords":["discapacidad"],"articleSection":["noticias"],"inLanguage":"es","potentialAction":[{"@type":"CommentAction","name":"Comment","target":["https:\/\/sindromecharge.es\/index.php\/2021\/04\/22\/junta-y-apamex-suscriben-un-convenio-para-adaptar-puestos-de-trabajo-de-los-empleados-publicos-con-discapacidad-fisica\/#respond"]}]},{"@type":"WebPage","@id":"https:\/\/sindromecharge.es\/index.php\/2021\/04\/22\/junta-y-apamex-suscriben-un-convenio-para-adaptar-puestos-de-trabajo-de-los-empleados-publicos-con-discapacidad-fisica\/","url":"https:\/\/sindromecharge.es\/index.php\/2021\/04\/22\/junta-y-apamex-suscriben-un-convenio-para-adaptar-puestos-de-trabajo-de-los-empleados-publicos-con-discapacidad-fisica\/","name":"Junta y Apamex suscriben un convenio para adaptar puestos de trabajo de los empleados p\u00fablicos con discapacidad f\u00edsica - Asociaci\u00f3n Espa\u00f1ola S\u00edndrome de Charge","isPartOf":{"@id":"https:\/\/sindromecharge.es\/#website"},"datePublished":"2021-04-22T12:19:30+00:00","author":{"@id":"https:\/\/sindromecharge.es\/#\/schema\/person\/39a60ebe0a2b4d5a11179701e336b039"},"breadcrumb":{"@id":"https:\/\/sindromecharge.es\/index.php\/2021\/04\/22\/junta-y-apamex-suscriben-un-convenio-para-adaptar-puestos-de-trabajo-de-los-empleados-publicos-con-discapacidad-fisica\/#breadcrumb"},"inLanguage":"es","potentialAction":[{"@type":"ReadAction","target":["https:\/\/sindromecharge.es\/index.php\/2021\/04\/22\/junta-y-apamex-suscriben-un-convenio-para-adaptar-puestos-de-trabajo-de-los-empleados-publicos-con-discapacidad-fisica\/"]}]},{"@type":"BreadcrumbList","@id":"https:\/\/sindromecharge.es\/index.php\/2021\/04\/22\/junta-y-apamex-suscriben-un-convenio-para-adaptar-puestos-de-trabajo-de-los-empleados-publicos-con-discapacidad-fisica\/#breadcrumb","itemListElement":[{"@type":"ListItem","position":1,"name":"Portada","item":"https:\/\/sindromecharge.es\/"},{"@type":"ListItem","position":2,"name":"Junta y Apamex suscriben un convenio para adaptar puestos de trabajo de los empleados p\u00fablicos con discapacidad f\u00edsica"}]},{"@type":"WebSite","@id":"https:\/\/sindromecharge.es\/#website","url":"https:\/\/sindromecharge.es\/","name":"Asociaci\u00f3n Espa\u00f1ola S\u00edndrome de Charge","description":"","potentialAction":[{"@type":"SearchAction","target":{"@type":"EntryPoint","urlTemplate":"https:\/\/sindromecharge.es\/?s={search_term_string}"},"query-input":{"@type":"PropertyValueSpecification","valueRequired":true,"valueName":"search_term_string"}}],"inLanguage":"es"},{"@type":"Person","@id":"https:\/\/sindromecharge.es\/#\/schema\/person\/39a60ebe0a2b4d5a11179701e336b039","name":"Charge","image":{"@type":"ImageObject","inLanguage":"es","@id":"https:\/\/secure.gravatar.com\/avatar\/c3b46e32a0fc3b093a0873fb767bf3293de856293065e84ef06b7ec7a8acfb98?s=96&d=identicon&r=x","url":"https:\/\/secure.gravatar.com\/avatar\/c3b46e32a0fc3b093a0873fb767bf3293de856293065e84ef06b7ec7a8acfb98?s=96&d=identicon&r=x","contentUrl":"https:\/\/secure.gravatar.com\/avatar\/c3b46e32a0fc3b093a0873fb767bf3293de856293065e84ef06b7ec7a8acfb98?s=96&d=identicon&r=x","caption":"Charge"},"url":"https:\/\/sindromecharge.es\/index.php\/author\/admin\/"}]}},"_links":{"self":[{"href":"https:\/\/sindromecharge.es\/index.php\/wp-json\/wp\/v2\/posts\/7076","targetHints":{"allow":["GET"]}}],"collection":[{"href":"https:\/\/sindromecharge.es\/index.php\/wp-json\/wp\/v2\/posts"}],"about":[{"href":"https:\/\/sindromecharge.es\/index.php\/wp-json\/wp\/v2\/types\/post"}],"author":[{"embeddable":true,"href":"https:\/\/sindromecharge.es\/index.php\/wp-json\/wp\/v2\/users\/1"}],"replies":[{"embeddable":true,"href":"https:\/\/sindromecharge.es\/index.php\/wp-json\/wp\/v2\/comments?post=7076"}],"version-history":[{"count":0,"href":"https:\/\/sindromecharge.es\/index.php\/wp-json\/wp\/v2\/posts\/7076\/revisions"}],"wp:attachment":[{"href":"https:\/\/sindromecharge.es\/index.php\/wp-json\/wp\/v2\/media?parent=7076"}],"wp:term":[{"taxonomy":"category","embeddable":true,"href":"https:\/\/sindromecharge.es\/index.php\/wp-json\/wp\/v2\/categories?post=7076"},{"taxonomy":"post_tag","embeddable":true,"href":"https:\/\/sindromecharge.es\/index.php\/wp-json\/wp\/v2\/tags?post=7076"}],"curies":[{"name":"wp","href":"https:\/\/api.w.org\/{rel}","templated":true}]}}