{"id":7075,"date":"2021-04-22T11:01:44","date_gmt":"2021-04-22T11:01:44","guid":{"rendered":"https:\/\/sindromecharge.es\/index.php\/2021\/04\/22\/federacion-asem-exige-que-la-prestacion-por-cuidados-a-menores-con-enfermedad-grave-no-se-extinga-tras-cumplir-la-mayoria-de-edad\/"},"modified":"2021-04-22T11:01:44","modified_gmt":"2021-04-22T11:01:44","slug":"federacion-asem-exige-que-la-prestacion-por-cuidados-a-menores-con-enfermedad-grave-no-se-extinga-tras-cumplir-la-mayoria-de-edad","status":"publish","type":"post","link":"https:\/\/sindromecharge.es\/index.php\/2021\/04\/22\/federacion-asem-exige-que-la-prestacion-por-cuidados-a-menores-con-enfermedad-grave-no-se-extinga-tras-cumplir-la-mayoria-de-edad\/","title":{"rendered":"Federaci\u00f3n ASEM exige que la prestaci\u00f3n por cuidados a menores con enfermedad grave no se extinga tras cumplir la mayor\u00eda de edad"},"content":{"rendered":"<p>Leemos en FEDER la siguiente noticia que os reproducimos de forma \u00edntegra: <\/p>\n<p><p>FUENTE: Federaci\u00f3n Asem. La Federaci\u00f3n Espa\u00f1ola de Enfermedades Neuromusculares (Federaci\u00f3n ASEM) ha exigido que la prestaci\u00f3n por Cuidados a Menores con Enfermedad Grave (CUME) no se extinga tras cumplir la mayor\u00eda de edad. A su juicio, las familias quedan \u201cdesasistidas\u201d en el ejercicio de sus cuidados, pese a que la discapacidad y las necesidades de apoyo de las personas con enfermedades graves, como las neuromusculares, persisten e incluso pueden empeorar a medida que los hijos se van haciendo mayores.<\/p>\n<p>As\u00ed lo ha manifestado el presidente de Federaci\u00f3n ASEM, Manuel Rego, quien ha indicado que esta situaci\u00f3n adem\u00e1s se agrava debido a la COVID-19, ya que la pandemia ha impactado directamente en los pacientes con estas patolog\u00edas disminuyendo su calidad de vida y paralizando tratamientos que son vitales.<\/p>\n<p>La prestaci\u00f3n CUME es una ayuda que compensa la p\u00e9rdida de ingresos que sufren los trabajadores progenitores, adoptantes o acogedores, que reducen su jornada de trabajo y su salario para cuidar de manera directa, continua y permanente del menor a su cargo, afectado por c\u00e1ncer u otra enfermedad grave, sin embargo, ese apoyo cesa si fallece, cura o cumple 18 a\u00f1os.<\/p>\n<p>En este sentido, Rego ha asegurado que muchas de las enfermedades graves que se contemplan en el CUME prevalecen m\u00e1s all\u00e1 de los 18 a\u00f1os por lo que las familias se encuentran en una situaci\u00f3n de \u201cdesamparo total\u201d, ya que imposibilita la reincorporaci\u00f3n de los progenitores al mercado laboral bien sea por la edad o por la dificultad de obtener otro tipo de ayuda, a lo que se a\u00f1ade la no cotizaci\u00f3n de una futura pensi\u00f3n.<\/p>\n<p>As\u00ed, la Federaci\u00f3n ASEM ha reivindicado el derecho que tienen las familias a continuar con los cuidados de sus hijos m\u00e1s all\u00e1 de la mayor\u00eda de edad y ha confiado en que se pueda modificar de manera \u201curgente\u201d el decreto que regula el CUME.<\/p>\n<p>Por \u00faltimo, ha pedido que sea un informe m\u00e9dico quien dictamine si la persona afectada sigue necesitando ayuda tras cumplir los 18 a\u00f1os.<\/p>\n<p>Federaci\u00f3n Espa\u00f1ola de Enfermedades Neuromusculares<\/p>\n<p>La Federaci\u00f3n Espa\u00f1ola de Enfermedades Neuromusculares (Federaci\u00f3n ASEM) es una organizaci\u00f3n no gubernamental que une a asociaciones y fundaciones de enfermedades neuromusculares. Trabaja por la integraci\u00f3n social, el desarrollo y la mejora de la calidad de vida de las personas y familias que conviven con estas patolog\u00edas. En la actualidad consta de 27 entidades federadas, representando a los m\u00e1s de 60.000 afectados\/as en toda Espa\u00f1a.<\/p>\n<p>\u00daltima actualizaci\u00f3n 22\/04\/2021<\/p>\n<\/p>\n<p>Fuente: FEDER <a href=\"https:\/\/enfermedades-raras.org\/index.php\/actualidad\/noticias-eventos\/2-feder\/15237-federaci%C3%B3n-asem-exige-que-la-prestaci%C3%B3n-por-cuidados-a-menores-con-enfermedad-grave-no-se-extinga-tras-cumplir-la-mayor%C3%ADa-de-edad\" target=\"_blank\" rel=\"noopener\">Federaci\u00f3n ASEM exige que la prestaci\u00f3n por cuidados a menores con enfermedad grave no se extinga tras cumplir la mayor\u00eda de edad<\/a><\/p>\n","protected":false},"excerpt":{"rendered":"<p>Leemos en FEDER la siguiente noticia que os reproducimos de forma \u00edntegra: FUENTE: Federaci\u00f3n Asem. La Federaci\u00f3n Espa\u00f1ola de Enfermedades Neuromusculares (Federaci\u00f3n ASEM) ha exigido que la prestaci\u00f3n por Cuidados a Menores con Enfermedad Grave (CUME) no se extinga tras cumplir la mayor\u00eda de edad. A su juicio, las familias quedan \u201cdesasistidas\u201d en el ejercicio [&hellip;]<\/p>\n","protected":false},"author":1,"featured_media":0,"comment_status":"open","ping_status":"closed","sticky":false,"template":"","format":"standard","meta":{"footnotes":""},"categories":[8],"tags":[36],"class_list":["post-7075","post","type-post","status-publish","format-standard","hentry","category-noticias","tag-enfermedades-raras"],"yoast_head":"<!-- This site is optimized with the Yoast SEO plugin v27.5 - https:\/\/yoast.com\/product\/yoast-seo-wordpress\/ -->\n<title>Federaci\u00f3n ASEM exige que la prestaci\u00f3n por cuidados a menores con enfermedad grave no se extinga tras cumplir la mayor\u00eda de edad - Asociaci\u00f3n Espa\u00f1ola S\u00edndrome de Charge<\/title>\n<meta name=\"robots\" content=\"index, follow, max-snippet:-1, max-image-preview:large, max-video-preview:-1\" \/>\n<link rel=\"canonical\" href=\"https:\/\/sindromecharge.es\/index.php\/2021\/04\/22\/federacion-asem-exige-que-la-prestacion-por-cuidados-a-menores-con-enfermedad-grave-no-se-extinga-tras-cumplir-la-mayoria-de-edad\/\" \/>\n<meta property=\"og:locale\" content=\"es_ES\" \/>\n<meta property=\"og:type\" content=\"article\" \/>\n<meta property=\"og:title\" content=\"Federaci\u00f3n ASEM exige que la prestaci\u00f3n por cuidados a menores con enfermedad grave no se extinga tras cumplir la mayor\u00eda de edad - Asociaci\u00f3n Espa\u00f1ola S\u00edndrome de Charge\" \/>\n<meta property=\"og:description\" content=\"Leemos en FEDER la siguiente noticia que os reproducimos de forma \u00edntegra: FUENTE: Federaci\u00f3n Asem. La Federaci\u00f3n Espa\u00f1ola de Enfermedades Neuromusculares (Federaci\u00f3n ASEM) ha exigido que la prestaci\u00f3n por Cuidados a Menores con Enfermedad Grave (CUME) no se extinga tras cumplir la mayor\u00eda de edad. A su juicio, las familias quedan \u201cdesasistidas\u201d en el ejercicio [&hellip;]\" \/>\n<meta property=\"og:url\" content=\"https:\/\/sindromecharge.es\/index.php\/2021\/04\/22\/federacion-asem-exige-que-la-prestacion-por-cuidados-a-menores-con-enfermedad-grave-no-se-extinga-tras-cumplir-la-mayoria-de-edad\/\" \/>\n<meta property=\"og:site_name\" content=\"Asociaci\u00f3n Espa\u00f1ola S\u00edndrome de Charge\" \/>\n<meta property=\"article:publisher\" content=\"https:\/\/www.facebook.com\/asociacionsindromecharge\" \/>\n<meta property=\"article:published_time\" content=\"2021-04-22T11:01:44+00:00\" \/>\n<meta property=\"og:image\" content=\"https:\/\/sindromecharge.es\/wp-content\/uploads\/2013\/09\/logodecharge300x98.png\" \/>\n\t<meta property=\"og:image:width\" content=\"300\" \/>\n\t<meta property=\"og:image:height\" content=\"98\" \/>\n\t<meta property=\"og:image:type\" content=\"image\/png\" \/>\n<meta name=\"author\" content=\"Charge\" \/>\n<meta name=\"twitter:card\" content=\"summary_large_image\" \/>\n<meta name=\"twitter:creator\" content=\"@sindromecharge\" \/>\n<meta name=\"twitter:site\" content=\"@sindromecharge\" \/>\n<meta name=\"twitter:label1\" content=\"Escrito por\" \/>\n\t<meta name=\"twitter:data1\" content=\"Charge\" \/>\n\t<meta name=\"twitter:label2\" content=\"Tiempo de lectura\" \/>\n\t<meta name=\"twitter:data2\" content=\"2 minutos\" \/>\n<script type=\"application\/ld+json\" class=\"yoast-schema-graph\">{\"@context\":\"https:\\\/\\\/schema.org\",\"@graph\":[{\"@type\":\"Article\",\"@id\":\"https:\\\/\\\/sindromecharge.es\\\/index.php\\\/2021\\\/04\\\/22\\\/federacion-asem-exige-que-la-prestacion-por-cuidados-a-menores-con-enfermedad-grave-no-se-extinga-tras-cumplir-la-mayoria-de-edad\\\/#article\",\"isPartOf\":{\"@id\":\"https:\\\/\\\/sindromecharge.es\\\/index.php\\\/2021\\\/04\\\/22\\\/federacion-asem-exige-que-la-prestacion-por-cuidados-a-menores-con-enfermedad-grave-no-se-extinga-tras-cumplir-la-mayoria-de-edad\\\/\"},\"author\":{\"name\":\"Charge\",\"@id\":\"https:\\\/\\\/sindromecharge.es\\\/#\\\/schema\\\/person\\\/39a60ebe0a2b4d5a11179701e336b039\"},\"headline\":\"Federaci\u00f3n ASEM exige que la prestaci\u00f3n por cuidados a menores con enfermedad grave no se extinga tras cumplir la mayor\u00eda de edad\",\"datePublished\":\"2021-04-22T11:01:44+00:00\",\"mainEntityOfPage\":{\"@id\":\"https:\\\/\\\/sindromecharge.es\\\/index.php\\\/2021\\\/04\\\/22\\\/federacion-asem-exige-que-la-prestacion-por-cuidados-a-menores-con-enfermedad-grave-no-se-extinga-tras-cumplir-la-mayoria-de-edad\\\/\"},\"wordCount\":500,\"commentCount\":0,\"keywords\":[\"enfermedades raras\"],\"articleSection\":[\"noticias\"],\"inLanguage\":\"es\",\"potentialAction\":[{\"@type\":\"CommentAction\",\"name\":\"Comment\",\"target\":[\"https:\\\/\\\/sindromecharge.es\\\/index.php\\\/2021\\\/04\\\/22\\\/federacion-asem-exige-que-la-prestacion-por-cuidados-a-menores-con-enfermedad-grave-no-se-extinga-tras-cumplir-la-mayoria-de-edad\\\/#respond\"]}]},{\"@type\":\"WebPage\",\"@id\":\"https:\\\/\\\/sindromecharge.es\\\/index.php\\\/2021\\\/04\\\/22\\\/federacion-asem-exige-que-la-prestacion-por-cuidados-a-menores-con-enfermedad-grave-no-se-extinga-tras-cumplir-la-mayoria-de-edad\\\/\",\"url\":\"https:\\\/\\\/sindromecharge.es\\\/index.php\\\/2021\\\/04\\\/22\\\/federacion-asem-exige-que-la-prestacion-por-cuidados-a-menores-con-enfermedad-grave-no-se-extinga-tras-cumplir-la-mayoria-de-edad\\\/\",\"name\":\"Federaci\u00f3n ASEM exige que la prestaci\u00f3n por cuidados a menores con enfermedad grave no se extinga tras cumplir la mayor\u00eda de edad - Asociaci\u00f3n Espa\u00f1ola S\u00edndrome de Charge\",\"isPartOf\":{\"@id\":\"https:\\\/\\\/sindromecharge.es\\\/#website\"},\"datePublished\":\"2021-04-22T11:01:44+00:00\",\"author\":{\"@id\":\"https:\\\/\\\/sindromecharge.es\\\/#\\\/schema\\\/person\\\/39a60ebe0a2b4d5a11179701e336b039\"},\"breadcrumb\":{\"@id\":\"https:\\\/\\\/sindromecharge.es\\\/index.php\\\/2021\\\/04\\\/22\\\/federacion-asem-exige-que-la-prestacion-por-cuidados-a-menores-con-enfermedad-grave-no-se-extinga-tras-cumplir-la-mayoria-de-edad\\\/#breadcrumb\"},\"inLanguage\":\"es\",\"potentialAction\":[{\"@type\":\"ReadAction\",\"target\":[\"https:\\\/\\\/sindromecharge.es\\\/index.php\\\/2021\\\/04\\\/22\\\/federacion-asem-exige-que-la-prestacion-por-cuidados-a-menores-con-enfermedad-grave-no-se-extinga-tras-cumplir-la-mayoria-de-edad\\\/\"]}]},{\"@type\":\"BreadcrumbList\",\"@id\":\"https:\\\/\\\/sindromecharge.es\\\/index.php\\\/2021\\\/04\\\/22\\\/federacion-asem-exige-que-la-prestacion-por-cuidados-a-menores-con-enfermedad-grave-no-se-extinga-tras-cumplir-la-mayoria-de-edad\\\/#breadcrumb\",\"itemListElement\":[{\"@type\":\"ListItem\",\"position\":1,\"name\":\"Portada\",\"item\":\"https:\\\/\\\/sindromecharge.es\\\/\"},{\"@type\":\"ListItem\",\"position\":2,\"name\":\"Federaci\u00f3n ASEM exige que la prestaci\u00f3n por cuidados a menores con enfermedad grave no se extinga tras cumplir la mayor\u00eda de edad\"}]},{\"@type\":\"WebSite\",\"@id\":\"https:\\\/\\\/sindromecharge.es\\\/#website\",\"url\":\"https:\\\/\\\/sindromecharge.es\\\/\",\"name\":\"Asociaci\u00f3n Espa\u00f1ola S\u00edndrome de Charge\",\"description\":\"\",\"potentialAction\":[{\"@type\":\"SearchAction\",\"target\":{\"@type\":\"EntryPoint\",\"urlTemplate\":\"https:\\\/\\\/sindromecharge.es\\\/?s={search_term_string}\"},\"query-input\":{\"@type\":\"PropertyValueSpecification\",\"valueRequired\":true,\"valueName\":\"search_term_string\"}}],\"inLanguage\":\"es\"},{\"@type\":\"Person\",\"@id\":\"https:\\\/\\\/sindromecharge.es\\\/#\\\/schema\\\/person\\\/39a60ebe0a2b4d5a11179701e336b039\",\"name\":\"Charge\",\"image\":{\"@type\":\"ImageObject\",\"inLanguage\":\"es\",\"@id\":\"https:\\\/\\\/secure.gravatar.com\\\/avatar\\\/c3b46e32a0fc3b093a0873fb767bf3293de856293065e84ef06b7ec7a8acfb98?s=96&d=identicon&r=x\",\"url\":\"https:\\\/\\\/secure.gravatar.com\\\/avatar\\\/c3b46e32a0fc3b093a0873fb767bf3293de856293065e84ef06b7ec7a8acfb98?s=96&d=identicon&r=x\",\"contentUrl\":\"https:\\\/\\\/secure.gravatar.com\\\/avatar\\\/c3b46e32a0fc3b093a0873fb767bf3293de856293065e84ef06b7ec7a8acfb98?s=96&d=identicon&r=x\",\"caption\":\"Charge\"},\"url\":\"https:\\\/\\\/sindromecharge.es\\\/index.php\\\/author\\\/admin\\\/\"}]}<\/script>\n<!-- \/ Yoast SEO plugin. -->","yoast_head_json":{"title":"Federaci\u00f3n ASEM exige que la prestaci\u00f3n por cuidados a menores con enfermedad grave no se extinga tras cumplir la mayor\u00eda de edad - Asociaci\u00f3n Espa\u00f1ola S\u00edndrome de Charge","robots":{"index":"index","follow":"follow","max-snippet":"max-snippet:-1","max-image-preview":"max-image-preview:large","max-video-preview":"max-video-preview:-1"},"canonical":"https:\/\/sindromecharge.es\/index.php\/2021\/04\/22\/federacion-asem-exige-que-la-prestacion-por-cuidados-a-menores-con-enfermedad-grave-no-se-extinga-tras-cumplir-la-mayoria-de-edad\/","og_locale":"es_ES","og_type":"article","og_title":"Federaci\u00f3n ASEM exige que la prestaci\u00f3n por cuidados a menores con enfermedad grave no se extinga tras cumplir la mayor\u00eda de edad - Asociaci\u00f3n Espa\u00f1ola S\u00edndrome de Charge","og_description":"Leemos en FEDER la siguiente noticia que os reproducimos de forma \u00edntegra: FUENTE: Federaci\u00f3n Asem. La Federaci\u00f3n Espa\u00f1ola de Enfermedades Neuromusculares (Federaci\u00f3n ASEM) ha exigido que la prestaci\u00f3n por Cuidados a Menores con Enfermedad Grave (CUME) no se extinga tras cumplir la mayor\u00eda de edad. A su juicio, las familias quedan \u201cdesasistidas\u201d en el ejercicio [&hellip;]","og_url":"https:\/\/sindromecharge.es\/index.php\/2021\/04\/22\/federacion-asem-exige-que-la-prestacion-por-cuidados-a-menores-con-enfermedad-grave-no-se-extinga-tras-cumplir-la-mayoria-de-edad\/","og_site_name":"Asociaci\u00f3n Espa\u00f1ola S\u00edndrome de Charge","article_publisher":"https:\/\/www.facebook.com\/asociacionsindromecharge","article_published_time":"2021-04-22T11:01:44+00:00","og_image":[{"width":300,"height":98,"url":"https:\/\/sindromecharge.es\/wp-content\/uploads\/2013\/09\/logodecharge300x98.png","type":"image\/png"}],"author":"Charge","twitter_card":"summary_large_image","twitter_creator":"@sindromecharge","twitter_site":"@sindromecharge","twitter_misc":{"Escrito por":"Charge","Tiempo de lectura":"2 minutos"},"schema":{"@context":"https:\/\/schema.org","@graph":[{"@type":"Article","@id":"https:\/\/sindromecharge.es\/index.php\/2021\/04\/22\/federacion-asem-exige-que-la-prestacion-por-cuidados-a-menores-con-enfermedad-grave-no-se-extinga-tras-cumplir-la-mayoria-de-edad\/#article","isPartOf":{"@id":"https:\/\/sindromecharge.es\/index.php\/2021\/04\/22\/federacion-asem-exige-que-la-prestacion-por-cuidados-a-menores-con-enfermedad-grave-no-se-extinga-tras-cumplir-la-mayoria-de-edad\/"},"author":{"name":"Charge","@id":"https:\/\/sindromecharge.es\/#\/schema\/person\/39a60ebe0a2b4d5a11179701e336b039"},"headline":"Federaci\u00f3n ASEM exige que la prestaci\u00f3n por cuidados a menores con enfermedad grave no se extinga tras cumplir la mayor\u00eda de edad","datePublished":"2021-04-22T11:01:44+00:00","mainEntityOfPage":{"@id":"https:\/\/sindromecharge.es\/index.php\/2021\/04\/22\/federacion-asem-exige-que-la-prestacion-por-cuidados-a-menores-con-enfermedad-grave-no-se-extinga-tras-cumplir-la-mayoria-de-edad\/"},"wordCount":500,"commentCount":0,"keywords":["enfermedades raras"],"articleSection":["noticias"],"inLanguage":"es","potentialAction":[{"@type":"CommentAction","name":"Comment","target":["https:\/\/sindromecharge.es\/index.php\/2021\/04\/22\/federacion-asem-exige-que-la-prestacion-por-cuidados-a-menores-con-enfermedad-grave-no-se-extinga-tras-cumplir-la-mayoria-de-edad\/#respond"]}]},{"@type":"WebPage","@id":"https:\/\/sindromecharge.es\/index.php\/2021\/04\/22\/federacion-asem-exige-que-la-prestacion-por-cuidados-a-menores-con-enfermedad-grave-no-se-extinga-tras-cumplir-la-mayoria-de-edad\/","url":"https:\/\/sindromecharge.es\/index.php\/2021\/04\/22\/federacion-asem-exige-que-la-prestacion-por-cuidados-a-menores-con-enfermedad-grave-no-se-extinga-tras-cumplir-la-mayoria-de-edad\/","name":"Federaci\u00f3n ASEM exige que la prestaci\u00f3n por cuidados a menores con enfermedad grave no se extinga tras cumplir la mayor\u00eda de edad - Asociaci\u00f3n Espa\u00f1ola S\u00edndrome de Charge","isPartOf":{"@id":"https:\/\/sindromecharge.es\/#website"},"datePublished":"2021-04-22T11:01:44+00:00","author":{"@id":"https:\/\/sindromecharge.es\/#\/schema\/person\/39a60ebe0a2b4d5a11179701e336b039"},"breadcrumb":{"@id":"https:\/\/sindromecharge.es\/index.php\/2021\/04\/22\/federacion-asem-exige-que-la-prestacion-por-cuidados-a-menores-con-enfermedad-grave-no-se-extinga-tras-cumplir-la-mayoria-de-edad\/#breadcrumb"},"inLanguage":"es","potentialAction":[{"@type":"ReadAction","target":["https:\/\/sindromecharge.es\/index.php\/2021\/04\/22\/federacion-asem-exige-que-la-prestacion-por-cuidados-a-menores-con-enfermedad-grave-no-se-extinga-tras-cumplir-la-mayoria-de-edad\/"]}]},{"@type":"BreadcrumbList","@id":"https:\/\/sindromecharge.es\/index.php\/2021\/04\/22\/federacion-asem-exige-que-la-prestacion-por-cuidados-a-menores-con-enfermedad-grave-no-se-extinga-tras-cumplir-la-mayoria-de-edad\/#breadcrumb","itemListElement":[{"@type":"ListItem","position":1,"name":"Portada","item":"https:\/\/sindromecharge.es\/"},{"@type":"ListItem","position":2,"name":"Federaci\u00f3n ASEM exige que la prestaci\u00f3n por cuidados a menores con enfermedad grave no se extinga tras cumplir la mayor\u00eda de edad"}]},{"@type":"WebSite","@id":"https:\/\/sindromecharge.es\/#website","url":"https:\/\/sindromecharge.es\/","name":"Asociaci\u00f3n Espa\u00f1ola S\u00edndrome de Charge","description":"","potentialAction":[{"@type":"SearchAction","target":{"@type":"EntryPoint","urlTemplate":"https:\/\/sindromecharge.es\/?s={search_term_string}"},"query-input":{"@type":"PropertyValueSpecification","valueRequired":true,"valueName":"search_term_string"}}],"inLanguage":"es"},{"@type":"Person","@id":"https:\/\/sindromecharge.es\/#\/schema\/person\/39a60ebe0a2b4d5a11179701e336b039","name":"Charge","image":{"@type":"ImageObject","inLanguage":"es","@id":"https:\/\/secure.gravatar.com\/avatar\/c3b46e32a0fc3b093a0873fb767bf3293de856293065e84ef06b7ec7a8acfb98?s=96&d=identicon&r=x","url":"https:\/\/secure.gravatar.com\/avatar\/c3b46e32a0fc3b093a0873fb767bf3293de856293065e84ef06b7ec7a8acfb98?s=96&d=identicon&r=x","contentUrl":"https:\/\/secure.gravatar.com\/avatar\/c3b46e32a0fc3b093a0873fb767bf3293de856293065e84ef06b7ec7a8acfb98?s=96&d=identicon&r=x","caption":"Charge"},"url":"https:\/\/sindromecharge.es\/index.php\/author\/admin\/"}]}},"_links":{"self":[{"href":"https:\/\/sindromecharge.es\/index.php\/wp-json\/wp\/v2\/posts\/7075","targetHints":{"allow":["GET"]}}],"collection":[{"href":"https:\/\/sindromecharge.es\/index.php\/wp-json\/wp\/v2\/posts"}],"about":[{"href":"https:\/\/sindromecharge.es\/index.php\/wp-json\/wp\/v2\/types\/post"}],"author":[{"embeddable":true,"href":"https:\/\/sindromecharge.es\/index.php\/wp-json\/wp\/v2\/users\/1"}],"replies":[{"embeddable":true,"href":"https:\/\/sindromecharge.es\/index.php\/wp-json\/wp\/v2\/comments?post=7075"}],"version-history":[{"count":0,"href":"https:\/\/sindromecharge.es\/index.php\/wp-json\/wp\/v2\/posts\/7075\/revisions"}],"wp:attachment":[{"href":"https:\/\/sindromecharge.es\/index.php\/wp-json\/wp\/v2\/media?parent=7075"}],"wp:term":[{"taxonomy":"category","embeddable":true,"href":"https:\/\/sindromecharge.es\/index.php\/wp-json\/wp\/v2\/categories?post=7075"},{"taxonomy":"post_tag","embeddable":true,"href":"https:\/\/sindromecharge.es\/index.php\/wp-json\/wp\/v2\/tags?post=7075"}],"curies":[{"name":"wp","href":"https:\/\/api.w.org\/{rel}","templated":true}]}}